{"id":9772,"date":"2019-12-12T13:55:30","date_gmt":"2019-12-12T12:55:30","guid":{"rendered":"https:\/\/www.esquiades.com\/blog\/?p=9772"},"modified":"2019-12-12T13:55:30","modified_gmt":"2019-12-12T12:55:30","slug":"esqui-en-navidad-las-mejores-opciones","status":"publish","type":"post","link":"https:\/\/www.esquiades.com\/blog\/esqui-en-navidad-las-mejores-opciones\/","title":{"rendered":"Esqu\u00ed en Navidad: las mejores opciones"},"content":{"rendered":"<div id=\"toc_container\" class=\"no_bullets\"><p class=\"toc_title\">Contenido<\/p><ul class=\"toc_list\"><li><a href=\"#1_Esquiar_en_Sierra_Nevada_en_Navidad\"><span class=\"toc_number toc_depth_1\">1<\/span> 1. Esquiar en Sierra Nevada en Navidad<\/a><\/li><li><a href=\"#2_Por_que_disfrutar_del_esqui_en_La_Molina_en_Navidad\"><span class=\"toc_number toc_depth_1\">2<\/span> 2. \u00bfPor qu\u00e9 disfrutar del esqu\u00ed en La Molina en Navidad?<\/a><\/li><li><a href=\"#3_Esquiar_en_la_Vall_de_Nuria_en_Navidad_un_plan_ideal_para_disfrutar_en_familia\"><span class=\"toc_number toc_depth_1\">3<\/span> 3. Esquiar en la Vall de N\u00faria en Navidad: un plan ideal para disfrutar en familia<\/a><\/li><li><a href=\"#4_Reserva_tu_escapada_de_esqui_en_Boi-Taull_en_Navidadnbsp\"><span class=\"toc_number toc_depth_1\">4<\/span> 4. Reserva tu escapada de esqu\u00ed en Bo\u00ed-Ta\u00fcll en Navidad&nbsp;<\/a><\/li><li><a href=\"#5_Esqui_en_Navidad_en_Baqueira_Beret_una_apuesta_segura\"><span class=\"toc_number toc_depth_1\">5<\/span> 5. Esqu\u00ed en Navidad en Baqueira Beret: una apuesta segura<\/a><\/li><li><a href=\"#6_Esqui_en_Navidad_en_Cerler_vive_la_magia_del_Pirineo_de_Huesca\"><span class=\"toc_number toc_depth_1\">6<\/span> 6. Esqu\u00ed en Navidad en Cerler: vive la magia del Pirineo de Huesca<\/a><\/li><li><a href=\"#7_Animate_a_esquiar_en_Navidad_en_Formigal-Panticosanbsp\"><span class=\"toc_number toc_depth_1\">7<\/span> 7. \u00a1An\u00edmate a esquiar en Navidad en Formigal-Panticosa!&nbsp;<\/a><\/li><li><a href=\"#8_Esqui_en_Navidad_en_Grandvalira_Andorra_nunca_fallanbsp\"><span class=\"toc_number toc_depth_1\">8<\/span> 8. Esqu\u00ed en Navidad en Grandvalira: \u00a1Andorra nunca falla!&nbsp;<\/a><\/li><\/ul><\/div>\n\n<p>Definitivamente, eres uno de los nuestros. Como nosotros, t\u00fa tambi\u00e9n suspiras para que la <strong><a rel=\"noreferrer noopener\" aria-label=\" (opens in a new tab)\" href=\"https:\/\/www.esquiades.com\/blog\/12-curiosidades-sobre-la-nieve-que-quizas-no-conocias\/\" target=\"_blank\">nieve<\/a> <\/strong>sea la gran protagonista el pr\u00f3ximo 25 de diciembre. O por quemar cuanto antes el exceso de calor\u00edas de las comilonas navide\u00f1as, desliz\u00e1ndote ladera abajo entre tupidos bosques de abetos. \u00bfTe tienta la idea? Si es as\u00ed, no puedes perderte estas propuestas de esqu\u00ed en Navidad que hoy ponemos en tus manos, y que te ayudar\u00e1n a darlo todo sobres los esqu\u00eds o tu tabla de <em>snow.<\/em> \u00a1Y a precios incre\u00edbles! \u26f7?<\/p>\n\n\n<p><br><\/p>\n\n\n<p>S\u00ed, has le\u00eddo bien: pese a encontrarnos en temporada alta, en Esquiades.com te garantizamos siempre las <strong><a href=\"https:\/\/www.esquiades.com\/viajes-esqui\/esqui-navidad--1601729.html\" target=\"_blank\" rel=\"noreferrer noopener\" aria-label=\" (opens in a new tab)\">mejores ofertas de esqu\u00ed en Navidad<\/a><\/strong> y en las estaciones de Andorra y Espa\u00f1a con m\u00e1s tir\u00f3n, para que la diversi\u00f3n y la adrenalina est\u00e9n aseguradas.<\/p>\n\n\n<p><br><\/p>\n\n\n<p>Y ahora viene la gran pregunta: \u00bfd\u00f3nde esquiar en Navidad? Aunque el abanico de opciones es enorme, queremos proponerte aquellas que, por su relaci\u00f3n calidad-precio, los servicios de que disponen o su calendario de eventos, te convencer\u00e1n s\u00ed o s\u00ed.&nbsp;<\/p>\n\n\n<p><br><\/p>\n\n\n<p>Presta atenci\u00f3n, porque las estaciones de esqu\u00ed que te recomendamos te van a encantar. \u00a1Vamos a ellos!<\/p>\n\n\n<p><br><\/p>\n\n\n<figure class=\"wp-block-image\"><img fetchpriority=\"high\" decoding=\"async\" width=\"1500\" height=\"721\" src=\"https:\/\/i0.wp.com\/www.esquiades.com\/blog\/wp-content\/uploads\/2019\/12\/portada.gif?fit=1024%2C492&amp;ssl=1\" alt=\"\" class=\"wp-image-9781\"\/><\/figure>\n\n\n<p><br><\/p>\n\n\n<h2 class=\"wp-block-heading\"><span id=\"1_Esquiar_en_Sierra_Nevada_en_Navidad\"><strong>1. Esquiar en Sierra Nevada en Navidad<\/strong><\/span><\/h2>\n\n\n<p><br><\/p>\n\n\n<p>Empezamos nuestra lista con las mejores opciones de esqu\u00ed en Navidad en un marco inmejorable: en Sierra Nevada. Y no por casualidad, ya que <strong>la estaci\u00f3n de esqu\u00ed\u200b m\u00e1s al sur de Europa y la m\u00e1s alta de Espa\u00f1a<\/strong> es todo un regalo para los esquiadores y <em>snowboarders<\/em>, gracias a su clima excepcional. Todo ello sin olvidar que se encuentra a apenas 27 km de la ciudad de <strong>Granada,<\/strong> una ciudad m\u00e1gica que invita a pasear por los jardines de la Alhambra o las pintorescas calles del barrio del Albaic\u00edn. Tambi\u00e9n est\u00e1 relativamente cerca la Costa Tropical (aunque sabemos que esta no es la mejor \u00e9poca para un chapuz\u00f3n, je, je).&nbsp;?<\/p>\n\n\n<p><br><\/p>\n\n\n<p>De todos modos, a estos argumentos y a los 110 km de pistas balizadas hay que sumar otro argumento a favor de esquiar en Sierra Nevada en Navidad: su nutrida agenda de eventos especiales para estos d\u00edas del a\u00f1o. El primero de ellos, la tradicional <strong>Bajada de Pap\u00e1 Noel,<\/strong> tendr\u00e1 lugar el pr\u00f3ximo domingo 22 de diciembre. Durante el descenso, varios esquiadores vestidos de Santa Claus bajar\u00e1n por la pista del R\u00edo hasta la plaza de Andaluc\u00eda, en la zona de Pradollano, donde los ni\u00f1os podr\u00e1n entregarle sus cartas y fotografiarse con ellos en un<em> photocall<\/em> de lo m\u00e1s especial.<\/p>\n\n\n<p><br><\/p>\n\n\n<figure class=\"wp-block-image\"><img decoding=\"async\" width=\"1120\" height=\"747\" src=\"https:\/\/i1.wp.com\/www.esquiades.com\/blog\/wp-content\/uploads\/2019\/12\/PapanoelSierraNevada.jpg?fit=1024%2C683&amp;ssl=1\" alt=\"\" class=\"wp-image-9773\" srcset=\"https:\/\/www.esquiades.com\/blog\/app\/uploads\/2019\/12\/PapanoelSierraNevada.jpg 1120w, https:\/\/www.esquiades.com\/blog\/app\/uploads\/2019\/12\/PapanoelSierraNevada-300x200.jpg 300w, https:\/\/www.esquiades.com\/blog\/app\/uploads\/2019\/12\/PapanoelSierraNevada-768x512.jpg 768w, https:\/\/www.esquiades.com\/blog\/app\/uploads\/2019\/12\/PapanoelSierraNevada-1024x683.jpg 1024w\" sizes=\"(max-width: 1120px) 100vw, 1120px\" \/><\/figure>\n\n\n<p><br><\/p>\n\n\n<p>Pero esta no es la \u00fanica propuesta navide\u00f1a: en <strong>Nochevieja, <\/strong>se podr\u00e1n seguir las campanadas desde una pantalla gigante; el 4 de enero de 2020, a partir de las 16:00 h, la plaza de Andaluc\u00eda albergar\u00e1 <strong>talleres infantiles gratuitos<\/strong> y, un d\u00eda despu\u00e9s, la pista del R\u00edo acoger\u00e1 la tradicional <strong>cabalgata de los tres Reyes Magos<\/strong> a partir de las 19:00 h. \u00bfVas a perderte la oportunidad de ver a Melchor, Gaspar y Baltasar en la nieve? Con nuestras <strong><a href=\"https:\/\/www.esquiades.com\/viajes-esqui\/sierra-nevada-105.html\" target=\"_blank\" rel=\"noreferrer noopener\" aria-label=\" (opens in a new tab)\">ofertas en Sierra Nevada<\/a><\/strong>, ya no tienes excusa para quedarte en casa.<\/p>\n\n\n<p><br><\/p>\n\n\n<h2 class=\"wp-block-heading\"><span id=\"2_Por_que_disfrutar_del_esqui_en_La_Molina_en_Navidad\"><strong>2. \u00bfPor qu\u00e9 disfrutar del esqu\u00ed en La Molina en Navidad?<\/strong><\/span><\/h2>\n\n\n<p><br><\/p>\n\n\n<p>La Molina, la estaci\u00f3n decana de los deportes de invierno en Espa\u00f1a \u2014lleva en la brecha desde 1943, \u00a1casi nada!\u2014, es otra opci\u00f3n inmejorable para esquiar en Navidad. Situada en el <strong><a rel=\"noreferrer noopener\" aria-label=\" (opens in a new tab)\" href=\"https:\/\/www.esquiades.com\/viajes-esqui\/pirineo-catalan-102.html\" target=\"_blank\">Pirineo catal\u00e1n<\/a> <\/strong>y f\u00e1cilmente accesible con los Ferrocarrils de la Generalitat de Catalunya (FGC), este destino de nieve lo tiene todo para enamorarte.&nbsp;?<\/p>\n\n\n<p><br><\/p>\n\n\n<p>Echemos un vistazo a todo lo que esta estaci\u00f3n tiene preparado para dejarte con la boca abierta. Por ejemplo, <strong>en la ma\u00f1ana del d\u00eda 25, La Molina contar\u00e1 con la visita del mism\u00edsimo Pap\u00e1 Noel,<\/strong> que repartir\u00e1 caramelos entre los peques y se har\u00e1 fotos con ellos. Eso no es todo: el 1 enero, tendr\u00e1 lugar el <strong>70.\u00ba Descenso Infantil en la Pista Larga La Molina,<\/strong> una de las carreras m\u00e1s antiguas de Europa en su categor\u00eda, en la que competir\u00e1n 150 ni\u00f1os y ni\u00f1as de hasta 6 a\u00f1os en compa\u00f1\u00eda de sus familiares y amigos (para m\u00e1s informaci\u00f3n, puedes consultar el sitio web www.descensinfantil.cat).&nbsp;<\/p>\n\n\n<p><br><\/p>\n\n\n<p>El 4 de enero de 2020, La Molina dar\u00e1 cabida a la <strong>IX Marcha Popular Nocturna de Esqu\u00ed de Monta\u00f1a. <\/strong>Y para poner el broche de oro, los Reyes Magos llegar\u00e1n el 5 de enero a las 17:00 h al a pista Larga de la estaci\u00f3n, donde habr\u00e1 <strong>una chocolatada y un descenso con antorchas<\/strong> en el que participar\u00e1n Sus Majestades de Oriente, y que culminar\u00e1 con la entrega de regalos a los asistentes.&nbsp;<\/p>\n\n\n<p><br><\/p>\n\n\n<figure class=\"wp-block-image\"><img decoding=\"async\" width=\"1338\" height=\"870\" src=\"https:\/\/i2.wp.com\/www.esquiades.com\/blog\/wp-content\/uploads\/2019\/12\/la-molia-ratracreis.jpg?fit=1024%2C666&amp;ssl=1\" alt=\"\" class=\"wp-image-9780\" srcset=\"https:\/\/www.esquiades.com\/blog\/app\/uploads\/2019\/12\/la-molia-ratracreis.jpg 1338w, https:\/\/www.esquiades.com\/blog\/app\/uploads\/2019\/12\/la-molia-ratracreis-300x195.jpg 300w, https:\/\/www.esquiades.com\/blog\/app\/uploads\/2019\/12\/la-molia-ratracreis-768x499.jpg 768w, https:\/\/www.esquiades.com\/blog\/app\/uploads\/2019\/12\/la-molia-ratracreis-1024x666.jpg 1024w\" sizes=\"(max-width: 1338px) 100vw, 1338px\" \/><\/figure>\n\n\n<p><br><\/p>\n\n\n<p>No le des m\u00e1s vueltas: con nuestras <strong><a href=\"https:\/\/www.esquiades.com\/viajes-esqui\/la-molina-1439.html\" target=\"_blank\" rel=\"noreferrer noopener\" aria-label=\" (opens in a new tab)\">ofertas de esqu\u00ed en La Molina<\/a><\/strong>, podr\u00e1s vivirlo en primera persona.&nbsp;<\/p>\n\n\n<p><br><\/p>\n\n\n<h2 class=\"wp-block-heading\"><span id=\"3_Esquiar_en_la_Vall_de_Nuria_en_Navidad_un_plan_ideal_para_disfrutar_en_familia\"><strong>3. Esquiar en la Vall de N\u00faria en Navidad: un plan ideal para disfrutar en familia<\/strong><\/span><\/h2>\n\n\n<p><br><\/p>\n\n\n<p>Otra excelente elecci\u00f3n para disfrutar del esqu\u00ed en Navidad en los Pirineos catalanes es la estaci\u00f3n de la Vall de N\u00faria, id\u00f3nea para una escapada a la nieve en familia. \u00a1Y m\u00e1s en estas fechas! Su calendario de actividades navide\u00f1as arranca el<strong> 24 de diciembre en el hotel Vall de N\u00faria. <\/strong>Tras una exquisita cena de Nochebuena, los comensales se reunir\u00e1n en el Sal\u00f3n del Estatut para cantar villancicos y hacer cagar el Ti\u00f3, una tradici\u00f3n muy esperada por los ni\u00f1os catalanes. La velada concluir\u00e1 con un concierto de gala a cargo del grupo Me Gusta Bailar. El 31 de diciembre, este mismo hotel organizar\u00e1 una <strong>fiesta de Nochevieja<\/strong> por todo lo alto, con cena de gala incluida y DJ <em>sessions.<\/em>&nbsp;?<\/p>\n\n\n<p><br><\/p>\n\n\n<div class=\"wp-block-image\"><figure class=\"aligncenter\"><img loading=\"lazy\" decoding=\"async\" width=\"1500\" height=\"1000\" src=\"https:\/\/i2.wp.com\/www.esquiades.com\/blog\/wp-content\/uploads\/2019\/12\/Cagati\u00f3.jpg?fit=1024%2C683&amp;ssl=1\" alt=\"\" class=\"wp-image-9774\" srcset=\"https:\/\/www.esquiades.com\/blog\/app\/uploads\/2019\/12\/Cagati\u00f3.jpg 1500w, https:\/\/www.esquiades.com\/blog\/app\/uploads\/2019\/12\/Cagati\u00f3-300x200.jpg 300w, https:\/\/www.esquiades.com\/blog\/app\/uploads\/2019\/12\/Cagati\u00f3-768x512.jpg 768w, https:\/\/www.esquiades.com\/blog\/app\/uploads\/2019\/12\/Cagati\u00f3-1024x683.jpg 1024w\" sizes=\"(max-width: 1500px) 100vw, 1500px\" \/><\/figure><\/div>\n\n\n<p><br><\/p>\n\n\n<p>Tampoco faltar\u00e1n las competiciones deportivas, como la 7.\u00aa edici\u00f3n del <strong>CronoN\u00faria-Copa FGC, que tendr\u00e1 lugar el 28 de diciembre por la ma\u00f1ana<\/strong> y que est\u00e1 considerada como la San Silvestre del esqu\u00ed de monta\u00f1a. Ni la ansiada llegada de los tres Reyes Magos, quienes visitar\u00e1n la Vall de N\u00faria la noche del 5 de enero, siendo recibidos por un espect\u00e1culo de luz, m\u00fasica y fuego en un entorno natural indescriptible.&nbsp;&nbsp;<\/p>\n\n\n<p><br><\/p>\n\n\n<p>Corre: elige entre nuestras <strong><a href=\"https:\/\/www.esquiades.com\/viajes-esqui\/vall-de-nuria-1462.html\" target=\"_blank\" rel=\"noreferrer noopener\" aria-label=\" (opens in a new tab)\">ofertas de esqu\u00ed en Vall de N\u00faria<\/a><\/strong> y reg\u00e1late una Navidad para enmarcar.<\/p>\n\n\n<p><br><\/p>\n\n\n<h2 class=\"wp-block-heading\"><span id=\"4_Reserva_tu_escapada_de_esqui_en_Boi-Taull_en_Navidadnbsp\"><strong>4. Reserva tu escapada de esqu\u00ed en Bo\u00ed-Ta\u00fcll en Navidad&nbsp;<\/strong><\/span><\/h2>\n\n\n<p><br><\/p>\n\n\n<p>Situada a las puertas del Parque Nacional de Aig\u00fcestortes i Estany de Sant Maurici, y a dos pasos de preciosas iglesias rom\u00e1nicas que han sido declaradas Patrimonio de la Humanidad por la UNESCO, la estaci\u00f3n de Bo\u00ed-Ta\u00fcll, <strong>la m\u00e1s alta de Catalu\u00f1a,<\/strong> es otro <em>must<\/em> para quienes se est\u00e9n <strong>planteando <a rel=\"noreferrer noopener\" aria-label=\" (opens in a new tab)\" href=\"https:\/\/www.esquiades.com\/blog\/las-5-mejores-estaciones-para-esquiar-con-ninos\/\" target=\"_blank\">esquiar con ni\u00f1os<\/a> <\/strong>en Navidad.&nbsp;?<\/p>\n\n\n<p><br><\/p>\n\n\n<p>Adem\u00e1s de la llegada de Pap\u00e1 Noel el 24 de diciembre, la estaci\u00f3n dar\u00e1 la bienvenida a 2020 con su tradicional <strong>Bajada de Antorchas,<\/strong> que se celebrar\u00e1 el 1 de enero. Asimismo, todos los s\u00e1bados de diciembre podr\u00e1s participar en <strong>excursiones con raquetas de nieve<\/strong>, que te permitir\u00e1n explorar los fascinantes paisajes de la comarca de la Alta Ribagor\u00e7a. \u00bfQu\u00e9 m\u00e1s se puede pedir?&nbsp;<\/p>\n\n\n<p><br><\/p>\n\n\n<figure class=\"wp-block-image\"><img loading=\"lazy\" decoding=\"async\" width=\"596\" height=\"399\" src=\"https:\/\/www.esquiades.com\/blog\/app\/uploads\/2019\/12\/bo\u00edta\u00fcllbajada-de-antorchas.jpg\" alt=\"\" class=\"wp-image-9775\" srcset=\"https:\/\/www.esquiades.com\/blog\/app\/uploads\/2019\/12\/bo\u00edta\u00fcllbajada-de-antorchas.jpg 596w, https:\/\/www.esquiades.com\/blog\/app\/uploads\/2019\/12\/bo\u00edta\u00fcllbajada-de-antorchas-300x201.jpg 300w\" sizes=\"(max-width: 596px) 100vw, 596px\" \/><\/figure>\n\n\n<p><br><\/p>\n\n\n<p>Escoge una de nuestras estupendas<strong> <a rel=\"noreferrer noopener\" aria-label=\" (opens in a new tab)\" href=\"https:\/\/www.esquiades.com\/cat\/viatges-esqui\/esqui-nadal-boi-taull-1301710.html\" target=\"_blank\">ofertas de esqu\u00ed en Navidad en Bo\u00ed-Ta\u00fcll<\/a><\/strong> y vive una experiencia \u00fanica.&nbsp;<\/p>\n\n\n<p><br><\/p>\n\n\n<h2 class=\"wp-block-heading\"><span id=\"5_Esqui_en_Navidad_en_Baqueira_Beret_una_apuesta_segura\"><strong>5. Esqu\u00ed en Navidad en Baqueira Beret: una apuesta segura<\/strong><\/span><\/h2>\n\n\n<p><br><\/p>\n\n\n<p>Situada en la Vall d\u2019Aran y considerada por muchos como una de las mejores estaciones de esqu\u00ed de Espa\u00f1a, Baqueira Beret re\u00fane todos los ingredientes para pasarlo en grande con un viaje a la nieve en Navidad. Aunque en el momento de escribir estas l\u00edneas la agenda de actividades a\u00fan no est\u00e1 cerrada, la estaci\u00f3n suele acoger el 24 de diciembre la <strong>llegada de Pap\u00e1 Noel en un trineo tirado por perros,<\/strong> mientras que despide el a\u00f1o con un espectacular descenso de antorchas y fuegos artificiales. ? La <strong>cabalgata de Reyes,<\/strong> con sus majestades traslad\u00e1ndose a bordo de m\u00e1quinas de nieve es otra de las tradiciones de la estaci\u00f3n en estas fechas. A esto hay que sumar el pr\u00f3ximo 28 de diciembre la celebraci\u00f3n de un espect\u00e1culo nocturno para toda la familia: el <strong>Audi e-Tron Leds.<\/strong> \u00a1Que no te lo cuenten!<\/p>\n\n\n<p><br><\/p>\n\n\n<figure class=\"wp-block-image\"><img loading=\"lazy\" decoding=\"async\" width=\"900\" height=\"600\" src=\"https:\/\/www.esquiades.com\/blog\/app\/uploads\/2019\/12\/baqueiraberettrineonoel.jpg\" alt=\"\" class=\"wp-image-9777\" srcset=\"https:\/\/www.esquiades.com\/blog\/app\/uploads\/2019\/12\/baqueiraberettrineonoel.jpg 900w, https:\/\/www.esquiades.com\/blog\/app\/uploads\/2019\/12\/baqueiraberettrineonoel-300x200.jpg 300w, https:\/\/www.esquiades.com\/blog\/app\/uploads\/2019\/12\/baqueiraberettrineonoel-768x512.jpg 768w\" sizes=\"(max-width: 900px) 100vw, 900px\" \/><\/figure>\n\n\n<p><br><\/p>\n\n\n<p>\u00bfA qu\u00e9 esperas para echar un vistazo a las <strong><a href=\"https:\/\/www.esquiades.com\/viajes-esqui\/baqueira-beret-1411.html\" target=\"_blank\" rel=\"noreferrer noopener\" aria-label=\" (opens in a new tab)\">ofertas de esqu\u00ed en Baqueira Beret<\/a><\/strong> de nuestro sitio web?<\/p>\n\n\n<p><br><\/p>\n\n\n<h2 class=\"wp-block-heading\"><span id=\"6_Esqui_en_Navidad_en_Cerler_vive_la_magia_del_Pirineo_de_Huesca\"><strong>6. Esqu\u00ed en Navidad en Cerler: vive la magia del Pirineo de Huesca<\/strong><\/span><\/h2>\n\n\n<p><br><\/p>\n\n\n<p>Llega el turno del<strong> <a rel=\"noreferrer noopener\" aria-label=\" (opens in a new tab)\" href=\"https:\/\/www.esquiades.com\/viajes-esqui\/pirineo-aragones-103.html\" target=\"_blank\">Pirineo aragon\u00e9s<\/a><\/strong> y, en concreto, de la estaci\u00f3n de esqu\u00ed de Cerler, la m\u00e1s alta de Arag\u00f3n. All\u00ed te aguardan 79 km de pistas de esqu\u00ed alpino, paisajes que te dejar\u00e1n sin aliento y una programaci\u00f3n navide\u00f1a insuperable. Veamos:&nbsp; la llegada de Pap\u00e1 Noel sobre sus esqu\u00eds el 24 de diciembre, la gala de Nochevieja <strong><em>Uvas del Mundo<\/em><\/strong> ? para despedir 2019, un descenso de antorchas el 4 de enero, la visita de los Magos de Oriente al valle de Benasque, el 5 de enero\u2026 <\/p>\n\n\n<p><br><\/p>\n\n\n<figure class=\"wp-block-image\"><img loading=\"lazy\" decoding=\"async\" width=\"2048\" height=\"1365\" src=\"https:\/\/i1.wp.com\/www.esquiades.com\/blog\/wp-content\/uploads\/2019\/12\/uvas-mundo-cerler.jpg?fit=1024%2C683&amp;ssl=1\" alt=\"\" class=\"wp-image-9778\" srcset=\"https:\/\/www.esquiades.com\/blog\/app\/uploads\/2019\/12\/uvas-mundo-cerler.jpg 2048w, https:\/\/www.esquiades.com\/blog\/app\/uploads\/2019\/12\/uvas-mundo-cerler-300x200.jpg 300w, https:\/\/www.esquiades.com\/blog\/app\/uploads\/2019\/12\/uvas-mundo-cerler-768x512.jpg 768w, https:\/\/www.esquiades.com\/blog\/app\/uploads\/2019\/12\/uvas-mundo-cerler-1024x683.jpg 1024w\" sizes=\"(max-width: 2048px) 100vw, 2048px\" \/><\/figure>\n\n\n<p><br><\/p>\n\n\n<p>Eligiendo una de las <strong><a href=\"https:\/\/www.esquiades.com\/viajes-esqui\/cerler-1418.html\" target=\"_blank\" rel=\"noreferrer noopener\" aria-label=\" (opens in a new tab)\">ofertas de esqu\u00ed en Cerler<\/a><\/strong>, con hotel y forfait, este planazo estar\u00e1 a tu alcance por muy poco.&nbsp;<\/p>\n\n\n<p><br><\/p>\n\n\n<h2 class=\"wp-block-heading\"><span id=\"7_Animate_a_esquiar_en_Navidad_en_Formigal-Panticosanbsp\"><strong>7. \u00a1An\u00edmate a esquiar en Navidad en Formigal-Panticosa!&nbsp;<\/strong><\/span><\/h2>\n\n\n<p><br><\/p>\n\n\n<p>He aqu\u00ed otra estaci\u00f3n del grupo Aram\u00f3n para sacar todo el partido a tus vacaciones en la nieve estas navidades. Situada en el valle del Tena, entre paisajes de monta\u00f1a de gran atractivo, se trata de un destino perfecto por su inagotable oferta de deportes de nieve y por su ambiente. De hecho, es aqu\u00ed donde podr\u00e1s bailar hasta que el cuerpo aguante en la legendaria <strong><a rel=\"noreferrer noopener\" aria-label=\" (opens in a new tab)\" href=\"https:\/\/www.esquiades.com\/blog\/marchica-una-experiencia-unica-de-apre-ski-en-formigal\/\" target=\"_blank\">discoteca Marchica<\/a><\/strong>, uno de los cl\u00e1sicos del <em>apr\u00e8s-ski<\/em> en el Pirineo.&nbsp;?<\/p>\n\n\n<p><br><\/p>\n\n\n<figure class=\"wp-block-image\"><img loading=\"lazy\" decoding=\"async\" width=\"2048\" height=\"1367\" src=\"https:\/\/i2.wp.com\/www.esquiades.com\/blog\/wp-content\/uploads\/2019\/12\/marchicanochevieja.jpg?fit=1024%2C684&amp;ssl=1\" alt=\"\" class=\"wp-image-9779\" srcset=\"https:\/\/www.esquiades.com\/blog\/app\/uploads\/2019\/12\/marchicanochevieja.jpg 2048w, https:\/\/www.esquiades.com\/blog\/app\/uploads\/2019\/12\/marchicanochevieja-300x200.jpg 300w, https:\/\/www.esquiades.com\/blog\/app\/uploads\/2019\/12\/marchicanochevieja-768x513.jpg 768w, https:\/\/www.esquiades.com\/blog\/app\/uploads\/2019\/12\/marchicanochevieja-1024x684.jpg 1024w\" sizes=\"(max-width: 2048px) 100vw, 2048px\" \/><\/figure>\n\n\n<p><br><\/p>\n\n\n<p>\u00bfQu\u00e9 nos depara la Navidad en Formigal-Panticosa? Apunta: <strong>la llegada de Pap\u00e1 Noel<\/strong> el 24 de diciembre, el fiest\u00f3n de <strong>Nochevieja<\/strong>, la recepci\u00f3n de los <strong>Reyes Magos <\/strong>el 5 de enero\u2026 \u00bfTodav\u00eda no has visto nuestras <a href=\"https:\/\/www.esquiades.com\/viajes-esqui\/formigal-1416.html\"><strong>ofertas de esqu\u00ed en Formigal<\/strong><\/a>?<\/p>\n\n\n<p><br><\/p>\n\n\n<h2 class=\"wp-block-heading\"><span id=\"8_Esqui_en_Navidad_en_Grandvalira_Andorra_nunca_fallanbsp\"><strong>8. Esqu\u00ed en Navidad en Grandvalira: \u00a1Andorra nunca falla!&nbsp;<\/strong><\/span><\/h2>\n\n\n<p><br><\/p>\n\n\n<p>A una altura de 2.640 m de altitud, aguarda nuestra \u00faltima sugerencia para una escapada de esqu\u00ed en Navidad: Grandvalira. Adem\u00e1s de 210 km esquiables, con pistas de todos los niveles de dificultad y siete sectores con todos los servicios, esta estaci\u00f3n andorrana tampoco escatima en eventos y actividades. Hagamos un repaso r\u00e1pido: del 17 y de 19 al 23 de diciembre, Pap\u00e1 Noel visitar\u00e1 el <strong>Roc de les Bruixes<\/strong>, en Canillo (se requiere reserva previa). Del 21 al 23 de diciembre, estar\u00e1 en el <strong>Vodka Bar de Grau Roig<\/strong> y participar\u00e1 en una merienda-cena para peque\u00f1os y adultos.&nbsp;<\/p>\n\n\n<p><br><\/p>\n\n\n<p>El 22 de diciembre se llevar\u00e1 a cabo la <strong>4.\u00aa Cronoescalada Nocturna Solidaria L\u2019\u00c0liga,<\/strong> una prueba de<em> skimo<\/em> puntuable para la Copa de Andorra de esqu\u00ed de Monta\u00f1a; el 24 de diciembre, Pap\u00e1 Noel har\u00e1 una visita a las escuelas de esqu\u00ed de Grandvalira, mientras que el 31 de diciembre se disputar\u00e1 el <strong>6.\u00ba Trofeo Tres Fronteras Dynafit\/Grandvalira<\/strong> \u2014otra competici\u00f3n de <em>skimo<\/em>\u2014 y la fiesta de Nochevieja en el Restaurante 3 Estanys, con reserva previa. Finalmente, el 5 de enero a las 18:30 llegar\u00e1n los <strong>Reyes Magos en<em> retrac<\/em><\/strong><em> <\/em>a Grandvalira-Pas de la Casa, en mitad de un espect\u00e1culo pirot\u00e9cnico.&nbsp;?<\/p>\n\n\n<p><br><\/p>\n<p><iframe width=\"100%\" height=\"315\" src=\"https:\/\/www.youtube.com\/embed\/fox25YyEPjg\" frameborder=\"0\" allow=\"accelerometer; autoplay; encrypted-media; gyroscope; picture-in-picture\" allowfullscreen=\"\"><\/iframe><\/p>\n<p><br><\/p>\n\n\n<p>Por cierto: recuerda que, desde la temporada de esqu\u00ed 2019-2020, hay un <strong><a href=\"https:\/\/www.esquiades.com\/blog\/disfruta-de-dos-estaciones-de-esqui-con-un-solo-forfait-grandvalira-y-ordino-arcalis\/\" target=\"_blank\" rel=\"noreferrer noopener\" aria-label=\" (opens in a new tab)\">\u00fanico forfait para Grandvalira y Ordino-Arcal\u00eds<\/a><\/strong>.<\/p>\n\n\n<p><br><\/p>\n\n\n<p><strong>\u00bfQu\u00e9 te han parecido estas sugerencias para tu viaje de esqu\u00ed en Navidad? Si tienes otras recomendaciones, o bien te gustar\u00eda compartir tus planes para estas fiestas, recuerda que estaremos encantados de recibir tus comentarios. <\/strong><strong>?<\/strong><strong>&nbsp;<\/strong><br><\/p>\n\n\n<p><br><\/p>\n\n\n<p><br><\/p>\n\n\n<p><br><\/p>","protected":false},"excerpt":{"rendered":"<p>Contenido1 1. Esquiar en Sierra Nevada en Navidad2 2. \u00bfPor qu\u00e9 disfrutar del esqu\u00ed en La Molina en Navidad?3 3. Esquiar en la Vall de N\u00faria en Navidad: un plan ideal para disfrutar en familia4 4. Reserva tu escapada de esqu\u00ed en Bo\u00ed-Ta\u00fcll en Navidad&nbsp;5 5. Esqu\u00ed en Navidad en Baqueira Beret: una apuesta segura6&#8230;<\/p>\n","protected":false},"author":1,"featured_media":9782,"comment_status":"open","ping_status":"open","sticky":false,"template":"","format":"standard","meta":{"_acf_changed":false,"footnotes":""},"categories":[103,13],"tags":[],"class_list":["post-9772","post","type-post","status-publish","format-standard","has-post-thumbnail","hentry","category-destinos-de-esqui","category-esqui"],"acf":[],"yoast_head":"<!-- This site is optimized with the Yoast SEO plugin v23.1 - https:\/\/yoast.com\/wordpress\/plugins\/seo\/ -->\n<title>Esqu\u00ed en Navidad: las mejores opciones - Esquiades Blog<\/title>\n<meta name=\"robots\" content=\"index, follow, max-snippet:-1, max-image-preview:large, max-video-preview:-1\" \/>\n<link rel=\"canonical\" href=\"https:\/\/www.esquiades.com\/blog\/esqui-en-navidad-las-mejores-opciones\/\" \/>\n<meta property=\"og:locale\" content=\"es_ES\" \/>\n<meta property=\"og:type\" content=\"article\" \/>\n<meta property=\"og:title\" content=\"Esqu\u00ed en Navidad: las mejores opciones - Esquiades Blog\" \/>\n<meta property=\"og:description\" content=\"Contenido1 1. Esquiar en Sierra Nevada en Navidad2 2. \u00bfPor qu\u00e9 disfrutar del esqu\u00ed en La Molina en Navidad?3 3. Esquiar en la Vall de N\u00faria en Navidad: un plan ideal para disfrutar en familia4 4. Reserva tu escapada de esqu\u00ed en Bo\u00ed-Ta\u00fcll en Navidad&nbsp;5 5. Esqu\u00ed en Navidad en Baqueira Beret: una apuesta segura6...\" \/>\n<meta property=\"og:url\" content=\"https:\/\/www.esquiades.com\/blog\/esqui-en-navidad-las-mejores-opciones\/\" \/>\n<meta property=\"og:site_name\" content=\"Esquiades Blog\" \/>\n<meta property=\"article:published_time\" content=\"2019-12-12T12:55:30+00:00\" \/>\n<meta property=\"og:image\" content=\"https:\/\/www.esquiades.com\/blog\/app\/uploads\/2019\/12\/portadaminiatura.gif\" \/>\n\t<meta property=\"og:image:width\" content=\"721\" \/>\n\t<meta property=\"og:image:height\" content=\"721\" \/>\n\t<meta property=\"og:image:type\" content=\"image\/gif\" \/>\n<meta name=\"author\" content=\"pps@b2-performance.es\" \/>\n<meta name=\"twitter:card\" content=\"summary_large_image\" \/>\n<meta name=\"twitter:label1\" content=\"Written by\" \/>\n\t<meta name=\"twitter:data1\" content=\"pps@b2-performance.es\" \/>\n\t<meta name=\"twitter:label2\" content=\"Est. reading time\" \/>\n\t<meta name=\"twitter:data2\" content=\"10 minutos\" \/>\n<script type=\"application\/ld+json\" class=\"yoast-schema-graph\">{\"@context\":\"https:\/\/schema.org\",\"@graph\":[{\"@type\":\"NewsArticle\",\"@id\":\"https:\/\/www.esquiades.com\/blog\/esqui-en-navidad-las-mejores-opciones\/#article\",\"isPartOf\":{\"@id\":\"https:\/\/www.esquiades.com\/blog\/esqui-en-navidad-las-mejores-opciones\/\"},\"author\":{\"name\":\"pps@b2-performance.es\",\"@id\":\"https:\/\/www.esquiades.com\/blog\/#\/schema\/person\/d0fd9f4f1a875a2fda01aa476d80a062\"},\"headline\":\"Esqu\u00ed en Navidad: las mejores opciones\",\"datePublished\":\"2019-12-12T12:55:30+00:00\",\"dateModified\":\"2019-12-12T12:55:30+00:00\",\"mainEntityOfPage\":{\"@id\":\"https:\/\/www.esquiades.com\/blog\/esqui-en-navidad-las-mejores-opciones\/\"},\"wordCount\":1929,\"commentCount\":0,\"publisher\":{\"@id\":\"https:\/\/www.esquiades.com\/blog\/#organization\"},\"image\":{\"@id\":\"https:\/\/www.esquiades.com\/blog\/esqui-en-navidad-las-mejores-opciones\/#primaryimage\"},\"thumbnailUrl\":\"https:\/\/www.esquiades.com\/blog\/app\/uploads\/2019\/12\/portadaminiatura.gif\",\"articleSection\":[\"Destinos de esqu\u00ed\",\"Esqu\u00ed\"],\"inLanguage\":\"es\",\"potentialAction\":[{\"@type\":\"CommentAction\",\"name\":\"Comment\",\"target\":[\"https:\/\/www.esquiades.com\/blog\/esqui-en-navidad-las-mejores-opciones\/#respond\"]}]},{\"@type\":\"WebPage\",\"@id\":\"https:\/\/www.esquiades.com\/blog\/esqui-en-navidad-las-mejores-opciones\/\",\"url\":\"https:\/\/www.esquiades.com\/blog\/esqui-en-navidad-las-mejores-opciones\/\",\"name\":\"Esqu\u00ed en Navidad: las mejores opciones - Esquiades Blog\",\"isPartOf\":{\"@id\":\"https:\/\/www.esquiades.com\/blog\/#website\"},\"primaryImageOfPage\":{\"@id\":\"https:\/\/www.esquiades.com\/blog\/esqui-en-navidad-las-mejores-opciones\/#primaryimage\"},\"image\":{\"@id\":\"https:\/\/www.esquiades.com\/blog\/esqui-en-navidad-las-mejores-opciones\/#primaryimage\"},\"thumbnailUrl\":\"https:\/\/www.esquiades.com\/blog\/app\/uploads\/2019\/12\/portadaminiatura.gif\",\"datePublished\":\"2019-12-12T12:55:30+00:00\",\"dateModified\":\"2019-12-12T12:55:30+00:00\",\"breadcrumb\":{\"@id\":\"https:\/\/www.esquiades.com\/blog\/esqui-en-navidad-las-mejores-opciones\/#breadcrumb\"},\"inLanguage\":\"es\",\"potentialAction\":[{\"@type\":\"ReadAction\",\"target\":[\"https:\/\/www.esquiades.com\/blog\/esqui-en-navidad-las-mejores-opciones\/\"]}]},{\"@type\":\"ImageObject\",\"inLanguage\":\"es\",\"@id\":\"https:\/\/www.esquiades.com\/blog\/esqui-en-navidad-las-mejores-opciones\/#primaryimage\",\"url\":\"https:\/\/www.esquiades.com\/blog\/app\/uploads\/2019\/12\/portadaminiatura.gif\",\"contentUrl\":\"https:\/\/www.esquiades.com\/blog\/app\/uploads\/2019\/12\/portadaminiatura.gif\",\"width\":721,\"height\":721},{\"@type\":\"BreadcrumbList\",\"@id\":\"https:\/\/www.esquiades.com\/blog\/esqui-en-navidad-las-mejores-opciones\/#breadcrumb\",\"itemListElement\":[{\"@type\":\"ListItem\",\"position\":1,\"name\":\"Home\",\"item\":\"https:\/\/www.esquiades.com\/blog\/\"},{\"@type\":\"ListItem\",\"position\":2,\"name\":\"Esqu\u00ed en Navidad: las mejores opciones\"}]},{\"@type\":\"WebSite\",\"@id\":\"https:\/\/www.esquiades.com\/blog\/#website\",\"url\":\"https:\/\/www.esquiades.com\/blog\/\",\"name\":\"Esquiades Blog\",\"description\":\"Pasi\u00f3n por la nieve y la monta\u00f1a\",\"publisher\":{\"@id\":\"https:\/\/www.esquiades.com\/blog\/#organization\"},\"potentialAction\":[{\"@type\":\"SearchAction\",\"target\":{\"@type\":\"EntryPoint\",\"urlTemplate\":\"https:\/\/www.esquiades.com\/blog\/?s={search_term_string}\"},\"query-input\":\"required name=search_term_string\"}],\"inLanguage\":\"es\"},{\"@type\":\"Organization\",\"@id\":\"https:\/\/www.esquiades.com\/blog\/#organization\",\"name\":\"Esquiades Blog\",\"url\":\"https:\/\/www.esquiades.com\/blog\/\",\"logo\":{\"@type\":\"ImageObject\",\"inLanguage\":\"es\",\"@id\":\"https:\/\/www.esquiades.com\/blog\/#\/schema\/logo\/image\/\",\"url\":\"https:\/\/www.esquiades.com\/blog\/app\/uploads\/2017\/02\/esquiades-LOGO-2.jpg\",\"contentUrl\":\"https:\/\/www.esquiades.com\/blog\/app\/uploads\/2017\/02\/esquiades-LOGO-2.jpg\",\"width\":397,\"height\":157,\"caption\":\"Esquiades Blog\"},\"image\":{\"@id\":\"https:\/\/www.esquiades.com\/blog\/#\/schema\/logo\/image\/\"}},{\"@type\":\"Person\",\"@id\":\"https:\/\/www.esquiades.com\/blog\/#\/schema\/person\/d0fd9f4f1a875a2fda01aa476d80a062\",\"name\":\"pps@b2-performance.es\",\"image\":{\"@type\":\"ImageObject\",\"inLanguage\":\"es\",\"@id\":\"https:\/\/www.esquiades.com\/blog\/#\/schema\/person\/image\/\",\"url\":\"https:\/\/secure.gravatar.com\/avatar\/0329b708caf0b031cad4c30f76b07f821c214bb62667106c6e61789a4286bb5f?s=96&d=mm&r=g\",\"contentUrl\":\"https:\/\/secure.gravatar.com\/avatar\/0329b708caf0b031cad4c30f76b07f821c214bb62667106c6e61789a4286bb5f?s=96&d=mm&r=g\",\"caption\":\"pps@b2-performance.es\"},\"url\":\"https:\/\/www.esquiades.com\/blog\/author\/ppsb2-performance-es\/\"}]}<\/script>\n<!-- \/ Yoast SEO plugin. -->","yoast_head_json":{"title":"Esqu\u00ed en Navidad: las mejores opciones - Esquiades Blog","robots":{"index":"index","follow":"follow","max-snippet":"max-snippet:-1","max-image-preview":"max-image-preview:large","max-video-preview":"max-video-preview:-1"},"canonical":"https:\/\/www.esquiades.com\/blog\/esqui-en-navidad-las-mejores-opciones\/","og_locale":"es_ES","og_type":"article","og_title":"Esqu\u00ed en Navidad: las mejores opciones - Esquiades Blog","og_description":"Contenido1 1. Esquiar en Sierra Nevada en Navidad2 2. \u00bfPor qu\u00e9 disfrutar del esqu\u00ed en La Molina en Navidad?3 3. Esquiar en la Vall de N\u00faria en Navidad: un plan ideal para disfrutar en familia4 4. Reserva tu escapada de esqu\u00ed en Bo\u00ed-Ta\u00fcll en Navidad&nbsp;5 5. Esqu\u00ed en Navidad en Baqueira Beret: una apuesta segura6...","og_url":"https:\/\/www.esquiades.com\/blog\/esqui-en-navidad-las-mejores-opciones\/","og_site_name":"Esquiades Blog","article_published_time":"2019-12-12T12:55:30+00:00","og_image":[{"width":721,"height":721,"url":"https:\/\/www.esquiades.com\/blog\/app\/uploads\/2019\/12\/portadaminiatura.gif","type":"image\/gif"}],"author":"pps@b2-performance.es","twitter_card":"summary_large_image","twitter_misc":{"Written by":"pps@b2-performance.es","Est. reading time":"10 minutos"},"schema":{"@context":"https:\/\/schema.org","@graph":[{"@type":"NewsArticle","@id":"https:\/\/www.esquiades.com\/blog\/esqui-en-navidad-las-mejores-opciones\/#article","isPartOf":{"@id":"https:\/\/www.esquiades.com\/blog\/esqui-en-navidad-las-mejores-opciones\/"},"author":{"name":"pps@b2-performance.es","@id":"https:\/\/www.esquiades.com\/blog\/#\/schema\/person\/d0fd9f4f1a875a2fda01aa476d80a062"},"headline":"Esqu\u00ed en Navidad: las mejores opciones","datePublished":"2019-12-12T12:55:30+00:00","dateModified":"2019-12-12T12:55:30+00:00","mainEntityOfPage":{"@id":"https:\/\/www.esquiades.com\/blog\/esqui-en-navidad-las-mejores-opciones\/"},"wordCount":1929,"commentCount":0,"publisher":{"@id":"https:\/\/www.esquiades.com\/blog\/#organization"},"image":{"@id":"https:\/\/www.esquiades.com\/blog\/esqui-en-navidad-las-mejores-opciones\/#primaryimage"},"thumbnailUrl":"https:\/\/www.esquiades.com\/blog\/app\/uploads\/2019\/12\/portadaminiatura.gif","articleSection":["Destinos de esqu\u00ed","Esqu\u00ed"],"inLanguage":"es","potentialAction":[{"@type":"CommentAction","name":"Comment","target":["https:\/\/www.esquiades.com\/blog\/esqui-en-navidad-las-mejores-opciones\/#respond"]}]},{"@type":"WebPage","@id":"https:\/\/www.esquiades.com\/blog\/esqui-en-navidad-las-mejores-opciones\/","url":"https:\/\/www.esquiades.com\/blog\/esqui-en-navidad-las-mejores-opciones\/","name":"Esqu\u00ed en Navidad: las mejores opciones - Esquiades Blog","isPartOf":{"@id":"https:\/\/www.esquiades.com\/blog\/#website"},"primaryImageOfPage":{"@id":"https:\/\/www.esquiades.com\/blog\/esqui-en-navidad-las-mejores-opciones\/#primaryimage"},"image":{"@id":"https:\/\/www.esquiades.com\/blog\/esqui-en-navidad-las-mejores-opciones\/#primaryimage"},"thumbnailUrl":"https:\/\/www.esquiades.com\/blog\/app\/uploads\/2019\/12\/portadaminiatura.gif","datePublished":"2019-12-12T12:55:30+00:00","dateModified":"2019-12-12T12:55:30+00:00","breadcrumb":{"@id":"https:\/\/www.esquiades.com\/blog\/esqui-en-navidad-las-mejores-opciones\/#breadcrumb"},"inLanguage":"es","potentialAction":[{"@type":"ReadAction","target":["https:\/\/www.esquiades.com\/blog\/esqui-en-navidad-las-mejores-opciones\/"]}]},{"@type":"ImageObject","inLanguage":"es","@id":"https:\/\/www.esquiades.com\/blog\/esqui-en-navidad-las-mejores-opciones\/#primaryimage","url":"https:\/\/www.esquiades.com\/blog\/app\/uploads\/2019\/12\/portadaminiatura.gif","contentUrl":"https:\/\/www.esquiades.com\/blog\/app\/uploads\/2019\/12\/portadaminiatura.gif","width":721,"height":721},{"@type":"BreadcrumbList","@id":"https:\/\/www.esquiades.com\/blog\/esqui-en-navidad-las-mejores-opciones\/#breadcrumb","itemListElement":[{"@type":"ListItem","position":1,"name":"Home","item":"https:\/\/www.esquiades.com\/blog\/"},{"@type":"ListItem","position":2,"name":"Esqu\u00ed en Navidad: las mejores opciones"}]},{"@type":"WebSite","@id":"https:\/\/www.esquiades.com\/blog\/#website","url":"https:\/\/www.esquiades.com\/blog\/","name":"Esquiades Blog","description":"Pasi\u00f3n por la nieve y la monta\u00f1a","publisher":{"@id":"https:\/\/www.esquiades.com\/blog\/#organization"},"potentialAction":[{"@type":"SearchAction","target":{"@type":"EntryPoint","urlTemplate":"https:\/\/www.esquiades.com\/blog\/?s={search_term_string}"},"query-input":"required name=search_term_string"}],"inLanguage":"es"},{"@type":"Organization","@id":"https:\/\/www.esquiades.com\/blog\/#organization","name":"Esquiades Blog","url":"https:\/\/www.esquiades.com\/blog\/","logo":{"@type":"ImageObject","inLanguage":"es","@id":"https:\/\/www.esquiades.com\/blog\/#\/schema\/logo\/image\/","url":"https:\/\/www.esquiades.com\/blog\/app\/uploads\/2017\/02\/esquiades-LOGO-2.jpg","contentUrl":"https:\/\/www.esquiades.com\/blog\/app\/uploads\/2017\/02\/esquiades-LOGO-2.jpg","width":397,"height":157,"caption":"Esquiades Blog"},"image":{"@id":"https:\/\/www.esquiades.com\/blog\/#\/schema\/logo\/image\/"}},{"@type":"Person","@id":"https:\/\/www.esquiades.com\/blog\/#\/schema\/person\/d0fd9f4f1a875a2fda01aa476d80a062","name":"pps@b2-performance.es","image":{"@type":"ImageObject","inLanguage":"es","@id":"https:\/\/www.esquiades.com\/blog\/#\/schema\/person\/image\/","url":"https:\/\/secure.gravatar.com\/avatar\/0329b708caf0b031cad4c30f76b07f821c214bb62667106c6e61789a4286bb5f?s=96&d=mm&r=g","contentUrl":"https:\/\/secure.gravatar.com\/avatar\/0329b708caf0b031cad4c30f76b07f821c214bb62667106c6e61789a4286bb5f?s=96&d=mm&r=g","caption":"pps@b2-performance.es"},"url":"https:\/\/www.esquiades.com\/blog\/author\/ppsb2-performance-es\/"}]}},"_links":{"self":[{"href":"https:\/\/www.esquiades.com\/blog\/wp-json\/wp\/v2\/posts\/9772","targetHints":{"allow":["GET"]}}],"collection":[{"href":"https:\/\/www.esquiades.com\/blog\/wp-json\/wp\/v2\/posts"}],"about":[{"href":"https:\/\/www.esquiades.com\/blog\/wp-json\/wp\/v2\/types\/post"}],"author":[{"embeddable":true,"href":"https:\/\/www.esquiades.com\/blog\/wp-json\/wp\/v2\/users\/1"}],"replies":[{"embeddable":true,"href":"https:\/\/www.esquiades.com\/blog\/wp-json\/wp\/v2\/comments?post=9772"}],"version-history":[{"count":0,"href":"https:\/\/www.esquiades.com\/blog\/wp-json\/wp\/v2\/posts\/9772\/revisions"}],"wp:featuredmedia":[{"embeddable":true,"href":"https:\/\/www.esquiades.com\/blog\/wp-json\/wp\/v2\/media\/9782"}],"wp:attachment":[{"href":"https:\/\/www.esquiades.com\/blog\/wp-json\/wp\/v2\/media?parent=9772"}],"wp:term":[{"taxonomy":"category","embeddable":true,"href":"https:\/\/www.esquiades.com\/blog\/wp-json\/wp\/v2\/categories?post=9772"},{"taxonomy":"post_tag","embeddable":true,"href":"https:\/\/www.esquiades.com\/blog\/wp-json\/wp\/v2\/tags?post=9772"}],"curies":[{"name":"wp","href":"https:\/\/api.w.org\/{rel}","templated":true}]}}