{"id":9026,"date":"2019-03-07T18:11:10","date_gmt":"2019-03-07T17:11:10","guid":{"rendered":"http:\/\/www.esquiades.com\/blog\/?p=9026"},"modified":"2019-03-07T18:11:10","modified_gmt":"2019-03-07T17:11:10","slug":"que-hacer-en-las-estaciones-de-esqui-de-vallnord","status":"publish","type":"post","link":"https:\/\/www.esquiades.com\/blog\/que-hacer-en-las-estaciones-de-esqui-de-vallnord\/","title":{"rendered":"Qu\u00e9 hacer en las estaciones de esqu\u00ed de Vallnord"},"content":{"rendered":"<div id=\"toc_container\" class=\"no_bullets\"><p class=\"toc_title\">Contenido<\/p><ul class=\"toc_list\"><li><a href=\"#Que_hacer_en_Pal-Arinsal_Ahi_van_algunas_propuestas\"><span class=\"toc_number toc_depth_1\">1<\/span> \u00bfQu\u00e9 hacer en Pal-Arinsal? Ah\u00ed van algunas propuestas:<\/a><\/li><li><a href=\"#Descubre_que_hacer_en_Ordino-Arcalis_un_universo_por_descubrir\"><span class=\"toc_number toc_depth_1\">2<\/span> Descubre qu\u00e9 hacer en Ordino-Arcal\u00eds: un universo por descubrir<\/a><\/li><li><a href=\"#Bonus_track_las_mejores_actividades_apres-ski_en_Andorra\"><span class=\"toc_number toc_depth_1\">3<\/span> Bonus track: las mejores actividades apr\u00e8s-ski en Andorra<\/a><\/li><\/ul><\/div>\n<p style=\"text-align: justify;\">Tictac, tictac. Esto es lo que nos viene a la cabeza a todos los aficionados al esqu\u00ed y al <em>snow<\/em> al mirar el calendario de la cocina: \u00a1qu\u00e9 poco le queda a la temporada de invierno! El tiempo pasa volando, sin duda, pero que no cunda el des\u00e1nimo: en Esquiades, queremos ayudarte a darlo todo mientras haya nieve. \u00bfSe te ocurre una forma mejor que apostando por el esqu\u00ed en Andorra? Para que no te falten las buenas ideas a la hora de sacarle todo el jugo a este peque\u00f1o gran pa\u00eds, hoy te contamos qu\u00e9 hacer en las estaciones de esqu\u00ed de Vallnord.<\/p>\n<p>&nbsp;<\/p>\n<p style=\"text-align: justify;\">Como sabes, su dominio lo forman dos estaciones que funcionan de forma independiente: <strong>Pal-Arinsal<\/strong> y <strong>Ordino-Arcal\u00eds<\/strong>. Ambas suman <strong>93 km esquiables<\/strong> con pistas de todos los niveles de dificultad, y ponen a tu alcance todo lo que necesitas para que disfrutes a\u00fan m\u00e1s de tus escapadas de fin de semana. \u00bfQuieres saber de qu\u00e9 se trata? En ese caso, te recomendamos que sigas leyendo. \u00a1Te vas a sorprender!<\/p>\n<p>&nbsp;<\/p>\n<p style=\"text-align: justify;\"><img fetchpriority=\"high\" decoding=\"async\" class=\"aligncenter size-full wp-image-9033\" src=\"http:\/\/www.esquiades.com\/blog\/wp-content\/uploads\/2019\/03\/que_hacer_en_vallnord.jpg\" alt=\"que_hacer_en_vallnord\" width=\"1500\" height=\"721\" srcset=\"https:\/\/www.esquiades.com\/blog\/app\/uploads\/2019\/03\/que_hacer_en_vallnord.jpg 1500w, https:\/\/www.esquiades.com\/blog\/app\/uploads\/2019\/03\/que_hacer_en_vallnord-300x144.jpg 300w, https:\/\/www.esquiades.com\/blog\/app\/uploads\/2019\/03\/que_hacer_en_vallnord-768x369.jpg 768w, https:\/\/www.esquiades.com\/blog\/app\/uploads\/2019\/03\/que_hacer_en_vallnord-1024x492.jpg 1024w\" sizes=\"(max-width: 1500px) 100vw, 1500px\" \/><\/p>\n<p>&nbsp;<\/p>\n<h2 style=\"text-align: justify;\"><span id=\"Que_hacer_en_Pal-Arinsal_Ahi_van_algunas_propuestas\">\u00bfQu\u00e9 hacer en Pal-Arinsal? Ah\u00ed van algunas propuestas:<\/span><\/h2>\n<p>&nbsp;<\/p>\n<p style=\"text-align: justify;\">La <a href=\"https:\/\/www.esquiades.com\/viajes-esqui\/pal-arinsal-1451.html\" target=\"_blank\" rel=\"noopener noreferrer\">estaci\u00f3n de esqu\u00ed de Pal-Arinsal<\/a>, situada a tan solo 5 km de Andorra la Vella y a 3 km de Escaldes-Engordany, es una apuesta segura para tus viajes a la nieve. All\u00ed te espera un desnivel vertical de m\u00e1s de 1.000 m, <strong>63 km esquiables<\/strong> \u2014distribuidos en 7 pistas verdes, 14 pistas azules, 17 pistas rojas, 4 pistas negras y 5 de eslalon\u2014, 5 circuitos balizados en los que practicar esqu\u00ed de monta\u00f1a o <em>skimo<\/em>, una <strong>zona de <em>freeride<\/em><\/strong> y un <em><strong>fun park<\/strong><\/em>, ideal para todos aquellos que tienen en mente ir a <a href=\"https:\/\/www.esquiades.com\/blog\/las-5-mejores-estaciones-para-esquiar-con-ninos\/\" target=\"_blank\" rel=\"noopener noreferrer\">esquiar con ni\u00f1os<\/a>.<\/p>\n<p>&nbsp;<\/p>\n<p style=\"text-align: justify;\">Y para quienes deseen iniciarse en el arte de medirse con la nieve, la estaci\u00f3n de Pal-Arinsal cuenta con <strong>dos escuelas de esqu\u00ed alpino y <em>snowboard<\/em><\/strong>, con m\u00e1s de 200 monitores titulados.<\/p>\n<p>&nbsp;<\/p>\n<p style=\"text-align: justify;\">De todos modos, si por algo destaca Pal-Arinsal es por ser <strong>una de las estaciones de esqu\u00ed con una mayor oferta de actividades complementarias<\/strong>. De ah\u00ed que sea una elecci\u00f3n perfecta para viajar en familia o con amigos. Entre ellas, podemos mencionar las <strong>excursiones con raquetas de nieve, los vuelos en helic\u00f3ptero y el <em>snow<\/em> retrac<\/strong>.<\/p>\n<p><center><\/p>\n<blockquote class=\"instagram-media\" style=\"background: #FFF; border: 0; border-radius: 3px; box-shadow: 0 0 1px 0 rgba(0,0,0,0.5),0 1px 10px 0 rgba(0,0,0,0.15); margin: 1px; max-width: 540px; min-width: 326px; padding: 0; width: calc(100% - 2px);\" data-instgrm-permalink=\"https:\/\/www.instagram.com\/p\/BuedZQ_FB3u\/?utm_source=ig_embed&amp;utm_medium=loading\" data-instgrm-version=\"12\">\n<div style=\"padding: 16px;\"><a style=\"background: #FFFFFF; line-height: 0; padding: 0 0; text-align: center; text-decoration: none; width: 100%;\" href=\"https:\/\/www.instagram.com\/p\/BuedZQ_FB3u\/?utm_source=ig_embed&amp;utm_medium=loading\" target=\"_blank\" rel=\"noopener noreferrer\"><br \/>\n<\/a><\/div>\n<\/blockquote>\n<p><\/center><\/p>\n<div style=\"display: flex; flex-direction: row; align-items: center;\"><\/div>\n<div style=\"padding: 19% 0;\"><\/div>\n<div style=\"display: block; height: 50px; margin: 0 auto 12px; width: 50px;\"><\/div>\n<div style=\"padding-top: 8px;\">\n<div style=\"color: #3897f0; font-family: Arial,sans-serif; font-size: 14px; font-style: normal; font-weight: 550; line-height: 18px;\">Ver esta publicaci\u00f3n en Instagram<\/div>\n<\/div>\n<p style=\"color: #c9c8cd; font-family: Arial,sans-serif; font-size: 14px; line-height: 17px; margin-bottom: 0; margin-top: 8px; overflow: hidden; padding: 8px 0 7px; text-align: center; text-overflow: ellipsis; white-space: nowrap;\"><a style=\"color: #c9c8cd; font-family: Arial,sans-serif; font-size: 14px; font-style: normal; font-weight: normal; line-height: 17px; text-decoration: none;\" href=\"https:\/\/www.instagram.com\/p\/BuedZQ_FB3u\/?utm_source=ig_embed&amp;utm_medium=loading\" target=\"_blank\" rel=\"noopener noreferrer\">Una publicaci\u00f3n compartida por Vallnord Pal Arinsal (@vallnordpalarinsal)<\/a> el <time style=\"font-family: Arial,sans-serif; font-size: 14px; line-height: 17px;\" datetime=\"2019-03-01T18:34:27+00:00\">1 de Mar de 2019 a las 10:34 PST<\/time><\/p>\n<p><script src=\"\/\/www.instagram.com\/embed.js\" async=\"\"><\/script><\/p>\n<p>Bonito palabro, \u00bfverdad? Que no te asuste este t\u00e9rmino tan extra\u00f1o: en realidad, se trata de emocionantes <strong>salidas con m\u00e1quinas pisanieves<\/strong>, con las que podr\u00e1s visitar la estaci\u00f3n fuera de su horario comercial y descubrir un trabajo poco conocido, pero necesario para que esta estaci\u00f3n de esqu\u00ed en Andorra funcione a pleno rendimiento. Adem\u00e1s, Pal-Arinsal te permite combinar estos originales itinerarios con <strong>cenas de altura<\/strong> en los restaurantes de la estaci\u00f3n, que tambi\u00e9n abren por la noche. Recargar\u00e1s as\u00ed las pilas mientras saboreas las recetas de monta\u00f1a m\u00e1s irresistibles. Si te apuntas al <em>snow<\/em> retrac, ten en cuenta que podr\u00e1s contratar esta actividad tanto en el sector de Pal \u2014en las \u00e1reas de Coll de la Botella y el Planell\u2014 como en el de Arinsal, cuyo punto neur\u00e1lgico es la zona del Comallemple.<br \/>\n \u00a0<br \/>\n Tampoco pod\u00edamos dejarnos en el tintero el impactante <strong>Big Zip<\/strong>, un flamante puente tirol\u00e9s de 340 m de longitud, con el que podr\u00e1s recorrer un tramo de la pista de la Caubella. Eso s\u00ed: recuerda que la actividad es solo para personas a partir de 12 a\u00f1os, con una altura m\u00ednima de 1,50 m y 40 kg. Aunque no se necesita reserva, te recomendamos consultar las fechas de funcionamiento.<br \/>\n \u00a0<br \/>\n Ahora bien: el abanico de propuestas de Pal-Arinsal van m\u00e1s all\u00e1 de la temporada de invierno. Si quieres comprobarlo por ti mismo\/a, solo tienes que acercarte al <strong>Vallnord Mountain Park la Massana<\/strong>, un espacio de ocio familiar donde lo pasar\u00e1s en grande en cualquier mes del a\u00f1o. Este espacio pone en tus manos los mejores deportes al aire libre, como la tirolina, el tiro con arco, un parque de cuerdas\u2026 Asimismo, los m\u00e1s peque\u00f1os tienen a su disposici\u00f3n descensos en <em>karts<\/em> el\u00e9ctricos, paseos con poni o en tren el\u00e9ctrico y el Peke Park, donde les aguardan atracciones hinchables y muchas m\u00e1s sorpresas.<br \/>\n \u00a0<br \/>\n \u00bfSe puede pedir m\u00e1s? As\u00ed es: una <strong>agenda de eventos<\/strong> de lo m\u00e1s tentador. En Pal Arinsal, podr\u00e1s disfrutar a\u00fan m\u00e1s del del esqu\u00ed en Vallnord con una <strong>jornada de <em>skimo<\/em> femenina<\/strong>, que se celebrar\u00e1 en Pal el pr\u00f3ximo 10 de marzo; una animada <strong>fiesta de carnaval<\/strong>, que tendr\u00e1 lugar el 3 de abril en Arinsal, y una sesi\u00f3n de <strong>yoga en el Coll de la Botella<\/strong>, el 17 de abril. \u00bfTe lo imaginas?<br \/>\n<center><\/p>\n<blockquote class=\"instagram-media\" style=\"background: #FFF; border: 0; border-radius: 3px; box-shadow: 0 0 1px 0 rgba(0,0,0,0.5),0 1px 10px 0 rgba(0,0,0,0.15); margin: 1px; max-width: 540px; min-width: 326px; padding: 0; width: calc(100% - 2px);\" data-instgrm-permalink=\"https:\/\/www.instagram.com\/p\/BuiaMC1l1vN\/?utm_source=ig_embed&amp;utm_medium=loading\" data-instgrm-version=\"12\">\n<div style=\"padding: 16px;\"><a style=\"background: #FFFFFF; line-height: 0; padding: 0 0; text-align: center; text-decoration: none; width: 100%;\" href=\"https:\/\/www.instagram.com\/p\/BuiaMC1l1vN\/?utm_source=ig_embed&amp;utm_medium=loading\" target=\"_blank\" rel=\"noopener noreferrer\"><br \/>\n <\/a><\/div>\n<\/blockquote>\n<p><\/center><\/p>\n<div style=\"display: flex; flex-direction: row; align-items: center;\"><\/div>\n<div style=\"padding: 19% 0;\"><\/div>\n<div style=\"display: block; height: 50px; margin: 0 auto 12px; width: 50px;\"><\/div>\n<div style=\"padding-top: 8px;\">\n<div style=\"color: #3897f0; font-family: Arial,sans-serif; font-size: 14px; font-style: normal; font-weight: 550; line-height: 18px;\">Ver esta publicaci\u00f3n en Instagram<\/div>\n<\/div>\n<p><a style=\"color: #c9c8cd; font-family: Arial,sans-serif; font-size: 14px; font-style: normal; font-weight: normal; line-height: 17px; text-decoration: none;\" href=\"https:\/\/www.instagram.com\/p\/BuiaMC1l1vN\/?utm_source=ig_embed&amp;utm_medium=loading\" target=\"_blank\" rel=\"noopener noreferrer\">Una publicaci\u00f3n compartida por Vallnord Pal Arinsal (@vallnordpalarinsal)<\/a> el <time style=\"font-family: Arial,sans-serif; font-size: 14px; line-height: 17px;\" datetime=\"2019-03-03T07:23:23+00:00\">2 de Mar de 2019 a las 11:23 PST<\/time><\/p>\n<p><script src=\"\/\/www.instagram.com\/embed.js\" async=\"\"><\/script><\/p>\n<h2 style=\"text-align: justify;\"><span id=\"Descubre_que_hacer_en_Ordino-Arcalis_un_universo_por_descubrir\">Descubre qu\u00e9 hacer en Ordino-Arcal\u00eds: un universo por descubrir<\/span><\/h2>\n<p>&nbsp;<\/p>\n<p style=\"text-align: justify;\">Pese a estar un poco m\u00e1s alejada de los principales centros de servicios de Andorra \u2014se halla a 14 km de Ordino y a 22 km de Andorra la Vella\u2014 y el desnivel de las pistas es menor que en el caso de Pal-Arinsal (685 m), <a href=\"https:\/\/www.esquiades.com\/viajes-esqui\/arcalis-1453.html\" target=\"_blank\" rel=\"noopener noreferrer\">esquiar en Ordino-Arcal\u00eds<\/a> nunca defrauda.<\/p>\n<p>&nbsp;<\/p>\n<p style=\"text-align: justify;\">A sus 30 km de pistas \u20149 verdes, 7 azules, 10 rojas, 2 negras y 6 pistas FIS homologadas\u2014 se suman 5 circuitos de esqu\u00ed de monta\u00f1a, 23,4 km de itinerarios balizados, 2 zonas de <em>freeride<\/em> \u2014una para debutantes y otra para esquiadores experimentados\u2014, un \u00e1rea de <em>freestyle<\/em>, una zona de eslalon, un <em><strong>wood park<\/strong><\/em>, un circuito infantil, un <strong><em>snowpark<\/em><\/strong>, un espacio de <a href=\"https:\/\/www.esquiades.com\/informacion-interes\/guias-esqui\/esquiar-principiantes\" target=\"_blank\" rel=\"noopener noreferrer\">esqu\u00ed para principiantes<\/a> con telearrastre gratuito y un <em>boarder cross<\/em>, as\u00ed como una guarder\u00eda para ni\u00f1os de 1 a 4 a\u00f1os y una escuela de esqu\u00ed en Ordino con 70 instructores.<\/p>\n<p>&nbsp;<\/p>\n<p style=\"text-align: justify;\">Como en el caso de quienes se decantan por un fin de semana de esqu\u00ed en Pal-Arinsal, aqu\u00ed tambi\u00e9n tienes un mont\u00f3n de opciones para practicar otros deportes de nieve. Por ejemplo, podr\u00e1s hacer <strong>rutas con raquetas<\/strong>, deslizarte en <em><strong>ski bike<\/strong><\/em>, <strong><em>snow scoot<\/em> y motos de nieve<\/strong>, montarte en un <strong>veh\u00edculo oruga<\/strong> (Gicafer), contemplar la estaci\u00f3n de Ordino-Arcal\u00eds a vista de p\u00e1jaro desde un helic\u00f3ptero\u2026<\/p>\n<p><center><\/p>\n<blockquote class=\"instagram-media\" style=\"background: #FFF; border: 0; border-radius: 3px; box-shadow: 0 0 1px 0 rgba(0,0,0,0.5),0 1px 10px 0 rgba(0,0,0,0.15); margin: 1px; max-width: 540px; min-width: 326px; padding: 0; width: calc(100% - 2px);\" data-instgrm-permalink=\"https:\/\/www.instagram.com\/p\/BsyKE3Fl4hB\/?utm_source=ig_embed&amp;utm_medium=loading\" data-instgrm-version=\"12\">\n<div style=\"padding: 16px;\"><a style=\"background: #FFFFFF; line-height: 0; padding: 0 0; text-align: center; text-decoration: none; width: 100%;\" href=\"https:\/\/www.instagram.com\/p\/BsyKE3Fl4hB\/?utm_source=ig_embed&amp;utm_medium=loading\" target=\"_blank\" rel=\"noopener noreferrer\"><br \/>\n<\/a><\/div>\n<\/blockquote>\n<p><\/center><\/p>\n<div style=\"display: flex; flex-direction: row; align-items: center;\"><\/div>\n<div style=\"padding: 19% 0;\"><\/div>\n<div style=\"display: block; height: 50px; margin: 0 auto 12px; width: 50px;\"><\/div>\n<div style=\"padding-top: 8px;\">\n<div style=\"color: #3897f0; font-family: Arial,sans-serif; font-size: 14px; font-style: normal; font-weight: 550; line-height: 18px;\">Ver esta publicaci\u00f3n en Instagram<\/div>\n<\/div>\n<p style=\"color: #c9c8cd; font-family: Arial,sans-serif; font-size: 14px; line-height: 17px; margin-bottom: 0; margin-top: 8px; overflow: hidden; padding: 8px 0 7px; text-align: center; text-overflow: ellipsis; white-space: nowrap;\"><a style=\"color: #c9c8cd; font-family: Arial,sans-serif; font-size: 14px; font-style: normal; font-weight: normal; line-height: 17px; text-decoration: none;\" href=\"https:\/\/www.instagram.com\/p\/BsyKE3Fl4hB\/?utm_source=ig_embed&amp;utm_medium=loading\" target=\"_blank\" rel=\"noopener noreferrer\">Una publicaci\u00f3n compartida por Vallnord Ordino Arcal\u00eds (@ordinoarcalis)<\/a> el <time style=\"font-family: Arial,sans-serif; font-size: 14px; line-height: 17px;\" datetime=\"2019-01-18T17:07:40+00:00\">18 de Ene de 2019 a las 9:07 PST<\/time><\/p>\n<p><script src=\"\/\/www.instagram.com\/embed.js\" async=\"\"><\/script><\/p>\n<p>Incluso, si eres de los que no se asustan de nada, tienes dos deportes extremos a tu medida: el <strong>t\u00e1ndem <em>speedriding<\/em><\/strong>, que combina esqu\u00ed y parapente, y las sesiones de <strong>heliesqu\u00ed<\/strong>. Esta actividad incluye un vuelo en helic\u00f3ptero y el <em>freeride<\/em> m\u00e1s sobrecogedor. El aparato te llevar\u00e1 hasta las cimas m\u00e1s altas de la zona, donde podr\u00e1s descender por las monta\u00f1as de Ordino a tu aire. Si eliges esta propuesta, no olvides que debes inscribirte en grupos de 4 personas como m\u00ednimo. El precio es de 240 \u20ac por participante, lo que da derecho a dos bajadas.<br \/>\n \u00a0<br \/>\n Y para relajarte y reponer fuerzas, tienes <strong>5 puntos de restauraci\u00f3n y cafeter\u00eda<\/strong> con unas vistas panor\u00e1micas que te dejar\u00e1n sin palabras.<br \/>\n \u00a0<br \/>\n \u00bfQu\u00e9 te parece? \u00bfA que est\u00e1s deseando poner rumbo a Andorra para vivir todas estas experiencias? Con nuestras <a href=\"https:\/\/www.esquiades.com\/viajes-esqui\/vallnord-142.html\" target=\"_blank\" rel=\"noopener noreferrer\">ofertas de esqu\u00ed en Vallnord<\/a>, todo esto est\u00e1 en tus manos, y por mucho menos de lo que imaginas. Solo un peque\u00f1o detalle que hay que considerar al reservar tu forfait en Vallnord y tu hotel en los Pirineos: ten presente que la estaci\u00f3n de Pal-Arinsal y la de Ordino-Arcal\u00eds no est\u00e1n conectadas directamente, por lo que deber\u00e1s tomar el telef\u00e9rico para moverte entre ellas.<br \/>\n<center><\/p>\n<blockquote class=\"instagram-media\" style=\"background: #FFF; border: 0; border-radius: 3px; box-shadow: 0 0 1px 0 rgba(0,0,0,0.5),0 1px 10px 0 rgba(0,0,0,0.15); margin: 1px; max-width: 540px; min-width: 326px; padding: 0; width: calc(100% - 2px);\" data-instgrm-permalink=\"https:\/\/www.instagram.com\/p\/BuZOC2ylCBA\/?utm_source=ig_embed&amp;utm_medium=loading\" data-instgrm-version=\"12\">\n<div style=\"padding: 16px;\"><a style=\"background: #FFFFFF; line-height: 0; padding: 0 0; text-align: center; text-decoration: none; width: 100%;\" href=\"https:\/\/www.instagram.com\/p\/BuZOC2ylCBA\/?utm_source=ig_embed&amp;utm_medium=loading\" target=\"_blank\" rel=\"noopener noreferrer\"><br \/>\n <\/a><\/div>\n<\/blockquote>\n<p><\/center><\/p>\n<div style=\"display: flex; flex-direction: row; align-items: center;\"><\/div>\n<div style=\"padding: 19% 0;\"><\/div>\n<div style=\"display: block; height: 50px; margin: 0 auto 12px; width: 50px;\"><\/div>\n<div style=\"padding-top: 8px;\">\n<div style=\"color: #3897f0; font-family: Arial,sans-serif; font-size: 14px; font-style: normal; font-weight: 550; line-height: 18px;\">Ver esta publicaci\u00f3n en Instagram<\/div>\n<\/div>\n<p><a style=\"color: #c9c8cd; font-family: Arial,sans-serif; font-size: 14px; font-style: normal; font-weight: normal; line-height: 17px; text-decoration: none;\" href=\"https:\/\/www.instagram.com\/p\/BuZOC2ylCBA\/?utm_source=ig_embed&amp;utm_medium=loading\" target=\"_blank\" rel=\"noopener noreferrer\">Una publicaci\u00f3n compartida por Vallnord Ordino Arcal\u00eds (@ordinoarcalis)<\/a> el <time style=\"font-family: Arial,sans-serif; font-size: 14px; line-height: 17px;\" datetime=\"2019-02-27T17:44:07+00:00\">27 de Feb de 2019 a las 9:44 PST<\/time><\/p>\n<p><script src=\"\/\/www.instagram.com\/embed.js\" async=\"\"><\/script><\/p>\n<h2 style=\"text-align: justify;\"><span id=\"Bonus_track_las_mejores_actividades_apres-ski_en_Andorra\">Bonus track: las mejores actividades apr\u00e8s-ski en Andorra<\/span><\/h2>\n<p>&nbsp;<\/p>\n<p style=\"text-align: justify;\">Si a pesar de todas estas sugerencias a\u00fan te hemos convencido del todo, no hay problema: ahora va la vencida. Quiz\u00e1s puede parecerte obvio, pero una <a href=\"https:\/\/www.esquiades.com\/viajes-esqui\/andorra-101.html\" target=\"_blank\" rel=\"noopener noreferrer\">escapada de esqu\u00ed en Andorra<\/a> \u2014tanto si se opta por el esqu\u00ed en Grandvalira como en Vallnord\u2014 va m\u00e1s all\u00e1 de calzarse los esqu\u00eds o subirse a la tabla de snow.<\/p>\n<p>&nbsp;<\/p>\n<p style=\"text-align: justify;\">Hay mucho <a href=\"https:\/\/www.esquiades.com\/blog\/que-hacer-despues-de-esquiar-en-vallnord\/\" target=\"_blank\" rel=\"noopener noreferrer\">que hacer despu\u00e9s de esquiar en Vallnord<\/a>. Una de las m\u00e1s aconsejables para tus viajes en familia es visitar el parque tem\u00e1tico <strong>Naturl\u00e0ndia<\/strong>, en Sant Juli\u00e0 de L\u00f2ria, donde podr\u00e1s montarte en el m\u00edtico <strong>Tobotronc<\/strong>, el tobog\u00e1n de naturaleza m\u00e1s largo del mundo, de 5,3 km de recorrido.<\/p>\n<p><center><\/p>\n<blockquote class=\"instagram-media\" style=\"background: #FFF; border: 0; border-radius: 3px; box-shadow: 0 0 1px 0 rgba(0,0,0,0.5),0 1px 10px 0 rgba(0,0,0,0.15); margin: 1px; max-width: 540px; min-width: 326px; padding: 0; width: calc(100% - 2px);\" data-instgrm-permalink=\"https:\/\/www.instagram.com\/p\/Bg3AYTEnex_\/?utm_source=ig_embed&amp;utm_medium=loading\" data-instgrm-version=\"12\">\n<div style=\"padding: 16px;\"><a style=\"background: #FFFFFF; line-height: 0; padding: 0 0; text-align: center; text-decoration: none; width: 100%;\" href=\"https:\/\/www.instagram.com\/p\/Bg3AYTEnex_\/?utm_source=ig_embed&amp;utm_medium=loading\" target=\"_blank\" rel=\"noopener noreferrer\"><br \/>\n<\/a><\/div>\n<\/blockquote>\n<p><\/center><\/p>\n<div style=\"display: flex; flex-direction: row; align-items: center;\"><\/div>\n<div style=\"padding: 19% 0;\"><\/div>\n<div style=\"display: block; height: 50px; margin: 0 auto 12px; width: 50px;\"><\/div>\n<div style=\"padding-top: 8px;\">\n<div style=\"color: #3897f0; font-family: Arial,sans-serif; font-size: 14px; font-style: normal; font-weight: 550; line-height: 18px;\">Ver esta publicaci\u00f3n en Instagram<\/div>\n<\/div>\n<p style=\"color: #c9c8cd; font-family: Arial,sans-serif; font-size: 14px; line-height: 17px; margin-bottom: 0; margin-top: 8px; overflow: hidden; padding: 8px 0 7px; text-align: center; text-overflow: ellipsis; white-space: nowrap;\"><a style=\"color: #c9c8cd; font-family: Arial,sans-serif; font-size: 14px; font-style: normal; font-weight: normal; line-height: 17px; text-decoration: none;\" href=\"https:\/\/www.instagram.com\/p\/Bg3AYTEnex_\/?utm_source=ig_embed&amp;utm_medium=loading\" target=\"_blank\" rel=\"noopener noreferrer\">Una publicaci\u00f3n compartida por Andorra Lovers\ufe0f ? (@andorralovers)<\/a> el <time style=\"font-family: Arial,sans-serif; font-size: 14px; line-height: 17px;\" datetime=\"2018-03-28T08:03:55+00:00\">28 de Mar de 2018 a las 1:03 PDT<\/time><\/p>\n<p><script src=\"\/\/www.instagram.com\/embed.js\" async=\"\"><\/script><\/p>\n<p>\u00bfTe apasiona el <em>shopping<\/em>? En ese caso, puedes aprovechar tu escapada de esqu\u00ed en Vallnord para <a href=\"https:\/\/www.esquiades.com\/blog\/comprar-en-andorra-articulos-con-descuentos-regulaciones-y-mas\/\" target=\"_blank\" rel=\"noopener noreferrer\">ir de compras por Andorra la Vella<\/a>. Adem\u00e1s de una oferta comercial imbatible, en el Principado tienes infinidad de productos a precios m\u00e1s baratos que en Espa\u00f1a. Y si despu\u00e9s de salir de tiendas te apetece relajarte, echa un vistazo a nuestras <a href=\"https:\/\/www.esquiades.com\/balnearios\/caldea-andorra-106.html\" target=\"_blank\" rel=\"noopener noreferrer\">ofertas en Caldea<\/a>, el mayor centro termol\u00fadico del sur de Europa. \u00a1Volver\u00e1s a casa como nuevo\/a!<br \/>\n \u00a0<br \/>\n Tampoco hay que olvidar que <strong>Andorra es un museo al aire libre en cuanto a arte rom\u00e1nico<\/strong> se refiere, con edificios tan llamativos como las iglesias de Sant Joan de Caselles, en Canillo; la de Sant Esteve, en Andorra la Vella, o la de Santa Coloma, en la localidad hom\u00f3nima y muy conocida por su campanario de planta circular, uno de los pocos de estas caracter\u00edsticas que han llegado hasta nuestros d\u00edas.<br \/>\n \u00a0<br \/>\n Pero si lo tuyo es la naturaleza, tambi\u00e9n est\u00e1s de enhorabuena, ya que puedes ponerte las chirucas y rendirte a las numeros\u00edsimas <a href=\"https:\/\/www.esquiades.com\/blog\/montana-para-todos-rutas-de-senderismo-en-andorra\/\" target=\"_blank\" rel=\"noopener noreferrer\">rutas de senderismo<\/a> de Andorra, donde no falta el fotog\u00e9nico <strong>valle de Incles<\/strong>.<br \/>\n \u00a0<br \/>\n Si quieres regalarte una escapada en las estaciones de esqu\u00ed de Vallnord, no le des m\u00e1s vueltas: reserva hoy mismo tu <em>pack<\/em> de hotel + forfait en el Pirineo y aprovecha las \u00faltimas semanas de la temporada. \u00a1No te arrepentir\u00e1s!<br \/>\n<center><\/p>\n<blockquote class=\"instagram-media\" style=\"background: #FFF; border: 0; border-radius: 3px; box-shadow: 0 0 1px 0 rgba(0,0,0,0.5),0 1px 10px 0 rgba(0,0,0,0.15); margin: 1px; max-width: 540px; min-width: 326px; padding: 0; width: calc(100% - 2px);\" data-instgrm-permalink=\"https:\/\/www.instagram.com\/p\/BumTDjZAzm0\/?utm_source=ig_embed&amp;utm_medium=loading\" data-instgrm-version=\"12\">\n<div style=\"padding: 16px;\"><a style=\"background: #FFFFFF; line-height: 0; padding: 0 0; text-align: center; text-decoration: none; width: 100%;\" href=\"https:\/\/www.instagram.com\/p\/BumTDjZAzm0\/?utm_source=ig_embed&amp;utm_medium=loading\" target=\"_blank\" rel=\"noopener noreferrer\"><br \/>\n <\/a><\/div>\n<\/blockquote>\n<p><\/center><\/p>\n<div style=\"display: flex; flex-direction: row; align-items: center;\"><\/div>\n<div style=\"padding: 19% 0;\"><\/div>\n<div style=\"display: block; height: 50px; margin: 0 auto 12px; width: 50px;\"><\/div>\n<div style=\"padding-top: 8px;\">\n<div style=\"color: #3897f0; font-family: Arial,sans-serif; font-size: 14px; font-style: normal; font-weight: 550; line-height: 18px;\">Ver esta publicaci\u00f3n en Instagram<\/div>\n<\/div>\n<p><a style=\"color: #c9c8cd; font-family: Arial,sans-serif; font-size: 14px; font-style: normal; font-weight: normal; line-height: 17px; text-decoration: none;\" href=\"https:\/\/www.instagram.com\/p\/BumTDjZAzm0\/?utm_source=ig_embed&amp;utm_medium=loading\" target=\"_blank\" rel=\"noopener noreferrer\">Una publicaci\u00f3n compartida por Vallnord Andorra (@vallnord)<\/a> el <time style=\"font-family: Arial,sans-serif; font-size: 14px; line-height: 17px;\" datetime=\"2019-03-04T19:38:01+00:00\">4 de Mar de 2019 a las 11:38 PST<\/time><\/p>\n<p><script src=\"\/\/www.instagram.com\/embed.js\" async=\"\"><\/script><\/p>\n<p style=\"text-align: justify;\"><strong>Y si decides explicarnos c\u00f3mo ha sido la experiencia, tambi\u00e9n puedes enviarnos tus comentarios. An\u00edmate: \u00a1ser\u00e1n la mar de \u00fatiles para otros esquiadores y <em>riders<\/em>!<\/strong> ?<\/p>\n<p>&nbsp;<\/p>\n","protected":false},"excerpt":{"rendered":"<p>Contenido1 \u00bfQu\u00e9 hacer en Pal-Arinsal? Ah\u00ed van algunas propuestas:2 Descubre qu\u00e9 hacer en Ordino-Arcal\u00eds: un universo por descubrir3 Bonus track: las mejores actividades apr\u00e8s-ski en Andorra Tictac, tictac. Esto es lo que nos viene a la cabeza a todos los aficionados al esqu\u00ed y al snow al mirar el calendario de la cocina: \u00a1qu\u00e9 poco&#8230;<\/p>\n","protected":false},"author":1,"featured_media":9033,"comment_status":"open","ping_status":"open","sticky":false,"template":"","format":"standard","meta":{"_acf_changed":false,"footnotes":""},"categories":[20],"tags":[],"class_list":["post-9026","post","type-post","status-publish","format-standard","has-post-thumbnail","hentry","category-vallnord"],"acf":[],"yoast_head":"<!-- This site is optimized with the Yoast SEO plugin v23.1 - https:\/\/yoast.com\/wordpress\/plugins\/seo\/ -->\n<title>Qu\u00e9 hacer en las estaciones de esqu\u00ed de Vallnord - Esquiades Blog<\/title>\n<meta name=\"robots\" content=\"index, follow, max-snippet:-1, max-image-preview:large, max-video-preview:-1\" \/>\n<link rel=\"canonical\" href=\"https:\/\/www.esquiades.com\/blog\/que-hacer-en-las-estaciones-de-esqui-de-vallnord\/\" \/>\n<meta property=\"og:locale\" content=\"es_ES\" \/>\n<meta property=\"og:type\" content=\"article\" \/>\n<meta property=\"og:title\" content=\"Qu\u00e9 hacer en las estaciones de esqu\u00ed de Vallnord - Esquiades Blog\" \/>\n<meta property=\"og:description\" content=\"Contenido1 \u00bfQu\u00e9 hacer en Pal-Arinsal? Ah\u00ed van algunas propuestas:2 Descubre qu\u00e9 hacer en Ordino-Arcal\u00eds: un universo por descubrir3 Bonus track: las mejores actividades apr\u00e8s-ski en Andorra Tictac, tictac. Esto es lo que nos viene a la cabeza a todos los aficionados al esqu\u00ed y al snow al mirar el calendario de la cocina: \u00a1qu\u00e9 poco...\" \/>\n<meta property=\"og:url\" content=\"https:\/\/www.esquiades.com\/blog\/que-hacer-en-las-estaciones-de-esqui-de-vallnord\/\" \/>\n<meta property=\"og:site_name\" content=\"Esquiades Blog\" \/>\n<meta property=\"article:published_time\" content=\"2019-03-07T17:11:10+00:00\" \/>\n<meta property=\"og:image\" content=\"https:\/\/www.esquiades.com\/blog\/app\/uploads\/2019\/03\/que_hacer_en_vallnord.jpg\" \/>\n\t<meta property=\"og:image:width\" content=\"1500\" \/>\n\t<meta property=\"og:image:height\" content=\"721\" \/>\n\t<meta property=\"og:image:type\" content=\"image\/jpeg\" \/>\n<meta name=\"author\" content=\"pps@b2-performance.es\" \/>\n<meta name=\"twitter:card\" content=\"summary_large_image\" \/>\n<meta name=\"twitter:label1\" content=\"Written by\" \/>\n\t<meta name=\"twitter:data1\" content=\"pps@b2-performance.es\" \/>\n\t<meta name=\"twitter:label2\" content=\"Est. reading time\" \/>\n\t<meta name=\"twitter:data2\" content=\"9 minutos\" \/>\n<script type=\"application\/ld+json\" class=\"yoast-schema-graph\">{\"@context\":\"https:\/\/schema.org\",\"@graph\":[{\"@type\":\"NewsArticle\",\"@id\":\"https:\/\/www.esquiades.com\/blog\/que-hacer-en-las-estaciones-de-esqui-de-vallnord\/#article\",\"isPartOf\":{\"@id\":\"https:\/\/www.esquiades.com\/blog\/que-hacer-en-las-estaciones-de-esqui-de-vallnord\/\"},\"author\":{\"name\":\"pps@b2-performance.es\",\"@id\":\"https:\/\/www.esquiades.com\/blog\/#\/schema\/person\/d0fd9f4f1a875a2fda01aa476d80a062\"},\"headline\":\"Qu\u00e9 hacer en las estaciones de esqu\u00ed de Vallnord\",\"datePublished\":\"2019-03-07T17:11:10+00:00\",\"dateModified\":\"2019-03-07T17:11:10+00:00\",\"mainEntityOfPage\":{\"@id\":\"https:\/\/www.esquiades.com\/blog\/que-hacer-en-las-estaciones-de-esqui-de-vallnord\/\"},\"wordCount\":1756,\"commentCount\":0,\"publisher\":{\"@id\":\"https:\/\/www.esquiades.com\/blog\/#organization\"},\"image\":{\"@id\":\"https:\/\/www.esquiades.com\/blog\/que-hacer-en-las-estaciones-de-esqui-de-vallnord\/#primaryimage\"},\"thumbnailUrl\":\"https:\/\/www.esquiades.com\/blog\/app\/uploads\/2019\/03\/que_hacer_en_vallnord.jpg\",\"articleSection\":[\"Vallnord\"],\"inLanguage\":\"es\",\"potentialAction\":[{\"@type\":\"CommentAction\",\"name\":\"Comment\",\"target\":[\"https:\/\/www.esquiades.com\/blog\/que-hacer-en-las-estaciones-de-esqui-de-vallnord\/#respond\"]}]},{\"@type\":\"WebPage\",\"@id\":\"https:\/\/www.esquiades.com\/blog\/que-hacer-en-las-estaciones-de-esqui-de-vallnord\/\",\"url\":\"https:\/\/www.esquiades.com\/blog\/que-hacer-en-las-estaciones-de-esqui-de-vallnord\/\",\"name\":\"Qu\u00e9 hacer en las estaciones de esqu\u00ed de Vallnord - Esquiades Blog\",\"isPartOf\":{\"@id\":\"https:\/\/www.esquiades.com\/blog\/#website\"},\"primaryImageOfPage\":{\"@id\":\"https:\/\/www.esquiades.com\/blog\/que-hacer-en-las-estaciones-de-esqui-de-vallnord\/#primaryimage\"},\"image\":{\"@id\":\"https:\/\/www.esquiades.com\/blog\/que-hacer-en-las-estaciones-de-esqui-de-vallnord\/#primaryimage\"},\"thumbnailUrl\":\"https:\/\/www.esquiades.com\/blog\/app\/uploads\/2019\/03\/que_hacer_en_vallnord.jpg\",\"datePublished\":\"2019-03-07T17:11:10+00:00\",\"dateModified\":\"2019-03-07T17:11:10+00:00\",\"breadcrumb\":{\"@id\":\"https:\/\/www.esquiades.com\/blog\/que-hacer-en-las-estaciones-de-esqui-de-vallnord\/#breadcrumb\"},\"inLanguage\":\"es\",\"potentialAction\":[{\"@type\":\"ReadAction\",\"target\":[\"https:\/\/www.esquiades.com\/blog\/que-hacer-en-las-estaciones-de-esqui-de-vallnord\/\"]}]},{\"@type\":\"ImageObject\",\"inLanguage\":\"es\",\"@id\":\"https:\/\/www.esquiades.com\/blog\/que-hacer-en-las-estaciones-de-esqui-de-vallnord\/#primaryimage\",\"url\":\"https:\/\/www.esquiades.com\/blog\/app\/uploads\/2019\/03\/que_hacer_en_vallnord.jpg\",\"contentUrl\":\"https:\/\/www.esquiades.com\/blog\/app\/uploads\/2019\/03\/que_hacer_en_vallnord.jpg\",\"width\":1500,\"height\":721},{\"@type\":\"BreadcrumbList\",\"@id\":\"https:\/\/www.esquiades.com\/blog\/que-hacer-en-las-estaciones-de-esqui-de-vallnord\/#breadcrumb\",\"itemListElement\":[{\"@type\":\"ListItem\",\"position\":1,\"name\":\"Home\",\"item\":\"https:\/\/www.esquiades.com\/blog\/\"},{\"@type\":\"ListItem\",\"position\":2,\"name\":\"Qu\u00e9 hacer en las estaciones de esqu\u00ed de Vallnord\"}]},{\"@type\":\"WebSite\",\"@id\":\"https:\/\/www.esquiades.com\/blog\/#website\",\"url\":\"https:\/\/www.esquiades.com\/blog\/\",\"name\":\"Esquiades Blog\",\"description\":\"Pasi\u00f3n por la nieve y la monta\u00f1a\",\"publisher\":{\"@id\":\"https:\/\/www.esquiades.com\/blog\/#organization\"},\"potentialAction\":[{\"@type\":\"SearchAction\",\"target\":{\"@type\":\"EntryPoint\",\"urlTemplate\":\"https:\/\/www.esquiades.com\/blog\/?s={search_term_string}\"},\"query-input\":\"required name=search_term_string\"}],\"inLanguage\":\"es\"},{\"@type\":\"Organization\",\"@id\":\"https:\/\/www.esquiades.com\/blog\/#organization\",\"name\":\"Esquiades Blog\",\"url\":\"https:\/\/www.esquiades.com\/blog\/\",\"logo\":{\"@type\":\"ImageObject\",\"inLanguage\":\"es\",\"@id\":\"https:\/\/www.esquiades.com\/blog\/#\/schema\/logo\/image\/\",\"url\":\"https:\/\/www.esquiades.com\/blog\/app\/uploads\/2017\/02\/esquiades-LOGO-2.jpg\",\"contentUrl\":\"https:\/\/www.esquiades.com\/blog\/app\/uploads\/2017\/02\/esquiades-LOGO-2.jpg\",\"width\":397,\"height\":157,\"caption\":\"Esquiades Blog\"},\"image\":{\"@id\":\"https:\/\/www.esquiades.com\/blog\/#\/schema\/logo\/image\/\"}},{\"@type\":\"Person\",\"@id\":\"https:\/\/www.esquiades.com\/blog\/#\/schema\/person\/d0fd9f4f1a875a2fda01aa476d80a062\",\"name\":\"pps@b2-performance.es\",\"image\":{\"@type\":\"ImageObject\",\"inLanguage\":\"es\",\"@id\":\"https:\/\/www.esquiades.com\/blog\/#\/schema\/person\/image\/\",\"url\":\"https:\/\/secure.gravatar.com\/avatar\/0329b708caf0b031cad4c30f76b07f821c214bb62667106c6e61789a4286bb5f?s=96&d=mm&r=g\",\"contentUrl\":\"https:\/\/secure.gravatar.com\/avatar\/0329b708caf0b031cad4c30f76b07f821c214bb62667106c6e61789a4286bb5f?s=96&d=mm&r=g\",\"caption\":\"pps@b2-performance.es\"},\"url\":\"https:\/\/www.esquiades.com\/blog\/author\/ppsb2-performance-es\/\"}]}<\/script>\n<!-- \/ Yoast SEO plugin. -->","yoast_head_json":{"title":"Qu\u00e9 hacer en las estaciones de esqu\u00ed de Vallnord - Esquiades Blog","robots":{"index":"index","follow":"follow","max-snippet":"max-snippet:-1","max-image-preview":"max-image-preview:large","max-video-preview":"max-video-preview:-1"},"canonical":"https:\/\/www.esquiades.com\/blog\/que-hacer-en-las-estaciones-de-esqui-de-vallnord\/","og_locale":"es_ES","og_type":"article","og_title":"Qu\u00e9 hacer en las estaciones de esqu\u00ed de Vallnord - Esquiades Blog","og_description":"Contenido1 \u00bfQu\u00e9 hacer en Pal-Arinsal? Ah\u00ed van algunas propuestas:2 Descubre qu\u00e9 hacer en Ordino-Arcal\u00eds: un universo por descubrir3 Bonus track: las mejores actividades apr\u00e8s-ski en Andorra Tictac, tictac. Esto es lo que nos viene a la cabeza a todos los aficionados al esqu\u00ed y al snow al mirar el calendario de la cocina: \u00a1qu\u00e9 poco...","og_url":"https:\/\/www.esquiades.com\/blog\/que-hacer-en-las-estaciones-de-esqui-de-vallnord\/","og_site_name":"Esquiades Blog","article_published_time":"2019-03-07T17:11:10+00:00","og_image":[{"width":1500,"height":721,"url":"https:\/\/www.esquiades.com\/blog\/app\/uploads\/2019\/03\/que_hacer_en_vallnord.jpg","type":"image\/jpeg"}],"author":"pps@b2-performance.es","twitter_card":"summary_large_image","twitter_misc":{"Written by":"pps@b2-performance.es","Est. reading time":"9 minutos"},"schema":{"@context":"https:\/\/schema.org","@graph":[{"@type":"NewsArticle","@id":"https:\/\/www.esquiades.com\/blog\/que-hacer-en-las-estaciones-de-esqui-de-vallnord\/#article","isPartOf":{"@id":"https:\/\/www.esquiades.com\/blog\/que-hacer-en-las-estaciones-de-esqui-de-vallnord\/"},"author":{"name":"pps@b2-performance.es","@id":"https:\/\/www.esquiades.com\/blog\/#\/schema\/person\/d0fd9f4f1a875a2fda01aa476d80a062"},"headline":"Qu\u00e9 hacer en las estaciones de esqu\u00ed de Vallnord","datePublished":"2019-03-07T17:11:10+00:00","dateModified":"2019-03-07T17:11:10+00:00","mainEntityOfPage":{"@id":"https:\/\/www.esquiades.com\/blog\/que-hacer-en-las-estaciones-de-esqui-de-vallnord\/"},"wordCount":1756,"commentCount":0,"publisher":{"@id":"https:\/\/www.esquiades.com\/blog\/#organization"},"image":{"@id":"https:\/\/www.esquiades.com\/blog\/que-hacer-en-las-estaciones-de-esqui-de-vallnord\/#primaryimage"},"thumbnailUrl":"https:\/\/www.esquiades.com\/blog\/app\/uploads\/2019\/03\/que_hacer_en_vallnord.jpg","articleSection":["Vallnord"],"inLanguage":"es","potentialAction":[{"@type":"CommentAction","name":"Comment","target":["https:\/\/www.esquiades.com\/blog\/que-hacer-en-las-estaciones-de-esqui-de-vallnord\/#respond"]}]},{"@type":"WebPage","@id":"https:\/\/www.esquiades.com\/blog\/que-hacer-en-las-estaciones-de-esqui-de-vallnord\/","url":"https:\/\/www.esquiades.com\/blog\/que-hacer-en-las-estaciones-de-esqui-de-vallnord\/","name":"Qu\u00e9 hacer en las estaciones de esqu\u00ed de Vallnord - Esquiades Blog","isPartOf":{"@id":"https:\/\/www.esquiades.com\/blog\/#website"},"primaryImageOfPage":{"@id":"https:\/\/www.esquiades.com\/blog\/que-hacer-en-las-estaciones-de-esqui-de-vallnord\/#primaryimage"},"image":{"@id":"https:\/\/www.esquiades.com\/blog\/que-hacer-en-las-estaciones-de-esqui-de-vallnord\/#primaryimage"},"thumbnailUrl":"https:\/\/www.esquiades.com\/blog\/app\/uploads\/2019\/03\/que_hacer_en_vallnord.jpg","datePublished":"2019-03-07T17:11:10+00:00","dateModified":"2019-03-07T17:11:10+00:00","breadcrumb":{"@id":"https:\/\/www.esquiades.com\/blog\/que-hacer-en-las-estaciones-de-esqui-de-vallnord\/#breadcrumb"},"inLanguage":"es","potentialAction":[{"@type":"ReadAction","target":["https:\/\/www.esquiades.com\/blog\/que-hacer-en-las-estaciones-de-esqui-de-vallnord\/"]}]},{"@type":"ImageObject","inLanguage":"es","@id":"https:\/\/www.esquiades.com\/blog\/que-hacer-en-las-estaciones-de-esqui-de-vallnord\/#primaryimage","url":"https:\/\/www.esquiades.com\/blog\/app\/uploads\/2019\/03\/que_hacer_en_vallnord.jpg","contentUrl":"https:\/\/www.esquiades.com\/blog\/app\/uploads\/2019\/03\/que_hacer_en_vallnord.jpg","width":1500,"height":721},{"@type":"BreadcrumbList","@id":"https:\/\/www.esquiades.com\/blog\/que-hacer-en-las-estaciones-de-esqui-de-vallnord\/#breadcrumb","itemListElement":[{"@type":"ListItem","position":1,"name":"Home","item":"https:\/\/www.esquiades.com\/blog\/"},{"@type":"ListItem","position":2,"name":"Qu\u00e9 hacer en las estaciones de esqu\u00ed de Vallnord"}]},{"@type":"WebSite","@id":"https:\/\/www.esquiades.com\/blog\/#website","url":"https:\/\/www.esquiades.com\/blog\/","name":"Esquiades Blog","description":"Pasi\u00f3n por la nieve y la monta\u00f1a","publisher":{"@id":"https:\/\/www.esquiades.com\/blog\/#organization"},"potentialAction":[{"@type":"SearchAction","target":{"@type":"EntryPoint","urlTemplate":"https:\/\/www.esquiades.com\/blog\/?s={search_term_string}"},"query-input":"required name=search_term_string"}],"inLanguage":"es"},{"@type":"Organization","@id":"https:\/\/www.esquiades.com\/blog\/#organization","name":"Esquiades Blog","url":"https:\/\/www.esquiades.com\/blog\/","logo":{"@type":"ImageObject","inLanguage":"es","@id":"https:\/\/www.esquiades.com\/blog\/#\/schema\/logo\/image\/","url":"https:\/\/www.esquiades.com\/blog\/app\/uploads\/2017\/02\/esquiades-LOGO-2.jpg","contentUrl":"https:\/\/www.esquiades.com\/blog\/app\/uploads\/2017\/02\/esquiades-LOGO-2.jpg","width":397,"height":157,"caption":"Esquiades Blog"},"image":{"@id":"https:\/\/www.esquiades.com\/blog\/#\/schema\/logo\/image\/"}},{"@type":"Person","@id":"https:\/\/www.esquiades.com\/blog\/#\/schema\/person\/d0fd9f4f1a875a2fda01aa476d80a062","name":"pps@b2-performance.es","image":{"@type":"ImageObject","inLanguage":"es","@id":"https:\/\/www.esquiades.com\/blog\/#\/schema\/person\/image\/","url":"https:\/\/secure.gravatar.com\/avatar\/0329b708caf0b031cad4c30f76b07f821c214bb62667106c6e61789a4286bb5f?s=96&d=mm&r=g","contentUrl":"https:\/\/secure.gravatar.com\/avatar\/0329b708caf0b031cad4c30f76b07f821c214bb62667106c6e61789a4286bb5f?s=96&d=mm&r=g","caption":"pps@b2-performance.es"},"url":"https:\/\/www.esquiades.com\/blog\/author\/ppsb2-performance-es\/"}]}},"_links":{"self":[{"href":"https:\/\/www.esquiades.com\/blog\/wp-json\/wp\/v2\/posts\/9026","targetHints":{"allow":["GET"]}}],"collection":[{"href":"https:\/\/www.esquiades.com\/blog\/wp-json\/wp\/v2\/posts"}],"about":[{"href":"https:\/\/www.esquiades.com\/blog\/wp-json\/wp\/v2\/types\/post"}],"author":[{"embeddable":true,"href":"https:\/\/www.esquiades.com\/blog\/wp-json\/wp\/v2\/users\/1"}],"replies":[{"embeddable":true,"href":"https:\/\/www.esquiades.com\/blog\/wp-json\/wp\/v2\/comments?post=9026"}],"version-history":[{"count":0,"href":"https:\/\/www.esquiades.com\/blog\/wp-json\/wp\/v2\/posts\/9026\/revisions"}],"wp:featuredmedia":[{"embeddable":true,"href":"https:\/\/www.esquiades.com\/blog\/wp-json\/wp\/v2\/media\/9033"}],"wp:attachment":[{"href":"https:\/\/www.esquiades.com\/blog\/wp-json\/wp\/v2\/media?parent=9026"}],"wp:term":[{"taxonomy":"category","embeddable":true,"href":"https:\/\/www.esquiades.com\/blog\/wp-json\/wp\/v2\/categories?post=9026"},{"taxonomy":"post_tag","embeddable":true,"href":"https:\/\/www.esquiades.com\/blog\/wp-json\/wp\/v2\/tags?post=9026"}],"curies":[{"name":"wp","href":"https:\/\/api.w.org\/{rel}","templated":true}]}}