{"id":8547,"date":"2018-10-31T10:37:09","date_gmt":"2018-10-31T09:37:09","guid":{"rendered":"http:\/\/www.esquiades.com\/blog\/?p=8547"},"modified":"2018-10-31T10:37:09","modified_gmt":"2018-10-31T09:37:09","slug":"puente-de-diciembre-en-los-alpes-franceses-nieve-asegurada","status":"publish","type":"post","link":"https:\/\/www.esquiades.com\/blog\/puente-de-diciembre-en-los-alpes-franceses-nieve-asegurada\/","title":{"rendered":"Puente de diciembre en los Alpes franceses. Nieve asegurada"},"content":{"rendered":"<div id=\"toc_container\" class=\"no_bullets\"><p class=\"toc_title\">Contenido<\/p><ul class=\"toc_list\"><li><a href=\"#Donde_puedo_esquiar_en_los_Alpes_Franceses\"><span class=\"toc_number toc_depth_1\">1<\/span> \u00bfD\u00f3nde puedo esquiar en los Alpes Franceses?<\/a><ul><li><a href=\"#Tignes\"><span class=\"toc_number toc_depth_2\">1.1<\/span> Tignes<\/a><\/li><li><a href=\"#Les_2_Alpes\"><span class=\"toc_number toc_depth_2\">1.2<\/span> Les 2 Alpes<\/a><\/li><li><a href=\"#Val_Thorens\"><span class=\"toc_number toc_depth_2\">1.3<\/span> Val Thorens<\/a><\/li><\/ul><\/li><li><a href=\"#Bonus_Track_Que_es_el_Skibus\"><span class=\"toc_number toc_depth_1\">2<\/span> Bonus Track: \u00bfQu\u00e9 es el Skibus?<\/a><\/li><\/ul><\/div>\n<p style=\"text-align: justify;\">Como ya te explicamos en uno de nuestros <em>posts<\/em> anteriores, <a href=\"https:\/\/www.esquiades.com\/blog\/reservar-viaje-nieve-antelacion\/\" target=\"_blank\" rel=\"noopener noreferrer\">reservar con antelaci\u00f3n<\/a> tiene mucha ventajas (precios m\u00e1s econ\u00f3micos, m\u00e1s disponibilidad\u2026). Si tienes much\u00edsimas ganas de volver a esquiar y quieres <strong>nieve asegurada<\/strong> la mejor opci\u00f3n es: \u00a1<strong>Alpes Franceses<\/strong>!<\/p>\n<p>&nbsp;<\/p>\n<p style=\"text-align: justify;\">Esta es una oportunidad \u00fanica para <strong>descubrir paisajes espectaculares<\/strong>, <strong>nieve de calidad<\/strong> y todo el encanto de los <strong>pueblecitos de monta\u00f1a<\/strong>. No te lo pienses m\u00e1s, esquiar en el puente de diciembre est\u00e1 a solo un <a href=\"https:\/\/www.esquiades.com\/viajes-esqui\/puente-inmaculada-en-los-alpes-1224.html\" target=\"_blank\" rel=\"noopener noreferrer\">click<\/a>.<\/p>\n<p>&nbsp;<\/p>\n<p style=\"text-align: justify;\">En el post de hoy vamos a explicarte las <strong>principales estaciones de los Alpes Franceses<\/strong> y las que m\u00e1s nos gustan \ud83d\ude42 No dudes en cruzar el charco y descubre una <strong>experiencia \u00fanica<\/strong> \u00bfEmpezamos?<\/p>\n<p>&nbsp;<\/p>\n<p style=\"text-align: justify;\"><img fetchpriority=\"high\" decoding=\"async\" class=\"aligncenter size-full wp-image-8548\" src=\"http:\/\/www.esquiades.com\/blog\/wp-content\/uploads\/2018\/10\/puente-de-diciembre-alpes-franceses.jpg\" alt=\"puente-de-diciembre-alpes-franceses\" width=\"1500\" height=\"721\" srcset=\"https:\/\/www.esquiades.com\/blog\/app\/uploads\/2018\/10\/puente-de-diciembre-alpes-franceses.jpg 1500w, https:\/\/www.esquiades.com\/blog\/app\/uploads\/2018\/10\/puente-de-diciembre-alpes-franceses-300x144.jpg 300w, https:\/\/www.esquiades.com\/blog\/app\/uploads\/2018\/10\/puente-de-diciembre-alpes-franceses-768x369.jpg 768w, https:\/\/www.esquiades.com\/blog\/app\/uploads\/2018\/10\/puente-de-diciembre-alpes-franceses-1024x492.jpg 1024w\" sizes=\"(max-width: 1500px) 100vw, 1500px\" \/><\/p>\n<p>&nbsp;<\/p>\n<h2 style=\"text-align: justify;\"><span id=\"Donde_puedo_esquiar_en_los_Alpes_Franceses\">\u00bfD\u00f3nde puedo esquiar en los Alpes Franceses?<\/span><\/h2>\n<p>&nbsp;<\/p>\n<p style=\"text-align: justify;\">Si has echado un vistazo a nuestra web seguramente sepas que tenemos muchos destinos en los <a href=\"https:\/\/www.esquiades.com\/viajes-esqui\/alpes-franceses-104.html\" target=\"_blank\" rel=\"noopener noreferrer\">Alpes Franceses<\/a> \u00a1nuestra oferta es muy amplia! Adem\u00e1s, <strong>tenemos los precios m\u00e1s econ\u00f3micos<\/strong> del mercado \u00bfSuena bien no?<\/p>\n<p>&nbsp;<\/p>\n<p style=\"text-align: justify;\">Pues, pon mucha atenci\u00f3n por que vamos a explicarte todo sobre las estaciones que m\u00e1s nos gustan: Tignes, Les 2 Alpes y Val Thorens.<\/p>\n<p>&nbsp;<\/p>\n<h3 style=\"text-align: justify;\"><span id=\"Tignes\"><strong>Tignes<\/strong><\/span><\/h3>\n<p>&nbsp;<\/p>\n<p style=\"text-align: justify;\">Sin duda <strong>la estaci\u00f3n m\u00e1s conocida por los esquiadores espa\u00f1oles<\/strong>; este resort invernal es la segunda mayor <strong>estaci\u00f3n con m\u00e1s altura de Europa<\/strong>. Su cota m\u00e1xima es de 3.456 m \u00a1alucinante! Cabe destacar que Tignes cuenta una curiosa historia, el pueblo original se encuentra bajo el lago <strong>Lac de Chevril<\/strong> desde 1952, que fue cuando se construy\u00f3 un embalse en el r\u00edo Is\u00e8re. Y en el 1957 se construy\u00f3 el pueblo que actualmente conocemos, ubicado a 2.100 m \u00bfcurioso verdad?<\/p>\n<p>&nbsp;<\/p>\n<p style=\"text-align: justify;\">Por otro lado esta magn\u00edfica estaci\u00f3n francesa cuenta con un total de <strong>156 pistas de esqu\u00ed<\/strong> repartidas en <strong>300 km<\/strong> y unidas por <strong>88 remontes<\/strong>. El rey del deporte de invierno ofrece todo tipo de pistas para diferentes niveles, desde <strong>pistas verdes muy amplias<\/strong> y sencillas hasta rojas y negras para sentir la adrenalina al m\u00e1ximo.<\/p>\n<p>&nbsp;<\/p>\n<p style=\"text-align: justify;\">\u00bfYa te han entrado ganas de descubrir Tignes? Descubre esta magn\u00edfica oferta:<\/p>\n<p>&nbsp;<\/p>\n<p style=\"text-align: justify;\"><a href=\"https:\/\/www.esquiades.com\/viajes-esqui\/puente-inmaculada-en-los-alpes-espacekilly-tignes-val-disere-1302434.html#72\"><img decoding=\"async\" class=\"aligncenter wp-image-8549 size-full\" src=\"http:\/\/www.esquiades.com\/blog\/wp-content\/uploads\/2018\/10\/oferta-tignes.jpg\" alt=\"ofertas-en-tignes\" width=\"1500\" height=\"1002\" srcset=\"https:\/\/www.esquiades.com\/blog\/app\/uploads\/2018\/10\/oferta-tignes.jpg 1500w, https:\/\/www.esquiades.com\/blog\/app\/uploads\/2018\/10\/oferta-tignes-300x200.jpg 300w, https:\/\/www.esquiades.com\/blog\/app\/uploads\/2018\/10\/oferta-tignes-768x513.jpg 768w, https:\/\/www.esquiades.com\/blog\/app\/uploads\/2018\/10\/oferta-tignes-1024x684.jpg 1024w\" sizes=\"(max-width: 1500px) 100vw, 1500px\" \/><\/a><\/p>\n<p>&nbsp;<\/p>\n<p style=\"text-align: justify;\">Adem\u00e1s, con esta oferta puedes a\u00f1adir el<\/p>\n<p><strong>Skibus<\/strong> \u00a1Genial! No tendr\u00e1s que preocuparte por nada, di adi\u00f3s al gps y disfruta de la tranquilidad de que te lleven hasta tu destino de viaje. <strong>\u00bfQuieres saber m\u00e1s sobre el Skibus? \u00a1Sigue leyendo!<\/strong><\/p>\n<p>&nbsp;<\/p>\n<h3 style=\"text-align: justify;\"><span id=\"Les_2_Alpes\"><strong>Les 2 Alpes<\/strong><\/span><\/h3>\n<p>&nbsp;<\/p>\n<p style=\"text-align: justify;\">\u00bfSab\u00edas que <strong>su nombre no se refiere a que haya dos monta\u00f1as<\/strong>? Si no al hecho de englobar 2 poblaciones: <strong>Venosc<\/strong> y <strong>Mont-de-Lans.<\/strong> Les Deux Alpes se encuentra en el glaciar de la <strong>Leucem<\/strong> y es la segunda estaci\u00f3n m\u00e1s antigua del pa\u00eds (despu\u00e9s de Chamonix); adem\u00e1s, tiene <strong>96 pistas de esqu\u00ed<\/strong> para disfrutar al m\u00e1ximo de la nieve.<\/p>\n<p>&nbsp;<\/p>\n<p style=\"text-align: justify;\">Pero, \u00bfpor qu\u00e9 ir a esquiar en Les 2 Alpes? En el mismo pueblo encontrar\u00e1s una serie de arrastres que conforman una <strong>excelente red de pistas para debutantes<\/strong>. Asimismo, hay varios puntos del pueblo que te llevan hasta la zona principal. La <strong>primera zona<\/strong> con menor desnivel est\u00e1 situada justo encima del pueblo y es muy inclinada y formada por <strong>pistas negras<\/strong>. Un poco m\u00e1s arriba acceder\u00e1s a la zona de <strong>Combe de Thuit<\/strong> con much\u00edsimas <strong>pistas largas y de menor dificultad<\/strong> (azules y alguna roja).<\/p>\n<p>&nbsp;<\/p>\n<p>&nbsp;<\/p>\n<blockquote class=\"instagram-media\" style=\"background: #FFF; border: 0; border-radius: 3px; box-shadow: 0 0 1px 0 rgba(0,0,0,0.5),0 1px 10px 0 rgba(0,0,0,0.15); margin: 1px; max-width: 540px; min-width: 326px; padding: 0; width: calc(100% - 2px);\" data-instgrm-permalink=\"https:\/\/www.instagram.com\/p\/BpkszthB3UG\/?utm_source=ig_embed&amp;utm_medium=loading\" data-instgrm-version=\"12\">\n<div style=\"padding: 16px;\"><a style=\"background: #FFFFFF; line-height: 0; padding: 0 0; text-align: center; text-decoration: none; width: 100%;\" href=\"https:\/\/www.instagram.com\/p\/BpkszthB3UG\/?utm_source=ig_embed&amp;utm_medium=loading\" target=\"_blank\" rel=\"noopener noreferrer\"><br \/>\n<\/a><\/p>\n<div style=\"display: flex; flex-direction: row; align-items: center;\"><\/div>\n<div style=\"padding: 19% 0;\"><\/div>\n<div style=\"display: block; height: 50px; margin: 0 auto 12px; width: 50px;\"><\/div>\n<div style=\"padding-top: 8px;\">\n<div style=\"color: #3897f0; font-family: Arial,sans-serif; font-size: 14px; font-style: normal; font-weight: 550; line-height: 18px;\">Ver esta publicaci\u00f3n en Instagram<\/div>\n<\/div>\n<p style=\"color: #c9c8cd; font-family: Arial,sans-serif; font-size: 14px; line-height: 17px; margin-bottom: 0; margin-top: 8px; overflow: hidden; padding: 8px 0 7px; text-align: center; text-overflow: ellipsis; white-space: nowrap;\"><a style=\"color: #c9c8cd; font-family: Arial,sans-serif; font-size: 14px; font-style: normal; font-weight: normal; line-height: 17px; text-decoration: none;\" href=\"https:\/\/www.instagram.com\/p\/BpkszthB3UG\/?utm_source=ig_embed&amp;utm_medium=loading\" target=\"_blank\" rel=\"noopener noreferrer\">Una publicaci\u00f3n compartida por DecorHomeTravelFood (@decorhometravelfood)<\/a> el <time style=\"font-family: Arial,sans-serif; font-size: 14px; line-height: 17px;\" datetime=\"2018-10-30T22:07:36+00:00\">30 de Oct de 2018 a las 3:07 PDT<\/time><\/p>\n<\/div>\n<\/blockquote>\n<p><script src=\"\/\/www.instagram.com\/embed.js\" async=\"\"><\/script><\/p>\n<p>&nbsp;<\/p>\n<p style=\"text-align: justify;\">La <strong>tercera zona<\/strong> y la m\u00e1s peque\u00f1a es <strong>Lac Noir<\/strong>, aqu\u00ed podr\u00e1s disfrutar de <strong>magn\u00edficas pistas si eres un esquiador intermedio<\/strong> ya que hay 600 m de desnivel y condiciones de nieve insuperables. Finalmente, la <strong>\u00faltima zona<\/strong> es el glaciar de <strong>Mont-de-Lans<\/strong> con <strong>pistas f\u00e1ciles<\/strong> ideales para aprender a deslizarse sin problemas.<\/p>\n<p>&nbsp;<\/p>\n<p style=\"text-align: justify;\">En <a href=\"https:\/\/www.esquiades.com\/\" target=\"_blank\" rel=\"noopener noreferrer\">Esquiades.com<\/a> sabemos que te han entrado muchas ganas de descubrir esta estaci\u00f3n tan incre\u00edble, por ello, te traemos las mejores <a href=\"https:\/\/www.esquiades.com\/viajes-esqui\/esqui-puente-diciembre-1218.html\" target=\"_blank\" rel=\"noopener noreferrer\">ofertas de esqu\u00ed para el puente de diciembre<\/a>.<strong>Recuerda<\/strong>: nuestras ofertas siempre incluyen <strong>alojamiento + forfait<\/strong> y adem\u00e1s, en Les 2 Alpes tienes acceso a la piscina climatizada de la estaci\u00f3n y a la pista de patinaje sobre hielo.\u00a1Tambi\u00e9n est\u00e1 disponible el <strong>Skibus<\/strong>!<\/p>\n<p>&nbsp;<\/p>\n<p style=\"text-align: justify;\"><img decoding=\"async\" class=\"aligncenter size-full wp-image-8550\" src=\"http:\/\/www.esquiades.com\/blog\/wp-content\/uploads\/2018\/10\/oferta-les-2-alpes.jpg\" alt=\"oferta-les-2-alpes\" width=\"1500\" height=\"932\" srcset=\"https:\/\/www.esquiades.com\/blog\/app\/uploads\/2018\/10\/oferta-les-2-alpes.jpg 1500w, https:\/\/www.esquiades.com\/blog\/app\/uploads\/2018\/10\/oferta-les-2-alpes-300x186.jpg 300w, https:\/\/www.esquiades.com\/blog\/app\/uploads\/2018\/10\/oferta-les-2-alpes-768x477.jpg 768w, https:\/\/www.esquiades.com\/blog\/app\/uploads\/2018\/10\/oferta-les-2-alpes-1024x636.jpg 1024w\" sizes=\"(max-width: 1500px) 100vw, 1500px\" \/><\/p>\n<p>&nbsp;<\/p>\n<h3 style=\"text-align: justify;\"><span id=\"Val_Thorens\"><strong>Val Thorens<\/strong><\/span><\/h3>\n<p>&nbsp;<\/p>\n<p style=\"text-align: justify;\">La estaci\u00f3n de esqu\u00ed Val Thorens se encuentra en el <strong>valle de Belleville<\/strong>, un valle precioso en la zona de Tarentaise en los Alpes Franceses. Esta estaci\u00f3n forma parte del gran dominio esquiable de los 3 Valles (<strong>Les 3 Vall\u00e9es<\/strong>) y tiene cantidad de razones por las que hay que visitarla \u00a1te las contamos!<\/p>\n<p>&nbsp;<\/p>\n<ul>\n<li style=\"text-align: justify;\"><strong>La nieve<\/strong>: sin duda la nieve en Val Thorens est\u00e1 asegurada, la base la de la estaci\u00f3n se encuentra a 2.300 m y pertenece a la cadena monta\u00f1osa con m\u00e1s nevadas de Francia.<\/li>\n<\/ul>\n<p>&nbsp;<\/p>\n<ul>\n<li style=\"text-align: justify;\"><strong>Las pistas<\/strong>: Cuenta con m\u00e1s de 130 km esquiables y 70 de ellos innivados por ca\u00f1ones de nieve. Y 80 pistas en total, 41 azules, 31 rojas y 8 negras.<\/li>\n<\/ul>\n<p>La mayor\u00eda de ellas son muy anchas, bien pisadas y balizadas. La zona que m\u00e1s nos gusta es Orelle aunque cabe destacar la zona de la Folie Douce.<\/p>\n<p>&nbsp;<\/p>\n<ul>\n<li style=\"text-align: justify;\"><strong>Los remontes<\/strong>: todos son de \u00faltima generaci\u00f3n, desembragables de 4 a 8 plazas y con 1 o 2 entradas.<\/li>\n<\/ul>\n<p>&nbsp;<\/p>\n<ul>\n<li style=\"text-align: justify;\"><strong>Fuerapistas<\/strong>: en esta estaci\u00f3n encontrar\u00e1s infinidad de fuerapistas en todos los sectores. Consejo: si hace d\u00edas que no nieva, busca la cara norte, la nieve se conversa muy bien.<\/li>\n<\/ul>\n<p>&nbsp;<\/p>\n<ul>\n<li style=\"text-align: justify;\"><strong>Freestyle<\/strong>: ubicado en la zona La Plateau con dos arrastres, uno para una pista de entrenamiento alpino y otro para uso del parque.<\/li>\n<\/ul>\n<p style=\"text-align: justify;\">Si te han entrado unas ganas terribles de visitar esta estaci\u00f3n, te invitamos a echar un vistazo a nuestra web. Encontrar\u00e1s ofertas como estas:<\/p>\n<p>&nbsp;<\/p>\n<p style=\"text-align: justify;\"><img loading=\"lazy\" decoding=\"async\" class=\"aligncenter size-full wp-image-8551\" src=\"http:\/\/www.esquiades.com\/blog\/wp-content\/uploads\/2018\/10\/oferta-val-thorens.jpg\" alt=\"ofertas-en-val-thorens\" width=\"1500\" height=\"575\" srcset=\"https:\/\/www.esquiades.com\/blog\/app\/uploads\/2018\/10\/oferta-val-thorens.jpg 1500w, https:\/\/www.esquiades.com\/blog\/app\/uploads\/2018\/10\/oferta-val-thorens-300x115.jpg 300w, https:\/\/www.esquiades.com\/blog\/app\/uploads\/2018\/10\/oferta-val-thorens-768x294.jpg 768w, https:\/\/www.esquiades.com\/blog\/app\/uploads\/2018\/10\/oferta-val-thorens-1024x393.jpg 1024w\" sizes=\"(max-width: 1500px) 100vw, 1500px\" \/><\/p>\n<p>&nbsp;<\/p>\n<p style=\"text-align: justify;\">\u00bfA qu\u00e9 est\u00e1s esperando?<\/p>\n<p>&nbsp;<\/p>\n<h2 style=\"text-align: justify;\"><span id=\"Bonus_Track_Que_es_el_Skibus\"><em>Bonus Track<\/em>: \u00bfQu\u00e9 es el Skibus?<\/span><\/h2>\n<p>&nbsp;<\/p>\n<p style=\"text-align: justify;\">Este a\u00f1o te traemos el <strong>Skibus<\/strong>, <strong>un autob\u00fas que te llevar\u00e1 a esquiar<\/strong> \u00a1ahora ya no hay excusas! Podr\u00e1s disfrutar de tu <strong>escapada a la nieve aunque no tengas veh\u00edculo<\/strong> (o no te apetezca conducir varias horas seguidas). Asimismo, es una <strong>opci\u00f3n ideal para viajar con amigos<\/strong> ya que pod\u00e9is ir todos juntos sin tener que coger el coche. As\u00ed que, di adi\u00f3s a los mapas y ap\u00fantate al Skibus.<\/p>\n<p>&nbsp;<\/p>\n<p style=\"text-align: justify;\">Actualmente puedes viajar a <strong>Les 2 Alpes<\/strong>, <strong>Tignes<\/strong> y <strong>Val Thorens<\/strong>. Genial \u00bfverdad? Adem\u00e1s, desde <a href=\"https:\/\/www.esquiades.com\/\" target=\"_blank\" rel=\"nofollow noopener noreferrer\">Esquiades.com<\/a> vendremos a buscar a tu ciudad. Hay salidas desde <strong>Valencia<\/strong>, <strong>Tarragona<\/strong>, <strong>Barcelona<\/strong> o <strong>Gerona<\/strong>.<\/p>\n<p>&nbsp;<\/p>\n<p style=\"text-align: justify;\"><strong>Te llevaremos hasta el alojamiento<\/strong> que hayas escogido y <strong>dispondr\u00e1s de un gu\u00eda durante el viaje<\/strong> que te ayudar\u00e1 y resolver\u00e1 todas las dudas. \u00bfSuena bien?<\/p>\n<p>&nbsp;<\/p>\n<p style=\"text-align: justify;\"><a href=\"https:\/\/www.esquiades.com\/noticias\/ha-llegado-el-skibus-a-esquiadescom\"><img loading=\"lazy\" decoding=\"async\" class=\"aligncenter wp-image-8552 size-full\" src=\"http:\/\/www.esquiades.com\/blog\/wp-content\/uploads\/2018\/10\/skibus.jpg\" alt=\"skibus\" width=\"663\" height=\"320\" srcset=\"https:\/\/www.esquiades.com\/blog\/app\/uploads\/2018\/10\/skibus.jpg 663w, https:\/\/www.esquiades.com\/blog\/app\/uploads\/2018\/10\/skibus-300x145.jpg 300w\" sizes=\"(max-width: 663px) 100vw, 663px\" \/><\/a><\/p>\n<p>&nbsp;<\/p>\n<p style=\"text-align: justify;\"><strong>\u00bfY si decido ir con mi veh\u00edculo?<\/strong> \u00a1Adelante palillero! Adem\u00e1s, si decides viajar entre el 1 y el 7 de diciembre y llegas a tu destino a las 7 u 8 de la tarde en Esquiades.com hemos conseguido un gu\u00eda que te ayudar\u00e1 a instalarte y ubicarte. Debes tener en cuenta que all\u00ed llevan un horario muy diferente al nuestro y a esas horas, algunos ya est\u00e1n en la cama. \ud83d\ude42<\/p>\n<p>&nbsp;<\/p>\n","protected":false},"excerpt":{"rendered":"<p>Contenido1 \u00bfD\u00f3nde puedo esquiar en los Alpes Franceses?1.1 Tignes1.2 Les 2 Alpes1.3 Val Thorens2 Bonus Track: \u00bfQu\u00e9 es el Skibus? Como ya te explicamos en uno de nuestros posts anteriores, reservar con antelaci\u00f3n tiene mucha ventajas (precios m\u00e1s econ\u00f3micos, m\u00e1s disponibilidad\u2026). Si tienes much\u00edsimas ganas de volver a esquiar y quieres nieve asegurada la mejor&#8230;<\/p>\n","protected":false},"author":1,"featured_media":8548,"comment_status":"open","ping_status":"open","sticky":false,"template":"","format":"standard","meta":{"_acf_changed":false,"footnotes":""},"categories":[103],"tags":[],"class_list":["post-8547","post","type-post","status-publish","format-standard","has-post-thumbnail","hentry","category-destinos-de-esqui"],"acf":[],"yoast_head":"<!-- This site is optimized with the Yoast SEO plugin v23.1 - https:\/\/yoast.com\/wordpress\/plugins\/seo\/ -->\n<title>Puente de diciembre en los Alpes franceses. Nieve asegurada - Esquiades Blog<\/title>\n<meta name=\"robots\" content=\"index, follow, max-snippet:-1, max-image-preview:large, max-video-preview:-1\" \/>\n<link rel=\"canonical\" href=\"https:\/\/www.esquiades.com\/blog\/puente-de-diciembre-en-los-alpes-franceses-nieve-asegurada\/\" \/>\n<meta property=\"og:locale\" content=\"es_ES\" \/>\n<meta property=\"og:type\" content=\"article\" \/>\n<meta property=\"og:title\" content=\"Puente de diciembre en los Alpes franceses. Nieve asegurada - Esquiades Blog\" \/>\n<meta property=\"og:description\" content=\"Contenido1 \u00bfD\u00f3nde puedo esquiar en los Alpes Franceses?1.1 Tignes1.2 Les 2 Alpes1.3 Val Thorens2 Bonus Track: \u00bfQu\u00e9 es el Skibus? Como ya te explicamos en uno de nuestros posts anteriores, reservar con antelaci\u00f3n tiene mucha ventajas (precios m\u00e1s econ\u00f3micos, m\u00e1s disponibilidad\u2026). Si tienes much\u00edsimas ganas de volver a esquiar y quieres nieve asegurada la mejor...\" \/>\n<meta property=\"og:url\" content=\"https:\/\/www.esquiades.com\/blog\/puente-de-diciembre-en-los-alpes-franceses-nieve-asegurada\/\" \/>\n<meta property=\"og:site_name\" content=\"Esquiades Blog\" \/>\n<meta property=\"article:published_time\" content=\"2018-10-31T09:37:09+00:00\" \/>\n<meta property=\"og:image\" content=\"https:\/\/www.esquiades.com\/blog\/app\/uploads\/2018\/10\/puente-de-diciembre-alpes-franceses.jpg\" \/>\n\t<meta property=\"og:image:width\" content=\"1500\" \/>\n\t<meta property=\"og:image:height\" content=\"721\" \/>\n\t<meta property=\"og:image:type\" content=\"image\/jpeg\" \/>\n<meta name=\"author\" content=\"pps@b2-performance.es\" \/>\n<meta name=\"twitter:card\" content=\"summary_large_image\" \/>\n<meta name=\"twitter:label1\" content=\"Written by\" \/>\n\t<meta name=\"twitter:data1\" content=\"pps@b2-performance.es\" \/>\n\t<meta name=\"twitter:label2\" content=\"Est. reading time\" \/>\n\t<meta name=\"twitter:data2\" content=\"6 minutos\" \/>\n<script type=\"application\/ld+json\" class=\"yoast-schema-graph\">{\"@context\":\"https:\/\/schema.org\",\"@graph\":[{\"@type\":\"NewsArticle\",\"@id\":\"https:\/\/www.esquiades.com\/blog\/puente-de-diciembre-en-los-alpes-franceses-nieve-asegurada\/#article\",\"isPartOf\":{\"@id\":\"https:\/\/www.esquiades.com\/blog\/puente-de-diciembre-en-los-alpes-franceses-nieve-asegurada\/\"},\"author\":{\"name\":\"pps@b2-performance.es\",\"@id\":\"https:\/\/www.esquiades.com\/blog\/#\/schema\/person\/d0fd9f4f1a875a2fda01aa476d80a062\"},\"headline\":\"Puente de diciembre en los Alpes franceses. Nieve asegurada\",\"datePublished\":\"2018-10-31T09:37:09+00:00\",\"dateModified\":\"2018-10-31T09:37:09+00:00\",\"mainEntityOfPage\":{\"@id\":\"https:\/\/www.esquiades.com\/blog\/puente-de-diciembre-en-los-alpes-franceses-nieve-asegurada\/\"},\"wordCount\":1198,\"commentCount\":0,\"publisher\":{\"@id\":\"https:\/\/www.esquiades.com\/blog\/#organization\"},\"image\":{\"@id\":\"https:\/\/www.esquiades.com\/blog\/puente-de-diciembre-en-los-alpes-franceses-nieve-asegurada\/#primaryimage\"},\"thumbnailUrl\":\"https:\/\/www.esquiades.com\/blog\/app\/uploads\/2018\/10\/puente-de-diciembre-alpes-franceses.jpg\",\"articleSection\":[\"Destinos de esqu\u00ed\"],\"inLanguage\":\"es\",\"potentialAction\":[{\"@type\":\"CommentAction\",\"name\":\"Comment\",\"target\":[\"https:\/\/www.esquiades.com\/blog\/puente-de-diciembre-en-los-alpes-franceses-nieve-asegurada\/#respond\"]}]},{\"@type\":\"WebPage\",\"@id\":\"https:\/\/www.esquiades.com\/blog\/puente-de-diciembre-en-los-alpes-franceses-nieve-asegurada\/\",\"url\":\"https:\/\/www.esquiades.com\/blog\/puente-de-diciembre-en-los-alpes-franceses-nieve-asegurada\/\",\"name\":\"Puente de diciembre en los Alpes franceses. Nieve asegurada - Esquiades Blog\",\"isPartOf\":{\"@id\":\"https:\/\/www.esquiades.com\/blog\/#website\"},\"primaryImageOfPage\":{\"@id\":\"https:\/\/www.esquiades.com\/blog\/puente-de-diciembre-en-los-alpes-franceses-nieve-asegurada\/#primaryimage\"},\"image\":{\"@id\":\"https:\/\/www.esquiades.com\/blog\/puente-de-diciembre-en-los-alpes-franceses-nieve-asegurada\/#primaryimage\"},\"thumbnailUrl\":\"https:\/\/www.esquiades.com\/blog\/app\/uploads\/2018\/10\/puente-de-diciembre-alpes-franceses.jpg\",\"datePublished\":\"2018-10-31T09:37:09+00:00\",\"dateModified\":\"2018-10-31T09:37:09+00:00\",\"breadcrumb\":{\"@id\":\"https:\/\/www.esquiades.com\/blog\/puente-de-diciembre-en-los-alpes-franceses-nieve-asegurada\/#breadcrumb\"},\"inLanguage\":\"es\",\"potentialAction\":[{\"@type\":\"ReadAction\",\"target\":[\"https:\/\/www.esquiades.com\/blog\/puente-de-diciembre-en-los-alpes-franceses-nieve-asegurada\/\"]}]},{\"@type\":\"ImageObject\",\"inLanguage\":\"es\",\"@id\":\"https:\/\/www.esquiades.com\/blog\/puente-de-diciembre-en-los-alpes-franceses-nieve-asegurada\/#primaryimage\",\"url\":\"https:\/\/www.esquiades.com\/blog\/app\/uploads\/2018\/10\/puente-de-diciembre-alpes-franceses.jpg\",\"contentUrl\":\"https:\/\/www.esquiades.com\/blog\/app\/uploads\/2018\/10\/puente-de-diciembre-alpes-franceses.jpg\",\"width\":1500,\"height\":721},{\"@type\":\"BreadcrumbList\",\"@id\":\"https:\/\/www.esquiades.com\/blog\/puente-de-diciembre-en-los-alpes-franceses-nieve-asegurada\/#breadcrumb\",\"itemListElement\":[{\"@type\":\"ListItem\",\"position\":1,\"name\":\"Home\",\"item\":\"https:\/\/www.esquiades.com\/blog\/\"},{\"@type\":\"ListItem\",\"position\":2,\"name\":\"Puente de diciembre en los Alpes franceses. Nieve asegurada\"}]},{\"@type\":\"WebSite\",\"@id\":\"https:\/\/www.esquiades.com\/blog\/#website\",\"url\":\"https:\/\/www.esquiades.com\/blog\/\",\"name\":\"Esquiades Blog\",\"description\":\"Pasi\u00f3n por la nieve y la monta\u00f1a\",\"publisher\":{\"@id\":\"https:\/\/www.esquiades.com\/blog\/#organization\"},\"potentialAction\":[{\"@type\":\"SearchAction\",\"target\":{\"@type\":\"EntryPoint\",\"urlTemplate\":\"https:\/\/www.esquiades.com\/blog\/?s={search_term_string}\"},\"query-input\":\"required name=search_term_string\"}],\"inLanguage\":\"es\"},{\"@type\":\"Organization\",\"@id\":\"https:\/\/www.esquiades.com\/blog\/#organization\",\"name\":\"Esquiades Blog\",\"url\":\"https:\/\/www.esquiades.com\/blog\/\",\"logo\":{\"@type\":\"ImageObject\",\"inLanguage\":\"es\",\"@id\":\"https:\/\/www.esquiades.com\/blog\/#\/schema\/logo\/image\/\",\"url\":\"https:\/\/www.esquiades.com\/blog\/app\/uploads\/2017\/02\/esquiades-LOGO-2.jpg\",\"contentUrl\":\"https:\/\/www.esquiades.com\/blog\/app\/uploads\/2017\/02\/esquiades-LOGO-2.jpg\",\"width\":397,\"height\":157,\"caption\":\"Esquiades Blog\"},\"image\":{\"@id\":\"https:\/\/www.esquiades.com\/blog\/#\/schema\/logo\/image\/\"}},{\"@type\":\"Person\",\"@id\":\"https:\/\/www.esquiades.com\/blog\/#\/schema\/person\/d0fd9f4f1a875a2fda01aa476d80a062\",\"name\":\"pps@b2-performance.es\",\"image\":{\"@type\":\"ImageObject\",\"inLanguage\":\"es\",\"@id\":\"https:\/\/www.esquiades.com\/blog\/#\/schema\/person\/image\/\",\"url\":\"https:\/\/secure.gravatar.com\/avatar\/0329b708caf0b031cad4c30f76b07f821c214bb62667106c6e61789a4286bb5f?s=96&d=mm&r=g\",\"contentUrl\":\"https:\/\/secure.gravatar.com\/avatar\/0329b708caf0b031cad4c30f76b07f821c214bb62667106c6e61789a4286bb5f?s=96&d=mm&r=g\",\"caption\":\"pps@b2-performance.es\"},\"url\":\"https:\/\/www.esquiades.com\/blog\/author\/ppsb2-performance-es\/\"}]}<\/script>\n<!-- \/ Yoast SEO plugin. -->","yoast_head_json":{"title":"Puente de diciembre en los Alpes franceses. Nieve asegurada - Esquiades Blog","robots":{"index":"index","follow":"follow","max-snippet":"max-snippet:-1","max-image-preview":"max-image-preview:large","max-video-preview":"max-video-preview:-1"},"canonical":"https:\/\/www.esquiades.com\/blog\/puente-de-diciembre-en-los-alpes-franceses-nieve-asegurada\/","og_locale":"es_ES","og_type":"article","og_title":"Puente de diciembre en los Alpes franceses. Nieve asegurada - Esquiades Blog","og_description":"Contenido1 \u00bfD\u00f3nde puedo esquiar en los Alpes Franceses?1.1 Tignes1.2 Les 2 Alpes1.3 Val Thorens2 Bonus Track: \u00bfQu\u00e9 es el Skibus? Como ya te explicamos en uno de nuestros posts anteriores, reservar con antelaci\u00f3n tiene mucha ventajas (precios m\u00e1s econ\u00f3micos, m\u00e1s disponibilidad\u2026). Si tienes much\u00edsimas ganas de volver a esquiar y quieres nieve asegurada la mejor...","og_url":"https:\/\/www.esquiades.com\/blog\/puente-de-diciembre-en-los-alpes-franceses-nieve-asegurada\/","og_site_name":"Esquiades Blog","article_published_time":"2018-10-31T09:37:09+00:00","og_image":[{"width":1500,"height":721,"url":"https:\/\/www.esquiades.com\/blog\/app\/uploads\/2018\/10\/puente-de-diciembre-alpes-franceses.jpg","type":"image\/jpeg"}],"author":"pps@b2-performance.es","twitter_card":"summary_large_image","twitter_misc":{"Written by":"pps@b2-performance.es","Est. reading time":"6 minutos"},"schema":{"@context":"https:\/\/schema.org","@graph":[{"@type":"NewsArticle","@id":"https:\/\/www.esquiades.com\/blog\/puente-de-diciembre-en-los-alpes-franceses-nieve-asegurada\/#article","isPartOf":{"@id":"https:\/\/www.esquiades.com\/blog\/puente-de-diciembre-en-los-alpes-franceses-nieve-asegurada\/"},"author":{"name":"pps@b2-performance.es","@id":"https:\/\/www.esquiades.com\/blog\/#\/schema\/person\/d0fd9f4f1a875a2fda01aa476d80a062"},"headline":"Puente de diciembre en los Alpes franceses. Nieve asegurada","datePublished":"2018-10-31T09:37:09+00:00","dateModified":"2018-10-31T09:37:09+00:00","mainEntityOfPage":{"@id":"https:\/\/www.esquiades.com\/blog\/puente-de-diciembre-en-los-alpes-franceses-nieve-asegurada\/"},"wordCount":1198,"commentCount":0,"publisher":{"@id":"https:\/\/www.esquiades.com\/blog\/#organization"},"image":{"@id":"https:\/\/www.esquiades.com\/blog\/puente-de-diciembre-en-los-alpes-franceses-nieve-asegurada\/#primaryimage"},"thumbnailUrl":"https:\/\/www.esquiades.com\/blog\/app\/uploads\/2018\/10\/puente-de-diciembre-alpes-franceses.jpg","articleSection":["Destinos de esqu\u00ed"],"inLanguage":"es","potentialAction":[{"@type":"CommentAction","name":"Comment","target":["https:\/\/www.esquiades.com\/blog\/puente-de-diciembre-en-los-alpes-franceses-nieve-asegurada\/#respond"]}]},{"@type":"WebPage","@id":"https:\/\/www.esquiades.com\/blog\/puente-de-diciembre-en-los-alpes-franceses-nieve-asegurada\/","url":"https:\/\/www.esquiades.com\/blog\/puente-de-diciembre-en-los-alpes-franceses-nieve-asegurada\/","name":"Puente de diciembre en los Alpes franceses. Nieve asegurada - Esquiades Blog","isPartOf":{"@id":"https:\/\/www.esquiades.com\/blog\/#website"},"primaryImageOfPage":{"@id":"https:\/\/www.esquiades.com\/blog\/puente-de-diciembre-en-los-alpes-franceses-nieve-asegurada\/#primaryimage"},"image":{"@id":"https:\/\/www.esquiades.com\/blog\/puente-de-diciembre-en-los-alpes-franceses-nieve-asegurada\/#primaryimage"},"thumbnailUrl":"https:\/\/www.esquiades.com\/blog\/app\/uploads\/2018\/10\/puente-de-diciembre-alpes-franceses.jpg","datePublished":"2018-10-31T09:37:09+00:00","dateModified":"2018-10-31T09:37:09+00:00","breadcrumb":{"@id":"https:\/\/www.esquiades.com\/blog\/puente-de-diciembre-en-los-alpes-franceses-nieve-asegurada\/#breadcrumb"},"inLanguage":"es","potentialAction":[{"@type":"ReadAction","target":["https:\/\/www.esquiades.com\/blog\/puente-de-diciembre-en-los-alpes-franceses-nieve-asegurada\/"]}]},{"@type":"ImageObject","inLanguage":"es","@id":"https:\/\/www.esquiades.com\/blog\/puente-de-diciembre-en-los-alpes-franceses-nieve-asegurada\/#primaryimage","url":"https:\/\/www.esquiades.com\/blog\/app\/uploads\/2018\/10\/puente-de-diciembre-alpes-franceses.jpg","contentUrl":"https:\/\/www.esquiades.com\/blog\/app\/uploads\/2018\/10\/puente-de-diciembre-alpes-franceses.jpg","width":1500,"height":721},{"@type":"BreadcrumbList","@id":"https:\/\/www.esquiades.com\/blog\/puente-de-diciembre-en-los-alpes-franceses-nieve-asegurada\/#breadcrumb","itemListElement":[{"@type":"ListItem","position":1,"name":"Home","item":"https:\/\/www.esquiades.com\/blog\/"},{"@type":"ListItem","position":2,"name":"Puente de diciembre en los Alpes franceses. Nieve asegurada"}]},{"@type":"WebSite","@id":"https:\/\/www.esquiades.com\/blog\/#website","url":"https:\/\/www.esquiades.com\/blog\/","name":"Esquiades Blog","description":"Pasi\u00f3n por la nieve y la monta\u00f1a","publisher":{"@id":"https:\/\/www.esquiades.com\/blog\/#organization"},"potentialAction":[{"@type":"SearchAction","target":{"@type":"EntryPoint","urlTemplate":"https:\/\/www.esquiades.com\/blog\/?s={search_term_string}"},"query-input":"required name=search_term_string"}],"inLanguage":"es"},{"@type":"Organization","@id":"https:\/\/www.esquiades.com\/blog\/#organization","name":"Esquiades Blog","url":"https:\/\/www.esquiades.com\/blog\/","logo":{"@type":"ImageObject","inLanguage":"es","@id":"https:\/\/www.esquiades.com\/blog\/#\/schema\/logo\/image\/","url":"https:\/\/www.esquiades.com\/blog\/app\/uploads\/2017\/02\/esquiades-LOGO-2.jpg","contentUrl":"https:\/\/www.esquiades.com\/blog\/app\/uploads\/2017\/02\/esquiades-LOGO-2.jpg","width":397,"height":157,"caption":"Esquiades Blog"},"image":{"@id":"https:\/\/www.esquiades.com\/blog\/#\/schema\/logo\/image\/"}},{"@type":"Person","@id":"https:\/\/www.esquiades.com\/blog\/#\/schema\/person\/d0fd9f4f1a875a2fda01aa476d80a062","name":"pps@b2-performance.es","image":{"@type":"ImageObject","inLanguage":"es","@id":"https:\/\/www.esquiades.com\/blog\/#\/schema\/person\/image\/","url":"https:\/\/secure.gravatar.com\/avatar\/0329b708caf0b031cad4c30f76b07f821c214bb62667106c6e61789a4286bb5f?s=96&d=mm&r=g","contentUrl":"https:\/\/secure.gravatar.com\/avatar\/0329b708caf0b031cad4c30f76b07f821c214bb62667106c6e61789a4286bb5f?s=96&d=mm&r=g","caption":"pps@b2-performance.es"},"url":"https:\/\/www.esquiades.com\/blog\/author\/ppsb2-performance-es\/"}]}},"_links":{"self":[{"href":"https:\/\/www.esquiades.com\/blog\/wp-json\/wp\/v2\/posts\/8547","targetHints":{"allow":["GET"]}}],"collection":[{"href":"https:\/\/www.esquiades.com\/blog\/wp-json\/wp\/v2\/posts"}],"about":[{"href":"https:\/\/www.esquiades.com\/blog\/wp-json\/wp\/v2\/types\/post"}],"author":[{"embeddable":true,"href":"https:\/\/www.esquiades.com\/blog\/wp-json\/wp\/v2\/users\/1"}],"replies":[{"embeddable":true,"href":"https:\/\/www.esquiades.com\/blog\/wp-json\/wp\/v2\/comments?post=8547"}],"version-history":[{"count":0,"href":"https:\/\/www.esquiades.com\/blog\/wp-json\/wp\/v2\/posts\/8547\/revisions"}],"wp:featuredmedia":[{"embeddable":true,"href":"https:\/\/www.esquiades.com\/blog\/wp-json\/wp\/v2\/media\/8548"}],"wp:attachment":[{"href":"https:\/\/www.esquiades.com\/blog\/wp-json\/wp\/v2\/media?parent=8547"}],"wp:term":[{"taxonomy":"category","embeddable":true,"href":"https:\/\/www.esquiades.com\/blog\/wp-json\/wp\/v2\/categories?post=8547"},{"taxonomy":"post_tag","embeddable":true,"href":"https:\/\/www.esquiades.com\/blog\/wp-json\/wp\/v2\/tags?post=8547"}],"curies":[{"name":"wp","href":"https:\/\/api.w.org\/{rel}","templated":true}]}}