{"id":8168,"date":"2018-05-22T13:04:10","date_gmt":"2018-05-22T12:04:10","guid":{"rendered":"http:\/\/www.esquiades.com\/blog\/?p=8168"},"modified":"2018-05-22T13:04:10","modified_gmt":"2018-05-22T12:04:10","slug":"novedades-de-esquiades-verano","status":"publish","type":"post","link":"https:\/\/www.esquiades.com\/blog\/novedades-de-esquiades-verano\/","title":{"rendered":"Novedad \u2013 Lo \u00faltimo en Esquiades.com para este verano"},"content":{"rendered":"<p>Ponte en situaci\u00f3n. Tienes por delante un caluroso verano y unas ganas terribles de desconectar de la rutina. \u00bfY qu\u00e9 mejor para ello que vivir nuevas experiencias? En <strong><a href=\"https:\/\/www.esquiades.com\/\" target=\"_blank\" rel=\"noopener noreferrer\">Esquiades.com<\/a><\/strong> tenemos lo que necesitas: novedades y actividades en Andorra para pasar unas vacaciones de diez. \u00a1Sigue leyendo!<br \/>\n&nbsp;<br \/>\n<br \/>\n&nbsp;<\/p>\n<h2><\/h2>\n<p>&nbsp;<\/p>\n<h2>Moverse por Andorra con arte<\/h2>\n<p>&nbsp;<br \/>\n\u00bfSab\u00edas que grandes pintores est\u00e1n presentes en\u00a0el Principado, en una galer\u00eda de visita obligada para los amantes del arte? El <strong>Thyssen Andorra<\/strong> es un museo a la medida del pa\u00eds: peque\u00f1o, pero con verdaderos tesoros en su interior. Gauguin, Monet, Matisse&#8230; Est\u00e1 situado en la planta baja del hist\u00f3rico Hotel Valira, en la localidad de Escaldes-Engordany, y cuenta con un total de 500 m2 dedicados a exposiciones de arte.<br \/>\n&nbsp;<br \/>\n<figure id=\"attachment_8178\" aria-describedby=\"caption-attachment-8178\" style=\"width: 1000px\" class=\"wp-caption aligncenter\"><img fetchpriority=\"high\" decoding=\"async\" class=\"wp-image-8178 size-full\" src=\"http:\/\/www.esquiades.com\/blog\/wp-content\/uploads\/2018\/05\/museo-carmen-thyssen.jpg\" alt=\"museo thyssen ANDORRA\" width=\"1000\" height=\"667\" srcset=\"https:\/\/www.esquiades.com\/blog\/app\/uploads\/2018\/05\/museo-carmen-thyssen.jpg 1000w, https:\/\/www.esquiades.com\/blog\/app\/uploads\/2018\/05\/museo-carmen-thyssen-300x200.jpg 300w, https:\/\/www.esquiades.com\/blog\/app\/uploads\/2018\/05\/museo-carmen-thyssen-768x512.jpg 768w\" sizes=\"(max-width: 1000px) 100vw, 1000px\" \/><figcaption id=\"caption-attachment-8178\" class=\"wp-caption-text\">Adem\u00e1s de arte de calidad, el museo ofrece actividades educativas para ni\u00f1os<\/figcaption><\/figure><br \/>\n&nbsp;<\/p>\n<p>A partir de ahora,\u00a0en nuestra p\u00e1gina web podr\u00e1s reservar la entrada a este magn\u00edfico museo.\u00a0S\u00f3lo tienes que seleccionar alguna de nuestras ofertas de\u00a0hoteles en Andorra, y despu\u00e9s, en el paso n\u00famero 3 del proceso de reserva, podr\u00e1s a\u00f1adir la actividad Museo Thyssen por tan s\u00f3lo 8 euros m\u00e1s.<\/p>\n<p>&nbsp;<\/p>\n<p><img decoding=\"async\" class=\"aligncenter size-full wp-image-8176\" src=\"http:\/\/www.esquiades.com\/blog\/wp-content\/uploads\/2018\/05\/thyssen.jpg\" alt=\"thyssen\" width=\"1152\" height=\"590\" srcset=\"https:\/\/www.esquiades.com\/blog\/app\/uploads\/2018\/05\/thyssen.jpg 1152w, https:\/\/www.esquiades.com\/blog\/app\/uploads\/2018\/05\/thyssen-300x154.jpg 300w, https:\/\/www.esquiades.com\/blog\/app\/uploads\/2018\/05\/thyssen-768x393.jpg 768w, https:\/\/www.esquiades.com\/blog\/app\/uploads\/2018\/05\/thyssen-1024x524.jpg 1024w\" sizes=\"(max-width: 1152px) 100vw, 1152px\" \/><\/p>\n<p>&nbsp;<\/p>\n<p>&nbsp;<\/p>\n<h3>\n<p style=\"text-align: center;\"><a href=\"https:\/\/www.esquiades.com\/escapadas\/escapadas-fin-de-semana-estancias-solo-hotel-andorra-1300936.html\" target=\"_blank\" rel=\"noopener noreferrer\">Ver ofertas en Andorra con Museo Thyssen<\/a><\/p>\n<\/h3>\n<p>&nbsp;<br \/>\n&nbsp;<\/p>\n<h2>\u00a1El Circo del Sol est\u00e1 de vuelta!<\/h2>\n<p>&nbsp;<br \/>\nNos ha maravillado cada verano durante los \u00faltimos cinco a\u00f1os, y ahora la afamada compa\u00f1\u00eda canadiense vuelve con un nuevo enfoque. <em>Diva<\/em>, su nuevo espect\u00e1culo \u00fanico en Europa, se aleja de la saga Scalada y de la tem\u00e1tica andorrana para llevarnos de viaje por la historia reciente de la m\u00fasica.<br \/>\n&nbsp;<br \/>\nCon este show te reencontrar\u00e1s con las grandes divas de la canci\u00f3n a trav\u00e9s de acrobacias y n\u00fameros \u00fanicos. Si no te quieres perder este evento, reserva ya nuestra <a href=\"https:\/\/www.esquiades.com\/balnearios\/circo-du-soleil-1447.html\" target=\"_blank\" rel=\"noopener noreferrer\"><strong>oferta de hotel m\u00e1s Cirque du Soleil<\/strong><\/a>\u00a0y tendr\u00e1s tu asiento reservado numerado para vivir esta experiencia que tendr\u00e1 lugar del 30 de junio al 29 de julio. Adem\u00e1s, tambi\u00e9n tendr\u00e1s una entrada de 3 horas al centro termal Caldea.<br \/>\n&nbsp;<br \/>\n<figure id=\"attachment_8180\" aria-describedby=\"caption-attachment-8180\" style=\"width: 2048px\" class=\"wp-caption aligncenter\"><img decoding=\"async\" class=\"wp-image-8180 size-full\" src=\"http:\/\/www.esquiades.com\/blog\/wp-content\/uploads\/2018\/05\/chica_bola-big-1.jpg\" alt=\"circo del sol en Andorra\" width=\"2048\" height=\"1365\" srcset=\"https:\/\/www.esquiades.com\/blog\/app\/uploads\/2018\/05\/chica_bola-big-1.jpg 2048w, https:\/\/www.esquiades.com\/blog\/app\/uploads\/2018\/05\/chica_bola-big-1-300x200.jpg 300w, https:\/\/www.esquiades.com\/blog\/app\/uploads\/2018\/05\/chica_bola-big-1-768x512.jpg 768w, https:\/\/www.esquiades.com\/blog\/app\/uploads\/2018\/05\/chica_bola-big-1-1024x683.jpg 1024w\" sizes=\"(max-width: 2048px) 100vw, 2048px\" \/><figcaption id=\"caption-attachment-8180\" class=\"wp-caption-text\">Un espect\u00e1culo altamente creativo<\/figcaption><\/figure><br \/>\n&nbsp;<br \/>\n\u00bfTe animas? Aqu\u00ed tienes <a href=\"https:\/\/www.esquiades.com\/balnearios\/circo-du-soleil-1447.html\" target=\"_blank\" rel=\"noopener noreferrer\"><strong>nuestras ofertas<\/strong><\/a> y toda la <a href=\"http:\/\/www.esquiades.com\/blog\/el-cirque-du-soleil-vuelve-a-andorra-pisando-fuerte\/\" target=\"_blank\" rel=\"noopener noreferrer\"><strong>informaci\u00f3n del espect\u00e1culo<\/strong><\/a>.<\/p>\n<h2>Gastronom\u00eda y Rock &amp; Roll: la mejor combinaci\u00f3n<\/h2>\n<p><strong>Hard Rock<\/strong> debe ser una de las marcas m\u00e1s conocidas en el mundo gastron\u00f3mico.\u00a0 Y no es de extra\u00f1ar: sus sabrosos y contundentes platos sacian hasta al m\u00e1s hambriento, pero lo entretenido de este lugar es el local en s\u00ed. Dentro vivir\u00e1s una intensa experiencia musical a base de actuaciones, colecciones de guitarras y pantallas que reproducen v\u00eddeos cl\u00e1sicos y actuales de rock.<\/p>\n<p>El men\u00fa que te ofrece Esquiades.com incluye lo siguiente: uno de los entrantes a escoger, un plato principal, postre y bebidas. <strong><a href=\"https:\/\/www.esquiades.com\/pistas\/centro-termal-caldea-hard-rock\" target=\"_blank\" rel=\"noopener noreferrer\">Aqu\u00ed<\/a>\u00a0<\/strong>tienes la carta completa.<\/p>\n<p style=\"text-align: center;\"><iframe src=\"https:\/\/www.youtube.com\/embed\/ipgni5Wk5Tk\" width=\"100%\" height=\"315\" frameborder=\"0\" allowfullscreen=\"allowfullscreen\"><\/iframe><\/p>\n<p>Pero no todo acaba aqu\u00ed. Adem\u00e1s de la estancia en un hotel, nuestro paquete de Hard Rock Caf\u00e9 Andorra tambi\u00e9n incluye una entrada de tres horas a Caldea. As\u00ed que ya sabes: rel\u00e1jate en uno de los mejores balnearios de toda Europa, toma asiento y cena al estilo de las estrellas de rock.<\/p>\n<figure id=\"attachment_8181\" aria-describedby=\"caption-attachment-8181\" style=\"width: 1080px\" class=\"wp-caption aligncenter\"><img loading=\"lazy\" decoding=\"async\" class=\"wp-image-8181 size-full\" src=\"http:\/\/www.esquiades.com\/blog\/wp-content\/uploads\/2018\/05\/Menu-1-Honey-Mustard-Grilled-Chicken-Sandwich.jpg\" alt=\"Menu-1---Honey-Mustard-Grilled-Chicken-Sandwich\" width=\"1080\" height=\"809\" srcset=\"https:\/\/www.esquiades.com\/blog\/app\/uploads\/2018\/05\/Menu-1-Honey-Mustard-Grilled-Chicken-Sandwich.jpg 1080w, https:\/\/www.esquiades.com\/blog\/app\/uploads\/2018\/05\/Menu-1-Honey-Mustard-Grilled-Chicken-Sandwich-300x225.jpg 300w, https:\/\/www.esquiades.com\/blog\/app\/uploads\/2018\/05\/Menu-1-Honey-Mustard-Grilled-Chicken-Sandwich-768x575.jpg 768w, https:\/\/www.esquiades.com\/blog\/app\/uploads\/2018\/05\/Menu-1-Honey-Mustard-Grilled-Chicken-Sandwich-1024x767.jpg 1024w\" sizes=\"(max-width: 1080px) 100vw, 1080px\" \/><figcaption id=\"caption-attachment-8181\" class=\"wp-caption-text\">\u00a1Que empiece la fiesta!<\/figcaption><\/figure>\n<p>&nbsp;<\/p>\n<h2>L\u00e1nzate a la aventura<\/h2>\n<p>&nbsp;<\/p>\n<p dir=\"ltr\">Ya lo sabes, al equipo de Esquiades.com nos encanta la adrenalina y sentir emociones al aire libre. Vamos, lo que viene siendo pura <strong>pasi\u00f3n por la monta\u00f1a,\u00a0<\/strong>independientemente de si es invierno o verano. As\u00ed que si quieres vivir una experiencia distinta, refrescante y emocionante, te interesar\u00e1 saber de que desde nuestra p\u00e1gina web tambi\u00e9n puedes reservar <a href=\"https:\/\/www.esquiades.com\/deportes-aventura\/\" target=\"_blank\" rel=\"noopener noreferrer\"><strong>actividades de aventura<\/strong><\/a>.<\/p>\n<p>&nbsp;<\/p>\n<p dir=\"ltr\">Adem\u00e1s, al igual que sucede con nuestras\u00a0<a href=\"http:\/\/www.esquiades.com\/viajes-esqui\/\" target=\"_blank\" rel=\"noopener noreferrer\"><strong>ofertas de esqu\u00ed<\/strong><\/a>, todos nuestros\u00a0<strong>paquetes de aventura tambi\u00e9n incluyen el alojamiento.\u00a0<\/strong>\u00bfY sabes lo mejor de todo? \u00a1Los hay desde\u00a0<a href=\"https:\/\/www.esquiades.com\/deportes-aventura\/\" target=\"_blank\" rel=\"nofollow noopener noreferrer\"><strong>s\u00f3lo 20\u20ac<\/strong><\/a>! Tenemos kayak, barranquismo, rafting, paintball, hidrospeed, quads, mountain bike e incluso puenting.<\/p>\n<p>&nbsp;<\/p>\n<figure id=\"attachment_8187\" aria-describedby=\"caption-attachment-8187\" style=\"width: 1504px\" class=\"wp-caption aligncenter\"><img loading=\"lazy\" decoding=\"async\" class=\"wp-image-8187 size-full\" src=\"http:\/\/www.esquiades.com\/blog\/wp-content\/uploads\/2018\/05\/DSC_6805.jpg\" alt=\"DSC_6805\" width=\"1504\" height=\"1000\" srcset=\"https:\/\/www.esquiades.com\/blog\/app\/uploads\/2018\/05\/DSC_6805.jpg 1504w, https:\/\/www.esquiades.com\/blog\/app\/uploads\/2018\/05\/DSC_6805-300x199.jpg 300w, https:\/\/www.esquiades.com\/blog\/app\/uploads\/2018\/05\/DSC_6805-768x511.jpg 768w, https:\/\/www.esquiades.com\/blog\/app\/uploads\/2018\/05\/DSC_6805-1024x681.jpg 1024w\" sizes=\"(max-width: 1504px) 100vw, 1504px\" \/><figcaption id=\"caption-attachment-8187\" class=\"wp-caption-text\">Nuestra actividad de hidrospeed en el Pallars Sobir\u00e1. \u00a1Incre\u00edble!<\/figcaption><\/figure>\n<p><strong>\u00bfTe animas a probar alguna de nuestras novedades para este verano? \u00bfCrees que Andorra es buen destino para tus vacaciones? Cu\u00e9ntanos<\/strong> ?<\/p>\n","protected":false},"excerpt":{"rendered":"<p>Ponte en situaci\u00f3n. Tienes por delante un caluroso verano y unas ganas terribles de desconectar de la rutina. \u00bfY qu\u00e9 mejor para ello que vivir nuevas experiencias? En Esquiades.com tenemos lo que necesitas: novedades y actividades en Andorra para pasar unas vacaciones de diez. \u00a1Sigue leyendo! &nbsp; &nbsp; &nbsp; Moverse por Andorra con arte &nbsp;&#8230;<\/p>\n","protected":false},"author":1,"featured_media":0,"comment_status":"open","ping_status":"open","sticky":false,"template":"","format":"standard","meta":{"_acf_changed":false,"footnotes":""},"categories":[8,11],"tags":[],"class_list":["post-8168","post","type-post","status-publish","format-standard","hentry","category-aventura","category-novedades-en-esquiades-com"],"acf":[],"yoast_head":"<!-- This site is optimized with the Yoast SEO plugin v28.2 - https:\/\/yoast.com\/product\/yoast-seo-wordpress\/ -->\n<title>Novedad \u2013 Lo \u00faltimo en Esquiades.com para este verano - Esquiades Blog<\/title>\n<meta name=\"robots\" content=\"index, follow, max-snippet:-1, max-image-preview:large, max-video-preview:-1\" \/>\n<link rel=\"canonical\" href=\"https:\/\/www.esquiades.com\/blog\/novedades-de-esquiades-verano\/\" \/>\n<meta property=\"og:locale\" content=\"es_ES\" \/>\n<meta property=\"og:type\" content=\"article\" \/>\n<meta property=\"og:title\" content=\"Novedad \u2013 Lo \u00faltimo en Esquiades.com para este verano - Esquiades Blog\" \/>\n<meta property=\"og:description\" content=\"Ponte en situaci\u00f3n. Tienes por delante un caluroso verano y unas ganas terribles de desconectar de la rutina. \u00bfY qu\u00e9 mejor para ello que vivir nuevas experiencias? En Esquiades.com tenemos lo que necesitas: novedades y actividades en Andorra para pasar unas vacaciones de diez. \u00a1Sigue leyendo! &nbsp; &nbsp; &nbsp; Moverse por Andorra con arte &nbsp;...\" \/>\n<meta property=\"og:url\" content=\"https:\/\/www.esquiades.com\/blog\/novedades-de-esquiades-verano\/\" \/>\n<meta property=\"og:site_name\" content=\"Esquiades Blog\" \/>\n<meta property=\"article:published_time\" content=\"2018-05-22T12:04:10+00:00\" \/>\n<meta property=\"og:image\" content=\"http:\/\/www.esquiades.com\/blog\/wp-content\/uploads\/2018\/05\/museo-carmen-thyssen.jpg\" \/>\n<meta name=\"author\" content=\"pps@b2-performance.es\" \/>\n<meta name=\"twitter:card\" content=\"summary_large_image\" \/>\n<meta name=\"twitter:label1\" content=\"Escrito por\" \/>\n\t<meta name=\"twitter:data1\" content=\"pps@b2-performance.es\" \/>\n\t<meta name=\"twitter:label2\" content=\"Tiempo de lectura\" \/>\n\t<meta name=\"twitter:data2\" content=\"4 minutos\" \/>\n<script type=\"application\/ld+json\" class=\"yoast-schema-graph\">{\"@context\":\"https:\\\/\\\/schema.org\",\"@graph\":[{\"@type\":\"NewsArticle\",\"@id\":\"https:\\\/\\\/www.esquiades.com\\\/blog\\\/novedades-de-esquiades-verano\\\/#article\",\"isPartOf\":{\"@id\":\"https:\\\/\\\/www.esquiades.com\\\/blog\\\/novedades-de-esquiades-verano\\\/\"},\"author\":{\"name\":\"pps@b2-performance.es\",\"@id\":\"https:\\\/\\\/www.esquiades.com\\\/blog\\\/#\\\/schema\\\/person\\\/d0fd9f4f1a875a2fda01aa476d80a062\"},\"headline\":\"Novedad \u2013 Lo \u00faltimo en Esquiades.com para este verano\",\"datePublished\":\"2018-05-22T12:04:10+00:00\",\"mainEntityOfPage\":{\"@id\":\"https:\\\/\\\/www.esquiades.com\\\/blog\\\/novedades-de-esquiades-verano\\\/\"},\"wordCount\":734,\"commentCount\":0,\"publisher\":{\"@id\":\"https:\\\/\\\/www.esquiades.com\\\/blog\\\/#organization\"},\"image\":{\"@id\":\"https:\\\/\\\/www.esquiades.com\\\/blog\\\/novedades-de-esquiades-verano\\\/#primaryimage\"},\"thumbnailUrl\":\"http:\\\/\\\/www.esquiades.com\\\/blog\\\/wp-content\\\/uploads\\\/2018\\\/05\\\/museo-carmen-thyssen.jpg\",\"articleSection\":[\"Aventura\",\"Novedades en Esquiades.com\"],\"inLanguage\":\"es\",\"potentialAction\":[{\"@type\":\"CommentAction\",\"name\":\"Comment\",\"target\":[\"https:\\\/\\\/www.esquiades.com\\\/blog\\\/novedades-de-esquiades-verano\\\/#respond\"]}]},{\"@type\":\"WebPage\",\"@id\":\"https:\\\/\\\/www.esquiades.com\\\/blog\\\/novedades-de-esquiades-verano\\\/\",\"url\":\"https:\\\/\\\/www.esquiades.com\\\/blog\\\/novedades-de-esquiades-verano\\\/\",\"name\":\"Novedad \u2013 Lo \u00faltimo en Esquiades.com para este verano - Esquiades Blog\",\"isPartOf\":{\"@id\":\"https:\\\/\\\/www.esquiades.com\\\/blog\\\/#website\"},\"primaryImageOfPage\":{\"@id\":\"https:\\\/\\\/www.esquiades.com\\\/blog\\\/novedades-de-esquiades-verano\\\/#primaryimage\"},\"image\":{\"@id\":\"https:\\\/\\\/www.esquiades.com\\\/blog\\\/novedades-de-esquiades-verano\\\/#primaryimage\"},\"thumbnailUrl\":\"http:\\\/\\\/www.esquiades.com\\\/blog\\\/wp-content\\\/uploads\\\/2018\\\/05\\\/museo-carmen-thyssen.jpg\",\"datePublished\":\"2018-05-22T12:04:10+00:00\",\"breadcrumb\":{\"@id\":\"https:\\\/\\\/www.esquiades.com\\\/blog\\\/novedades-de-esquiades-verano\\\/#breadcrumb\"},\"inLanguage\":\"es\",\"potentialAction\":[{\"@type\":\"ReadAction\",\"target\":[\"https:\\\/\\\/www.esquiades.com\\\/blog\\\/novedades-de-esquiades-verano\\\/\"]}]},{\"@type\":\"ImageObject\",\"inLanguage\":\"es\",\"@id\":\"https:\\\/\\\/www.esquiades.com\\\/blog\\\/novedades-de-esquiades-verano\\\/#primaryimage\",\"url\":\"https:\\\/\\\/www.esquiades.com\\\/blog\\\/app\\\/uploads\\\/2018\\\/05\\\/museo-carmen-thyssen.jpg\",\"contentUrl\":\"https:\\\/\\\/www.esquiades.com\\\/blog\\\/app\\\/uploads\\\/2018\\\/05\\\/museo-carmen-thyssen.jpg\",\"width\":1000,\"height\":667},{\"@type\":\"BreadcrumbList\",\"@id\":\"https:\\\/\\\/www.esquiades.com\\\/blog\\\/novedades-de-esquiades-verano\\\/#breadcrumb\",\"itemListElement\":[{\"@type\":\"ListItem\",\"position\":1,\"name\":\"Home\",\"item\":\"https:\\\/\\\/www.esquiades.com\\\/blog\\\/\"},{\"@type\":\"ListItem\",\"position\":2,\"name\":\"Novedad \u2013 Lo \u00faltimo en Esquiades.com para este verano\"}]},{\"@type\":\"WebSite\",\"@id\":\"https:\\\/\\\/www.esquiades.com\\\/blog\\\/#website\",\"url\":\"https:\\\/\\\/www.esquiades.com\\\/blog\\\/\",\"name\":\"Esquiades Blog\",\"description\":\"Pasi\u00f3n por la nieve y la monta\u00f1a\",\"publisher\":{\"@id\":\"https:\\\/\\\/www.esquiades.com\\\/blog\\\/#organization\"},\"potentialAction\":[{\"@type\":\"SearchAction\",\"target\":{\"@type\":\"EntryPoint\",\"urlTemplate\":\"https:\\\/\\\/www.esquiades.com\\\/blog\\\/?s={search_term_string}\"},\"query-input\":{\"@type\":\"PropertyValueSpecification\",\"valueRequired\":true,\"valueName\":\"search_term_string\"}}],\"inLanguage\":\"es\"},{\"@type\":\"Organization\",\"@id\":\"https:\\\/\\\/www.esquiades.com\\\/blog\\\/#organization\",\"name\":\"Esquiades Blog\",\"url\":\"https:\\\/\\\/www.esquiades.com\\\/blog\\\/\",\"logo\":{\"@type\":\"ImageObject\",\"inLanguage\":\"es\",\"@id\":\"https:\\\/\\\/www.esquiades.com\\\/blog\\\/#\\\/schema\\\/logo\\\/image\\\/\",\"url\":\"https:\\\/\\\/www.esquiades.com\\\/blog\\\/app\\\/uploads\\\/2017\\\/02\\\/esquiades-LOGO-2.jpg\",\"contentUrl\":\"https:\\\/\\\/www.esquiades.com\\\/blog\\\/app\\\/uploads\\\/2017\\\/02\\\/esquiades-LOGO-2.jpg\",\"width\":397,\"height\":157,\"caption\":\"Esquiades Blog\"},\"image\":{\"@id\":\"https:\\\/\\\/www.esquiades.com\\\/blog\\\/#\\\/schema\\\/logo\\\/image\\\/\"}},{\"@type\":\"Person\",\"@id\":\"https:\\\/\\\/www.esquiades.com\\\/blog\\\/#\\\/schema\\\/person\\\/d0fd9f4f1a875a2fda01aa476d80a062\",\"name\":\"pps@b2-performance.es\",\"image\":{\"@type\":\"ImageObject\",\"inLanguage\":\"es\",\"@id\":\"https:\\\/\\\/secure.gravatar.com\\\/avatar\\\/0329b708caf0b031cad4c30f76b07f821c214bb62667106c6e61789a4286bb5f?s=96&d=mm&r=g\",\"url\":\"https:\\\/\\\/secure.gravatar.com\\\/avatar\\\/0329b708caf0b031cad4c30f76b07f821c214bb62667106c6e61789a4286bb5f?s=96&d=mm&r=g\",\"contentUrl\":\"https:\\\/\\\/secure.gravatar.com\\\/avatar\\\/0329b708caf0b031cad4c30f76b07f821c214bb62667106c6e61789a4286bb5f?s=96&d=mm&r=g\",\"caption\":\"pps@b2-performance.es\"},\"url\":\"https:\\\/\\\/www.esquiades.com\\\/blog\\\/author\\\/ppsb2-performance-es\\\/\"}]}<\/script>\n<!-- \/ Yoast SEO plugin. -->","yoast_head_json":{"title":"Novedad \u2013 Lo \u00faltimo en Esquiades.com para este verano - Esquiades Blog","robots":{"index":"index","follow":"follow","max-snippet":"max-snippet:-1","max-image-preview":"max-image-preview:large","max-video-preview":"max-video-preview:-1"},"canonical":"https:\/\/www.esquiades.com\/blog\/novedades-de-esquiades-verano\/","og_locale":"es_ES","og_type":"article","og_title":"Novedad \u2013 Lo \u00faltimo en Esquiades.com para este verano - Esquiades Blog","og_description":"Ponte en situaci\u00f3n. Tienes por delante un caluroso verano y unas ganas terribles de desconectar de la rutina. \u00bfY qu\u00e9 mejor para ello que vivir nuevas experiencias? En Esquiades.com tenemos lo que necesitas: novedades y actividades en Andorra para pasar unas vacaciones de diez. \u00a1Sigue leyendo! &nbsp; &nbsp; &nbsp; Moverse por Andorra con arte &nbsp;...","og_url":"https:\/\/www.esquiades.com\/blog\/novedades-de-esquiades-verano\/","og_site_name":"Esquiades Blog","article_published_time":"2018-05-22T12:04:10+00:00","og_image":[{"url":"http:\/\/www.esquiades.com\/blog\/wp-content\/uploads\/2018\/05\/museo-carmen-thyssen.jpg","type":"","width":"","height":""}],"author":"pps@b2-performance.es","twitter_card":"summary_large_image","twitter_misc":{"Escrito por":"pps@b2-performance.es","Tiempo de lectura":"4 minutos"},"schema":{"@context":"https:\/\/schema.org","@graph":[{"@type":"NewsArticle","@id":"https:\/\/www.esquiades.com\/blog\/novedades-de-esquiades-verano\/#article","isPartOf":{"@id":"https:\/\/www.esquiades.com\/blog\/novedades-de-esquiades-verano\/"},"author":{"name":"pps@b2-performance.es","@id":"https:\/\/www.esquiades.com\/blog\/#\/schema\/person\/d0fd9f4f1a875a2fda01aa476d80a062"},"headline":"Novedad \u2013 Lo \u00faltimo en Esquiades.com para este verano","datePublished":"2018-05-22T12:04:10+00:00","mainEntityOfPage":{"@id":"https:\/\/www.esquiades.com\/blog\/novedades-de-esquiades-verano\/"},"wordCount":734,"commentCount":0,"publisher":{"@id":"https:\/\/www.esquiades.com\/blog\/#organization"},"image":{"@id":"https:\/\/www.esquiades.com\/blog\/novedades-de-esquiades-verano\/#primaryimage"},"thumbnailUrl":"http:\/\/www.esquiades.com\/blog\/wp-content\/uploads\/2018\/05\/museo-carmen-thyssen.jpg","articleSection":["Aventura","Novedades en Esquiades.com"],"inLanguage":"es","potentialAction":[{"@type":"CommentAction","name":"Comment","target":["https:\/\/www.esquiades.com\/blog\/novedades-de-esquiades-verano\/#respond"]}]},{"@type":"WebPage","@id":"https:\/\/www.esquiades.com\/blog\/novedades-de-esquiades-verano\/","url":"https:\/\/www.esquiades.com\/blog\/novedades-de-esquiades-verano\/","name":"Novedad \u2013 Lo \u00faltimo en Esquiades.com para este verano - Esquiades Blog","isPartOf":{"@id":"https:\/\/www.esquiades.com\/blog\/#website"},"primaryImageOfPage":{"@id":"https:\/\/www.esquiades.com\/blog\/novedades-de-esquiades-verano\/#primaryimage"},"image":{"@id":"https:\/\/www.esquiades.com\/blog\/novedades-de-esquiades-verano\/#primaryimage"},"thumbnailUrl":"http:\/\/www.esquiades.com\/blog\/wp-content\/uploads\/2018\/05\/museo-carmen-thyssen.jpg","datePublished":"2018-05-22T12:04:10+00:00","breadcrumb":{"@id":"https:\/\/www.esquiades.com\/blog\/novedades-de-esquiades-verano\/#breadcrumb"},"inLanguage":"es","potentialAction":[{"@type":"ReadAction","target":["https:\/\/www.esquiades.com\/blog\/novedades-de-esquiades-verano\/"]}]},{"@type":"ImageObject","inLanguage":"es","@id":"https:\/\/www.esquiades.com\/blog\/novedades-de-esquiades-verano\/#primaryimage","url":"https:\/\/www.esquiades.com\/blog\/app\/uploads\/2018\/05\/museo-carmen-thyssen.jpg","contentUrl":"https:\/\/www.esquiades.com\/blog\/app\/uploads\/2018\/05\/museo-carmen-thyssen.jpg","width":1000,"height":667},{"@type":"BreadcrumbList","@id":"https:\/\/www.esquiades.com\/blog\/novedades-de-esquiades-verano\/#breadcrumb","itemListElement":[{"@type":"ListItem","position":1,"name":"Home","item":"https:\/\/www.esquiades.com\/blog\/"},{"@type":"ListItem","position":2,"name":"Novedad \u2013 Lo \u00faltimo en Esquiades.com para este verano"}]},{"@type":"WebSite","@id":"https:\/\/www.esquiades.com\/blog\/#website","url":"https:\/\/www.esquiades.com\/blog\/","name":"Esquiades Blog","description":"Pasi\u00f3n por la nieve y la monta\u00f1a","publisher":{"@id":"https:\/\/www.esquiades.com\/blog\/#organization"},"potentialAction":[{"@type":"SearchAction","target":{"@type":"EntryPoint","urlTemplate":"https:\/\/www.esquiades.com\/blog\/?s={search_term_string}"},"query-input":{"@type":"PropertyValueSpecification","valueRequired":true,"valueName":"search_term_string"}}],"inLanguage":"es"},{"@type":"Organization","@id":"https:\/\/www.esquiades.com\/blog\/#organization","name":"Esquiades Blog","url":"https:\/\/www.esquiades.com\/blog\/","logo":{"@type":"ImageObject","inLanguage":"es","@id":"https:\/\/www.esquiades.com\/blog\/#\/schema\/logo\/image\/","url":"https:\/\/www.esquiades.com\/blog\/app\/uploads\/2017\/02\/esquiades-LOGO-2.jpg","contentUrl":"https:\/\/www.esquiades.com\/blog\/app\/uploads\/2017\/02\/esquiades-LOGO-2.jpg","width":397,"height":157,"caption":"Esquiades Blog"},"image":{"@id":"https:\/\/www.esquiades.com\/blog\/#\/schema\/logo\/image\/"}},{"@type":"Person","@id":"https:\/\/www.esquiades.com\/blog\/#\/schema\/person\/d0fd9f4f1a875a2fda01aa476d80a062","name":"pps@b2-performance.es","image":{"@type":"ImageObject","inLanguage":"es","@id":"https:\/\/secure.gravatar.com\/avatar\/0329b708caf0b031cad4c30f76b07f821c214bb62667106c6e61789a4286bb5f?s=96&d=mm&r=g","url":"https:\/\/secure.gravatar.com\/avatar\/0329b708caf0b031cad4c30f76b07f821c214bb62667106c6e61789a4286bb5f?s=96&d=mm&r=g","contentUrl":"https:\/\/secure.gravatar.com\/avatar\/0329b708caf0b031cad4c30f76b07f821c214bb62667106c6e61789a4286bb5f?s=96&d=mm&r=g","caption":"pps@b2-performance.es"},"url":"https:\/\/www.esquiades.com\/blog\/author\/ppsb2-performance-es\/"}]}},"_links":{"self":[{"href":"https:\/\/www.esquiades.com\/blog\/wp-json\/wp\/v2\/posts\/8168","targetHints":{"allow":["GET"]}}],"collection":[{"href":"https:\/\/www.esquiades.com\/blog\/wp-json\/wp\/v2\/posts"}],"about":[{"href":"https:\/\/www.esquiades.com\/blog\/wp-json\/wp\/v2\/types\/post"}],"author":[{"embeddable":true,"href":"https:\/\/www.esquiades.com\/blog\/wp-json\/wp\/v2\/users\/1"}],"replies":[{"embeddable":true,"href":"https:\/\/www.esquiades.com\/blog\/wp-json\/wp\/v2\/comments?post=8168"}],"version-history":[{"count":0,"href":"https:\/\/www.esquiades.com\/blog\/wp-json\/wp\/v2\/posts\/8168\/revisions"}],"wp:attachment":[{"href":"https:\/\/www.esquiades.com\/blog\/wp-json\/wp\/v2\/media?parent=8168"}],"wp:term":[{"taxonomy":"category","embeddable":true,"href":"https:\/\/www.esquiades.com\/blog\/wp-json\/wp\/v2\/categories?post=8168"},{"taxonomy":"post_tag","embeddable":true,"href":"https:\/\/www.esquiades.com\/blog\/wp-json\/wp\/v2\/tags?post=8168"}],"curies":[{"name":"wp","href":"https:\/\/api.w.org\/{rel}","templated":true}]}}