{"id":7733,"date":"2018-03-07T09:00:09","date_gmt":"2018-03-07T08:00:09","guid":{"rendered":"http:\/\/www.esquiades.com\/blog\/?p=7733"},"modified":"2018-03-07T09:00:09","modified_gmt":"2018-03-07T08:00:09","slug":"6-esquiadoras-y-snowboarders-que-han-hecho-historia","status":"publish","type":"post","link":"https:\/\/www.esquiades.com\/blog\/6-esquiadoras-y-snowboarders-que-han-hecho-historia\/","title":{"rendered":"6 esquiadoras y snowboarders que han hecho historia"},"content":{"rendered":"<p style=\"text-align: justify;\">El post de hoy est\u00e1 dedicado a las mujeres esquiadoras y snowboarders, incluso a las m\u00e1s j\u00f3venes. Dado que el 8 de marzo es el <strong>D\u00eda Internacional de la Mujer<\/strong>, en <a href=\"http:\/\/www.esquiades.com\/\" target=\"_blank\" rel=\"noopener noreferrer\"><strong>Esquiades.com<\/strong><\/a> queremos rendir un peque\u00f1o homenaje a algunas de las f\u00e9minas que han hecho historia en el mundo del esqu\u00ed o el snow.<\/p>\n<p>&nbsp;<\/p>\n<p style=\"text-align: justify;\">Pero antes de desvelaros qui\u00e9nes fueron estas maravillosas mujeres, os explicaremos un poco la importancia y la historia de esta jornada. Haciendo caso del refr\u00e1n, hoy te ir\u00e1s a dormir sabiendo una cosa m\u00e1s. <strong>\u00a1Presta atenci\u00f3n!<\/strong><\/p>\n<p>&nbsp;<\/p>\n<p style=\"text-align: justify;\"><img fetchpriority=\"high\" decoding=\"async\" class=\"aligncenter size-full wp-image-7747\" src=\"http:\/\/www.esquiades.com\/blog\/wp-content\/uploads\/2018\/03\/sara_portada_6ESQUIADORAS.jpg\" alt=\"Esquiadoras que han echo historia\" width=\"900\" height=\"506\" srcset=\"https:\/\/www.esquiades.com\/blog\/app\/uploads\/2018\/03\/sara_portada_6ESQUIADORAS.jpg 900w, https:\/\/www.esquiades.com\/blog\/app\/uploads\/2018\/03\/sara_portada_6ESQUIADORAS-300x169.jpg 300w, https:\/\/www.esquiades.com\/blog\/app\/uploads\/2018\/03\/sara_portada_6ESQUIADORAS-768x432.jpg 768w\" sizes=\"(max-width: 900px) 100vw, 900px\" \/><\/p>\n<p>&nbsp;<br \/>\n&nbsp;<br \/>\n<div id=\"toc_container\" class=\"no_bullets\"><p class=\"toc_title\">Contenido<\/p><ul class=\"toc_list\"><li><a href=\"#Por_que_se_celebra_el_8_de_marzo\"><span class=\"toc_number toc_depth_1\">1<\/span> \u00bfPor qu\u00e9 se celebra el 8 de marzo?<\/a><\/li><li><a href=\"#6_esquiadoras_y_snowboarders_irrepetibles\"><span class=\"toc_number toc_depth_1\">2<\/span> 6 esquiadoras y snowboarders irrepetibles<\/a><ul><li><a href=\"#Lindsey_Vonn\"><span class=\"toc_number toc_depth_2\">2.1<\/span> Lindsey Vonn<\/a><\/li><li><a href=\"#Ester_Ledecka\"><span class=\"toc_number toc_depth_2\">2.2<\/span> Ester Ledeck\u00e1<\/a><\/li><li><a href=\"#Anja_Parson\"><span class=\"toc_number toc_depth_2\">2.3<\/span> Anja P\u00e4rson<\/a><\/li><li><a href=\"#Blanca_Fernandez_Ochoa\"><span class=\"toc_number toc_depth_2\">2.4<\/span> Blanca Fern\u00e1ndez Ochoa<\/a><\/li><li><a href=\"#Marit_Bjorgen\"><span class=\"toc_number toc_depth_2\">2.5<\/span> Marit Bj\u00f6rgen<\/a><\/li><li><a href=\"#Maria_Jose_Rienda\"><span class=\"toc_number toc_depth_2\">2.6<\/span> Mar\u00eda Jos\u00e9 Rienda<\/a><\/li><\/ul><\/li><li><a href=\"#Bonus_track_la_misteriosa_mujer_de_la_nieve\"><span class=\"toc_number toc_depth_1\">3<\/span> Bonus track: la misteriosa mujer de la nieve<\/a><\/li><\/ul><\/div>\n<br \/>\n&nbsp;<\/p>\n<h2 style=\"text-align: justify;\"><span id=\"Por_que_se_celebra_el_8_de_marzo\">\u00bfPor qu\u00e9 se celebra el 8 de marzo?<\/span><\/h2>\n<p>&nbsp;<\/p>\n<p style=\"text-align: justify;\">En 1908, en una f\u00e1brica textil de <strong>Nueva York<\/strong>, un grupo de trabajadoras se declar\u00f3 en huelga en protesta por las condiciones de trabajo y los bajos salarios. Aquellas mujeres reivindicaban la igualdad salarial con los hombres, un d\u00eda de descanso semanal, el permiso de lactancia y para el cuidado de los hijos y reducir la jornada laboral, ya que muchas de ellas trabajaban m\u00e1s de 10 horas diarias seguidas.<\/p>\n<p>&nbsp;<\/p>\n<p style=\"text-align: justify;\">El due\u00f1o no acept\u00f3 la huelga y, para silenciar a las empleadas, cerr\u00f3 las puertas de la f\u00e1brica y le prendi\u00f3 fuego, lo que <strong>acab\u00f3 con la vida de 146 trabajadoras<\/strong>.<\/p>\n<p>&nbsp;<\/p>\n<p style=\"text-align: justify;\">Al a\u00f1o siguiente, miles de mujeres impulsaron en Nueva York huelgas y protestas. Bajo el lema <strong>\u201cpan y rosas\u201d<\/strong>, luchaban contra la vida opresiva y la injusticia, atrevi\u00e9ndose a so\u00f1ar con un mundo mejor. Os invitamos a leer el poema-manifiesto Pan y rosas, de James Oppenheim.<\/p>\n<p>&nbsp;<\/p>\n<p style=\"text-align: justify;\">Finalmente, dos a\u00f1os despu\u00e9s, se celebr\u00f3 la segunda Conferencia Internacional de las Mujeres Socialistas en Copenhague, Dinamarca. Fue all\u00ed donde la pol\u00edtica alemana <strong>Clara Zetkin<\/strong> propuso instituir el 8 de marzo como D\u00eda internacional de la Mujer, reclamar derechos pol\u00edticos, civiles y econ\u00f3micos para las f\u00e9minas de todo el mundo y homenajear a las pioneras en la lucha feminista.<\/p>\n<p>&nbsp;<\/p>\n<h2 style=\"text-align: justify;\"><span id=\"6_esquiadoras_y_snowboarders_irrepetibles\">6 esquiadoras y snowboarders irrepetibles<\/span><\/h2>\n<p>&nbsp;<\/p>\n<p style=\"text-align: justify;\">Despu\u00e9s de conocer la historia y entender el significado de esta fecha, te presentamos 5 esquiadoras y snowboarders que han marcado este deporte. Te explicamos por qu\u00e9 son tan importantes, as\u00ed como alguna curiosidad sobre ellas.<\/p>\n<p>&nbsp;<\/p>\n<h3 style=\"text-align: justify;\"><span id=\"Lindsey_Vonn\">Lindsey Vonn<\/span><\/h3>\n<p>&nbsp;<\/p>\n<p style=\"text-align: justify;\">Esta esquiadora alpina estadounidense, apodada Don Don, ha ganado la Copa del Mundo de Esqu\u00ed Alpino cuatro veces: en 2008, 2009, 2010 y 2012. Fue <strong>campeona ol\u00edmpica<\/strong> en Vancouver, suma 54 triunfos en el Mundial de esqu\u00ed alpino y 20 Globos de Cristal (trofeo que se entrega a la esquiadora con mejor puntuaci\u00f3n en su especialidad). Tambi\u00e9n posee el r\u00e9cord en las categor\u00edas de descenso y supergigante. Adem\u00e1s, recibi\u00f3 el premio Laureus a la mejor deportista femenina del a\u00f1o en 2010.<\/p>\n<p>&nbsp;<\/p>\n<p style=\"text-align: justify;\"><img decoding=\"async\" class=\"aligncenter size-full wp-image-7735\" src=\"http:\/\/www.esquiades.com\/blog\/wp-content\/uploads\/2018\/03\/Lindsey-Vonn.jpg\" alt=\"Lindsey Vonn\" width=\"1500\" height=\"1000\" srcset=\"https:\/\/www.esquiades.com\/blog\/app\/uploads\/2018\/03\/Lindsey-Vonn.jpg 1500w, https:\/\/www.esquiades.com\/blog\/app\/uploads\/2018\/03\/Lindsey-Vonn-300x200.jpg 300w, https:\/\/www.esquiades.com\/blog\/app\/uploads\/2018\/03\/Lindsey-Vonn-768x512.jpg 768w, https:\/\/www.esquiades.com\/blog\/app\/uploads\/2018\/03\/Lindsey-Vonn-1024x683.jpg 1024w\" sizes=\"(max-width: 1500px) 100vw, 1500px\" \/><\/p>\n<p>&nbsp;<\/p>\n<p style=\"text-align: justify;\">Empez\u00f3 a esquiar siendo muy peque\u00f1a, a los 2 a\u00f1os y medio, pero no fue hasta los 9 cuando la familia se dio cuenta de la habilidad que ten\u00eda sobre los esqu\u00eds. Ella misma sinti\u00f3 que era muy veloz y que pod\u00eda llegar a destacar en este deporte.<\/p>\n<p>&nbsp;<\/p>\n<p style=\"text-align: justify;\">Como an\u00e9cdota, podemos decir que <strong>tiene una vaca como mascota<\/strong>. Se llama Olimpia y se la dieron como premio tras ganar en las <a href=\"https:\/\/www.esquiades.com\/viajes-esqui\/espacekilly-tignes-val-disere-1434.html\" target=\"_blank\" rel=\"noopener noreferrer\"><strong>pistas de esqu\u00ed de Val d\u2019Is\u00e8re<\/strong><\/a> en 2005. Normalmente, los vencedores cambian el animal por dinero, pero Lindsey se qued\u00f3 con ella. Y m\u00e1s tarde, en 2009 y 2014, volvi\u00f3 a quedarse con otras dos vacas.<\/p>\n<p>&nbsp;<\/p>\n<p style=\"text-align: justify;\"><img decoding=\"async\" class=\"aligncenter size-full wp-image-7736\" src=\"http:\/\/www.esquiades.com\/blog\/wp-content\/uploads\/2018\/03\/Lindsey-Vonn-y-una-vaca.jpg\" alt=\"Lindsey Vonn y su vaca\" width=\"1240\" height=\"692\" srcset=\"https:\/\/www.esquiades.com\/blog\/app\/uploads\/2018\/03\/Lindsey-Vonn-y-una-vaca.jpg 1240w, https:\/\/www.esquiades.com\/blog\/app\/uploads\/2018\/03\/Lindsey-Vonn-y-una-vaca-300x167.jpg 300w, https:\/\/www.esquiades.com\/blog\/app\/uploads\/2018\/03\/Lindsey-Vonn-y-una-vaca-768x429.jpg 768w, https:\/\/www.esquiades.com\/blog\/app\/uploads\/2018\/03\/Lindsey-Vonn-y-una-vaca-1024x571.jpg 1024w\" sizes=\"(max-width: 1240px) 100vw, 1240px\" \/><\/p>\n<p>&nbsp;<\/p>\n<h3 style=\"text-align: justify;\"><span id=\"Ester_Ledecka\">Ester Ledeck\u00e1<\/span><\/h3>\n<p>&nbsp;<\/p>\n<p style=\"text-align: justify;\">Esta estrella checa compite en dos disciplinas, <strong>esqu\u00ed alpino y snowboard<\/strong>, y est\u00e1 considerada como la mejor snowboarder del mundo en <strong>gigante paralelo<\/strong>. Esta modalidad consiste en rondas de descensos del tipo uno contra uno, haciendo eslalon entre banderas. Adem\u00e1s, es la 43.\u00aa del mundo en <strong>supergigante<\/strong>, la prueba con un \u00fanico descenso cronometrado en la que hay que atravesar varias puertas y marcar el mejor tiempo.<\/p>\n<p>&nbsp;<\/p>\n<p style=\"text-align: justify;\"><img loading=\"lazy\" decoding=\"async\" class=\"aligncenter size-full wp-image-7737\" src=\"http:\/\/www.esquiades.com\/blog\/wp-content\/uploads\/2018\/03\/Collage-Ester.jpg\" alt=\"Collage Ester\" width=\"2048\" height=\"1226\" srcset=\"https:\/\/www.esquiades.com\/blog\/app\/uploads\/2018\/03\/Collage-Ester.jpg 2048w, https:\/\/www.esquiades.com\/blog\/app\/uploads\/2018\/03\/Collage-Ester-300x180.jpg 300w, https:\/\/www.esquiades.com\/blog\/app\/uploads\/2018\/03\/Collage-Ester-768x460.jpg 768w, https:\/\/www.esquiades.com\/blog\/app\/uploads\/2018\/03\/Collage-Ester-1024x613.jpg 1024w\" sizes=\"(max-width: 2048px) 100vw, 2048px\" \/><\/p>\n<p>&nbsp;<\/p>\n<p style=\"text-align: justify;\">Ledeck\u00e1 ha entrado en la historia de los Juegos Ol\u00edmpicos de Yeong Chang, celebrados el pasado mes de febrero en Corea del Sur, al convertirse en la primera mujer que ha ganado el oro en dos deportes diferentes: el <strong>gigante paralelo de snowboard y el supergigante de esqu\u00ed<\/strong>.<\/p>\n<p>&nbsp;<\/p>\n<p style=\"text-align: justify;\">Como curiosidad, podr\u00edamos mencionar que en la rueda de prensa posterior a sus triunfos en Yeong Chang no se quit\u00f3 las gafas ante los medios de comunicaci\u00f3n. Pidi\u00f3 disculpas alegremente y explic\u00f3 el motivo (consideraba que ese d\u00eda no ten\u00eda buen aspecto).<\/p>\n<p>&nbsp;<\/p>\n<p style=\"text-align: justify;\"><img loading=\"lazy\" decoding=\"async\" class=\"aligncenter size-full wp-image-7738\" src=\"http:\/\/www.esquiades.com\/blog\/wp-content\/uploads\/2018\/03\/ester-ledeck\u00e1-gafas.jpg\" alt=\"ester ledeck\u00e1 gafas\" width=\"740\" height=\"440\" srcset=\"https:\/\/www.esquiades.com\/blog\/app\/uploads\/2018\/03\/ester-ledeck\u00e1-gafas.jpg 740w, https:\/\/www.esquiades.com\/blog\/app\/uploads\/2018\/03\/ester-ledeck\u00e1-gafas-300x178.jpg 300w\" sizes=\"(max-width: 740px) 100vw, 740px\" \/><\/p>\n<p>&nbsp;<\/p>\n<h3 style=\"text-align: justify;\"><span id=\"Anja_Parson\">Anja P\u00e4rson<\/span><\/h3>\n<p>&nbsp;<\/p>\n<p style=\"text-align: justify;\">De nacionalidad sueca, es la primera y \u00fanica que ha conseguido ser <strong>campeona mundial<\/strong> en las cinco disciplinas de esqu\u00ed alpino (descenso, eslalon, supergigante, salto de esqu\u00ed y esqu\u00ed de fondo). Ha ganado una medalla de oro ol\u00edmpica, 7 campeonatos del mundo y 2 copas del Mundo, y ha obtenido 42 victorias en la Copa del Mundo de esqu\u00ed alpino, con un total de 94 podios.<\/p>\n<p>&nbsp;<\/p>\n<p style=\"text-align: justify;\">En 2012, despu\u00e9s de 14 a\u00f1os en activo, <strong>Anja se retir\u00f3<\/strong>, debido en parte a una lesi\u00f3n en el cart\u00edlago de la rodilla izquierda. La decisi\u00f3n fue muy dif\u00edcil para ella, pero consider\u00f3 que hab\u00eda llegado el momento de decir adi\u00f3s, ya que su cuerpo no respond\u00eda como antes.<\/p>\n<p>&nbsp;<\/p>\n<p style=\"text-align: justify;\"><img loading=\"lazy\" decoding=\"async\" class=\"aligncenter size-full wp-image-7739\" src=\"http:\/\/www.esquiades.com\/blog\/wp-content\/uploads\/2018\/03\/anja2.jpg\" alt=\"anja2\" width=\"820\" height=\"580\" srcset=\"https:\/\/www.esquiades.com\/blog\/app\/uploads\/2018\/03\/anja2.jpg 820w, https:\/\/www.esquiades.com\/blog\/app\/uploads\/2018\/03\/anja2-300x212.jpg 300w, https:\/\/www.esquiades.com\/blog\/app\/uploads\/2018\/03\/anja2-768x543.jpg 768w\" sizes=\"(max-width: 820px) 100vw, 820px\" \/><\/p>\n<p>&nbsp;<\/p>\n<h3 style=\"text-align: justify;\"><span id=\"Blanca_Fernandez_Ochoa\">Blanca Fern\u00e1ndez Ochoa<\/span><\/h3>\n<p>&nbsp;<\/p>\n<p style=\"text-align: justify;\">Esta ex esquiadora madrile\u00f1a ha sido la <strong>mejor deportista espa\u00f1ola en esqu\u00ed alpino<\/strong>, as\u00ed como la primera y \u00fanica medallista femenina de nuestro pa\u00eds en los Juegos Ol\u00edmpicos de invierno. Logr\u00f3 esta gesta en 1992 en Albertville, donde se hizo con el bronce en eslalon. Es hermana del fallecido <strong>Paquito Fern\u00e1ndez Ochoa<\/strong>, quien conquist\u00f3 el oro en el eslalon gigante de los Juegos de Sapporo, en 1972. Gracias a \u00e9l, se instal\u00f3 en la localidad de Vielha, situada en el <a href=\"http:\/\/www.esquiades.com\/viajes-esqui\/pirineo-catalan-102.html\" target=\"_blank\" rel=\"noopener noreferrer\"><strong>Pirineo catal\u00e1n<\/strong><\/a>, la los 11 a\u00f1os para poder dedicarse de lleno en el mundo de la competici\u00f3n.<\/p>\n<p>&nbsp;<\/p>\n<p style=\"text-align: justify;\"><img loading=\"lazy\" decoding=\"async\" class=\"aligncenter size-full wp-image-7740\" src=\"http:\/\/www.esquiades.com\/blog\/wp-content\/uploads\/2018\/03\/Blanca-Fernandez-Ochoa.jpg\" alt=\"Blanca Fernandez Ochoa\" width=\"1200\" height=\"674\" srcset=\"https:\/\/www.esquiades.com\/blog\/app\/uploads\/2018\/03\/Blanca-Fernandez-Ochoa.jpg 1200w, https:\/\/www.esquiades.com\/blog\/app\/uploads\/2018\/03\/Blanca-Fernandez-Ochoa-300x169.jpg 300w, https:\/\/www.esquiades.com\/blog\/app\/uploads\/2018\/03\/Blanca-Fernandez-Ochoa-768x431.jpg 768w, https:\/\/www.esquiades.com\/blog\/app\/uploads\/2018\/03\/Blanca-Fernandez-Ochoa-1024x575.jpg 1024w\" sizes=\"(max-width: 1200px) 100vw, 1200px\" \/><\/p>\n<p>&nbsp;<\/p>\n<p style=\"text-align: justify;\">Su carrera internacional se consolid\u00f3 al conseguir la primera plaza en las pruebas de Sestriere, Morzine y Lech (estas consisten en realizar las disciplinas de velocidad). Con cinco participaciones en el campeonato del mundo y <strong>19 t\u00edtulos en los campeonatos de Espa\u00f1a<\/strong>, colg\u00f3 los esqu\u00eds en 1992. Adem\u00e1s, se le ha otorgado la medalla de oro de la Real Orden del M\u00e9rito Deportivo, que concede el Consejo Superior de Deportes.<\/p>\n<p>&nbsp;<\/p>\n<p style=\"text-align: justify;\">\u00bfQuieres saber algo m\u00e1s? En ese caso, te contamos que Blanca ha participado como concursante en diferentes programas de televisi\u00f3n, como Supervivientes y Splash! Famosos al agua, en Antena 3, y El conquistador del fin del mundo, de ETB.<\/p>\n<p>&nbsp;<\/p>\n<figure id=\"attachment_7741\" aria-describedby=\"caption-attachment-7741\" style=\"width: 1847px\" class=\"wp-caption aligncenter\"><img loading=\"lazy\" decoding=\"async\" class=\"wp-image-7741 size-full\" src=\"http:\/\/www.esquiades.com\/blog\/wp-content\/uploads\/2018\/03\/Blanca-en-splash.png\" alt=\"Blanca en splash\" width=\"1847\" height=\"951\" srcset=\"https:\/\/www.esquiades.com\/blog\/app\/uploads\/2018\/03\/Blanca-en-splash.png 1847w, https:\/\/www.esquiades.com\/blog\/app\/uploads\/2018\/03\/Blanca-en-splash-300x154.png 300w, https:\/\/www.esquiades.com\/blog\/app\/uploads\/2018\/03\/Blanca-en-splash-768x395.png 768w, https:\/\/www.esquiades.com\/blog\/app\/uploads\/2018\/03\/Blanca-en-splash-1024x527.png 1024w\" sizes=\"(max-width: 1847px) 100vw, 1847px\" \/><figcaption id=\"caption-attachment-7741\" class=\"wp-caption-text\">Blanca en Splash! Famosos al agua<\/figcaption><\/figure>\n<h3 style=\"text-align: justify;\"><span id=\"Marit_Bjorgen\">Marit Bj\u00f6rgen<\/span><\/h3>\n<p>&nbsp;<\/p>\n<p style=\"text-align: justify;\">La mujer con m\u00e1s medallas en unas olimpiadas de invierno es Marit Bj\u00f6rgen y es noruega. Con un total de <strong>15 preseas<\/strong> (8 oros, 4 platas y 3 bronces), ha conseguido ser plusmarquista mundial y empez\u00f3 a competir con apenas 7 a\u00f1os. Adem\u00e1s, es la mujer que ha obtenido m\u00e1s victorias en esqu\u00ed de fondo en la <strong>FIS World Cup<\/strong> y ha sido campeona general de la Copa del Mundo en tres temporadas.<\/p>\n<p>&nbsp;<\/p>\n<p style=\"text-align: justify;\">Su historia comienza en los Juegos de Salt Lake City, en 2002, cuando gan\u00f3 una plata en relevos. M\u00e1s tarde, en Tur\u00edn 2006, obtuvo otra plata, y <strong>arras\u00f3 en Vancouver 2010<\/strong>, con cinco medallas ol\u00edmpicas, de las que tres fueron de oro. A sus 37 a\u00f1os, consigui\u00f3 su primer oro individual tras haber sufrido problemas musculares y f\u00edsicos durante tres a\u00f1os.<\/p>\n<p>&nbsp;<\/p>\n<p style=\"text-align: justify;\"><img loading=\"lazy\" decoding=\"async\" class=\"aligncenter size-full wp-image-7742\" src=\"http:\/\/www.esquiades.com\/blog\/wp-content\/uploads\/2018\/03\/Medallas-Marit-Bjorgen.jpg\" alt=\"Medallas Marit Bjorgen\" width=\"978\" height=\"553\" srcset=\"https:\/\/www.esquiades.com\/blog\/app\/uploads\/2018\/03\/Medallas-Marit-Bjorgen.jpg 978w, https:\/\/www.esquiades.com\/blog\/app\/uploads\/2018\/03\/Medallas-Marit-Bjorgen-300x170.jpg 300w, https:\/\/www.esquiades.com\/blog\/app\/uploads\/2018\/03\/Medallas-Marit-Bjorgen-768x434.jpg 768w\" sizes=\"(max-width: 978px) 100vw, 978px\" \/><\/p>\n<p>&nbsp;<\/p>\n<h3 style=\"text-align: justify;\"><span id=\"Maria_Jose_Rienda\">Mar\u00eda Jos\u00e9 Rienda<\/span><\/h3>\n<p>&nbsp;<\/p>\n<p style=\"text-align: justify;\">Nuestra \u00faltima esquiadora, pero no por ello menos importante, es de nuestra tierra. Esta granadina tiene el honor de ser la <strong>mejor esquiadora espa\u00f1ola<\/strong> de todos los tiempos. Su afici\u00f3n a los deportes de invierno se la debe a sus padres, ya que \u00e9stos trabajaban en la <a href=\"http:\/\/www.esquiades.com\/viajes-esqui\/sierra-nevada-1414.html\" target=\"_blank\" rel=\"noopener noreferrer\"><strong>estaci\u00f3n de esqu\u00ed Sierra Nevada<\/strong><\/a>. Con tan solo 9 a\u00f1os, empez\u00f3 a deslizarse sobre la nieve y su objetivo desde entonces fue participar en la Copa del Mundo.<\/p>\n<p>&nbsp;<\/p>\n<p style=\"text-align: justify;\"><img loading=\"lazy\" decoding=\"async\" class=\"aligncenter size-full wp-image-7743\" src=\"http:\/\/www.esquiades.com\/blog\/wp-content\/uploads\/2018\/03\/maria.jpg\" alt=\"maria\" width=\"646\" height=\"403\" srcset=\"https:\/\/www.esquiades.com\/blog\/app\/uploads\/2018\/03\/maria.jpg 646w, https:\/\/www.esquiades.com\/blog\/app\/uploads\/2018\/03\/maria-300x187.jpg 300w\" sizes=\"(max-width: 646px) 100vw, 646px\" \/><\/p>\n<p>&nbsp;<\/p>\n<p style=\"text-align: justify;\">Sus mayores \u00e9xitos los consigui\u00f3 en la Copa del Mundo, donde alcanz\u00f3 11 podios y 6 victorias, todos en la disciplina de eslalon gigante. Adem\u00e1s, particip\u00f3 en cinco Juegos Ol\u00edmpicos de Invierno, desde Lillehammer 1994 a Vancouver 2010. <strong>Dijo adi\u00f3s a la competici\u00f3n en 2011<\/strong>, despu\u00e9s de luchar para volver a estar en la \u00e9lite y recuperarse de la lesi\u00f3n que arrastraba.<\/p>\n<p>&nbsp;<\/p>\n<p style=\"text-align: justify;\">Actualmente es directora general de Actividades y Promoci\u00f3n del Deporte de la Consejer\u00eda de Turismo y Deporte, ya que la Junta de Andaluc\u00eda le dio este cargo en 2015 .<\/p>\n<p>&nbsp;<\/p>\n<p style=\"text-align: justify;\"><img loading=\"lazy\" decoding=\"async\" class=\"aligncenter size-full wp-image-7744\" src=\"http:\/\/www.esquiades.com\/blog\/wp-content\/uploads\/2018\/03\/Maria-Jose-rienda.jpg\" alt=\"Maria Jose rienda\" width=\"2048\" height=\"1358\" srcset=\"https:\/\/www.esquiades.com\/blog\/app\/uploads\/2018\/03\/Maria-Jose-rienda.jpg 2048w, https:\/\/www.esquiades.com\/blog\/app\/uploads\/2018\/03\/Maria-Jose-rienda-300x199.jpg 300w, https:\/\/www.esquiades.com\/blog\/app\/uploads\/2018\/03\/Maria-Jose-rienda-768x509.jpg 768w, https:\/\/www.esquiades.com\/blog\/app\/uploads\/2018\/03\/Maria-Jose-rienda-1024x679.jpg 1024w\" sizes=\"(max-width: 2048px) 100vw, 2048px\" \/><\/p>\n<p>&nbsp;<\/p>\n<h2 style=\"text-align: justify;\"><span id=\"Bonus_track_la_misteriosa_mujer_de_la_nieve\">Bonus track: la misteriosa mujer de la nieve<\/span><\/h2>\n<p>&nbsp;<\/p>\n<p style=\"text-align: justify;\">\u00bfTe gusta el misterio?\u263a Pues ah\u00ed va un relato de lo m\u00e1s inquietante. Seg\u00fan una leyenda, vive en Jap\u00f3n una mujer hermosa y despiadada que aparece cuando alguien se queda sin rumbo durante una noche nevada. Si te cruzas con ella y la miras a los ojos, es probable que mueras congelado.<\/p>\n<p>&nbsp;<\/p>\n<p style=\"text-align: justify;\">Su nombre es <strong>Yuki-Onna<\/strong> y es un esp\u00edritu femenino (o yokai). Aparece representada como una mujer alta, hermosa y de cabellos largos que aparece de noche. Su piel es tan p\u00e1lida que casi parece transparente, por lo que puede camuflarse entre la nieve. Su gran belleza puede llegar enamorar, pero hay que evitar contemplarla fijamente para no morir.<\/p>\n<p>&nbsp;<\/p>\n<p style=\"text-align: justify;\">Esta atractiva mujer aparece cuando los viajeros se encuentran atrapados en un temporal de nieve y, seg\u00fan se dice, es capaz de congelarlos con su aliento. En cambio, otras veces se manifiesta con un beb\u00e9 en brazos. Cuando el humano coge al ni\u00f1o, \u00e9ste se convierte en una estatua de hielo (esto ocurre cuando un padre busca a su hijo, perdido en mitad de la tormenta).<\/p>\n<p>&nbsp;<\/p>\n<p style=\"text-align: justify;\">\u00bfTe ha gustado esta leyenda? Un consejo de <a href=\"http:\/\/www.esquiades.com\/\" target=\"_blank\" rel=\"nofollow noopener noreferrer\"><strong>Esquiades.com<\/strong><\/a>: ten cuidado si caminas por una monta\u00f1a nevada de noche. \ud83d\ude09<\/p>\n<p>&nbsp;<\/p>\n<p style=\"text-align: justify;\"><img loading=\"lazy\" decoding=\"async\" class=\"aligncenter size-full wp-image-7746\" src=\"http:\/\/www.esquiades.com\/blog\/wp-content\/uploads\/2018\/03\/yuki-onna-congelando.jpg\" alt=\"yuki onna congelando\" width=\"1100\" height=\"668\" srcset=\"https:\/\/www.esquiades.com\/blog\/app\/uploads\/2018\/03\/yuki-onna-congelando.jpg 1100w, https:\/\/www.esquiades.com\/blog\/app\/uploads\/2018\/03\/yuki-onna-congelando-300x182.jpg 300w, https:\/\/www.esquiades.com\/blog\/app\/uploads\/2018\/03\/yuki-onna-congelando-768x466.jpg 768w, https:\/\/www.esquiades.com\/blog\/app\/uploads\/2018\/03\/yuki-onna-congelando-1024x622.jpg 1024w\" sizes=\"(max-width: 1100px) 100vw, 1100px\" \/><\/p>\n<p>&nbsp;<\/p>\n<p style=\"text-align: justify;\">\u00bfConoces m\u00e1s <strong>supermujeres esquiadoras<\/strong> que tambi\u00e9n merezcan estar aqu\u00ed (por ejemplo, la croata Janica Kosteli\u0107)? Te invitamos a que nos dejes un comentario y nos digas a qui\u00e9n echas en falta en esta lista.<\/p>\n<p>&nbsp;<\/p>\n","protected":false},"excerpt":{"rendered":"<p>Contenido1 \u00bfPor qu\u00e9 se celebra el 8 de marzo?2 6 esquiadoras y snowboarders irrepetibles2.1 Lindsey Vonn2.2 Ester Ledeck\u00e12.3 Anja P\u00e4rson2.4 Blanca Fern\u00e1ndez Ochoa2.5 Marit Bj\u00f6rgen2.6 Mar\u00eda Jos\u00e9 Rienda3 Bonus track: la misteriosa mujer de la nieve El post de hoy est\u00e1 dedicado a las mujeres esquiadoras y snowboarders, incluso a las m\u00e1s j\u00f3venes. Dado que&#8230;<\/p>\n","protected":false},"author":1,"featured_media":0,"comment_status":"open","ping_status":"open","sticky":false,"template":"","format":"standard","meta":{"_acf_changed":false,"footnotes":""},"categories":[1],"tags":[],"class_list":["post-7733","post","type-post","status-publish","format-standard","hentry","category-sin-categoria"],"acf":[],"yoast_head":"<!-- This site is optimized with the Yoast SEO plugin v23.1 - https:\/\/yoast.com\/wordpress\/plugins\/seo\/ -->\n<title>6 esquiadoras y snowboarders que han hecho historia - Esquiades Blog<\/title>\n<meta name=\"robots\" content=\"index, follow, max-snippet:-1, max-image-preview:large, max-video-preview:-1\" \/>\n<link rel=\"canonical\" href=\"https:\/\/www.esquiades.com\/blog\/6-esquiadoras-y-snowboarders-que-han-hecho-historia\/\" \/>\n<meta property=\"og:locale\" content=\"es_ES\" \/>\n<meta property=\"og:type\" content=\"article\" \/>\n<meta property=\"og:title\" content=\"6 esquiadoras y snowboarders que han hecho historia - Esquiades Blog\" \/>\n<meta property=\"og:description\" content=\"Contenido1 \u00bfPor qu\u00e9 se celebra el 8 de marzo?2 6 esquiadoras y snowboarders irrepetibles2.1 Lindsey Vonn2.2 Ester Ledeck\u00e12.3 Anja P\u00e4rson2.4 Blanca Fern\u00e1ndez Ochoa2.5 Marit Bj\u00f6rgen2.6 Mar\u00eda Jos\u00e9 Rienda3 Bonus track: la misteriosa mujer de la nieve El post de hoy est\u00e1 dedicado a las mujeres esquiadoras y snowboarders, incluso a las m\u00e1s j\u00f3venes. Dado que...\" \/>\n<meta property=\"og:url\" content=\"https:\/\/www.esquiades.com\/blog\/6-esquiadoras-y-snowboarders-que-han-hecho-historia\/\" \/>\n<meta property=\"og:site_name\" content=\"Esquiades Blog\" \/>\n<meta property=\"article:published_time\" content=\"2018-03-07T08:00:09+00:00\" \/>\n<meta property=\"og:image\" content=\"http:\/\/www.esquiades.com\/blog\/wp-content\/uploads\/2018\/03\/sara_portada_6ESQUIADORAS.jpg\" \/>\n<meta name=\"author\" content=\"pps@b2-performance.es\" \/>\n<meta name=\"twitter:card\" content=\"summary_large_image\" \/>\n<meta name=\"twitter:label1\" content=\"Written by\" \/>\n\t<meta name=\"twitter:data1\" content=\"pps@b2-performance.es\" \/>\n\t<meta name=\"twitter:label2\" content=\"Est. reading time\" \/>\n\t<meta name=\"twitter:data2\" content=\"8 minutos\" \/>\n<script type=\"application\/ld+json\" class=\"yoast-schema-graph\">{\"@context\":\"https:\/\/schema.org\",\"@graph\":[{\"@type\":\"NewsArticle\",\"@id\":\"https:\/\/www.esquiades.com\/blog\/6-esquiadoras-y-snowboarders-que-han-hecho-historia\/#article\",\"isPartOf\":{\"@id\":\"https:\/\/www.esquiades.com\/blog\/6-esquiadoras-y-snowboarders-que-han-hecho-historia\/\"},\"author\":{\"name\":\"pps@b2-performance.es\",\"@id\":\"https:\/\/www.esquiades.com\/blog\/#\/schema\/person\/d0fd9f4f1a875a2fda01aa476d80a062\"},\"headline\":\"6 esquiadoras y snowboarders que han hecho historia\",\"datePublished\":\"2018-03-07T08:00:09+00:00\",\"dateModified\":\"2018-03-07T08:00:09+00:00\",\"mainEntityOfPage\":{\"@id\":\"https:\/\/www.esquiades.com\/blog\/6-esquiadoras-y-snowboarders-que-han-hecho-historia\/\"},\"wordCount\":1698,\"commentCount\":2,\"publisher\":{\"@id\":\"https:\/\/www.esquiades.com\/blog\/#organization\"},\"image\":{\"@id\":\"https:\/\/www.esquiades.com\/blog\/6-esquiadoras-y-snowboarders-que-han-hecho-historia\/#primaryimage\"},\"thumbnailUrl\":\"http:\/\/www.esquiades.com\/blog\/wp-content\/uploads\/2018\/03\/sara_portada_6ESQUIADORAS.jpg\",\"inLanguage\":\"es\",\"potentialAction\":[{\"@type\":\"CommentAction\",\"name\":\"Comment\",\"target\":[\"https:\/\/www.esquiades.com\/blog\/6-esquiadoras-y-snowboarders-que-han-hecho-historia\/#respond\"]}]},{\"@type\":\"WebPage\",\"@id\":\"https:\/\/www.esquiades.com\/blog\/6-esquiadoras-y-snowboarders-que-han-hecho-historia\/\",\"url\":\"https:\/\/www.esquiades.com\/blog\/6-esquiadoras-y-snowboarders-que-han-hecho-historia\/\",\"name\":\"6 esquiadoras y snowboarders que han hecho historia - Esquiades Blog\",\"isPartOf\":{\"@id\":\"https:\/\/www.esquiades.com\/blog\/#website\"},\"primaryImageOfPage\":{\"@id\":\"https:\/\/www.esquiades.com\/blog\/6-esquiadoras-y-snowboarders-que-han-hecho-historia\/#primaryimage\"},\"image\":{\"@id\":\"https:\/\/www.esquiades.com\/blog\/6-esquiadoras-y-snowboarders-que-han-hecho-historia\/#primaryimage\"},\"thumbnailUrl\":\"http:\/\/www.esquiades.com\/blog\/wp-content\/uploads\/2018\/03\/sara_portada_6ESQUIADORAS.jpg\",\"datePublished\":\"2018-03-07T08:00:09+00:00\",\"dateModified\":\"2018-03-07T08:00:09+00:00\",\"breadcrumb\":{\"@id\":\"https:\/\/www.esquiades.com\/blog\/6-esquiadoras-y-snowboarders-que-han-hecho-historia\/#breadcrumb\"},\"inLanguage\":\"es\",\"potentialAction\":[{\"@type\":\"ReadAction\",\"target\":[\"https:\/\/www.esquiades.com\/blog\/6-esquiadoras-y-snowboarders-que-han-hecho-historia\/\"]}]},{\"@type\":\"ImageObject\",\"inLanguage\":\"es\",\"@id\":\"https:\/\/www.esquiades.com\/blog\/6-esquiadoras-y-snowboarders-que-han-hecho-historia\/#primaryimage\",\"url\":\"https:\/\/www.esquiades.com\/blog\/app\/uploads\/2018\/03\/sara_portada_6ESQUIADORAS.jpg\",\"contentUrl\":\"https:\/\/www.esquiades.com\/blog\/app\/uploads\/2018\/03\/sara_portada_6ESQUIADORAS.jpg\",\"width\":900,\"height\":506},{\"@type\":\"BreadcrumbList\",\"@id\":\"https:\/\/www.esquiades.com\/blog\/6-esquiadoras-y-snowboarders-que-han-hecho-historia\/#breadcrumb\",\"itemListElement\":[{\"@type\":\"ListItem\",\"position\":1,\"name\":\"Home\",\"item\":\"https:\/\/www.esquiades.com\/blog\/\"},{\"@type\":\"ListItem\",\"position\":2,\"name\":\"6 esquiadoras y snowboarders que han hecho historia\"}]},{\"@type\":\"WebSite\",\"@id\":\"https:\/\/www.esquiades.com\/blog\/#website\",\"url\":\"https:\/\/www.esquiades.com\/blog\/\",\"name\":\"Esquiades Blog\",\"description\":\"Pasi\u00f3n por la nieve y la monta\u00f1a\",\"publisher\":{\"@id\":\"https:\/\/www.esquiades.com\/blog\/#organization\"},\"potentialAction\":[{\"@type\":\"SearchAction\",\"target\":{\"@type\":\"EntryPoint\",\"urlTemplate\":\"https:\/\/www.esquiades.com\/blog\/?s={search_term_string}\"},\"query-input\":\"required name=search_term_string\"}],\"inLanguage\":\"es\"},{\"@type\":\"Organization\",\"@id\":\"https:\/\/www.esquiades.com\/blog\/#organization\",\"name\":\"Esquiades Blog\",\"url\":\"https:\/\/www.esquiades.com\/blog\/\",\"logo\":{\"@type\":\"ImageObject\",\"inLanguage\":\"es\",\"@id\":\"https:\/\/www.esquiades.com\/blog\/#\/schema\/logo\/image\/\",\"url\":\"https:\/\/www.esquiades.com\/blog\/app\/uploads\/2017\/02\/esquiades-LOGO-2.jpg\",\"contentUrl\":\"https:\/\/www.esquiades.com\/blog\/app\/uploads\/2017\/02\/esquiades-LOGO-2.jpg\",\"width\":397,\"height\":157,\"caption\":\"Esquiades Blog\"},\"image\":{\"@id\":\"https:\/\/www.esquiades.com\/blog\/#\/schema\/logo\/image\/\"}},{\"@type\":\"Person\",\"@id\":\"https:\/\/www.esquiades.com\/blog\/#\/schema\/person\/d0fd9f4f1a875a2fda01aa476d80a062\",\"name\":\"pps@b2-performance.es\",\"image\":{\"@type\":\"ImageObject\",\"inLanguage\":\"es\",\"@id\":\"https:\/\/www.esquiades.com\/blog\/#\/schema\/person\/image\/\",\"url\":\"https:\/\/secure.gravatar.com\/avatar\/0329b708caf0b031cad4c30f76b07f821c214bb62667106c6e61789a4286bb5f?s=96&d=mm&r=g\",\"contentUrl\":\"https:\/\/secure.gravatar.com\/avatar\/0329b708caf0b031cad4c30f76b07f821c214bb62667106c6e61789a4286bb5f?s=96&d=mm&r=g\",\"caption\":\"pps@b2-performance.es\"},\"url\":\"https:\/\/www.esquiades.com\/blog\/author\/ppsb2-performance-es\/\"}]}<\/script>\n<!-- \/ Yoast SEO plugin. -->","yoast_head_json":{"title":"6 esquiadoras y snowboarders que han hecho historia - Esquiades Blog","robots":{"index":"index","follow":"follow","max-snippet":"max-snippet:-1","max-image-preview":"max-image-preview:large","max-video-preview":"max-video-preview:-1"},"canonical":"https:\/\/www.esquiades.com\/blog\/6-esquiadoras-y-snowboarders-que-han-hecho-historia\/","og_locale":"es_ES","og_type":"article","og_title":"6 esquiadoras y snowboarders que han hecho historia - Esquiades Blog","og_description":"Contenido1 \u00bfPor qu\u00e9 se celebra el 8 de marzo?2 6 esquiadoras y snowboarders irrepetibles2.1 Lindsey Vonn2.2 Ester Ledeck\u00e12.3 Anja P\u00e4rson2.4 Blanca Fern\u00e1ndez Ochoa2.5 Marit Bj\u00f6rgen2.6 Mar\u00eda Jos\u00e9 Rienda3 Bonus track: la misteriosa mujer de la nieve El post de hoy est\u00e1 dedicado a las mujeres esquiadoras y snowboarders, incluso a las m\u00e1s j\u00f3venes. Dado que...","og_url":"https:\/\/www.esquiades.com\/blog\/6-esquiadoras-y-snowboarders-que-han-hecho-historia\/","og_site_name":"Esquiades Blog","article_published_time":"2018-03-07T08:00:09+00:00","og_image":[{"url":"http:\/\/www.esquiades.com\/blog\/wp-content\/uploads\/2018\/03\/sara_portada_6ESQUIADORAS.jpg"}],"author":"pps@b2-performance.es","twitter_card":"summary_large_image","twitter_misc":{"Written by":"pps@b2-performance.es","Est. reading time":"8 minutos"},"schema":{"@context":"https:\/\/schema.org","@graph":[{"@type":"NewsArticle","@id":"https:\/\/www.esquiades.com\/blog\/6-esquiadoras-y-snowboarders-que-han-hecho-historia\/#article","isPartOf":{"@id":"https:\/\/www.esquiades.com\/blog\/6-esquiadoras-y-snowboarders-que-han-hecho-historia\/"},"author":{"name":"pps@b2-performance.es","@id":"https:\/\/www.esquiades.com\/blog\/#\/schema\/person\/d0fd9f4f1a875a2fda01aa476d80a062"},"headline":"6 esquiadoras y snowboarders que han hecho historia","datePublished":"2018-03-07T08:00:09+00:00","dateModified":"2018-03-07T08:00:09+00:00","mainEntityOfPage":{"@id":"https:\/\/www.esquiades.com\/blog\/6-esquiadoras-y-snowboarders-que-han-hecho-historia\/"},"wordCount":1698,"commentCount":2,"publisher":{"@id":"https:\/\/www.esquiades.com\/blog\/#organization"},"image":{"@id":"https:\/\/www.esquiades.com\/blog\/6-esquiadoras-y-snowboarders-que-han-hecho-historia\/#primaryimage"},"thumbnailUrl":"http:\/\/www.esquiades.com\/blog\/wp-content\/uploads\/2018\/03\/sara_portada_6ESQUIADORAS.jpg","inLanguage":"es","potentialAction":[{"@type":"CommentAction","name":"Comment","target":["https:\/\/www.esquiades.com\/blog\/6-esquiadoras-y-snowboarders-que-han-hecho-historia\/#respond"]}]},{"@type":"WebPage","@id":"https:\/\/www.esquiades.com\/blog\/6-esquiadoras-y-snowboarders-que-han-hecho-historia\/","url":"https:\/\/www.esquiades.com\/blog\/6-esquiadoras-y-snowboarders-que-han-hecho-historia\/","name":"6 esquiadoras y snowboarders que han hecho historia - Esquiades Blog","isPartOf":{"@id":"https:\/\/www.esquiades.com\/blog\/#website"},"primaryImageOfPage":{"@id":"https:\/\/www.esquiades.com\/blog\/6-esquiadoras-y-snowboarders-que-han-hecho-historia\/#primaryimage"},"image":{"@id":"https:\/\/www.esquiades.com\/blog\/6-esquiadoras-y-snowboarders-que-han-hecho-historia\/#primaryimage"},"thumbnailUrl":"http:\/\/www.esquiades.com\/blog\/wp-content\/uploads\/2018\/03\/sara_portada_6ESQUIADORAS.jpg","datePublished":"2018-03-07T08:00:09+00:00","dateModified":"2018-03-07T08:00:09+00:00","breadcrumb":{"@id":"https:\/\/www.esquiades.com\/blog\/6-esquiadoras-y-snowboarders-que-han-hecho-historia\/#breadcrumb"},"inLanguage":"es","potentialAction":[{"@type":"ReadAction","target":["https:\/\/www.esquiades.com\/blog\/6-esquiadoras-y-snowboarders-que-han-hecho-historia\/"]}]},{"@type":"ImageObject","inLanguage":"es","@id":"https:\/\/www.esquiades.com\/blog\/6-esquiadoras-y-snowboarders-que-han-hecho-historia\/#primaryimage","url":"https:\/\/www.esquiades.com\/blog\/app\/uploads\/2018\/03\/sara_portada_6ESQUIADORAS.jpg","contentUrl":"https:\/\/www.esquiades.com\/blog\/app\/uploads\/2018\/03\/sara_portada_6ESQUIADORAS.jpg","width":900,"height":506},{"@type":"BreadcrumbList","@id":"https:\/\/www.esquiades.com\/blog\/6-esquiadoras-y-snowboarders-que-han-hecho-historia\/#breadcrumb","itemListElement":[{"@type":"ListItem","position":1,"name":"Home","item":"https:\/\/www.esquiades.com\/blog\/"},{"@type":"ListItem","position":2,"name":"6 esquiadoras y snowboarders que han hecho historia"}]},{"@type":"WebSite","@id":"https:\/\/www.esquiades.com\/blog\/#website","url":"https:\/\/www.esquiades.com\/blog\/","name":"Esquiades Blog","description":"Pasi\u00f3n por la nieve y la monta\u00f1a","publisher":{"@id":"https:\/\/www.esquiades.com\/blog\/#organization"},"potentialAction":[{"@type":"SearchAction","target":{"@type":"EntryPoint","urlTemplate":"https:\/\/www.esquiades.com\/blog\/?s={search_term_string}"},"query-input":"required name=search_term_string"}],"inLanguage":"es"},{"@type":"Organization","@id":"https:\/\/www.esquiades.com\/blog\/#organization","name":"Esquiades Blog","url":"https:\/\/www.esquiades.com\/blog\/","logo":{"@type":"ImageObject","inLanguage":"es","@id":"https:\/\/www.esquiades.com\/blog\/#\/schema\/logo\/image\/","url":"https:\/\/www.esquiades.com\/blog\/app\/uploads\/2017\/02\/esquiades-LOGO-2.jpg","contentUrl":"https:\/\/www.esquiades.com\/blog\/app\/uploads\/2017\/02\/esquiades-LOGO-2.jpg","width":397,"height":157,"caption":"Esquiades Blog"},"image":{"@id":"https:\/\/www.esquiades.com\/blog\/#\/schema\/logo\/image\/"}},{"@type":"Person","@id":"https:\/\/www.esquiades.com\/blog\/#\/schema\/person\/d0fd9f4f1a875a2fda01aa476d80a062","name":"pps@b2-performance.es","image":{"@type":"ImageObject","inLanguage":"es","@id":"https:\/\/www.esquiades.com\/blog\/#\/schema\/person\/image\/","url":"https:\/\/secure.gravatar.com\/avatar\/0329b708caf0b031cad4c30f76b07f821c214bb62667106c6e61789a4286bb5f?s=96&d=mm&r=g","contentUrl":"https:\/\/secure.gravatar.com\/avatar\/0329b708caf0b031cad4c30f76b07f821c214bb62667106c6e61789a4286bb5f?s=96&d=mm&r=g","caption":"pps@b2-performance.es"},"url":"https:\/\/www.esquiades.com\/blog\/author\/ppsb2-performance-es\/"}]}},"_links":{"self":[{"href":"https:\/\/www.esquiades.com\/blog\/wp-json\/wp\/v2\/posts\/7733","targetHints":{"allow":["GET"]}}],"collection":[{"href":"https:\/\/www.esquiades.com\/blog\/wp-json\/wp\/v2\/posts"}],"about":[{"href":"https:\/\/www.esquiades.com\/blog\/wp-json\/wp\/v2\/types\/post"}],"author":[{"embeddable":true,"href":"https:\/\/www.esquiades.com\/blog\/wp-json\/wp\/v2\/users\/1"}],"replies":[{"embeddable":true,"href":"https:\/\/www.esquiades.com\/blog\/wp-json\/wp\/v2\/comments?post=7733"}],"version-history":[{"count":0,"href":"https:\/\/www.esquiades.com\/blog\/wp-json\/wp\/v2\/posts\/7733\/revisions"}],"wp:attachment":[{"href":"https:\/\/www.esquiades.com\/blog\/wp-json\/wp\/v2\/media?parent=7733"}],"wp:term":[{"taxonomy":"category","embeddable":true,"href":"https:\/\/www.esquiades.com\/blog\/wp-json\/wp\/v2\/categories?post=7733"},{"taxonomy":"post_tag","embeddable":true,"href":"https:\/\/www.esquiades.com\/blog\/wp-json\/wp\/v2\/tags?post=7733"}],"curies":[{"name":"wp","href":"https:\/\/api.w.org\/{rel}","templated":true}]}}