{"id":7696,"date":"2018-02-28T09:00:10","date_gmt":"2018-02-28T08:00:10","guid":{"rendered":"http:\/\/www.esquiades.com\/blog\/?p=7696"},"modified":"2024-05-13T14:24:54","modified_gmt":"2024-05-13T12:24:54","slug":"como-acceder-a-las-pistas-de-vallnord","status":"publish","type":"post","link":"https:\/\/www.esquiades.com\/blog\/como-acceder-a-las-pistas-de-vallnord\/","title":{"rendered":"\u00bfC\u00f3mo acceder a las pistas de Vallnord?"},"content":{"rendered":"<div id=\"toc_container\" class=\"no_bullets\"><p class=\"toc_title\">Contenido<\/p><ul class=\"toc_list\"><li><a href=\"#Como_llegar_a_Pal_Arinsal\"><span class=\"toc_number toc_depth_1\">1<\/span> \u00bfC\u00f3mo llegar a Pal Arinsal?<\/a><ul><li><a href=\"#Acceder_en_coche_y_aparcar\"><span class=\"toc_number toc_depth_2\">1.1<\/span> Acceder en coche y aparcar<\/a><\/li><\/ul><\/li><li><a href=\"#Lanzate_al_Freebus_y_transporte_publico\"><span class=\"toc_number toc_depth_1\">2<\/span> L\u00e1nzate al Freebus y transporte p\u00fablico<\/a><\/li><li><a href=\"#Como_llegar_a_Ordino_Arcalis\"><span class=\"toc_number toc_depth_1\">3<\/span> \u00bfC\u00f3mo llegar a Ordino Arcal\u00eds?<\/a><ul><li><a href=\"#Conduce_con_cuidado_y_aparca_como_un_rei\"><span class=\"toc_number toc_depth_2\">3.1<\/span> Conduce con cuidado y aparca como un rei<\/a><\/li><li><a href=\"#Una_alternativa_mas_ecologica_el_autobus\"><span class=\"toc_number toc_depth_2\">3.2<\/span> Una alternativa m\u00e1s ecol\u00f3gica: el autob\u00fas<\/a><\/li><\/ul><\/li><\/ul><\/div>\n\n<p><\/p>\n\n\n\n<p>\u00bfTienes planeado un <strong>viaje a Vallnord <\/strong>y no sabes muy bien <strong>c\u00f3mo acceder a sus pistas<\/strong>? En el post de hoy vamos a detallar<strong> todos los accesos<\/strong> a la estaci\u00f3n y algunos trucos para que llegues a las estaciones<strong> sin ning\u00fan contratiempo<\/strong>. \u00a1Empecemos!<\/p>\n\n\n\n<p><\/p>\n\n\n\n<p>La estaci\u00f3n de esqu\u00ed de Vallnord es la <strong>uni\u00f3n de dos estaciones de esqu\u00ed <\/strong>de los valles de Andorra: Pal Arinsal y Ordino Arcal\u00eds. La estaci\u00f3n ofrece <strong>diferentes perfiles de monta\u00f1a <\/strong>que se complementan entre s\u00ed con una amplia oferta de actividades, tanto para adultos como para ni\u00f1os. En uno de los anteriores posts te explicamos las <a href=\"https:\/\/www.esquiades.com\/blog\/duelo-nieve-pal-arinsal-ordino-arcalis\/\">principales caracter\u00edsticas de Ordino Arcal\u00eds y Pal Arinsal.<\/a><br> \u00a0<\/p>\n\n\n\n<p><\/p>\n\n\n\n<p>\u00a0<br>Adem\u00e1s, Vallnord gan\u00f3 el premio a <strong>mejor estaci\u00f3n de esqu\u00ed de Andorra en los World Ski Awards 2017<\/strong>. Y es que no les falta raz\u00f3n a los amantes de la nieve cuando dicen que Vallnord es <strong>uno de los mejores dominios esquiables <\/strong>del Principado e incluso de Europa.<\/p>\n\n\n\n<p><\/p>\n\n\n\n<p>A continuaci\u00f3n, adjuntamos un mapa para que puedas ver en m\u00e1s detalle <strong>todo el dominio esquiable<\/strong>, as\u00ed como el detalle de todas sus pistas y servicios. No te olvides que en nuestra web tienes m\u00e1s<a href=\"https:\/\/www.esquiades.com\/viajes-esqui\/pal-arinsal-1451\"> informaci\u00f3n detallada sobre Vallnord<\/a>, donde te explicamos <strong>qu\u00e9 hacer y qu\u00e9 actividades puedes realizar.<\/strong><\/p>\n\n\n\n<p><\/p>\n\n\n\n<div class=\"wp-block-image\"><figure class=\"aligncenter\"><img fetchpriority=\"high\" decoding=\"async\" width=\"2000\" height=\"1318\" src=\"https:\/\/www.esquiades.com\/blog\/app\/uploads\/2024\/05\/image6.jpg\" alt=\"\" class=\"wp-image-14805\"\/><\/figure><\/div>\n\n\n\n<p><\/p>\n\n\n\n<h2 class=\"wp-block-heading\"><span id=\"Como_llegar_a_Pal_Arinsal\">\u00bfC\u00f3mo llegar a Pal Arinsal?<\/span><\/h2>\n\n\n\n<p><\/p>\n\n\n\n<p>No te preocupes por nada: llegar hasta la <a href=\"https:\/\/www.esquiades.com\/viajes-esqui\/pal-arinsal-1451\">estaci\u00f3n de Pal Arinsal<\/a> <strong>es muy f\u00e1cil <\/strong>y adem\u00e1s puedes llegar hasta ella con <strong>diferentes medios de transporte<\/strong>. A continuaci\u00f3n, tambi\u00e9n te explicaremos diferentes opciones c\u00f3mo llegar y alg\u00fan tip para que tu llegada sea perfecta.<\/p>\n\n\n\n<p><\/p>\n\n\n\n<p><br>Desde <a href=\"https:\/\/www.esquiades.com\/\">Esquiades.com<\/a> te lo vamos a explicar todo <strong>como si ya te encontrar\u00e1s en Andorra<\/strong>, exactamente desde el Punt de Trobada. Porque sabemos que llegar con el GPS hasta Andorra es pan comido, pero una vez all\u00ed\u2026 se te van los datos (3G\/4G) y adi\u00f3s GPS.<\/p>\n\n\n\n<p><\/p>\n\n\n\n<div class=\"wp-block-image\"><figure class=\"aligncenter\"><img decoding=\"async\" width=\"1999\" height=\"1333\" src=\"https:\/\/www.esquiades.com\/blog\/app\/uploads\/2024\/05\/image7.jpg\" alt=\"\" class=\"wp-image-14806\"\/><figcaption> \u00a1Atento! Coge papel, boli y un mapa, que empezamos ya. <\/figcaption><\/figure><\/div>\n\n\n\n<p><\/p>\n\n\n\n<h3 class=\"wp-block-heading\"><span id=\"Acceder_en_coche_y_aparcar\">Acceder en coche y aparcar<\/span><\/h3>\n\n\n\n<p><\/p>\n\n\n\n<p>Si te desplazas hasta Andorra en tu <strong>propio veh\u00edculo<\/strong>, debes tener en cuenta que puedes<strong> encontrarte retenciones<\/strong> y puede hacer que el tiempo del trayecto desde el <strong>Punt de Trobada <\/strong>hasta la estaci\u00f3n de Pal Arinsal var\u00ede.<\/p>\n\n\n\n<p><\/p>\n\n\n\n<p>Primeramente, deber\u00e1s dirigirte <strong>hasta el este por CG-1<\/strong>, cuando llegues a la rotonda cerca del estadio de f\u00fatbol deber\u00e1s<strong> tomar la cuarta salida<\/strong> y seguidamente en la siguiente rotonda tomar la <strong>primera salida<\/strong>. Contin\u00faa recto y sigue por la carretera GC-3 y GC4 hasta la Massana.<\/p>\n\n\n\n<p><\/p>\n\n\n\n<div class=\"wp-block-image\"><figure class=\"aligncenter\"><img decoding=\"async\" width=\"1999\" height=\"1351\" src=\"https:\/\/www.esquiades.com\/blog\/app\/uploads\/2024\/05\/image2.jpg\" alt=\"\" class=\"wp-image-14807\"\/><\/figure><\/div>\n\n\n\n<p><\/p>\n\n\n\n<p>Cuando llegues a la Massana, ver\u00e1s <strong>el gran telecabina<\/strong> que te lleva hasta la <strong>estaci\u00f3n de Pal<\/strong>, una opci\u00f3n puede ser aparcar en la Massana donde encontrar\u00e1s el parking El Farr\u00e9 que est\u00e1 conectado con el telecabina por una pasarela cubierta.<\/p>\n\n\n\n<p><\/p>\n\n\n\n<p>Si quieres llegar a pie de pistas, la otra opci\u00f3n es seguir con el coche <strong>las se\u00f1alizaciones hacia Pal Arinsal<\/strong>. En caso de decantarte por esta opci\u00f3n, cuando llegues conduciendo al <strong>pueblo de Erts<\/strong>, deber\u00e1s decidir si quieres ir al <strong>sector de Pal o Arinsal.<\/strong><\/p>\n\n\n\n<p><\/p>\n\n\n\n<p>Si tu <strong>nivel de esqu\u00ed o snow es intermedio<\/strong>, o si incluso eres un experto, te recomendamos que te dirijas para el sector de Pal. En cambio, si <strong>eres principiante <\/strong>o prefieres un <strong>ambiente m\u00e1s familiar,<\/strong> las pistas de Arinsal ser\u00e1n como un para\u00edso blanco para ti y los tuyos. Ah, y no te preocupes por el aparcamiento, en Pal tienes una <strong>zona de parking gratuita <\/strong>con acceso directo a diferentes puntos del sector.<\/p>\n\n\n\n<p><\/p>\n\n\n\n<div class=\"wp-block-image\"><figure class=\"aligncenter\"><img loading=\"lazy\" decoding=\"async\" width=\"1999\" height=\"1465\" src=\"https:\/\/www.esquiades.com\/blog\/app\/uploads\/2024\/05\/image3.jpg\" alt=\"\" class=\"wp-image-14808\"\/><\/figure><\/div>\n\n\n\n<p><\/p>\n\n\n\n<h2 class=\"wp-block-heading\"><span id=\"Lanzate_al_Freebus_y_transporte_publico\">L\u00e1nzate al Freebus y transporte p\u00fablico<\/span><\/h2>\n\n\n\n<p><\/p>\n\n\n\n<p><strong>Opci\u00f3n 1, Freebus<\/strong><\/p>\n\n\n\n<p><\/p>\n\n\n\n<p>Se nota que Andorra<strong> cuida a los esquiadores<\/strong>\u2026 \u00a1Ya que ofrece un <strong>bus gratuito<\/strong> para acceder a las pistas de Vallnord! El servicio dispone de<strong> tres l\u00edneas diferentes<\/strong>, las 2 que son perfectas para ti son:<\/p>\n\n\n\n<p><\/p>\n\n\n\n<ul class=\"wp-block-list\"><li>La Massana &gt; Erts &gt; Arinsal.<\/li><li>Arcal\u00eds &gt; Ordino &gt; La Massana &gt; Arinsal.<\/li><\/ul>\n\n\n\n<p><\/p>\n\n\n\n<p>Para <strong>consultar sus horarios<\/strong>, entra en la web de Vallnord y dir\u00edgete a la pesta\u00f1a <strong>VALLNORD, FREEBUS.<\/strong><\/p>\n\n\n\n<p><\/p>\n\n\n\n<div class=\"wp-block-image\"><figure class=\"aligncenter\"><img loading=\"lazy\" decoding=\"async\" width=\"1024\" height=\"696\" src=\"https:\/\/www.esquiades.com\/blog\/app\/uploads\/2024\/05\/image9.jpg\" alt=\"\" class=\"wp-image-14809\"\/><figcaption> Transporte p\u00fablico andorrano, L5 <\/figcaption><\/figure><\/div>\n\n\n\n<p><\/p>\n\n\n\n<p><strong>Opci\u00f3n 2, Transporte P\u00fablico<\/strong><\/p>\n\n\n\n<p><\/p>\n\n\n\n<p>En cambio, si ves que el freebus <strong>no combina bien con tus horarios<\/strong> o la ubicaci\u00f3n de las paradas se encuentran <strong>demasiado lejos <\/strong>de tu alojamiento, tambi\u00e9n puedes coger el <strong>autob\u00fas p\u00fablico de Andorra<\/strong>. La l\u00ednea que te deja justo en el aparcamiento de Arinsal es la L5 Arinsal \/ Andorra la Vella \/ Arinsal. Para <strong>consultar los horarios y paradas<\/strong> te recomendamos que visites la web de visitandorra.com.<\/p>\n\n\n\n<p><\/p>\n\n\n\n<h2 class=\"wp-block-heading\"><span id=\"Como_llegar_a_Ordino_Arcalis\">\u00bfC\u00f3mo llegar a Ordino Arcal\u00eds?<\/span><\/h2>\n\n\n\n<p><\/p>\n\n\n\n<p>Tal como anteriormente hemos comentado, partiendo desde el <strong>Punt de Trobada<\/strong> la<a href=\"https:\/\/www.esquiades.com\/viajes-esqui\/arcalis-1453\"> estaci\u00f3n de esqu\u00ed Ordino Arcal\u00eds<\/a> est\u00e1 orientada al norte y situada a una <strong>cota muy alta<\/strong>, por lo tanto, la carretera es peque\u00f1ita\u2026 aunque en <strong>muy buenas condiciones<\/strong> \ud83d\ude42<\/p>\n\n\n\n<p><\/p>\n\n\n\n<div class=\"wp-block-image\"><figure class=\"aligncenter\"><img loading=\"lazy\" decoding=\"async\" width=\"481\" height=\"310\" src=\"https:\/\/www.esquiades.com\/blog\/app\/uploads\/2024\/05\/image12.png\" alt=\"\" class=\"wp-image-14811\"\/><figcaption> La sinuosa carretera para llegar a la estaci\u00f3n <\/figcaption><\/figure><\/div>\n\n\n\n<p><\/p>\n\n\n\n<p>Los pueblos y monta\u00f1as por los que pasar\u00e1s hacen <strong>el trayecto mucho m\u00e1s ameno y maravilloso<\/strong>. \u00a1Pero cuidado! Suele <strong>hacer un poco m\u00e1s de fr\u00edo<\/strong> que en el resto de estaciones, esto comporta <strong>m\u00e1s nevadas<\/strong>\u2026 As\u00ed que gu\u00e1rdate en el maletero<strong> las cadenas<\/strong> por si acaso (mejor prevenir que curar) y si no sabes c\u00f3mo poner las cadenas para nieve en <a href=\"https:\/\/www.esquiades.com\/blog\/sabes-como-colocar-las-cadenas-para-nieve\/\">nuestro blog de Esquiades<\/a> te dejamos unos truquillos muy pr\u00e1cticos.<\/p>\n\n\n\n<p><\/p>\n\n\n\n<div class=\"wp-block-image\"><figure class=\"aligncenter\"><img loading=\"lazy\" decoding=\"async\" width=\"775\" height=\"450\" src=\"https:\/\/www.esquiades.com\/blog\/app\/uploads\/2024\/05\/image5.jpg\" alt=\"\" class=\"wp-image-14812\"\/><figcaption> \u00a1Ojo al volante! Y las cadenas a mano\u2026 <\/figcaption><\/figure><\/div>\n\n\n\n<p><\/p>\n\n\n\n<h3 class=\"wp-block-heading\"><span id=\"Conduce_con_cuidado_y_aparca_como_un_rei\">Conduce con cuidado y aparca como un rei<\/span><\/h3>\n\n\n\n<p><\/p>\n\n\n\n<p>Desplazarse hasta Andorra en tu propio veh\u00edculo puede ser<strong> lo m\u00e1s c\u00f3modo<\/strong>, pero debes llevar siempre a mano un <strong>pu\u00f1ado de paciencia. <\/strong>Aunque el trayecto hasta el <strong>pueblo de Ordino<\/strong> ser\u00e1 tranquilo y sin retenciones, una vez llegues all\u00ed puedes e<strong>ncontrarte alg\u00fan atasco<\/strong>, ya que los esquiadores suele alojarse en el pueblo. Te recomendamos que <strong>llegues temprano a la estaci\u00f3n de esqu\u00ed<\/strong> por la ma\u00f1ana y despu\u00e9s, si no quieres encontrarte en un atasco, puedes salir media hora antes.<\/p>\n\n\n\n<p><\/p>\n\n\n\n<div class=\"wp-block-image\"><figure class=\"aligncenter\"><img loading=\"lazy\" decoding=\"async\" width=\"1999\" height=\"1397\" src=\"https:\/\/www.esquiades.com\/blog\/app\/uploads\/2024\/05\/image4.jpg\" alt=\"\" class=\"wp-image-14813\"\/><\/figure><\/div>\n\n\n\n<p>El trayecto desde el<strong> Punt de Trobada<\/strong> hasta la estaci\u00f3n es de 50 min. Para empezar la ruta, debes tomar la <strong>carretera CG-1 <\/strong>y c<strong>ontinuar recto<\/strong>. Cuando llegues a la rotonda <strong>La Comella<\/strong>, toma la segunda salida en <strong>direcci\u00f3n Baixada del Mol\u00ed<\/strong> y en la siguiente rotonda, toma la primera salida. Permanece atento a las se\u00f1alizaciones que indican<strong> Ordino<\/strong> y llegar\u00e1s hasta el pueblo. A partir de ese momento, sigue las indicaciones <strong>Vallnord Ordino &#8211; Arcal\u00eds.<\/strong><\/p>\n\n\n\n<p><\/p>\n\n\n\n<p>Cuando llegues a la estaci\u00f3n de <strong>Ordino Arcal\u00eds<\/strong>, puedes aparcar en el <strong>parking gratuito<\/strong> que se encuentra justo a pie de pistas, con <strong>capacidad para 1.500 veh\u00edculos <\/strong>(seguro que no te quedas sin sitio). Por cierto, si tu coche es el\u00e9ctrico, Ordino ha instalado <strong>varios puntos de recarga gratuitos<\/strong>: uno en la zona de Hortell y otro en Planells.<\/p>\n\n\n\n<p><\/p>\n\n\n\n<div class=\"wp-block-image\"><figure class=\"aligncenter\"><img loading=\"lazy\" decoding=\"async\" width=\"580\" height=\"437\" src=\"https:\/\/www.esquiades.com\/blog\/app\/uploads\/2024\/05\/image11.png\" alt=\"\" class=\"wp-image-14814\"\/><\/figure><\/div>\n\n\n\n<p><\/p>\n\n\n\n<h3 class=\"wp-block-heading\"><span id=\"Una_alternativa_mas_ecologica_el_autobus\">Una alternativa m\u00e1s ecol\u00f3gica: el autob\u00fas<\/span><\/h3>\n\n\n\n<p><\/p>\n\n\n\n<p>Piensa en <strong>ser m\u00e1s ecol\u00f3gico<\/strong>, ya que la <strong>contaminaci\u00f3n por CO2<\/strong> (el gas que emiten los veh\u00edculos) est\u00e1 haciendo subir las temperaturas en todo el mundo, algo que <strong>afecta directamente a las nevadas <\/strong>que se producen cada temporada. \u00bfTe imaginas que dentro de 50 a\u00f1os nieve mucho menos que hoy en d\u00eda? Usar el <strong>transporte p\u00fablico<\/strong> puede ayudar a evitar eso en el futuro, y adem\u00e1s, tiene otras muchas ventajas: es <strong>m\u00e1s econ\u00f3mico <\/strong>que el veh\u00edculo privado, <strong>contamina menos<\/strong> porque en un mismo veh\u00edculo van much\u00edsimas m\u00e1s personas, <strong>puedes desconectar<\/strong> (ya que no vas atento en la carretera), etc.<\/p>\n\n\n\n<p><\/p>\n\n\n\n<p>\u00bfTe hemos convencido? \u263a En se caso, las l\u00edneas que te dejar\u00e1n <strong>mucho m\u00e1s cerca de la estaci\u00f3n <\/strong>son la L6: Ordino > Andorra la Vella > Ordino; y la l\u00ednea L6B: Ordino > Escaldes-Engordany > Ordino. Puedes alojarte en<strong> pleno centro de Andorra<\/strong>, disfrutando de la <strong>zona m\u00e1s urbana<\/strong> con sus tiendas o bien visitar Caldea para relajarte despu\u00e9s de un super d\u00eda de esqu\u00ed.<\/p>\n\n\n\n<p><\/p>\n\n\n\n<div class=\"wp-block-image\"><figure class=\"aligncenter\"><img loading=\"lazy\" decoding=\"async\" width=\"1920\" height=\"1280\" src=\"https:\/\/www.esquiades.com\/blog\/app\/uploads\/2024\/05\/image1.jpg\" alt=\"\" class=\"wp-image-14815\"\/><\/figure><\/div>\n\n\n\n<p>Otra opci\u00f3n a\u00fan m\u00e1s econ\u00f3mica es <strong>utilizar el Freebus<\/strong> para llegar hasta Ordino. En ese caso, deber\u00e1s coger la l\u00ednea: Escaldes \/ Andorra la Vella > La Massana > Ordino > Arcal\u00eds.<\/p>\n\n\n\n<div class=\"wp-block-image\"><figure class=\"aligncenter\"><img loading=\"lazy\" decoding=\"async\" width=\"1024\" height=\"683\" src=\"https:\/\/www.esquiades.com\/blog\/app\/uploads\/2024\/05\/image8.jpg\" alt=\"\" class=\"wp-image-14816\"\/><\/figure><\/div>\n\n\n\n<p>\u00a1Esperamos que nuestra gu\u00eda e indicaciones os sean de ayuda y tengas una escapada de esqu\u00ed incre\u00edble! Y si quieres, cu\u00e9ntanos c\u00f3mo ha ido tu viaje a <a href=\"https:\/\/www.esquiades.com\/viajes-esqui\/pal-arinsal-1451\">la estaci\u00f3n de esqu\u00ed de Vallnord.<\/a><\/p>\n","protected":false},"excerpt":{"rendered":"<p>Contenido1 \u00bfC\u00f3mo llegar a Pal Arinsal?1.1 Acceder en coche y aparcar2 L\u00e1nzate al Freebus y transporte p\u00fablico3 \u00bfC\u00f3mo llegar a Ordino Arcal\u00eds?3.1 Conduce con cuidado y aparca como un rei3.2 Una alternativa m\u00e1s ecol\u00f3gica: el autob\u00fas \u00bfTienes planeado un viaje a Vallnord y no sabes muy bien c\u00f3mo acceder a sus pistas? En el post&#8230;<\/p>\n","protected":false},"author":1,"featured_media":7755,"comment_status":"open","ping_status":"open","sticky":false,"template":"","format":"standard","meta":{"_acf_changed":false,"footnotes":""},"categories":[144,103,20],"tags":[],"class_list":["post-7696","post","type-post","status-publish","format-standard","has-post-thumbnail","hentry","category-caldea","category-destinos-de-esqui","category-vallnord"],"acf":[],"yoast_head":"<!-- This site is optimized with the Yoast SEO plugin v23.1 - https:\/\/yoast.com\/wordpress\/plugins\/seo\/ -->\n<title>\u00bfC\u00f3mo acceder a las pistas de Vallnord? - Esquiades Blog<\/title>\n<meta name=\"robots\" content=\"index, follow, max-snippet:-1, max-image-preview:large, max-video-preview:-1\" \/>\n<link rel=\"canonical\" href=\"https:\/\/www.esquiades.com\/blog\/como-acceder-a-las-pistas-de-vallnord\/\" \/>\n<meta property=\"og:locale\" content=\"es_ES\" \/>\n<meta property=\"og:type\" content=\"article\" \/>\n<meta property=\"og:title\" content=\"\u00bfC\u00f3mo acceder a las pistas de Vallnord? - Esquiades Blog\" \/>\n<meta property=\"og:description\" content=\"Contenido1 \u00bfC\u00f3mo llegar a Pal Arinsal?1.1 Acceder en coche y aparcar2 L\u00e1nzate al Freebus y transporte p\u00fablico3 \u00bfC\u00f3mo llegar a Ordino Arcal\u00eds?3.1 Conduce con cuidado y aparca como un rei3.2 Una alternativa m\u00e1s ecol\u00f3gica: el autob\u00fas \u00bfTienes planeado un viaje a Vallnord y no sabes muy bien c\u00f3mo acceder a sus pistas? En el post...\" \/>\n<meta property=\"og:url\" content=\"https:\/\/www.esquiades.com\/blog\/como-acceder-a-las-pistas-de-vallnord\/\" \/>\n<meta property=\"og:site_name\" content=\"Esquiades Blog\" \/>\n<meta property=\"article:published_time\" content=\"2018-02-28T08:00:10+00:00\" \/>\n<meta property=\"article:modified_time\" content=\"2024-05-13T12:24:54+00:00\" \/>\n<meta property=\"og:image\" content=\"https:\/\/www.esquiades.com\/blog\/app\/uploads\/2018\/02\/sara_portada_vallnord.jpg\" \/>\n\t<meta property=\"og:image:width\" content=\"2048\" \/>\n\t<meta property=\"og:image:height\" content=\"1088\" \/>\n\t<meta property=\"og:image:type\" content=\"image\/jpeg\" \/>\n<meta name=\"author\" content=\"pps@b2-performance.es\" \/>\n<meta name=\"twitter:card\" content=\"summary_large_image\" \/>\n<meta name=\"twitter:label1\" content=\"Written by\" \/>\n\t<meta name=\"twitter:data1\" content=\"pps@b2-performance.es\" \/>\n\t<meta name=\"twitter:label2\" content=\"Est. reading time\" \/>\n\t<meta name=\"twitter:data2\" content=\"7 minutos\" \/>\n<script type=\"application\/ld+json\" class=\"yoast-schema-graph\">{\"@context\":\"https:\/\/schema.org\",\"@graph\":[{\"@type\":\"NewsArticle\",\"@id\":\"https:\/\/www.esquiades.com\/blog\/como-acceder-a-las-pistas-de-vallnord\/#article\",\"isPartOf\":{\"@id\":\"https:\/\/www.esquiades.com\/blog\/como-acceder-a-las-pistas-de-vallnord\/\"},\"author\":{\"name\":\"pps@b2-performance.es\",\"@id\":\"https:\/\/www.esquiades.com\/blog\/#\/schema\/person\/d0fd9f4f1a875a2fda01aa476d80a062\"},\"headline\":\"\u00bfC\u00f3mo acceder a las pistas de Vallnord?\",\"datePublished\":\"2018-02-28T08:00:10+00:00\",\"dateModified\":\"2024-05-13T12:24:54+00:00\",\"mainEntityOfPage\":{\"@id\":\"https:\/\/www.esquiades.com\/blog\/como-acceder-a-las-pistas-de-vallnord\/\"},\"wordCount\":1426,\"commentCount\":0,\"publisher\":{\"@id\":\"https:\/\/www.esquiades.com\/blog\/#organization\"},\"image\":{\"@id\":\"https:\/\/www.esquiades.com\/blog\/como-acceder-a-las-pistas-de-vallnord\/#primaryimage\"},\"thumbnailUrl\":\"https:\/\/www.esquiades.com\/blog\/app\/uploads\/2018\/02\/sara_portada_vallnord.jpg\",\"articleSection\":[\"Caldea\",\"Destinos de esqu\u00ed\",\"Vallnord\"],\"inLanguage\":\"es\",\"potentialAction\":[{\"@type\":\"CommentAction\",\"name\":\"Comment\",\"target\":[\"https:\/\/www.esquiades.com\/blog\/como-acceder-a-las-pistas-de-vallnord\/#respond\"]}]},{\"@type\":\"WebPage\",\"@id\":\"https:\/\/www.esquiades.com\/blog\/como-acceder-a-las-pistas-de-vallnord\/\",\"url\":\"https:\/\/www.esquiades.com\/blog\/como-acceder-a-las-pistas-de-vallnord\/\",\"name\":\"\u00bfC\u00f3mo acceder a las pistas de Vallnord? - Esquiades Blog\",\"isPartOf\":{\"@id\":\"https:\/\/www.esquiades.com\/blog\/#website\"},\"primaryImageOfPage\":{\"@id\":\"https:\/\/www.esquiades.com\/blog\/como-acceder-a-las-pistas-de-vallnord\/#primaryimage\"},\"image\":{\"@id\":\"https:\/\/www.esquiades.com\/blog\/como-acceder-a-las-pistas-de-vallnord\/#primaryimage\"},\"thumbnailUrl\":\"https:\/\/www.esquiades.com\/blog\/app\/uploads\/2018\/02\/sara_portada_vallnord.jpg\",\"datePublished\":\"2018-02-28T08:00:10+00:00\",\"dateModified\":\"2024-05-13T12:24:54+00:00\",\"breadcrumb\":{\"@id\":\"https:\/\/www.esquiades.com\/blog\/como-acceder-a-las-pistas-de-vallnord\/#breadcrumb\"},\"inLanguage\":\"es\",\"potentialAction\":[{\"@type\":\"ReadAction\",\"target\":[\"https:\/\/www.esquiades.com\/blog\/como-acceder-a-las-pistas-de-vallnord\/\"]}]},{\"@type\":\"ImageObject\",\"inLanguage\":\"es\",\"@id\":\"https:\/\/www.esquiades.com\/blog\/como-acceder-a-las-pistas-de-vallnord\/#primaryimage\",\"url\":\"https:\/\/www.esquiades.com\/blog\/app\/uploads\/2018\/02\/sara_portada_vallnord.jpg\",\"contentUrl\":\"https:\/\/www.esquiades.com\/blog\/app\/uploads\/2018\/02\/sara_portada_vallnord.jpg\",\"width\":2048,\"height\":1088},{\"@type\":\"BreadcrumbList\",\"@id\":\"https:\/\/www.esquiades.com\/blog\/como-acceder-a-las-pistas-de-vallnord\/#breadcrumb\",\"itemListElement\":[{\"@type\":\"ListItem\",\"position\":1,\"name\":\"Home\",\"item\":\"https:\/\/www.esquiades.com\/blog\/\"},{\"@type\":\"ListItem\",\"position\":2,\"name\":\"\u00bfC\u00f3mo acceder a las pistas de Vallnord?\"}]},{\"@type\":\"WebSite\",\"@id\":\"https:\/\/www.esquiades.com\/blog\/#website\",\"url\":\"https:\/\/www.esquiades.com\/blog\/\",\"name\":\"Esquiades Blog\",\"description\":\"Pasi\u00f3n por la nieve y la monta\u00f1a\",\"publisher\":{\"@id\":\"https:\/\/www.esquiades.com\/blog\/#organization\"},\"potentialAction\":[{\"@type\":\"SearchAction\",\"target\":{\"@type\":\"EntryPoint\",\"urlTemplate\":\"https:\/\/www.esquiades.com\/blog\/?s={search_term_string}\"},\"query-input\":\"required name=search_term_string\"}],\"inLanguage\":\"es\"},{\"@type\":\"Organization\",\"@id\":\"https:\/\/www.esquiades.com\/blog\/#organization\",\"name\":\"Esquiades Blog\",\"url\":\"https:\/\/www.esquiades.com\/blog\/\",\"logo\":{\"@type\":\"ImageObject\",\"inLanguage\":\"es\",\"@id\":\"https:\/\/www.esquiades.com\/blog\/#\/schema\/logo\/image\/\",\"url\":\"https:\/\/www.esquiades.com\/blog\/app\/uploads\/2017\/02\/esquiades-LOGO-2.jpg\",\"contentUrl\":\"https:\/\/www.esquiades.com\/blog\/app\/uploads\/2017\/02\/esquiades-LOGO-2.jpg\",\"width\":397,\"height\":157,\"caption\":\"Esquiades Blog\"},\"image\":{\"@id\":\"https:\/\/www.esquiades.com\/blog\/#\/schema\/logo\/image\/\"}},{\"@type\":\"Person\",\"@id\":\"https:\/\/www.esquiades.com\/blog\/#\/schema\/person\/d0fd9f4f1a875a2fda01aa476d80a062\",\"name\":\"pps@b2-performance.es\",\"image\":{\"@type\":\"ImageObject\",\"inLanguage\":\"es\",\"@id\":\"https:\/\/www.esquiades.com\/blog\/#\/schema\/person\/image\/\",\"url\":\"https:\/\/secure.gravatar.com\/avatar\/0329b708caf0b031cad4c30f76b07f821c214bb62667106c6e61789a4286bb5f?s=96&d=mm&r=g\",\"contentUrl\":\"https:\/\/secure.gravatar.com\/avatar\/0329b708caf0b031cad4c30f76b07f821c214bb62667106c6e61789a4286bb5f?s=96&d=mm&r=g\",\"caption\":\"pps@b2-performance.es\"},\"url\":\"https:\/\/www.esquiades.com\/blog\/author\/ppsb2-performance-es\/\"}]}<\/script>\n<!-- \/ Yoast SEO plugin. -->","yoast_head_json":{"title":"\u00bfC\u00f3mo acceder a las pistas de Vallnord? - Esquiades Blog","robots":{"index":"index","follow":"follow","max-snippet":"max-snippet:-1","max-image-preview":"max-image-preview:large","max-video-preview":"max-video-preview:-1"},"canonical":"https:\/\/www.esquiades.com\/blog\/como-acceder-a-las-pistas-de-vallnord\/","og_locale":"es_ES","og_type":"article","og_title":"\u00bfC\u00f3mo acceder a las pistas de Vallnord? - Esquiades Blog","og_description":"Contenido1 \u00bfC\u00f3mo llegar a Pal Arinsal?1.1 Acceder en coche y aparcar2 L\u00e1nzate al Freebus y transporte p\u00fablico3 \u00bfC\u00f3mo llegar a Ordino Arcal\u00eds?3.1 Conduce con cuidado y aparca como un rei3.2 Una alternativa m\u00e1s ecol\u00f3gica: el autob\u00fas \u00bfTienes planeado un viaje a Vallnord y no sabes muy bien c\u00f3mo acceder a sus pistas? En el post...","og_url":"https:\/\/www.esquiades.com\/blog\/como-acceder-a-las-pistas-de-vallnord\/","og_site_name":"Esquiades Blog","article_published_time":"2018-02-28T08:00:10+00:00","article_modified_time":"2024-05-13T12:24:54+00:00","og_image":[{"width":2048,"height":1088,"url":"https:\/\/www.esquiades.com\/blog\/app\/uploads\/2018\/02\/sara_portada_vallnord.jpg","type":"image\/jpeg"}],"author":"pps@b2-performance.es","twitter_card":"summary_large_image","twitter_misc":{"Written by":"pps@b2-performance.es","Est. reading time":"7 minutos"},"schema":{"@context":"https:\/\/schema.org","@graph":[{"@type":"NewsArticle","@id":"https:\/\/www.esquiades.com\/blog\/como-acceder-a-las-pistas-de-vallnord\/#article","isPartOf":{"@id":"https:\/\/www.esquiades.com\/blog\/como-acceder-a-las-pistas-de-vallnord\/"},"author":{"name":"pps@b2-performance.es","@id":"https:\/\/www.esquiades.com\/blog\/#\/schema\/person\/d0fd9f4f1a875a2fda01aa476d80a062"},"headline":"\u00bfC\u00f3mo acceder a las pistas de Vallnord?","datePublished":"2018-02-28T08:00:10+00:00","dateModified":"2024-05-13T12:24:54+00:00","mainEntityOfPage":{"@id":"https:\/\/www.esquiades.com\/blog\/como-acceder-a-las-pistas-de-vallnord\/"},"wordCount":1426,"commentCount":0,"publisher":{"@id":"https:\/\/www.esquiades.com\/blog\/#organization"},"image":{"@id":"https:\/\/www.esquiades.com\/blog\/como-acceder-a-las-pistas-de-vallnord\/#primaryimage"},"thumbnailUrl":"https:\/\/www.esquiades.com\/blog\/app\/uploads\/2018\/02\/sara_portada_vallnord.jpg","articleSection":["Caldea","Destinos de esqu\u00ed","Vallnord"],"inLanguage":"es","potentialAction":[{"@type":"CommentAction","name":"Comment","target":["https:\/\/www.esquiades.com\/blog\/como-acceder-a-las-pistas-de-vallnord\/#respond"]}]},{"@type":"WebPage","@id":"https:\/\/www.esquiades.com\/blog\/como-acceder-a-las-pistas-de-vallnord\/","url":"https:\/\/www.esquiades.com\/blog\/como-acceder-a-las-pistas-de-vallnord\/","name":"\u00bfC\u00f3mo acceder a las pistas de Vallnord? - Esquiades Blog","isPartOf":{"@id":"https:\/\/www.esquiades.com\/blog\/#website"},"primaryImageOfPage":{"@id":"https:\/\/www.esquiades.com\/blog\/como-acceder-a-las-pistas-de-vallnord\/#primaryimage"},"image":{"@id":"https:\/\/www.esquiades.com\/blog\/como-acceder-a-las-pistas-de-vallnord\/#primaryimage"},"thumbnailUrl":"https:\/\/www.esquiades.com\/blog\/app\/uploads\/2018\/02\/sara_portada_vallnord.jpg","datePublished":"2018-02-28T08:00:10+00:00","dateModified":"2024-05-13T12:24:54+00:00","breadcrumb":{"@id":"https:\/\/www.esquiades.com\/blog\/como-acceder-a-las-pistas-de-vallnord\/#breadcrumb"},"inLanguage":"es","potentialAction":[{"@type":"ReadAction","target":["https:\/\/www.esquiades.com\/blog\/como-acceder-a-las-pistas-de-vallnord\/"]}]},{"@type":"ImageObject","inLanguage":"es","@id":"https:\/\/www.esquiades.com\/blog\/como-acceder-a-las-pistas-de-vallnord\/#primaryimage","url":"https:\/\/www.esquiades.com\/blog\/app\/uploads\/2018\/02\/sara_portada_vallnord.jpg","contentUrl":"https:\/\/www.esquiades.com\/blog\/app\/uploads\/2018\/02\/sara_portada_vallnord.jpg","width":2048,"height":1088},{"@type":"BreadcrumbList","@id":"https:\/\/www.esquiades.com\/blog\/como-acceder-a-las-pistas-de-vallnord\/#breadcrumb","itemListElement":[{"@type":"ListItem","position":1,"name":"Home","item":"https:\/\/www.esquiades.com\/blog\/"},{"@type":"ListItem","position":2,"name":"\u00bfC\u00f3mo acceder a las pistas de Vallnord?"}]},{"@type":"WebSite","@id":"https:\/\/www.esquiades.com\/blog\/#website","url":"https:\/\/www.esquiades.com\/blog\/","name":"Esquiades Blog","description":"Pasi\u00f3n por la nieve y la monta\u00f1a","publisher":{"@id":"https:\/\/www.esquiades.com\/blog\/#organization"},"potentialAction":[{"@type":"SearchAction","target":{"@type":"EntryPoint","urlTemplate":"https:\/\/www.esquiades.com\/blog\/?s={search_term_string}"},"query-input":"required name=search_term_string"}],"inLanguage":"es"},{"@type":"Organization","@id":"https:\/\/www.esquiades.com\/blog\/#organization","name":"Esquiades Blog","url":"https:\/\/www.esquiades.com\/blog\/","logo":{"@type":"ImageObject","inLanguage":"es","@id":"https:\/\/www.esquiades.com\/blog\/#\/schema\/logo\/image\/","url":"https:\/\/www.esquiades.com\/blog\/app\/uploads\/2017\/02\/esquiades-LOGO-2.jpg","contentUrl":"https:\/\/www.esquiades.com\/blog\/app\/uploads\/2017\/02\/esquiades-LOGO-2.jpg","width":397,"height":157,"caption":"Esquiades Blog"},"image":{"@id":"https:\/\/www.esquiades.com\/blog\/#\/schema\/logo\/image\/"}},{"@type":"Person","@id":"https:\/\/www.esquiades.com\/blog\/#\/schema\/person\/d0fd9f4f1a875a2fda01aa476d80a062","name":"pps@b2-performance.es","image":{"@type":"ImageObject","inLanguage":"es","@id":"https:\/\/www.esquiades.com\/blog\/#\/schema\/person\/image\/","url":"https:\/\/secure.gravatar.com\/avatar\/0329b708caf0b031cad4c30f76b07f821c214bb62667106c6e61789a4286bb5f?s=96&d=mm&r=g","contentUrl":"https:\/\/secure.gravatar.com\/avatar\/0329b708caf0b031cad4c30f76b07f821c214bb62667106c6e61789a4286bb5f?s=96&d=mm&r=g","caption":"pps@b2-performance.es"},"url":"https:\/\/www.esquiades.com\/blog\/author\/ppsb2-performance-es\/"}]}},"_links":{"self":[{"href":"https:\/\/www.esquiades.com\/blog\/wp-json\/wp\/v2\/posts\/7696","targetHints":{"allow":["GET"]}}],"collection":[{"href":"https:\/\/www.esquiades.com\/blog\/wp-json\/wp\/v2\/posts"}],"about":[{"href":"https:\/\/www.esquiades.com\/blog\/wp-json\/wp\/v2\/types\/post"}],"author":[{"embeddable":true,"href":"https:\/\/www.esquiades.com\/blog\/wp-json\/wp\/v2\/users\/1"}],"replies":[{"embeddable":true,"href":"https:\/\/www.esquiades.com\/blog\/wp-json\/wp\/v2\/comments?post=7696"}],"version-history":[{"count":2,"href":"https:\/\/www.esquiades.com\/blog\/wp-json\/wp\/v2\/posts\/7696\/revisions"}],"predecessor-version":[{"id":14817,"href":"https:\/\/www.esquiades.com\/blog\/wp-json\/wp\/v2\/posts\/7696\/revisions\/14817"}],"wp:featuredmedia":[{"embeddable":true,"href":"https:\/\/www.esquiades.com\/blog\/wp-json\/wp\/v2\/media\/7755"}],"wp:attachment":[{"href":"https:\/\/www.esquiades.com\/blog\/wp-json\/wp\/v2\/media?parent=7696"}],"wp:term":[{"taxonomy":"category","embeddable":true,"href":"https:\/\/www.esquiades.com\/blog\/wp-json\/wp\/v2\/categories?post=7696"},{"taxonomy":"post_tag","embeddable":true,"href":"https:\/\/www.esquiades.com\/blog\/wp-json\/wp\/v2\/tags?post=7696"}],"curies":[{"name":"wp","href":"https:\/\/api.w.org\/{rel}","templated":true}]}}