{"id":7461,"date":"2018-01-10T09:00:06","date_gmt":"2018-01-10T08:00:06","guid":{"rendered":"http:\/\/www.esquiades.com\/blog\/?p=7461"},"modified":"2018-01-10T09:00:06","modified_gmt":"2018-01-10T08:00:06","slug":"sabes-como-colocar-las-cadenas-para-nieve","status":"publish","type":"post","link":"https:\/\/www.esquiades.com\/blog\/sabes-como-colocar-las-cadenas-para-nieve\/","title":{"rendered":"\u00bfSabes c\u00f3mo colocar las cadenas para nieve?"},"content":{"rendered":"<p style=\"text-align: justify;\">El pasado fin de semana, hasta 37 provincias se encontraron en alerta naranja o amarilla por riesgo de <strong>nevadas<\/strong>, aludes, tormentas, lluvia y viento. Pero vamos a lo que nos interesa: la nieve. El blanco ti\u00f1\u00f3 pr\u00e1cticamente toda la pen\u00ednsula con intensas nevadas que bloquearon carreteras e instalaciones.<\/p>\n<p>&nbsp;<br \/>\nAs\u00ed, el temporal puso a prueba la <strong>seguridad<\/strong> de muchos esquiadores en la carretera. \u00bfFuiste de los que se cruz\u00f3 con el fen\u00f3meno blanco? En ese caso, ya sabr\u00e1s que las <strong>cadenas para nieve<\/strong> son herramientas imprescindibles a la hora prevenir accidentes y circular con seguridad.<br \/>\n&nbsp;<br \/>\nSin embargo, tambi\u00e9n es probable que te abrume la dificultad de colocarlas, por lo que hoy vamos a explicar en qu\u00e9 circunstancias y c\u00f3mo deben usarse. \u00bfEmpezamos?<br \/>\n&nbsp;<br \/>\n<img fetchpriority=\"high\" decoding=\"async\" class=\"aligncenter size-full wp-image-7486\" src=\"http:\/\/www.esquiades.com\/blog\/wp-content\/uploads\/2018\/01\/portada.jpg\" alt=\"portada\" width=\"2048\" height=\"992\" srcset=\"https:\/\/www.esquiades.com\/blog\/app\/uploads\/2018\/01\/portada.jpg 2048w, https:\/\/www.esquiades.com\/blog\/app\/uploads\/2018\/01\/portada-300x145.jpg 300w, https:\/\/www.esquiades.com\/blog\/app\/uploads\/2018\/01\/portada-768x372.jpg 768w, https:\/\/www.esquiades.com\/blog\/app\/uploads\/2018\/01\/portada-1024x496.jpg 1024w\" sizes=\"(max-width: 2048px) 100vw, 2048px\" \/><br \/>\n&nbsp;<br \/>\n<br \/>\n&nbsp;<br \/>\n&nbsp;<\/p>\n<h2>\u00bfQu\u00e9 tipos de cadenas para nieve existen?<\/h2>\n<p>&nbsp;<\/p>\n<p style=\"text-align: justify;\">Las\u00a0<b>cadenas para nieve textiles\u00a0<\/b>destacan, sobre todo, por su facilidad de montaje (aproximadamente un minuto), la efectividad de frenada y el control en curva. Cuando las uses, no se puede circular a m\u00e1s de 50 km por hora. Una de las ventajas de este tipo de cadena es que no da\u00f1a las llantas.<\/p>\n<p>&nbsp;<\/p>\n<p style=\"text-align: justify;\">Las <strong>cadenas met\u00e1licas<\/strong> son las m\u00e1s usadas por los conductores. A trav\u00e9s de su red met\u00e1lica, permiten el ajuste de tensi\u00f3n de forma manual, aunque el mayor inconveniente es la dificultad de colocaci\u00f3n. Si bien son ruidosas al transmitir vibraciones al volante, son realmente efectivas en niveles de seguridad.<\/p>\n<p>&nbsp;<\/p>\n<p style=\"text-align: justify;\">Respecto a <strong>las cadenas l\u00edquidas<\/strong> en forma de spray, recomendamos su uso s\u00f3lo ante una situaci\u00f3n de emergencia y para un momento puntual de la conducci\u00f3n, ya que son poco eficaces y no aseguran los m\u00ednimos de seguridad.<\/p>\n<p>&nbsp;<\/p>\n<p style=\"text-align: justify;\"><img decoding=\"async\" class=\"aligncenter size-full wp-image-7482\" src=\"http:\/\/www.esquiades.com\/blog\/wp-content\/uploads\/2018\/01\/cadenas.png\" alt=\"cadenas\" width=\"676\" height=\"341\" srcset=\"https:\/\/www.esquiades.com\/blog\/app\/uploads\/2018\/01\/cadenas.png 676w, https:\/\/www.esquiades.com\/blog\/app\/uploads\/2018\/01\/cadenas-300x151.png 300w\" sizes=\"(max-width: 676px) 100vw, 676px\" \/><\/p>\n<p>&nbsp;<br \/>\n&nbsp;<\/p>\n<h2>\u00bfC\u00f3mo colocar las cadenas para nieve?<\/h2>\n<p>&nbsp;<\/p>\n<p style=\"text-align: justify;\">Desde <a href=\"https:\/\/www.esquiades.com\/\" target=\"_blank\" rel=\"noopener noreferrer\"><strong>Esquiades.com<\/strong><\/a> vamos a explicar la colocaci\u00f3n de las cadenas tradicionales, las met\u00e1licas, por ser las que m\u00e1s usuarios poseen y muy resistentes. Adem\u00e1s, tambi\u00e9n son de las que m\u00e1s quebraderos de cabeza pueden traer a la hora de colocarlas.<\/p>\n<p>&nbsp;<\/p>\n<p style=\"text-align: justify;\">En primer lugar, comprueba que tus cadenas de nieve est\u00e1n en buen estado y aseg\u00farate de <strong>que no presentan ning\u00fan enredo<\/strong>. Despu\u00e9s, estira el cable de acero por detr\u00e1s del neum\u00e1tico y eng\u00e1nchalo. Contin\u00faa estirando poco a poco la cadena sobre la superficie de la banda de rodadura, y al igual que con las de tela, desplaza unos cent\u00edmetros tu vehiculo para poder colocar las cadenas por el resto de la rueda. Finalmente, <strong>engancha todos los tensores<\/strong>.<\/p>\n<p>&nbsp;<\/p>\n<p style=\"text-align: justify;\">Si necesitas una explicaci\u00f3n m\u00e1s gr\u00e1fica, echa un vistazo a este v\u00eddeo:<\/p>\n<p>&nbsp;<\/p>\n<p style=\"text-align: center;\"><iframe src=\"https:\/\/www.youtube.com\/embed\/0HiqNMi-Y58\" width=\"560\" height=\"315\" frameborder=\"0\" allowfullscreen=\"allowfullscreen\"><\/iframe><\/p>\n<p>&nbsp;<\/p>\n<p>Por otro lado, para colocar las cadenas para la nieve textiles\u00a0comenzar\u00e1s a\u00a0<strong>colocarlas de arriba abajo, <\/strong>como si fuese un gorro de ducha.\u00a0Este tipo de cadenas vienen previstas de unas tiras cruzadas que\u00a0usar\u00e1s\u00a0para ir centrando la funda en la rueda.\u00a0Una vez encajada la mayor parte de la funda,\u00a0debes avanzar el coche\u00a0el coche un metro y\u00a0colocar la parte restante.<br \/>\n&nbsp;<br \/>\nRecuerda\u00a0que con estas fundas\u00a0<strong>no se puede circular a m\u00e1s de 50 km por hora, y que tienes que instalarlas siempre\u00a0<\/strong>en las ruedas con tracci\u00f3n.<br \/>\n&nbsp;<\/p>\n<p style=\"text-align: center;\"><iframe src=\"https:\/\/www.youtube.com\/embed\/xKb4ulk7p-s\" width=\"560\" height=\"315\" frameborder=\"0\" allowfullscreen=\"allowfullscreen\"><\/iframe><\/p>\n<p>&nbsp;<\/p>\n<p>&nbsp;<\/p>\n<h2>\u00bfQuieres un coche para ir a la nieve?<\/h2>\n<p>&nbsp;<\/p>\n<p style=\"text-align: justify;\">Bien es sabido que despu\u00e9s de la tormenta llega la calma. Y con ella el momento de disfrutar de las estaciones de esqu\u00ed, que gracias a las nevadas han mejorado sus prestaciones en todos los aspectos, especialmente en cuanto a la calidad de la nieve.<\/p>\n<p>&nbsp;<\/p>\n<p style=\"text-align: justify;\">Es, por lo tanto, el mejor momento para presentarte una de nuestras \u00faltimas novedades. Esquiades.com ha realizado un nuevo acuerdo de colaboraci\u00f3n con <strong>MFLEX Rent a Car<\/strong>, empresa l\u00edder en el alquiler de veh\u00edculos premium. Te damos la posibilidad de alquilar tu coche para ir a la nieve a un precio incre\u00edble.<\/p>\n<p>&nbsp;<br \/>\n<img decoding=\"async\" class=\"aligncenter size-full wp-image-7479\" src=\"http:\/\/www.esquiades.com\/blog\/wp-content\/uploads\/2018\/01\/MFLEX-RENT-A-CAR.png\" alt=\"MFLEX RENT A CAR\" width=\"747\" height=\"419\" srcset=\"https:\/\/www.esquiades.com\/blog\/app\/uploads\/2018\/01\/MFLEX-RENT-A-CAR.png 747w, https:\/\/www.esquiades.com\/blog\/app\/uploads\/2018\/01\/MFLEX-RENT-A-CAR-300x168.png 300w\" sizes=\"(max-width: 747px) 100vw, 747px\" \/><br \/>\n&nbsp;<\/p>\n<p style=\"text-align: justify;\">Por el momento, comenzamos la colaboraci\u00f3n con dos modelos de coche de alquiler: el <strong>Audi A1<\/strong> y el <strong>BMW X1<\/strong>, elegantes y vers\u00e1tiles para que tu experiencia en la nieve sea segura y de calidad. Adem\u00e1s, tambi\u00e9n te ofrecemos la posibilidad de contratar las cadenas de nieve por un peque\u00f1o suplemento.<\/p>\n<p>&nbsp;<\/p>\n<p style=\"text-align: justify;\"><img loading=\"lazy\" decoding=\"async\" class=\"aligncenter size-full wp-image-7480\" src=\"http:\/\/www.esquiades.com\/blog\/wp-content\/uploads\/2018\/01\/COCHES.png\" alt=\"COCHES\" width=\"649\" height=\"229\" srcset=\"https:\/\/www.esquiades.com\/blog\/app\/uploads\/2018\/01\/COCHES.png 649w, https:\/\/www.esquiades.com\/blog\/app\/uploads\/2018\/01\/COCHES-300x106.png 300w\" sizes=\"(max-width: 649px) 100vw, 649px\" \/><\/p>\n<p>&nbsp;<\/p>\n<p style=\"text-align: justify;\">\u00bfQuieres disfrutar de este servicio? Cuando elijas alguna de nuestras <a href=\"http:\/\/www.esquiades.com\/viajes-esqui\/\" target=\"_blank\" rel=\"noopener noreferrer\"><strong>ofertas de esqu\u00ed<\/strong><\/a> y realices la reserva, llegar\u00e1s al paso 3 y podr\u00e1s a\u00f1adir el alquiler de coche, seleccionando la pesta\u00f1a Transporte:<\/p>\n<p>&nbsp;<\/p>\n<p style=\"text-align: justify;\"><img loading=\"lazy\" decoding=\"async\" class=\"aligncenter size-full wp-image-7491\" src=\"http:\/\/www.esquiades.com\/blog\/wp-content\/uploads\/2018\/01\/cars.png\" alt=\"cars\" width=\"1284\" height=\"726\" srcset=\"https:\/\/www.esquiades.com\/blog\/app\/uploads\/2018\/01\/cars.png 1284w, https:\/\/www.esquiades.com\/blog\/app\/uploads\/2018\/01\/cars-300x170.png 300w, https:\/\/www.esquiades.com\/blog\/app\/uploads\/2018\/01\/cars-768x434.png 768w, https:\/\/www.esquiades.com\/blog\/app\/uploads\/2018\/01\/cars-1024x579.png 1024w\" sizes=\"(max-width: 1284px) 100vw, 1284px\" \/><\/p>\n<p>&nbsp;<\/p>\n<p>Con tu veh\u00edculo podr\u00e1s acceder a tu <a href=\"https:\/\/www.esquiades.com\/pistas\" target=\"_blank\" rel=\"noopener noreferrer\"><strong>estaci\u00f3n de esqu\u00ed<\/strong><\/a> favorita y recorrer la zona c\u00f3modamente buscando pueblos con encanto y mucho m\u00e1s.\u00a0\u00bfQu\u00e9 te parece?<\/p>\n","protected":false},"excerpt":{"rendered":"<p>El pasado fin de semana, hasta 37 provincias se encontraron en alerta naranja o amarilla por riesgo de nevadas, aludes, tormentas, lluvia y viento. Pero vamos a lo que nos interesa: la nieve. El blanco ti\u00f1\u00f3 pr\u00e1cticamente toda la pen\u00ednsula con intensas nevadas que bloquearon carreteras e instalaciones. &nbsp; As\u00ed, el temporal puso a prueba&#8230;<\/p>\n","protected":false},"author":1,"featured_media":7478,"comment_status":"open","ping_status":"open","sticky":false,"template":"","format":"standard","meta":{"_acf_changed":false,"footnotes":""},"categories":[1],"tags":[],"class_list":["post-7461","post","type-post","status-publish","format-standard","has-post-thumbnail","hentry","category-sin-categoria"],"acf":[],"yoast_head":"<!-- This site is optimized with the Yoast SEO plugin v28.2 - https:\/\/yoast.com\/product\/yoast-seo-wordpress\/ -->\n<title>\u00bfSabes c\u00f3mo colocar las cadenas para nieve? - Esquiades Blog<\/title>\n<meta name=\"robots\" content=\"index, follow, max-snippet:-1, max-image-preview:large, max-video-preview:-1\" \/>\n<link rel=\"canonical\" href=\"https:\/\/www.esquiades.com\/blog\/sabes-como-colocar-las-cadenas-para-nieve\/\" \/>\n<meta property=\"og:locale\" content=\"es_ES\" \/>\n<meta property=\"og:type\" content=\"article\" \/>\n<meta property=\"og:title\" content=\"\u00bfSabes c\u00f3mo colocar las cadenas para nieve? - Esquiades Blog\" \/>\n<meta property=\"og:description\" content=\"El pasado fin de semana, hasta 37 provincias se encontraron en alerta naranja o amarilla por riesgo de nevadas, aludes, tormentas, lluvia y viento. Pero vamos a lo que nos interesa: la nieve. El blanco ti\u00f1\u00f3 pr\u00e1cticamente toda la pen\u00ednsula con intensas nevadas que bloquearon carreteras e instalaciones. &nbsp; As\u00ed, el temporal puso a prueba...\" \/>\n<meta property=\"og:url\" content=\"https:\/\/www.esquiades.com\/blog\/sabes-como-colocar-las-cadenas-para-nieve\/\" \/>\n<meta property=\"og:site_name\" content=\"Esquiades Blog\" \/>\n<meta property=\"article:published_time\" content=\"2018-01-10T08:00:06+00:00\" \/>\n<meta property=\"og:image\" content=\"https:\/\/www.esquiades.com\/blog\/app\/uploads\/2018\/01\/cadenas-nieve.jpg\" \/>\n\t<meta property=\"og:image:width\" content=\"800\" \/>\n\t<meta property=\"og:image:height\" content=\"600\" \/>\n\t<meta property=\"og:image:type\" content=\"image\/jpeg\" \/>\n<meta name=\"author\" content=\"pps@b2-performance.es\" \/>\n<meta name=\"twitter:card\" content=\"summary_large_image\" \/>\n<meta name=\"twitter:label1\" content=\"Escrito por\" \/>\n\t<meta name=\"twitter:data1\" content=\"pps@b2-performance.es\" \/>\n\t<meta name=\"twitter:label2\" content=\"Tiempo de lectura\" \/>\n\t<meta name=\"twitter:data2\" content=\"4 minutos\" \/>\n<script type=\"application\/ld+json\" class=\"yoast-schema-graph\">{\"@context\":\"https:\\\/\\\/schema.org\",\"@graph\":[{\"@type\":\"NewsArticle\",\"@id\":\"https:\\\/\\\/www.esquiades.com\\\/blog\\\/sabes-como-colocar-las-cadenas-para-nieve\\\/#article\",\"isPartOf\":{\"@id\":\"https:\\\/\\\/www.esquiades.com\\\/blog\\\/sabes-como-colocar-las-cadenas-para-nieve\\\/\"},\"author\":{\"name\":\"pps@b2-performance.es\",\"@id\":\"https:\\\/\\\/www.esquiades.com\\\/blog\\\/#\\\/schema\\\/person\\\/d0fd9f4f1a875a2fda01aa476d80a062\"},\"headline\":\"\u00bfSabes c\u00f3mo colocar las cadenas para nieve?\",\"datePublished\":\"2018-01-10T08:00:06+00:00\",\"mainEntityOfPage\":{\"@id\":\"https:\\\/\\\/www.esquiades.com\\\/blog\\\/sabes-como-colocar-las-cadenas-para-nieve\\\/\"},\"wordCount\":809,\"commentCount\":0,\"publisher\":{\"@id\":\"https:\\\/\\\/www.esquiades.com\\\/blog\\\/#organization\"},\"image\":{\"@id\":\"https:\\\/\\\/www.esquiades.com\\\/blog\\\/sabes-como-colocar-las-cadenas-para-nieve\\\/#primaryimage\"},\"thumbnailUrl\":\"https:\\\/\\\/www.esquiades.com\\\/blog\\\/app\\\/uploads\\\/2018\\\/01\\\/cadenas-nieve.jpg\",\"inLanguage\":\"es\",\"potentialAction\":[{\"@type\":\"CommentAction\",\"name\":\"Comment\",\"target\":[\"https:\\\/\\\/www.esquiades.com\\\/blog\\\/sabes-como-colocar-las-cadenas-para-nieve\\\/#respond\"]}]},{\"@type\":\"WebPage\",\"@id\":\"https:\\\/\\\/www.esquiades.com\\\/blog\\\/sabes-como-colocar-las-cadenas-para-nieve\\\/\",\"url\":\"https:\\\/\\\/www.esquiades.com\\\/blog\\\/sabes-como-colocar-las-cadenas-para-nieve\\\/\",\"name\":\"\u00bfSabes c\u00f3mo colocar las cadenas para nieve? - Esquiades Blog\",\"isPartOf\":{\"@id\":\"https:\\\/\\\/www.esquiades.com\\\/blog\\\/#website\"},\"primaryImageOfPage\":{\"@id\":\"https:\\\/\\\/www.esquiades.com\\\/blog\\\/sabes-como-colocar-las-cadenas-para-nieve\\\/#primaryimage\"},\"image\":{\"@id\":\"https:\\\/\\\/www.esquiades.com\\\/blog\\\/sabes-como-colocar-las-cadenas-para-nieve\\\/#primaryimage\"},\"thumbnailUrl\":\"https:\\\/\\\/www.esquiades.com\\\/blog\\\/app\\\/uploads\\\/2018\\\/01\\\/cadenas-nieve.jpg\",\"datePublished\":\"2018-01-10T08:00:06+00:00\",\"breadcrumb\":{\"@id\":\"https:\\\/\\\/www.esquiades.com\\\/blog\\\/sabes-como-colocar-las-cadenas-para-nieve\\\/#breadcrumb\"},\"inLanguage\":\"es\",\"potentialAction\":[{\"@type\":\"ReadAction\",\"target\":[\"https:\\\/\\\/www.esquiades.com\\\/blog\\\/sabes-como-colocar-las-cadenas-para-nieve\\\/\"]}]},{\"@type\":\"ImageObject\",\"inLanguage\":\"es\",\"@id\":\"https:\\\/\\\/www.esquiades.com\\\/blog\\\/sabes-como-colocar-las-cadenas-para-nieve\\\/#primaryimage\",\"url\":\"https:\\\/\\\/www.esquiades.com\\\/blog\\\/app\\\/uploads\\\/2018\\\/01\\\/cadenas-nieve.jpg\",\"contentUrl\":\"https:\\\/\\\/www.esquiades.com\\\/blog\\\/app\\\/uploads\\\/2018\\\/01\\\/cadenas-nieve.jpg\",\"width\":800,\"height\":600},{\"@type\":\"BreadcrumbList\",\"@id\":\"https:\\\/\\\/www.esquiades.com\\\/blog\\\/sabes-como-colocar-las-cadenas-para-nieve\\\/#breadcrumb\",\"itemListElement\":[{\"@type\":\"ListItem\",\"position\":1,\"name\":\"Home\",\"item\":\"https:\\\/\\\/www.esquiades.com\\\/blog\\\/\"},{\"@type\":\"ListItem\",\"position\":2,\"name\":\"\u00bfSabes c\u00f3mo colocar las cadenas para nieve?\"}]},{\"@type\":\"WebSite\",\"@id\":\"https:\\\/\\\/www.esquiades.com\\\/blog\\\/#website\",\"url\":\"https:\\\/\\\/www.esquiades.com\\\/blog\\\/\",\"name\":\"Esquiades Blog\",\"description\":\"Pasi\u00f3n por la nieve y la monta\u00f1a\",\"publisher\":{\"@id\":\"https:\\\/\\\/www.esquiades.com\\\/blog\\\/#organization\"},\"potentialAction\":[{\"@type\":\"SearchAction\",\"target\":{\"@type\":\"EntryPoint\",\"urlTemplate\":\"https:\\\/\\\/www.esquiades.com\\\/blog\\\/?s={search_term_string}\"},\"query-input\":{\"@type\":\"PropertyValueSpecification\",\"valueRequired\":true,\"valueName\":\"search_term_string\"}}],\"inLanguage\":\"es\"},{\"@type\":\"Organization\",\"@id\":\"https:\\\/\\\/www.esquiades.com\\\/blog\\\/#organization\",\"name\":\"Esquiades Blog\",\"url\":\"https:\\\/\\\/www.esquiades.com\\\/blog\\\/\",\"logo\":{\"@type\":\"ImageObject\",\"inLanguage\":\"es\",\"@id\":\"https:\\\/\\\/www.esquiades.com\\\/blog\\\/#\\\/schema\\\/logo\\\/image\\\/\",\"url\":\"https:\\\/\\\/www.esquiades.com\\\/blog\\\/app\\\/uploads\\\/2017\\\/02\\\/esquiades-LOGO-2.jpg\",\"contentUrl\":\"https:\\\/\\\/www.esquiades.com\\\/blog\\\/app\\\/uploads\\\/2017\\\/02\\\/esquiades-LOGO-2.jpg\",\"width\":397,\"height\":157,\"caption\":\"Esquiades Blog\"},\"image\":{\"@id\":\"https:\\\/\\\/www.esquiades.com\\\/blog\\\/#\\\/schema\\\/logo\\\/image\\\/\"}},{\"@type\":\"Person\",\"@id\":\"https:\\\/\\\/www.esquiades.com\\\/blog\\\/#\\\/schema\\\/person\\\/d0fd9f4f1a875a2fda01aa476d80a062\",\"name\":\"pps@b2-performance.es\",\"image\":{\"@type\":\"ImageObject\",\"inLanguage\":\"es\",\"@id\":\"https:\\\/\\\/secure.gravatar.com\\\/avatar\\\/0329b708caf0b031cad4c30f76b07f821c214bb62667106c6e61789a4286bb5f?s=96&d=mm&r=g\",\"url\":\"https:\\\/\\\/secure.gravatar.com\\\/avatar\\\/0329b708caf0b031cad4c30f76b07f821c214bb62667106c6e61789a4286bb5f?s=96&d=mm&r=g\",\"contentUrl\":\"https:\\\/\\\/secure.gravatar.com\\\/avatar\\\/0329b708caf0b031cad4c30f76b07f821c214bb62667106c6e61789a4286bb5f?s=96&d=mm&r=g\",\"caption\":\"pps@b2-performance.es\"},\"url\":\"https:\\\/\\\/www.esquiades.com\\\/blog\\\/author\\\/ppsb2-performance-es\\\/\"}]}<\/script>\n<!-- \/ Yoast SEO plugin. -->","yoast_head_json":{"title":"\u00bfSabes c\u00f3mo colocar las cadenas para nieve? - Esquiades Blog","robots":{"index":"index","follow":"follow","max-snippet":"max-snippet:-1","max-image-preview":"max-image-preview:large","max-video-preview":"max-video-preview:-1"},"canonical":"https:\/\/www.esquiades.com\/blog\/sabes-como-colocar-las-cadenas-para-nieve\/","og_locale":"es_ES","og_type":"article","og_title":"\u00bfSabes c\u00f3mo colocar las cadenas para nieve? - Esquiades Blog","og_description":"El pasado fin de semana, hasta 37 provincias se encontraron en alerta naranja o amarilla por riesgo de nevadas, aludes, tormentas, lluvia y viento. Pero vamos a lo que nos interesa: la nieve. El blanco ti\u00f1\u00f3 pr\u00e1cticamente toda la pen\u00ednsula con intensas nevadas que bloquearon carreteras e instalaciones. &nbsp; As\u00ed, el temporal puso a prueba...","og_url":"https:\/\/www.esquiades.com\/blog\/sabes-como-colocar-las-cadenas-para-nieve\/","og_site_name":"Esquiades Blog","article_published_time":"2018-01-10T08:00:06+00:00","og_image":[{"width":800,"height":600,"url":"https:\/\/www.esquiades.com\/blog\/app\/uploads\/2018\/01\/cadenas-nieve.jpg","type":"image\/jpeg"}],"author":"pps@b2-performance.es","twitter_card":"summary_large_image","twitter_misc":{"Escrito por":"pps@b2-performance.es","Tiempo de lectura":"4 minutos"},"schema":{"@context":"https:\/\/schema.org","@graph":[{"@type":"NewsArticle","@id":"https:\/\/www.esquiades.com\/blog\/sabes-como-colocar-las-cadenas-para-nieve\/#article","isPartOf":{"@id":"https:\/\/www.esquiades.com\/blog\/sabes-como-colocar-las-cadenas-para-nieve\/"},"author":{"name":"pps@b2-performance.es","@id":"https:\/\/www.esquiades.com\/blog\/#\/schema\/person\/d0fd9f4f1a875a2fda01aa476d80a062"},"headline":"\u00bfSabes c\u00f3mo colocar las cadenas para nieve?","datePublished":"2018-01-10T08:00:06+00:00","mainEntityOfPage":{"@id":"https:\/\/www.esquiades.com\/blog\/sabes-como-colocar-las-cadenas-para-nieve\/"},"wordCount":809,"commentCount":0,"publisher":{"@id":"https:\/\/www.esquiades.com\/blog\/#organization"},"image":{"@id":"https:\/\/www.esquiades.com\/blog\/sabes-como-colocar-las-cadenas-para-nieve\/#primaryimage"},"thumbnailUrl":"https:\/\/www.esquiades.com\/blog\/app\/uploads\/2018\/01\/cadenas-nieve.jpg","inLanguage":"es","potentialAction":[{"@type":"CommentAction","name":"Comment","target":["https:\/\/www.esquiades.com\/blog\/sabes-como-colocar-las-cadenas-para-nieve\/#respond"]}]},{"@type":"WebPage","@id":"https:\/\/www.esquiades.com\/blog\/sabes-como-colocar-las-cadenas-para-nieve\/","url":"https:\/\/www.esquiades.com\/blog\/sabes-como-colocar-las-cadenas-para-nieve\/","name":"\u00bfSabes c\u00f3mo colocar las cadenas para nieve? - Esquiades Blog","isPartOf":{"@id":"https:\/\/www.esquiades.com\/blog\/#website"},"primaryImageOfPage":{"@id":"https:\/\/www.esquiades.com\/blog\/sabes-como-colocar-las-cadenas-para-nieve\/#primaryimage"},"image":{"@id":"https:\/\/www.esquiades.com\/blog\/sabes-como-colocar-las-cadenas-para-nieve\/#primaryimage"},"thumbnailUrl":"https:\/\/www.esquiades.com\/blog\/app\/uploads\/2018\/01\/cadenas-nieve.jpg","datePublished":"2018-01-10T08:00:06+00:00","breadcrumb":{"@id":"https:\/\/www.esquiades.com\/blog\/sabes-como-colocar-las-cadenas-para-nieve\/#breadcrumb"},"inLanguage":"es","potentialAction":[{"@type":"ReadAction","target":["https:\/\/www.esquiades.com\/blog\/sabes-como-colocar-las-cadenas-para-nieve\/"]}]},{"@type":"ImageObject","inLanguage":"es","@id":"https:\/\/www.esquiades.com\/blog\/sabes-como-colocar-las-cadenas-para-nieve\/#primaryimage","url":"https:\/\/www.esquiades.com\/blog\/app\/uploads\/2018\/01\/cadenas-nieve.jpg","contentUrl":"https:\/\/www.esquiades.com\/blog\/app\/uploads\/2018\/01\/cadenas-nieve.jpg","width":800,"height":600},{"@type":"BreadcrumbList","@id":"https:\/\/www.esquiades.com\/blog\/sabes-como-colocar-las-cadenas-para-nieve\/#breadcrumb","itemListElement":[{"@type":"ListItem","position":1,"name":"Home","item":"https:\/\/www.esquiades.com\/blog\/"},{"@type":"ListItem","position":2,"name":"\u00bfSabes c\u00f3mo colocar las cadenas para nieve?"}]},{"@type":"WebSite","@id":"https:\/\/www.esquiades.com\/blog\/#website","url":"https:\/\/www.esquiades.com\/blog\/","name":"Esquiades Blog","description":"Pasi\u00f3n por la nieve y la monta\u00f1a","publisher":{"@id":"https:\/\/www.esquiades.com\/blog\/#organization"},"potentialAction":[{"@type":"SearchAction","target":{"@type":"EntryPoint","urlTemplate":"https:\/\/www.esquiades.com\/blog\/?s={search_term_string}"},"query-input":{"@type":"PropertyValueSpecification","valueRequired":true,"valueName":"search_term_string"}}],"inLanguage":"es"},{"@type":"Organization","@id":"https:\/\/www.esquiades.com\/blog\/#organization","name":"Esquiades Blog","url":"https:\/\/www.esquiades.com\/blog\/","logo":{"@type":"ImageObject","inLanguage":"es","@id":"https:\/\/www.esquiades.com\/blog\/#\/schema\/logo\/image\/","url":"https:\/\/www.esquiades.com\/blog\/app\/uploads\/2017\/02\/esquiades-LOGO-2.jpg","contentUrl":"https:\/\/www.esquiades.com\/blog\/app\/uploads\/2017\/02\/esquiades-LOGO-2.jpg","width":397,"height":157,"caption":"Esquiades Blog"},"image":{"@id":"https:\/\/www.esquiades.com\/blog\/#\/schema\/logo\/image\/"}},{"@type":"Person","@id":"https:\/\/www.esquiades.com\/blog\/#\/schema\/person\/d0fd9f4f1a875a2fda01aa476d80a062","name":"pps@b2-performance.es","image":{"@type":"ImageObject","inLanguage":"es","@id":"https:\/\/secure.gravatar.com\/avatar\/0329b708caf0b031cad4c30f76b07f821c214bb62667106c6e61789a4286bb5f?s=96&d=mm&r=g","url":"https:\/\/secure.gravatar.com\/avatar\/0329b708caf0b031cad4c30f76b07f821c214bb62667106c6e61789a4286bb5f?s=96&d=mm&r=g","contentUrl":"https:\/\/secure.gravatar.com\/avatar\/0329b708caf0b031cad4c30f76b07f821c214bb62667106c6e61789a4286bb5f?s=96&d=mm&r=g","caption":"pps@b2-performance.es"},"url":"https:\/\/www.esquiades.com\/blog\/author\/ppsb2-performance-es\/"}]}},"_links":{"self":[{"href":"https:\/\/www.esquiades.com\/blog\/wp-json\/wp\/v2\/posts\/7461","targetHints":{"allow":["GET"]}}],"collection":[{"href":"https:\/\/www.esquiades.com\/blog\/wp-json\/wp\/v2\/posts"}],"about":[{"href":"https:\/\/www.esquiades.com\/blog\/wp-json\/wp\/v2\/types\/post"}],"author":[{"embeddable":true,"href":"https:\/\/www.esquiades.com\/blog\/wp-json\/wp\/v2\/users\/1"}],"replies":[{"embeddable":true,"href":"https:\/\/www.esquiades.com\/blog\/wp-json\/wp\/v2\/comments?post=7461"}],"version-history":[{"count":0,"href":"https:\/\/www.esquiades.com\/blog\/wp-json\/wp\/v2\/posts\/7461\/revisions"}],"wp:featuredmedia":[{"embeddable":true,"href":"https:\/\/www.esquiades.com\/blog\/wp-json\/wp\/v2\/media\/7478"}],"wp:attachment":[{"href":"https:\/\/www.esquiades.com\/blog\/wp-json\/wp\/v2\/media?parent=7461"}],"wp:term":[{"taxonomy":"category","embeddable":true,"href":"https:\/\/www.esquiades.com\/blog\/wp-json\/wp\/v2\/categories?post=7461"},{"taxonomy":"post_tag","embeddable":true,"href":"https:\/\/www.esquiades.com\/blog\/wp-json\/wp\/v2\/tags?post=7461"}],"curies":[{"name":"wp","href":"https:\/\/api.w.org\/{rel}","templated":true}]}}