{"id":19131,"date":"2026-08-27T09:00:00","date_gmt":"2026-08-27T07:00:00","guid":{"rendered":"https:\/\/www.esquiades.com\/blog\/?p=19131"},"modified":"2026-09-01T13:15:19","modified_gmt":"2026-09-01T11:15:19","slug":"ferrata-en-verano-para-esquiadores","status":"publish","type":"post","link":"https:\/\/www.esquiades.com\/blog\/ferrata-en-verano-para-esquiadores\/","title":{"rendered":"Lo que un esquiador aprende haciendo ferrata en verano"},"content":{"rendered":"<p>\u00bfSab\u00edas que las <a href=\"https:\/\/es.wikipedia.org\/wiki\/V%C3%ADa_ferrata\" target=\"_blank\" rel=\"noopener\">v\u00edas ferratas<\/a> pueden ayudarte a no perder tu t\u00e9cnica de esqu\u00ed? \u00a1Pues s\u00ed! El verano no tiene por qu\u00e9 ser un par\u00e9ntesis en tu pasi\u00f3n por la monta\u00f1a, sino una evoluci\u00f3n. Y entre todas las disciplinas estivales, la <strong>ferrata en verano<\/strong> es la mejor opci\u00f3n para mantener los instintos afilados. &#10052;&#65039;&#9975;&#65039;<\/p>\n<p>Colgarse de un cable de vida en la pared vertical te ense\u00f1a lecciones que, curiosamente, ning\u00fan d\u00eda de telesilla puede igualar. En <strong>Esquiades.com<\/strong> te vamos a descubrir todo lo que te puede ense\u00f1ar una v\u00eda ferrata para que, as\u00ed, puedas combatir tu \u00abmono\u00bb por esquiar en verano.<\/p>\n<figure class=\"wp-block-image size-large\"><img decoding=\"async\" style=\"display:block;width:100%;aspect-ratio:3\/2;object-fit:cover;border-radius:15px;\" src=\"https:\/\/www.esquiades.com\/blog\/app\/uploads\/2026\/08\/ferrata-verano-sendero.png\" alt=\"Sendero de monta\u00f1a en verano cerca de las estaciones de esqu\u00ed\" \/><\/figure>\n<h2>\u00bfQu\u00e9 es la ferrata en verano y por qu\u00e9 la practican los esquiadores?<\/h2>\n<p>La <strong>ferrata en verano<\/strong> consiste en recorrer itinerarios verticales de monta\u00f1a equipados con cable de vida, pelda\u00f1os y grapas met\u00e1licas durante los meses c\u00e1lidos. Para el esquiador es el mejor entrenamiento cruzado: mantiene el equilibrio, la fuerza de piernas y la gesti\u00f3n del miedo que necesitar\u00e1 cuando vuelva la nieve.<\/p>\n<style>.vptgrid{display:flex;gap:10px;flex-wrap:wrap;margin:2.5em 0;}.vptgrid a{position:relative;flex:1 1 30%;min-width:200px;overflow:hidden;border-radius:15px;}.vptgrid a img{display:block;width:100%;aspect-ratio:3\/2;object-fit:cover;transition:transform .5s ease;}.vptgrid a::after{content:\"\";position:absolute;inset:0;background:rgba(0,0,0,.25);opacity:0;transition:opacity .4s ease;}.vptgrid a:hover::after{opacity:1;}.vptgrid a:hover img{transform:scale(1.04);}<\/style>\n<div class=\"vptgrid\"><a href=\"https:\/\/www.esquiades.com\/blog\/app\/uploads\/2026\/08\/collage-ferrata-1.jpg\" data-elementor-open-lightbox=\"yes\" data-elementor-lightbox-slideshow=\"collage-ferrata\"><img decoding=\"async\" src=\"https:\/\/www.esquiades.com\/blog\/app\/uploads\/2026\/08\/collage-ferrata-1.jpg\" alt=\"Escalador en una v\u00eda ferrata en verano sobre la roca\" \/><\/a><a href=\"https:\/\/www.esquiades.com\/blog\/app\/uploads\/2026\/08\/collage-ferrata-2.jpg\" data-elementor-open-lightbox=\"yes\" data-elementor-lightbox-slideshow=\"collage-ferrata\"><img decoding=\"async\" src=\"https:\/\/www.esquiades.com\/blog\/app\/uploads\/2026\/08\/collage-ferrata-2.jpg\" alt=\"Paso a\u00e9reo de una v\u00eda ferrata en verano en la monta\u00f1a\" \/><\/a><\/div>\n<h2>&#9968;&#65039; Por qu\u00e9 colgar los esqu\u00eds no significa dejar la monta\u00f1a<\/h2>\n<p>Para el fan del esqu\u00ed, el verano puede resultar aburrido. Las pistas de esqu\u00ed se transforman en prados verdes y los remontes detienen sus motores. Sin embargo, la esencia de la monta\u00f1a sigue siendo exactamente la misma.<\/p>\n<h3>El verano como parte del entrenamiento invisible<\/h3>\n<p>Los grandes esquiadores se preparan durante todo el a\u00f1o. El periodo estival es el momento ideal para trabajar el <strong>\u00abentrenamiento invisible\u00bb<\/strong>. Mientras que correr por llano o ir al gimnasio mantiene la m\u00e1quina aerodin\u00e1mica a punto, actividades como la v\u00eda ferrata exigen un deporte que trasciende el simple esfuerzo cardiovascular. Es la manera de mantener el cerebro conectado a la monta\u00f1a, y disfrutar de la verticalidad sin necesidad de llevar peso a la espalda sobre una tabla. &#127935;<\/p>\n<h3>Qu\u00e9 tienen en com\u00fan la ferrata y una bajada exigente<\/h3>\n<p>A primera vista, una pared de roca caliza y una pala de nieve sin pisar parecen dos mundos opuestos. Sin embargo, si lo piensas fr\u00edamente, comparten la misma <strong>arquitectura mental<\/strong>. En ambas disciplinas te enfrentas a una pendiente que impone respeto, donde un mal apoyo o un exceso de confianza pueden costar caro.<\/p>\n<p>La gesti\u00f3n del espacio, la capacidad de leer la l\u00ednea m\u00e1s eficiente y la necesidad de mantener la calma cuando el terreno se empina son exactamente iguales, tanto si vas enfundado en un mono de esqu\u00ed como si llevas un arn\u00e9s y un disipador.<\/p>\n<div class=\"elementor-button-wrapper\" style=\"text-align: center; margin: 2.5em 0;\"><a class=\"elementor-button elementor-button-link elementor-size-sm\" href=\"https:\/\/www.esquiades.com\/viajes-esqui\/pirineo-aragones-103\" style=\"display:inline-block;background-color:#4054B2;color:#ffffff;border-radius:100px;padding:14px 32px;font-weight:600;font-family:Roboto,sans-serif;text-decoration:none;\">Empieza a planear tu escapada de esqu\u00ed al Pirineo<\/a><\/div>\n<h2>&#128170; Lo que el cuerpo aprende agarrado a la pared<\/h2>\n<p>Una v\u00eda ferrata no es solo escalar tirando de los brazos; de hecho, si cometes ese error, acabar\u00e1s agotado a los veinte minutos. La progresi\u00f3n en una pared vertical es, en realidad, una lecci\u00f3n de <strong>biomec\u00e1nica<\/strong> que beneficia a tu t\u00e9cnica de esqu\u00ed.<\/p>\n<figure class=\"wp-block-table\">\n<table style=\"width:100%;border-collapse:collapse;\">\n<caption style=\"caption-side:top;text-align:left;font-weight:600;padding:8px 0;\">C\u00f3mo la v\u00eda ferrata entrena tu t\u00e9cnica de esqu\u00ed<\/caption>\n<thead>\n<tr>\n<th style=\"border:1px solid #ccc;padding:10px;text-align:left;background:#f2f2f2;\">Gesto en la v\u00eda ferrata<\/th>\n<th style=\"border:1px solid #ccc;padding:10px;text-align:left;background:#f2f2f2;\">Qu\u00e9 mejora en tu esqu\u00ed<\/th>\n<\/tr>\n<\/thead>\n<tbody>\n<tr>\n<td style=\"border:1px solid #ccc;padding:10px;\">Colocar el centro de gravedad sobre los apoyos<\/td>\n<td style=\"border:1px solid #ccc;padding:10px;\">Equilibrio del tronco sobre las botas<\/td>\n<\/tr>\n<tr>\n<td style=\"border:1px solid #ccc;padding:10px;\">Contracci\u00f3n din\u00e1mica de las piernas al ascender<\/td>\n<td style=\"border:1px solid #ccc;padding:10px;\">Fuerza de core y solidez al carvear<\/td>\n<\/tr>\n<tr>\n<td style=\"border:1px solid #ccc;padding:10px;\">Mover una extremidad solo con la otra anclada<\/td>\n<td style=\"border:1px solid #ccc;padding:10px;\">Coordinaci\u00f3n y econom\u00eda de energ\u00eda<\/td>\n<\/tr>\n<tr>\n<td style=\"border:1px solid #ccc;padding:10px;\">Gestionar la exposici\u00f3n al vac\u00edo<\/td>\n<td style=\"border:1px solid #ccc;padding:10px;\">Serenidad en pendientes pronunciadas<\/td>\n<\/tr>\n<tr>\n<td style=\"border:1px solid #ccc;padding:10px;\">Iniciar cada gesto con determinaci\u00f3n<\/td>\n<td style=\"border:1px solid #ccc;padding:10px;\">Decisi\u00f3n en giros y cambios de pendiente<\/td>\n<\/tr>\n<\/tbody>\n<\/table>\n<\/figure>\n<h3>Equilibrio y posici\u00f3n<\/h3>\n<p>En una ferrata, cada paso sobre los pelda\u00f1os de hierro exige colocar el <strong>centro de gravedad<\/strong> justo donde corresponde. Si te separas demasiado de la pared, tus brazos sufren; si te pegas en exceso, pierdes visibilidad.<\/p>\n<p>Este ejercicio constante de alinear el cuerpo sobre los puntos de apoyo es id\u00e9ntico al que necesitas sobre los esqu\u00edes. En la nieve, un esquiador eficiente es aquel que mantiene el tronco equilibrado sobre las botas; la ferrata te obliga, a base de gravedad, a encontrar esa verticalidad natural sin titubeos.<\/p>\n<h3>Fuerza de core y piernas<\/h3>\n<p>Mientras que en el esqu\u00ed las piernas queman por la tensi\u00f3n isom\u00e9trica continuada en los giros, en la ferrata trabajan bajo una contracci\u00f3n din\u00e1mica constante. Las piernas son el verdadero motor para ascender, liberando a los brazos de un esfuerzo innecesario.<\/p>\n<p>Esta exigencia muscular fortalece el <strong>core<\/strong> (la faja abdominal y lumbar), proporcionando esa estabilidad central que luego, en invierno, se traduce en una mayor solidez al carvear o al absorber los baches de una pista dif\u00edcil. &#128170;<\/p>\n<figure class=\"wp-block-image size-large\"><img decoding=\"async\" style=\"display:block;width:100%;aspect-ratio:3\/2;object-fit:cover;border-radius:15px;\" src=\"https:\/\/www.esquiades.com\/blog\/app\/uploads\/2026\/08\/ferrata-verano-esquiador.jpg\" alt=\"Esquiador trazando giros en pista, la t\u00e9cnica que se afina con la escalada estival\" \/><\/figure>\n<h3>Coordinaci\u00f3n y econom\u00eda de movimientos<\/h3>\n<p>No hay tirones bruscos, sino una transici\u00f3n suave y continua de un giro a otro. En una v\u00eda ferrata ocurre lo mismo con las manos y los pies: aprendes a mover una extremidad solo cuando la otra tiene un anclaje seguro. Esta sincronizaci\u00f3n entrena al sistema nervioso para ser eficiente, eliminando el gasto de energ\u00eda superfluo que tanto penaliza cuando llevas horas esquiando.<\/p>\n<p>Si no puedes aguantar m\u00e1s, en este otro post te descubrimos los <a href=\"https:\/\/www.esquiades.com\/blog\/estaciones-de-esqui-en-verano-destinos-imprescindibles-para-amantes-de-la-montana\/\">sitios para esquiar en verano<\/a>. &#9975;&#65039;<\/p>\n<h2>&#129504; Lo que la cabeza entrena en la exposici\u00f3n<\/h2>\n<p>Si el cuerpo trabaja duro, la mente lo hace a\u00fan m\u00e1s. El esqu\u00ed alpino y las v\u00edas ferratas comparten una caracter\u00edstica psicol\u00f3gica muy particular: la <strong>gesti\u00f3n de la exposici\u00f3n al vac\u00edo<\/strong>.<\/p>\n<figure class=\"wp-block-image size-large\"><img decoding=\"async\" style=\"display:block;width:100%;aspect-ratio:3\/2;object-fit:cover;border-radius:15px;\" src=\"https:\/\/www.esquiades.com\/blog\/app\/uploads\/2026\/08\/ferrata-verano-exposicion.jpg\" alt=\"Exposici\u00f3n al vac\u00edo en una pared vertical, clave tambi\u00e9n sobre los esqu\u00eds\" \/><\/figure>\n<h3>Gestionar el miedo cuando el vac\u00edo est\u00e1 debajo<\/h3>\n<p>Mirar hacia abajo en una pared vertical donde los pies cuelgan a cientos de metros del suelo impone respeto. Al principio, la tensi\u00f3n se acumula en los hombros y la respiraci\u00f3n se vuelve superficial. Con el tiempo, la ferrata te ense\u00f1a a canalizar esa tensi\u00f3n.<\/p>\n<p>Aprendes a reconocer el miedo como una se\u00f1al de alerta \u00fatil, pero a impedir que se convierta en p\u00e1nico paralizante. Esa misma serenidad mental es la que te salva en invierno cuando te asomas al borde de una pendiente pronunciada o de un corredor estrecho antes de empezar a bajar.<\/p>\n<h3>Comprometerse con el movimiento sin dudar<\/h3>\n<p>En una v\u00eda ferrata hay pasos clave donde detenerse a mitad de un desplome o de una traves\u00eda a\u00e9rea es la peor opci\u00f3n posible. Exigen decisi\u00f3n: eval\u00faas el siguiente agarre, colocas el pie, respiras y te mueves con determinaci\u00f3n.<\/p>\n<p>Esa capacidad de <strong>compromiso con el movimiento<\/strong> es vital sobre los esqu\u00eds. Muchas de las ca\u00eddas tontas en la nieve ocurren por la \u00abduda de \u00faltima hora\u00bb: frenar a mitad de un giro dif\u00edcil o dudar al entrar en un cambio de pendiente. La roca te ense\u00f1a que, una vez que inicias una acci\u00f3n t\u00e9cnica, hay que llevarla hasta el final con decisi\u00f3n y confianza.<\/p>\n<h2>&#127956;&#65039; Lo que la monta\u00f1a te recuerda en cualquier estaci\u00f3n<\/h2>\n<p>La monta\u00f1a no entiende de calendarios ni de temporadas. Las reglas b\u00e1sicas de supervivencia y disfrute en el medio natural son universales, y la transici\u00f3n del invierno al verano sirve como un recordatorio constante de los principios que nunca debemos olvidar.<\/p>\n<div class=\"vptgrid\"><a href=\"https:\/\/www.esquiades.com\/blog\/app\/uploads\/2026\/08\/collage-montana-1.jpg\" data-elementor-open-lightbox=\"yes\" data-elementor-lightbox-slideshow=\"collage-montana\"><img decoding=\"async\" src=\"https:\/\/www.esquiades.com\/blog\/app\/uploads\/2026\/08\/collage-montana-1.jpg\" alt=\"Paisaje del Pirineo en verano, valles verdes bajo la alta monta\u00f1a\" \/><\/a><a href=\"https:\/\/www.esquiades.com\/blog\/app\/uploads\/2026\/08\/collage-montana-2.jpg\" data-elementor-open-lightbox=\"yes\" data-elementor-lightbox-slideshow=\"collage-montana\"><img decoding=\"async\" src=\"https:\/\/www.esquiades.com\/blog\/app\/uploads\/2026\/08\/collage-montana-2.jpg\" alt=\"Cumbres del Pirineo en verano, terreno de ferrata y esqu\u00ed\" \/><\/a><a href=\"https:\/\/www.esquiades.com\/blog\/app\/uploads\/2026\/08\/collage-montana-3.jpg\" data-elementor-open-lightbox=\"yes\" data-elementor-lightbox-slideshow=\"collage-montana\"><img decoding=\"async\" src=\"https:\/\/www.esquiades.com\/blog\/app\/uploads\/2026\/08\/collage-montana-3.jpg\" alt=\"Vistas de alta monta\u00f1a del Pirineo en un d\u00eda de verano\" \/><\/a><\/div>\n<h3>Leer el terreno antes de dar el paso<\/h3>\n<p>Igual que escrutas una pala de nieve buscando placas de viento, cambios de pendiente o rocas ocultas antes de trazar tu bajada, la progresi\u00f3n en una v\u00eda ferrata exige una <strong>lectura milim\u00e9trica de la roca<\/strong>. Tienes que anticipar d\u00f3nde vas a colocar el siguiente pie, buscar los mejores agarres y estudiar los pasos clave antes de ejecutarlos. La monta\u00f1a premia siempre a quien observa antes de actuar.<\/p>\n<p>En Esquiades.com puedes encontrar la informaci\u00f3n del <a href=\"https:\/\/www.esquiades.com\/informacion-interes\/estado-pistas\/\">estado de pistas<\/a> para que puedas conocer de antemano c\u00f3mo est\u00e1 el terreno.<\/p>\n<figure class=\"wp-block-image size-large\"><img decoding=\"async\" style=\"display:block;width:100%;aspect-ratio:3\/2;object-fit:cover;border-radius:15px;\" src=\"https:\/\/www.esquiades.com\/blog\/app\/uploads\/2026\/08\/ferrata-verano-material.jpg\" alt=\"Arn\u00e9s y mosquetones para practicar ferrata en verano con seguridad\" \/><\/figure>\n<h3>Confiar en el material y revisarlo siempre<\/h3>\n<p>En invierno, conf\u00edas tu integridad a unas fijaciones bien calibradas y a unos cantos afilados; en verano, tu seguridad depende de un buen <strong>arn\u00e9s<\/strong>, un <strong><a href=\"https:\/\/fedme.es\/\" target=\"_blank\" rel=\"noopener\">disipador de energ\u00eda homologado<\/a><\/strong> y un <strong>casco<\/strong> en perfecto estado. Ambas disciplinas te ense\u00f1an el valor de revisar el equipo antes de salir de casa y de mantenerlo como si te fuera la vida en ello (porque, literalmente, as\u00ed es).<\/p>\n<figure class=\"wp-block-image size-large\"><img decoding=\"async\" style=\"display:block;width:100%;aspect-ratio:3\/2;object-fit:cover;border-radius:15px;\" src=\"https:\/\/www.esquiades.com\/blog\/app\/uploads\/2026\/08\/ferrata-verano-pistas.jpg\" alt=\"Pistas nevadas del Pirineo, destino de esqu\u00ed tras la ferrata en verano\" \/><\/figure>\n<h3>Respetar la meteorolog\u00eda y saber renunciar<\/h3>\n<p>Las tormentas de verano en la alta monta\u00f1a son implacables, r\u00e1pidas y peligrosas, especialmente cuando vas agarrado a cientos de metros de cable met\u00e1lico que act\u00faan como pararrayos. La monta\u00f1a estival ense\u00f1a la misma lecci\u00f3n de humildad que un d\u00eda de ventisca en el telesilla: el pico no se va a mover, pero t\u00fa s\u00ed puedes elegir volver otro d\u00eda. <strong>Saber dar la media vuelta a tiempo<\/strong> es la mayor muestra de madurez alpina. &#9928;&#65039;<\/p>\n<h3>La seguridad nunca se toma vacaciones<\/h3>\n<p>El exceso de confianza es el mayor enemigo del deportista de monta\u00f1a. En verano, sin el fr\u00edo extremo que te mantiene alerta en invierno, es f\u00e1cil descuidarse, quitarse el casco \u00abporque molesta\u00bb o saltarse la comprobaci\u00f3n del compa\u00f1ero. Las v\u00edas ferratas te recuerdan que la <strong>autoprotecci\u00f3n es un h\u00e1bito continuo<\/strong> que no entiende de temperaturas.<\/p>\n<h2>&#129495; D\u00f3nde probar la ferrata en verano cerca de las grandes estaciones<\/h2>\n<p>Si te ha picado el gusanillo y quieres cambiar los bastones de esqu\u00ed por los guantes de fricci\u00f3n, no tendr\u00e1s que ir muy lejos. Las grandes zonas de esqu\u00ed de la pen\u00ednsula y los Alpes cuentan con rutas ferratas espectaculares en sus inmediaciones.<\/p>\n<h3>Ferratas en los Pirineos<\/h3>\n<p>El Pirineo es un santuario para esta pr\u00e1ctica, con itinerarios que miran cara a cara a los gigantes nevados del invierno. Zonas como el <strong><a href=\"https:\/\/www.esquiades.com\/pistas\/cerler\/\">Valle de Benasque<\/a><\/strong>, el entorno de <strong><a href=\"https:\/\/www.esquiades.com\/pistas\/grandvalira\/\">Andorra<\/a><\/strong> (con opciones excelentes en Canillo o Encamp) o el <strong><a href=\"https:\/\/www.esquiades.com\/blog\/rutas-en-la-vall-de-boi-lagos-pasarelas-y-paisajes-de-alta-montana\/\">Valle de Bo\u00ed<\/a><\/strong> ofrecen v\u00edas ferratas perfectamente equipadas. Imagina escalar una pared vertical mientras contemplas al fondo los valles donde, unos meses antes, estabas haciendo giros sobre la nieve. &#10052;&#65039;<\/p>\n<div id=\"vptcar-pirineos\" style=\"position:relative;margin:2.5em 0;\">\n<div class=\"vptcar-vp\" style=\"overflow:hidden;border-radius:15px;\">\n<div class=\"vptcar-track\" style=\"display:flex;transition:transform .5s ease;\"><a href=\"https:\/\/www.esquiades.com\/blog\/app\/uploads\/2026\/08\/ferrata-verano-benasque.jpg\" data-elementor-open-lightbox=\"yes\" data-elementor-lightbox-slideshow=\"ferrata-pirineos\" style=\"flex:0 0 100%;\"><img decoding=\"async\" src=\"https:\/\/www.esquiades.com\/blog\/app\/uploads\/2026\/08\/ferrata-verano-benasque.jpg\" alt=\"Valle de Benasque, zona de v\u00edas ferrata y esqu\u00ed en el Pirineo aragon\u00e9s\" style=\"display:block;width:100%;aspect-ratio:3\/2;object-fit:cover;\" \/><\/a><a href=\"https:\/\/www.esquiades.com\/blog\/app\/uploads\/2026\/08\/ferrata-verano-andorra.jpg\" data-elementor-open-lightbox=\"yes\" data-elementor-lightbox-slideshow=\"ferrata-pirineos\" style=\"flex:0 0 100%;\"><img decoding=\"async\" src=\"https:\/\/www.esquiades.com\/blog\/app\/uploads\/2026\/08\/ferrata-verano-andorra.jpg\" alt=\"Monta\u00f1as de Andorra en verano, ferratas cerca de Grandvalira\" style=\"display:block;width:100%;aspect-ratio:3\/2;object-fit:cover;\" \/><\/a><a href=\"https:\/\/www.esquiades.com\/blog\/app\/uploads\/2026\/08\/ferrata-verano-vallboi.jpg\" data-elementor-open-lightbox=\"yes\" data-elementor-lightbox-slideshow=\"ferrata-pirineos\" style=\"flex:0 0 100%;\"><img decoding=\"async\" src=\"https:\/\/www.esquiades.com\/blog\/app\/uploads\/2026\/08\/ferrata-verano-vallboi.jpg\" alt=\"Vall de Bo\u00ed, paisaje de alta monta\u00f1a del Pirineo catal\u00e1n\" style=\"display:block;width:100%;aspect-ratio:3\/2;object-fit:cover;\" \/><\/a><\/div>\n<\/div>\n<p><button type=\"button\" class=\"vptcar-prev\" aria-label=\"Anterior\" style=\"position:absolute;top:50%;left:10px;transform:translateY(-50%);width:36px;height:36px;border:none;border-radius:50%;background:rgba(0,0,0,.55);cursor:pointer;z-index:2;display:flex;align-items:center;justify-content:center;\"><svg width=\"20\" height=\"20\" viewBox=\"0 0 24 24\" fill=\"none\" stroke=\"#fff\" stroke-width=\"2.5\" stroke-linecap=\"round\" stroke-linejoin=\"round\"><polyline points=\"15 18 9 12 15 6\"><\/polyline><\/svg><\/button><button type=\"button\" class=\"vptcar-next\" aria-label=\"Siguiente\" style=\"position:absolute;top:50%;right:10px;transform:translateY(-50%);width:36px;height:36px;border:none;border-radius:50%;background:rgba(0,0,0,.55);cursor:pointer;z-index:2;display:flex;align-items:center;justify-content:center;\"><svg width=\"20\" height=\"20\" viewBox=\"0 0 24 24\" fill=\"none\" stroke=\"#fff\" stroke-width=\"2.5\" stroke-linecap=\"round\" stroke-linejoin=\"round\"><polyline points=\"9 6 15 12 9 18\"><\/polyline><\/svg><\/button><\/p>\n<div class=\"vptcar-dots\" style=\"text-align:center;margin-top:12px;\"><\/div>\n<\/div>\n<p><script>\n(function(){var r=document.getElementById(\"vptcar-pirineos\");if(!r)return;var t=r.querySelector(\".vptcar-track\"),s=t.querySelectorAll(\":scope > a\"),dc=r.querySelector(\".vptcar-dots\"),n=s.length,d=[],i=0;function go(x){i=Math.max(0,Math.min(n-1,x));t.style.transform=\"translateX(\"+(-i*100)+\"%)\";for(var k=0;k<n;k++)d[k].style.background=k===i?\"#4054B2\":\"#ccc\"}for(var j=0;j<n;j++){(function(j){var b=document.createElement(\"button\");b.type=\"button\";b.style.cssText=\"width:9px;height:9px;border-radius:50%;border:none;margin:0 4px;padding:0;background:#ccc;cursor:pointer;\";b.onclick=function(){go(j)};dc.appendChild(b);d.push(b)})(j)}r.querySelector(\".vptcar-prev\").onclick=function(){go(i-1)};r.querySelector(\".vptcar-next\").onclick=function(){go(i+1)};go(0);})();\n<\/script><\/p>\n<p>En Esquiades.com encontrar\u00e1s <a href=\"https:\/\/www.esquiades.com\/viajes-esqui\/pirineo-frances-1011\">ofertas de esqu\u00ed en el Pirineo Franc\u00e9s<\/a>, <a href=\"https:\/\/www.esquiades.com\/viajes-esqui\/pirineo-catalan-102\">ofertas de esqu\u00ed en el Pirineo Catal\u00e1n<\/a> y <a href=\"https:\/\/www.esquiades.com\/viajes-esqui\/pirineo-aragones-103\">ofertas de esqu\u00ed en el Pirineo Aragon\u00e9s<\/a> para que encuentres los mejores precios.<\/p>\n<div class=\"elementor-custom-embed\" style=\"margin: 2.5em 0;\"><iframe src=\"https:\/\/maps.google.com\/maps?q=Vall%20de%20Bo%C3%AD%2C%20Lleida&#038;z=11&#038;output=embed\" width=\"100%\" height=\"400\" style=\"border:0;\" loading=\"lazy\" allowfullscreen><\/iframe><\/div>\n<p style=\"text-align: center;\"><em>La Vall de Bo\u00ed, en el Pirineo catal\u00e1n: v\u00edas ferratas en verano y esqu\u00ed en <a href=\"https:\/\/www.esquiades.com\/pistas\/boi-taull\/\">Bo\u00ed Ta\u00fcll<\/a> en invierno.<\/em><\/p>\n<h3>Consejos para principiantes que vienen del esqu\u00ed<\/h3>\n<p>Si es tu primera vez en la roca, aplica el mismo sentido com\u00fan que ya usas como <a href=\"https:\/\/www.esquiades.com\/blog\/consejos-debutantes-esqui\/\">debutante en el esqu\u00ed<\/a>:<\/p>\n<ul>\n<li><strong>Empieza por nivel bajo (K1 o K2):<\/strong> no subestimes la exposici\u00f3n vertical solo porque est\u00e9s en buena forma f\u00edsica por el esqu\u00ed. Deja que tus brazos y tu mente se acostumbren al vac\u00edo progresivamente.<\/li>\n<li><strong>Usa calzado adecuado:<\/strong> olv\u00eddate de las zapatillas de ciudad; unas botas de aproximaci\u00f3n o zapatillas de trekking con suela de gran adherencia (tipo Vibram) son fundamentales.<\/li>\n<li><strong>Alquila o invierte en un buen kit:<\/strong> el arn\u00e9s, el disipador espec\u00edfico para ferratas con absorbedor de energ\u00eda y el casco son obligatorios. Si no tienes material propio, alqu\u00edlalo en tiendas especializadas de monta\u00f1a.<\/li>\n<\/ul>\n<p>En Esquiades.com sabemos que la pasi\u00f3n por la monta\u00f1a no se apaga cuando se funde el \u00faltimo copo. Por eso, adem\u00e1s de prepararte para las mejores escapadas de esqu\u00ed, te acompa\u00f1amos en todas tus <a href=\"https:\/\/www.esquiades.com\/blog\/de-las-pistas-al-sendero-como-planificar-tu-primera-ruta-de-montana-cuando-se-va-la-nieve\/\">aventuras estivales<\/a> para que sigas disfrutando del deporte al aire libre con la m\u00e1xima seguridad y confianza.<\/p>\n<div class=\"elementor-button-wrapper\" style=\"text-align: center; margin: 2.5em 0;\"><a class=\"elementor-button elementor-button-link elementor-size-sm\" href=\"https:\/\/www.esquiades.com\/viajes-esqui\/pirineo-catalan-102\" style=\"display:inline-block;background-color:#4054B2;color:#ffffff;border-radius:100px;padding:14px 32px;font-weight:600;font-family:Roboto,sans-serif;text-decoration:none;\">Empieza a planear tu escapada al Pirineo<\/a><\/div>\n<figure style=\"margin:2.5em 0;\"><a href=\"https:\/\/www.esquiades.com\/?new\/\"><img decoding=\"async\" src=\"https:\/\/www.esquiades.com\/blog\/app\/uploads\/2021\/02\/Opcio-4-12-1024x726-1.png\" alt=\"Suscr\u00edbete a la newsletter de Esquiades\" style=\"display:block;width:100%;height:auto;border-radius:15px;\" \/><\/a><\/figure>\n","protected":false},"excerpt":{"rendered":"<p>Colgarse de un cable de vida en verano entrena el equilibrio, la fuerza y la cabeza que necesitas en la nieve. Te contamos por qu\u00e9 la ferrata te hace mejor esquiador.<\/p>\n","protected":false},"author":2,"featured_media":19146,"comment_status":"open","ping_status":"open","sticky":false,"template":"","format":"standard","meta":{"_acf_changed":false,"footnotes":""},"categories":[7],"tags":[1315,48,1312,394,106,1314,1313],"class_list":["post-19131","post","type-post","status-publish","format-standard","has-post-thumbnail","hentry","category-actividades-de-montana","tag-entrenamiento-para-esquiar","tag-esqui-en-verano","tag-ferrata-en-verano","tag-montana-en-verano","tag-pirineo-aragones","tag-valle-de-benasque","tag-vias-ferrata"],"acf":[],"yoast_head":"<!-- This site is optimized with the Yoast SEO plugin v28.2 - https:\/\/yoast.com\/product\/yoast-seo-wordpress\/ -->\n<title>Ferrata en verano: lo que aprende un esquiador<\/title>\n<meta name=\"description\" content=\"Ferrata en verano: c\u00f3mo el equilibrio, la fuerza y la cabeza que entrena mejoran tu esqu\u00ed. Consejos y d\u00f3nde practicarla cerca de las estaciones.\" \/>\n<meta name=\"robots\" content=\"index, follow, max-snippet:-1, max-image-preview:large, max-video-preview:-1\" \/>\n<link rel=\"canonical\" href=\"https:\/\/www.esquiades.com\/blog\/ferrata-en-verano-para-esquiadores\/\" \/>\n<meta property=\"og:locale\" content=\"es_ES\" \/>\n<meta property=\"og:type\" content=\"article\" \/>\n<meta property=\"og:title\" content=\"Ferrata en verano: lo que aprende un esquiador\" \/>\n<meta property=\"og:description\" content=\"Ferrata en verano: c\u00f3mo el equilibrio, la fuerza y la cabeza que entrena mejoran tu esqu\u00ed. Consejos y d\u00f3nde practicarla cerca de las estaciones.\" \/>\n<meta property=\"og:url\" content=\"https:\/\/www.esquiades.com\/blog\/ferrata-en-verano-para-esquiadores\/\" \/>\n<meta property=\"og:site_name\" content=\"Esquiades Blog\" \/>\n<meta property=\"article:published_time\" content=\"2026-08-27T07:00:00+00:00\" \/>\n<meta property=\"article:modified_time\" content=\"2026-09-01T11:15:19+00:00\" \/>\n<meta property=\"og:image\" content=\"https:\/\/www.esquiades.com\/blog\/app\/uploads\/2026\/08\/ferrata-verano-portada.jpg\" \/>\n\t<meta property=\"og:image:width\" content=\"940\" \/>\n\t<meta property=\"og:image:height\" content=\"627\" \/>\n\t<meta property=\"og:image:type\" content=\"image\/jpeg\" \/>\n<meta name=\"author\" content=\"Esquiades.com\" \/>\n<meta name=\"twitter:card\" content=\"summary_large_image\" \/>\n<meta name=\"twitter:label1\" content=\"Escrito por\" \/>\n\t<meta name=\"twitter:data1\" content=\"Esquiades.com\" \/>\n\t<meta name=\"twitter:label2\" content=\"Tiempo de lectura\" \/>\n\t<meta name=\"twitter:data2\" content=\"12 minutos\" \/>\n<script type=\"application\/ld+json\" class=\"yoast-schema-graph\">{\"@context\":\"https:\\\/\\\/schema.org\",\"@graph\":[{\"@type\":\"NewsArticle\",\"@id\":\"https:\\\/\\\/www.esquiades.com\\\/blog\\\/ferrata-en-verano-para-esquiadores\\\/#article\",\"isPartOf\":{\"@id\":\"https:\\\/\\\/www.esquiades.com\\\/blog\\\/ferrata-en-verano-para-esquiadores\\\/\"},\"author\":{\"name\":\"Esquiades.com\",\"@id\":\"https:\\\/\\\/www.esquiades.com\\\/blog\\\/#\\\/schema\\\/person\\\/07e2783cdccb9bc9c6a29913c4d3b307\"},\"headline\":\"Lo que un esquiador aprende haciendo ferrata en verano\",\"datePublished\":\"2026-08-27T07:00:00+00:00\",\"dateModified\":\"2026-09-01T11:15:19+00:00\",\"mainEntityOfPage\":{\"@id\":\"https:\\\/\\\/www.esquiades.com\\\/blog\\\/ferrata-en-verano-para-esquiadores\\\/\"},\"wordCount\":1941,\"commentCount\":0,\"publisher\":{\"@id\":\"https:\\\/\\\/www.esquiades.com\\\/blog\\\/#organization\"},\"image\":{\"@id\":\"https:\\\/\\\/www.esquiades.com\\\/blog\\\/ferrata-en-verano-para-esquiadores\\\/#primaryimage\"},\"thumbnailUrl\":\"https:\\\/\\\/www.esquiades.com\\\/blog\\\/app\\\/uploads\\\/2026\\\/08\\\/ferrata-verano-portada.jpg\",\"keywords\":[\"entrenamiento para esquiar\",\"Esqu\u00ed en verano\",\"ferrata en verano\",\"monta\u00f1a en verano\",\"pirineo aragon\u00e9s\",\"Valle de Benasque\",\"v\u00edas ferrata\"],\"articleSection\":[\"Actividades de monta\u00f1a\"],\"inLanguage\":\"es\",\"potentialAction\":[{\"@type\":\"CommentAction\",\"name\":\"Comment\",\"target\":[\"https:\\\/\\\/www.esquiades.com\\\/blog\\\/ferrata-en-verano-para-esquiadores\\\/#respond\"]}]},{\"@type\":\"WebPage\",\"@id\":\"https:\\\/\\\/www.esquiades.com\\\/blog\\\/ferrata-en-verano-para-esquiadores\\\/\",\"url\":\"https:\\\/\\\/www.esquiades.com\\\/blog\\\/ferrata-en-verano-para-esquiadores\\\/\",\"name\":\"Ferrata en verano: lo que aprende un esquiador\",\"isPartOf\":{\"@id\":\"https:\\\/\\\/www.esquiades.com\\\/blog\\\/#website\"},\"primaryImageOfPage\":{\"@id\":\"https:\\\/\\\/www.esquiades.com\\\/blog\\\/ferrata-en-verano-para-esquiadores\\\/#primaryimage\"},\"image\":{\"@id\":\"https:\\\/\\\/www.esquiades.com\\\/blog\\\/ferrata-en-verano-para-esquiadores\\\/#primaryimage\"},\"thumbnailUrl\":\"https:\\\/\\\/www.esquiades.com\\\/blog\\\/app\\\/uploads\\\/2026\\\/08\\\/ferrata-verano-portada.jpg\",\"datePublished\":\"2026-08-27T07:00:00+00:00\",\"dateModified\":\"2026-09-01T11:15:19+00:00\",\"description\":\"Ferrata en verano: c\u00f3mo el equilibrio, la fuerza y la cabeza que entrena mejoran tu esqu\u00ed. Consejos y d\u00f3nde practicarla cerca de las estaciones.\",\"breadcrumb\":{\"@id\":\"https:\\\/\\\/www.esquiades.com\\\/blog\\\/ferrata-en-verano-para-esquiadores\\\/#breadcrumb\"},\"inLanguage\":\"es\",\"potentialAction\":[{\"@type\":\"ReadAction\",\"target\":[\"https:\\\/\\\/www.esquiades.com\\\/blog\\\/ferrata-en-verano-para-esquiadores\\\/\"]}]},{\"@type\":\"ImageObject\",\"inLanguage\":\"es\",\"@id\":\"https:\\\/\\\/www.esquiades.com\\\/blog\\\/ferrata-en-verano-para-esquiadores\\\/#primaryimage\",\"url\":\"https:\\\/\\\/www.esquiades.com\\\/blog\\\/app\\\/uploads\\\/2026\\\/08\\\/ferrata-verano-portada.jpg\",\"contentUrl\":\"https:\\\/\\\/www.esquiades.com\\\/blog\\\/app\\\/uploads\\\/2026\\\/08\\\/ferrata-verano-portada.jpg\",\"width\":940,\"height\":627,\"caption\":\"Escaladores en una via ferrata en verano cruzando una pared de montana\"},{\"@type\":\"BreadcrumbList\",\"@id\":\"https:\\\/\\\/www.esquiades.com\\\/blog\\\/ferrata-en-verano-para-esquiadores\\\/#breadcrumb\",\"itemListElement\":[{\"@type\":\"ListItem\",\"position\":1,\"name\":\"Home\",\"item\":\"https:\\\/\\\/www.esquiades.com\\\/blog\\\/\"},{\"@type\":\"ListItem\",\"position\":2,\"name\":\"Lo que un esquiador aprende haciendo ferrata en verano\"}]},{\"@type\":\"WebSite\",\"@id\":\"https:\\\/\\\/www.esquiades.com\\\/blog\\\/#website\",\"url\":\"https:\\\/\\\/www.esquiades.com\\\/blog\\\/\",\"name\":\"Esquiades Blog\",\"description\":\"Pasi\u00f3n por la nieve y la monta\u00f1a\",\"publisher\":{\"@id\":\"https:\\\/\\\/www.esquiades.com\\\/blog\\\/#organization\"},\"potentialAction\":[{\"@type\":\"SearchAction\",\"target\":{\"@type\":\"EntryPoint\",\"urlTemplate\":\"https:\\\/\\\/www.esquiades.com\\\/blog\\\/?s={search_term_string}\"},\"query-input\":{\"@type\":\"PropertyValueSpecification\",\"valueRequired\":true,\"valueName\":\"search_term_string\"}}],\"inLanguage\":\"es\"},{\"@type\":\"Organization\",\"@id\":\"https:\\\/\\\/www.esquiades.com\\\/blog\\\/#organization\",\"name\":\"Esquiades Blog\",\"url\":\"https:\\\/\\\/www.esquiades.com\\\/blog\\\/\",\"logo\":{\"@type\":\"ImageObject\",\"inLanguage\":\"es\",\"@id\":\"https:\\\/\\\/www.esquiades.com\\\/blog\\\/#\\\/schema\\\/logo\\\/image\\\/\",\"url\":\"https:\\\/\\\/www.esquiades.com\\\/blog\\\/app\\\/uploads\\\/2017\\\/02\\\/esquiades-LOGO-2.jpg\",\"contentUrl\":\"https:\\\/\\\/www.esquiades.com\\\/blog\\\/app\\\/uploads\\\/2017\\\/02\\\/esquiades-LOGO-2.jpg\",\"width\":397,\"height\":157,\"caption\":\"Esquiades Blog\"},\"image\":{\"@id\":\"https:\\\/\\\/www.esquiades.com\\\/blog\\\/#\\\/schema\\\/logo\\\/image\\\/\"}},{\"@type\":\"Person\",\"@id\":\"https:\\\/\\\/www.esquiades.com\\\/blog\\\/#\\\/schema\\\/person\\\/07e2783cdccb9bc9c6a29913c4d3b307\",\"name\":\"Esquiades.com\",\"image\":{\"@type\":\"ImageObject\",\"inLanguage\":\"es\",\"@id\":\"https:\\\/\\\/secure.gravatar.com\\\/avatar\\\/f29c2c662551af629137fbc3ddf97cbba8c16780b762bc122936f43a2034f086?s=96&d=mm&r=g\",\"url\":\"https:\\\/\\\/secure.gravatar.com\\\/avatar\\\/f29c2c662551af629137fbc3ddf97cbba8c16780b762bc122936f43a2034f086?s=96&d=mm&r=g\",\"contentUrl\":\"https:\\\/\\\/secure.gravatar.com\\\/avatar\\\/f29c2c662551af629137fbc3ddf97cbba8c16780b762bc122936f43a2034f086?s=96&d=mm&r=g\",\"caption\":\"Esquiades.com\"},\"url\":\"https:\\\/\\\/www.esquiades.com\\\/blog\\\/author\\\/esquiades\\\/\"}]}<\/script>\n<!-- \/ Yoast SEO plugin. -->","yoast_head_json":{"title":"Ferrata en verano: lo que aprende un esquiador","description":"Ferrata en verano: c\u00f3mo el equilibrio, la fuerza y la cabeza que entrena mejoran tu esqu\u00ed. Consejos y d\u00f3nde practicarla cerca de las estaciones.","robots":{"index":"index","follow":"follow","max-snippet":"max-snippet:-1","max-image-preview":"max-image-preview:large","max-video-preview":"max-video-preview:-1"},"canonical":"https:\/\/www.esquiades.com\/blog\/ferrata-en-verano-para-esquiadores\/","og_locale":"es_ES","og_type":"article","og_title":"Ferrata en verano: lo que aprende un esquiador","og_description":"Ferrata en verano: c\u00f3mo el equilibrio, la fuerza y la cabeza que entrena mejoran tu esqu\u00ed. Consejos y d\u00f3nde practicarla cerca de las estaciones.","og_url":"https:\/\/www.esquiades.com\/blog\/ferrata-en-verano-para-esquiadores\/","og_site_name":"Esquiades Blog","article_published_time":"2026-08-27T07:00:00+00:00","article_modified_time":"2026-09-01T11:15:19+00:00","og_image":[{"width":940,"height":627,"url":"https:\/\/www.esquiades.com\/blog\/app\/uploads\/2026\/08\/ferrata-verano-portada.jpg","type":"image\/jpeg"}],"author":"Esquiades.com","twitter_card":"summary_large_image","twitter_misc":{"Escrito por":"Esquiades.com","Tiempo de lectura":"12 minutos"},"schema":{"@context":"https:\/\/schema.org","@graph":[{"@type":"NewsArticle","@id":"https:\/\/www.esquiades.com\/blog\/ferrata-en-verano-para-esquiadores\/#article","isPartOf":{"@id":"https:\/\/www.esquiades.com\/blog\/ferrata-en-verano-para-esquiadores\/"},"author":{"name":"Esquiades.com","@id":"https:\/\/www.esquiades.com\/blog\/#\/schema\/person\/07e2783cdccb9bc9c6a29913c4d3b307"},"headline":"Lo que un esquiador aprende haciendo ferrata en verano","datePublished":"2026-08-27T07:00:00+00:00","dateModified":"2026-09-01T11:15:19+00:00","mainEntityOfPage":{"@id":"https:\/\/www.esquiades.com\/blog\/ferrata-en-verano-para-esquiadores\/"},"wordCount":1941,"commentCount":0,"publisher":{"@id":"https:\/\/www.esquiades.com\/blog\/#organization"},"image":{"@id":"https:\/\/www.esquiades.com\/blog\/ferrata-en-verano-para-esquiadores\/#primaryimage"},"thumbnailUrl":"https:\/\/www.esquiades.com\/blog\/app\/uploads\/2026\/08\/ferrata-verano-portada.jpg","keywords":["entrenamiento para esquiar","Esqu\u00ed en verano","ferrata en verano","monta\u00f1a en verano","pirineo aragon\u00e9s","Valle de Benasque","v\u00edas ferrata"],"articleSection":["Actividades de monta\u00f1a"],"inLanguage":"es","potentialAction":[{"@type":"CommentAction","name":"Comment","target":["https:\/\/www.esquiades.com\/blog\/ferrata-en-verano-para-esquiadores\/#respond"]}]},{"@type":"WebPage","@id":"https:\/\/www.esquiades.com\/blog\/ferrata-en-verano-para-esquiadores\/","url":"https:\/\/www.esquiades.com\/blog\/ferrata-en-verano-para-esquiadores\/","name":"Ferrata en verano: lo que aprende un esquiador","isPartOf":{"@id":"https:\/\/www.esquiades.com\/blog\/#website"},"primaryImageOfPage":{"@id":"https:\/\/www.esquiades.com\/blog\/ferrata-en-verano-para-esquiadores\/#primaryimage"},"image":{"@id":"https:\/\/www.esquiades.com\/blog\/ferrata-en-verano-para-esquiadores\/#primaryimage"},"thumbnailUrl":"https:\/\/www.esquiades.com\/blog\/app\/uploads\/2026\/08\/ferrata-verano-portada.jpg","datePublished":"2026-08-27T07:00:00+00:00","dateModified":"2026-09-01T11:15:19+00:00","description":"Ferrata en verano: c\u00f3mo el equilibrio, la fuerza y la cabeza que entrena mejoran tu esqu\u00ed. Consejos y d\u00f3nde practicarla cerca de las estaciones.","breadcrumb":{"@id":"https:\/\/www.esquiades.com\/blog\/ferrata-en-verano-para-esquiadores\/#breadcrumb"},"inLanguage":"es","potentialAction":[{"@type":"ReadAction","target":["https:\/\/www.esquiades.com\/blog\/ferrata-en-verano-para-esquiadores\/"]}]},{"@type":"ImageObject","inLanguage":"es","@id":"https:\/\/www.esquiades.com\/blog\/ferrata-en-verano-para-esquiadores\/#primaryimage","url":"https:\/\/www.esquiades.com\/blog\/app\/uploads\/2026\/08\/ferrata-verano-portada.jpg","contentUrl":"https:\/\/www.esquiades.com\/blog\/app\/uploads\/2026\/08\/ferrata-verano-portada.jpg","width":940,"height":627,"caption":"Escaladores en una via ferrata en verano cruzando una pared de montana"},{"@type":"BreadcrumbList","@id":"https:\/\/www.esquiades.com\/blog\/ferrata-en-verano-para-esquiadores\/#breadcrumb","itemListElement":[{"@type":"ListItem","position":1,"name":"Home","item":"https:\/\/www.esquiades.com\/blog\/"},{"@type":"ListItem","position":2,"name":"Lo que un esquiador aprende haciendo ferrata en verano"}]},{"@type":"WebSite","@id":"https:\/\/www.esquiades.com\/blog\/#website","url":"https:\/\/www.esquiades.com\/blog\/","name":"Esquiades Blog","description":"Pasi\u00f3n por la nieve y la monta\u00f1a","publisher":{"@id":"https:\/\/www.esquiades.com\/blog\/#organization"},"potentialAction":[{"@type":"SearchAction","target":{"@type":"EntryPoint","urlTemplate":"https:\/\/www.esquiades.com\/blog\/?s={search_term_string}"},"query-input":{"@type":"PropertyValueSpecification","valueRequired":true,"valueName":"search_term_string"}}],"inLanguage":"es"},{"@type":"Organization","@id":"https:\/\/www.esquiades.com\/blog\/#organization","name":"Esquiades Blog","url":"https:\/\/www.esquiades.com\/blog\/","logo":{"@type":"ImageObject","inLanguage":"es","@id":"https:\/\/www.esquiades.com\/blog\/#\/schema\/logo\/image\/","url":"https:\/\/www.esquiades.com\/blog\/app\/uploads\/2017\/02\/esquiades-LOGO-2.jpg","contentUrl":"https:\/\/www.esquiades.com\/blog\/app\/uploads\/2017\/02\/esquiades-LOGO-2.jpg","width":397,"height":157,"caption":"Esquiades Blog"},"image":{"@id":"https:\/\/www.esquiades.com\/blog\/#\/schema\/logo\/image\/"}},{"@type":"Person","@id":"https:\/\/www.esquiades.com\/blog\/#\/schema\/person\/07e2783cdccb9bc9c6a29913c4d3b307","name":"Esquiades.com","image":{"@type":"ImageObject","inLanguage":"es","@id":"https:\/\/secure.gravatar.com\/avatar\/f29c2c662551af629137fbc3ddf97cbba8c16780b762bc122936f43a2034f086?s=96&d=mm&r=g","url":"https:\/\/secure.gravatar.com\/avatar\/f29c2c662551af629137fbc3ddf97cbba8c16780b762bc122936f43a2034f086?s=96&d=mm&r=g","contentUrl":"https:\/\/secure.gravatar.com\/avatar\/f29c2c662551af629137fbc3ddf97cbba8c16780b762bc122936f43a2034f086?s=96&d=mm&r=g","caption":"Esquiades.com"},"url":"https:\/\/www.esquiades.com\/blog\/author\/esquiades\/"}]}},"_links":{"self":[{"href":"https:\/\/www.esquiades.com\/blog\/wp-json\/wp\/v2\/posts\/19131","targetHints":{"allow":["GET"]}}],"collection":[{"href":"https:\/\/www.esquiades.com\/blog\/wp-json\/wp\/v2\/posts"}],"about":[{"href":"https:\/\/www.esquiades.com\/blog\/wp-json\/wp\/v2\/types\/post"}],"author":[{"embeddable":true,"href":"https:\/\/www.esquiades.com\/blog\/wp-json\/wp\/v2\/users\/2"}],"replies":[{"embeddable":true,"href":"https:\/\/www.esquiades.com\/blog\/wp-json\/wp\/v2\/comments?post=19131"}],"version-history":[{"count":40,"href":"https:\/\/www.esquiades.com\/blog\/wp-json\/wp\/v2\/posts\/19131\/revisions"}],"predecessor-version":[{"id":19188,"href":"https:\/\/www.esquiades.com\/blog\/wp-json\/wp\/v2\/posts\/19131\/revisions\/19188"}],"wp:featuredmedia":[{"embeddable":true,"href":"https:\/\/www.esquiades.com\/blog\/wp-json\/wp\/v2\/media\/19146"}],"wp:attachment":[{"href":"https:\/\/www.esquiades.com\/blog\/wp-json\/wp\/v2\/media?parent=19131"}],"wp:term":[{"taxonomy":"category","embeddable":true,"href":"https:\/\/www.esquiades.com\/blog\/wp-json\/wp\/v2\/categories?post=19131"},{"taxonomy":"post_tag","embeddable":true,"href":"https:\/\/www.esquiades.com\/blog\/wp-json\/wp\/v2\/tags?post=19131"}],"curies":[{"name":"wp","href":"https:\/\/api.w.org\/{rel}","templated":true}]}}