{"id":17075,"date":"2025-04-03T16:03:56","date_gmt":"2025-04-03T14:03:56","guid":{"rendered":"https:\/\/www.esquiades.com\/blog\/?p=17075"},"modified":"2025-09-17T16:28:51","modified_gmt":"2025-09-17T14:28:51","slug":"descubre-el-verano-en-las-montanas-de-los-alpes-franceses","status":"publish","type":"post","link":"https:\/\/www.esquiades.com\/blog\/descubre-el-verano-en-las-montanas-de-los-alpes-franceses\/","title":{"rendered":"\u00a0Descubre el verano en las monta\u00f1as de los Alpes franceses"},"content":{"rendered":"<div id=\"toc_container\" class=\"no_bullets\"><p class=\"toc_title\">Contenido<\/p><ul class=\"toc_list\"><li><a href=\"#Rutas_de_senderismo_y_miradores_recorridos_para_todos_los_niveles\"><span class=\"toc_number toc_depth_1\">1<\/span> Rutas de senderismo y miradores: recorridos para todos los niveles<\/a><\/li><li><a href=\"#Escapadas_con_encanto_alojamientos_rurales_en_plena_montana\"><span class=\"toc_number toc_depth_1\">2<\/span> Escapadas con encanto: alojamientos rurales en plena monta\u00f1a\n<\/a><\/li><li><a href=\"#Residence_Vacanceole_Les_Ecrins_dAuris\"><span class=\"toc_number toc_depth_1\">3<\/span> R\u00e9sidence Vacanc\u00e9ole Les \u00c9crins d'Auris\n<\/a><ul><li><a href=\"#Hotel_lEscapade\"><span class=\"toc_number toc_depth_2\">3.1<\/span> Hotel l'Escapade<\/a><\/li><\/ul><\/li><li><a href=\"#Gite_Auberge_La_Soulan\"><span class=\"toc_number toc_depth_1\">4<\/span> G\u00eete Auberge La Soulan<\/a><\/li><li><a href=\"#Entre_lagos_y_cascadas_secretos_naturales_de_los_Alpes_franceses\"><span class=\"toc_number toc_depth_1\">5<\/span> Entre lagos y cascadas: secretos naturales de los Alpes franceses<\/a><\/li><li><a href=\"#Aventuras_al_aire_libre_esqui_parapente_y_mas_experiencias_extremas\"><span class=\"toc_number toc_depth_1\">6<\/span> Aventuras al aire libre: esqu\u00ed, parapente y m\u00e1s experiencias extremas\n<\/a><ul><li><a href=\"#Esqui_de_verano\"><span class=\"toc_number toc_depth_2\">6.1<\/span> Esqu\u00ed de verano\n<\/a><\/li><li><a href=\"#Parapente_en_los_Alpes_franceses\"><span class=\"toc_number toc_depth_2\">6.2<\/span> Parapente en los Alpes franceses<\/a><\/li><\/ul><\/li><li><a href=\"#Descenso_en_BTT_adrenalina_sobre_dos_ruedas\"><span class=\"toc_number toc_depth_1\">7<\/span> Descenso en BTT: adrenalina sobre dos ruedas<\/a><\/li><\/ul><\/div>\n\t\t<div data-elementor-type=\"wp-post\" data-elementor-id=\"17075\" class=\"elementor elementor-17075\" data-elementor-post-type=\"post\">\n\t\t\t\t\t\t<section class=\"elementor-section elementor-top-section elementor-element elementor-element-b2f472a elementor-section-boxed elementor-section-height-default elementor-section-height-default\" data-id=\"b2f472a\" data-element_type=\"section\">\n\t\t\t\t\t\t<div class=\"elementor-container elementor-column-gap-default\">\n\t\t\t\t\t<div class=\"elementor-column elementor-col-100 elementor-top-column elementor-element elementor-element-2181fb8\" data-id=\"2181fb8\" data-element_type=\"column\">\n\t\t\t<div class=\"elementor-widget-wrap elementor-element-populated\">\n\t\t\t\t\t\t<div class=\"elementor-element elementor-element-c42646a elementor-widget elementor-widget-text-editor\" data-id=\"c42646a\" data-element_type=\"widget\" data-widget_type=\"text-editor.default\">\n\t\t\t\t<div class=\"elementor-widget-container\">\n\t\t\t\t\t\t\t\t\t<p><span style=\"font-weight: 400;\">\u00a1Disfruta del <\/span><b>verano <\/b><span style=\"font-weight: 400;\">en las monta\u00f1as de los Alpes franceses! \ud83c\udf04<\/span><\/p><p><span style=\"font-weight: 400;\">\u00a0<\/span><\/p><p><span style=\"font-weight: 400;\">Aunque parezca que la <\/span><b>monta\u00f1a <\/b><span style=\"font-weight: 400;\">es el paisaje del invierno, lo cierto es que en <\/span><b>verano <\/b><span style=\"font-weight: 400;\">hay much\u00edsimas cosas por hacer en plena <\/span><b>naturaleza. <\/b><span style=\"font-weight: 400;\">\u2600\ufe0f<\/span><\/p><p><span style=\"font-weight: 400;\">\u00a0<\/span><\/p><p><span style=\"font-weight: 400;\">El <\/span><a href=\"https:\/\/www.esquiades.com\/viajes-esqui\/alpes-franceses-norte-104\"><b>verano en los Alpes franceses<\/b><\/a><span style=\"font-weight: 400;\"> es perfecto para <\/span><b>desconectar <\/b><span style=\"font-weight: 400;\">de la rutina y disfrutar al m\u00e1ximo de la <\/span><b>naturaleza. <\/b><span style=\"font-weight: 400;\">\ud83c\udf3f<\/span><\/p>\t\t\t\t\t\t\t\t<\/div>\n\t\t\t\t<\/div>\n\t\t\t\t\t<\/div>\n\t\t<\/div>\n\t\t\t\t\t<\/div>\n\t\t<\/section>\n\t\t\t\t<section class=\"elementor-section elementor-top-section elementor-element elementor-element-7655a32 elementor-section-boxed elementor-section-height-default elementor-section-height-default\" data-id=\"7655a32\" data-element_type=\"section\">\n\t\t\t\t\t\t<div class=\"elementor-container elementor-column-gap-default\">\n\t\t\t\t\t<div class=\"elementor-column elementor-col-100 elementor-top-column elementor-element elementor-element-1bfa895\" data-id=\"1bfa895\" data-element_type=\"column\">\n\t\t\t<div class=\"elementor-widget-wrap elementor-element-populated\">\n\t\t\t\t\t\t<div class=\"elementor-element elementor-element-b919058 elementor-widget elementor-widget-spacer\" data-id=\"b919058\" data-element_type=\"widget\" data-widget_type=\"spacer.default\">\n\t\t\t\t<div class=\"elementor-widget-container\">\n\t\t\t\t\t\t\t<div class=\"elementor-spacer\">\n\t\t\t<div class=\"elementor-spacer-inner\"><\/div>\n\t\t<\/div>\n\t\t\t\t\t\t<\/div>\n\t\t\t\t<\/div>\n\t\t\t\t<div class=\"elementor-element elementor-element-94fefdf elementor-widget elementor-widget-image\" data-id=\"94fefdf\" data-element_type=\"widget\" data-widget_type=\"image.default\">\n\t\t\t\t<div class=\"elementor-widget-container\">\n\t\t\t\t\t\t\t\t\t\t\t\t\t\t\t<img fetchpriority=\"high\" decoding=\"async\" width=\"898\" height=\"600\" src=\"https:\/\/www.esquiades.com\/blog\/app\/uploads\/2025\/04\/AdobeStock_1271796126.jpeg\" class=\"attachment-large size-large wp-image-17077\" alt=\"\" \/>\t\t\t\t\t\t\t\t\t\t\t\t\t\t\t<\/div>\n\t\t\t\t<\/div>\n\t\t\t\t\t<\/div>\n\t\t<\/div>\n\t\t\t\t\t<\/div>\n\t\t<\/section>\n\t\t\t\t<section class=\"elementor-section elementor-top-section elementor-element elementor-element-5508f9b elementor-section-boxed elementor-section-height-default elementor-section-height-default\" data-id=\"5508f9b\" data-element_type=\"section\">\n\t\t\t\t\t\t<div class=\"elementor-container elementor-column-gap-default\">\n\t\t\t\t\t<div class=\"elementor-column elementor-col-100 elementor-top-column elementor-element elementor-element-e540ba4\" data-id=\"e540ba4\" data-element_type=\"column\">\n\t\t\t<div class=\"elementor-widget-wrap elementor-element-populated\">\n\t\t\t\t\t\t<div class=\"elementor-element elementor-element-188257b elementor-widget elementor-widget-spacer\" data-id=\"188257b\" data-element_type=\"widget\" data-widget_type=\"spacer.default\">\n\t\t\t\t<div class=\"elementor-widget-container\">\n\t\t\t\t\t\t\t<div class=\"elementor-spacer\">\n\t\t\t<div class=\"elementor-spacer-inner\"><\/div>\n\t\t<\/div>\n\t\t\t\t\t\t<\/div>\n\t\t\t\t<\/div>\n\t\t\t\t<div class=\"elementor-element elementor-element-c86020f elementor-widget elementor-widget-text-editor\" data-id=\"c86020f\" data-element_type=\"widget\" data-widget_type=\"text-editor.default\">\n\t\t\t\t<div class=\"elementor-widget-container\">\n\t\t\t\t\t\t\t\t\t<p><span style=\"font-weight: 400;\">Tanto si buscas emociones fuertes como si prefieres un viaje relajado rodeado de <\/span><b>paisajes <\/b><span style=\"font-weight: 400;\">impresionantes, aqu\u00ed encontrar\u00e1s <\/span><b>actividades <\/b><span style=\"font-weight: 400;\">para todos los gustos. \ud83c\udfde\ufe0f<\/span><\/p><p><span style=\"font-weight: 400;\">\u00a0<\/span><\/p><p><b>Senderismo, <\/b><span style=\"font-weight: 400;\">ciclismo de <\/span><b>monta\u00f1a, <\/b><span style=\"font-weight: 400;\">paseos en <\/span><b>kayak, escalada <\/b><span style=\"font-weight: 400;\">y recorridos panor\u00e1micos son solo algunas de las <\/span><b>actividades <\/b><span style=\"font-weight: 400;\">que puedes disfrutar en <\/span><b>verano <\/b><span style=\"font-weight: 400;\">en las monta\u00f1as de los Alpes franceses \ud83d\udeb4<\/span><\/p><p><span style=\"font-weight: 400;\">\u00a0<\/span><\/p><p><span style=\"font-weight: 400;\">Si est\u00e1s planeando una escapada a la <\/span><b>monta\u00f1a <\/b><span style=\"font-weight: 400;\">en los meses de <\/span><b>verano, <\/b><span style=\"font-weight: 400;\">sigue leyendo este post de Esquiades.com donde te contamos todo lo que los <\/span><a href=\"https:\/\/www.esquiades.com\/viajes-esqui\/alpes-franceses-norte-104\"><span style=\"font-weight: 400;\">Alpes franceses<\/span><\/a><span style=\"font-weight: 400;\"> tienen para ofrecer. \ud83d\udcd6<\/span><\/p>\t\t\t\t\t\t\t\t<\/div>\n\t\t\t\t<\/div>\n\t\t\t\t<div class=\"elementor-element elementor-element-cfbaf0d elementor-widget elementor-widget-spacer\" data-id=\"cfbaf0d\" data-element_type=\"widget\" data-widget_type=\"spacer.default\">\n\t\t\t\t<div class=\"elementor-widget-container\">\n\t\t\t\t\t\t\t<div class=\"elementor-spacer\">\n\t\t\t<div class=\"elementor-spacer-inner\"><\/div>\n\t\t<\/div>\n\t\t\t\t\t\t<\/div>\n\t\t\t\t<\/div>\n\t\t\t\t\t<\/div>\n\t\t<\/div>\n\t\t\t\t\t<\/div>\n\t\t<\/section>\n\t\t\t\t<section class=\"elementor-section elementor-top-section elementor-element elementor-element-bb02ab2 elementor-section-boxed elementor-section-height-default elementor-section-height-default\" data-id=\"bb02ab2\" data-element_type=\"section\">\n\t\t\t\t\t\t<div class=\"elementor-container elementor-column-gap-default\">\n\t\t\t\t\t<div class=\"elementor-column elementor-col-100 elementor-top-column elementor-element elementor-element-82796be\" data-id=\"82796be\" data-element_type=\"column\">\n\t\t\t<div class=\"elementor-widget-wrap elementor-element-populated\">\n\t\t\t\t\t\t<div class=\"elementor-element elementor-element-85e65b7 elementor-align-center elementor-widget elementor-widget-button\" data-id=\"85e65b7\" data-element_type=\"widget\" data-widget_type=\"button.default\">\n\t\t\t\t<div class=\"elementor-widget-container\">\n\t\t\t\t\t\t\t\t\t<div class=\"elementor-button-wrapper\">\n\t\t\t\t\t<a class=\"elementor-button elementor-button-link elementor-size-sm\" href=\"https:\/\/www.esquiades.com\/viajes-esqui\/les-deux-alps-146\">\n\t\t\t\t\t\t<span class=\"elementor-button-content-wrapper\">\n\t\t\t\t\t\t\t\t\t<span class=\"elementor-button-text\"> Reserva en los Alpes Franceses<\/span>\n\t\t\t\t\t<\/span>\n\t\t\t\t\t<\/a>\n\t\t\t\t<\/div>\n\t\t\t\t\t\t\t\t<\/div>\n\t\t\t\t<\/div>\n\t\t\t\t<div class=\"elementor-element elementor-element-364f304 elementor-widget elementor-widget-spacer\" data-id=\"364f304\" data-element_type=\"widget\" data-widget_type=\"spacer.default\">\n\t\t\t\t<div class=\"elementor-widget-container\">\n\t\t\t\t\t\t\t<div class=\"elementor-spacer\">\n\t\t\t<div class=\"elementor-spacer-inner\"><\/div>\n\t\t<\/div>\n\t\t\t\t\t\t<\/div>\n\t\t\t\t<\/div>\n\t\t\t\t\t<\/div>\n\t\t<\/div>\n\t\t\t\t\t<\/div>\n\t\t<\/section>\n\t\t\t\t<section class=\"elementor-section elementor-top-section elementor-element elementor-element-f2a9bbe elementor-section-boxed elementor-section-height-default elementor-section-height-default\" data-id=\"f2a9bbe\" data-element_type=\"section\">\n\t\t\t\t\t\t<div class=\"elementor-container elementor-column-gap-default\">\n\t\t\t\t\t<div class=\"elementor-column elementor-col-100 elementor-top-column elementor-element elementor-element-9503e1c\" data-id=\"9503e1c\" data-element_type=\"column\">\n\t\t\t<div class=\"elementor-widget-wrap elementor-element-populated\">\n\t\t\t\t\t\t<div class=\"elementor-element elementor-element-6d09101 elementor-widget elementor-widget-heading\" data-id=\"6d09101\" data-element_type=\"widget\" data-widget_type=\"heading.default\">\n\t\t\t\t<div class=\"elementor-widget-container\">\n\t\t\t\t\t<h2 class=\"elementor-heading-title elementor-size-default\"><span id=\"Rutas_de_senderismo_y_miradores_recorridos_para_todos_los_niveles\">Rutas de senderismo y miradores: recorridos para todos los niveles<\/span><\/h2>\t\t\t\t<\/div>\n\t\t\t\t<\/div>\n\t\t\t\t\t<\/div>\n\t\t<\/div>\n\t\t\t\t\t<\/div>\n\t\t<\/section>\n\t\t\t\t<section class=\"elementor-section elementor-top-section elementor-element elementor-element-66505f3 elementor-section-boxed elementor-section-height-default elementor-section-height-default\" data-id=\"66505f3\" data-element_type=\"section\">\n\t\t\t\t\t\t<div class=\"elementor-container elementor-column-gap-default\">\n\t\t\t\t\t<div class=\"elementor-column elementor-col-100 elementor-top-column elementor-element elementor-element-b2e6cd7\" data-id=\"b2e6cd7\" data-element_type=\"column\">\n\t\t\t<div class=\"elementor-widget-wrap elementor-element-populated\">\n\t\t\t\t\t\t<div class=\"elementor-element elementor-element-900f7a8 elementor-widget elementor-widget-text-editor\" data-id=\"900f7a8\" data-element_type=\"widget\" data-widget_type=\"text-editor.default\">\n\t\t\t\t<div class=\"elementor-widget-container\">\n\t\t\t\t\t\t\t\t\t<p><span style=\"font-weight: 400;\">Una de las <\/span><b>actividades <\/b><span style=\"font-weight: 400;\">m\u00e1s interesantes del <\/span><b>verano <\/b><span style=\"font-weight: 400;\">en los Alpes franceses son sus rutas de <\/span><b>senderismo <\/b><span style=\"font-weight: 400;\">que te llevar\u00e1n a descubrir <\/span><b>paisajes <\/b><span style=\"font-weight: 400;\">de <\/span><b>monta\u00f1a <\/b><span style=\"font-weight: 400;\">impresionantes. \ud83e\udd7e<\/span><\/p><p><span style=\"font-weight: 400;\">\u00a0<\/span><\/p><p><span style=\"font-weight: 400;\">Aqu\u00ed encontrar\u00e1s caminatas sencillas para toda la familia o ascensos a las cimas m\u00e1s altas, ideal para los expertos en <\/span><b>monta\u00f1a. <\/b><span style=\"font-weight: 400;\">\ud83c\udfd4\ufe0f<\/span><\/p>\t\t\t\t\t\t\t\t<\/div>\n\t\t\t\t<\/div>\n\t\t\t\t\t<\/div>\n\t\t<\/div>\n\t\t\t\t\t<\/div>\n\t\t<\/section>\n\t\t\t\t<section class=\"elementor-section elementor-top-section elementor-element elementor-element-2be0661 elementor-section-boxed elementor-section-height-default elementor-section-height-default\" data-id=\"2be0661\" data-element_type=\"section\">\n\t\t\t\t\t\t<div class=\"elementor-container elementor-column-gap-default\">\n\t\t\t\t\t<div class=\"elementor-column elementor-col-100 elementor-top-column elementor-element elementor-element-aa0e162\" data-id=\"aa0e162\" data-element_type=\"column\">\n\t\t\t<div class=\"elementor-widget-wrap elementor-element-populated\">\n\t\t\t\t\t\t<div class=\"elementor-element elementor-element-fba61ba elementor-widget elementor-widget-spacer\" data-id=\"fba61ba\" data-element_type=\"widget\" data-widget_type=\"spacer.default\">\n\t\t\t\t<div class=\"elementor-widget-container\">\n\t\t\t\t\t\t\t<div class=\"elementor-spacer\">\n\t\t\t<div class=\"elementor-spacer-inner\"><\/div>\n\t\t<\/div>\n\t\t\t\t\t\t<\/div>\n\t\t\t\t<\/div>\n\t\t\t\t<div class=\"elementor-element elementor-element-ea39693 elementor-widget elementor-widget-image\" data-id=\"ea39693\" data-element_type=\"widget\" data-widget_type=\"image.default\">\n\t\t\t\t<div class=\"elementor-widget-container\">\n\t\t\t\t\t\t\t\t\t\t\t\t\t\t\t<img decoding=\"async\" width=\"1024\" height=\"576\" src=\"https:\/\/www.esquiades.com\/blog\/app\/uploads\/2025\/04\/AdobeStock_520015427.jpeg\" class=\"attachment-large size-large wp-image-17114\" alt=\"\" \/>\t\t\t\t\t\t\t\t\t\t\t\t\t\t\t<\/div>\n\t\t\t\t<\/div>\n\t\t\t\t<div class=\"elementor-element elementor-element-dd7ff62 elementor-widget elementor-widget-spacer\" data-id=\"dd7ff62\" data-element_type=\"widget\" data-widget_type=\"spacer.default\">\n\t\t\t\t<div class=\"elementor-widget-container\">\n\t\t\t\t\t\t\t<div class=\"elementor-spacer\">\n\t\t\t<div class=\"elementor-spacer-inner\"><\/div>\n\t\t<\/div>\n\t\t\t\t\t\t<\/div>\n\t\t\t\t<\/div>\n\t\t\t\t\t<\/div>\n\t\t<\/div>\n\t\t\t\t\t<\/div>\n\t\t<\/section>\n\t\t\t\t<section class=\"elementor-section elementor-top-section elementor-element elementor-element-6e15264 elementor-section-boxed elementor-section-height-default elementor-section-height-default\" data-id=\"6e15264\" data-element_type=\"section\">\n\t\t\t\t\t\t<div class=\"elementor-container elementor-column-gap-default\">\n\t\t\t\t\t<div class=\"elementor-column elementor-col-100 elementor-top-column elementor-element elementor-element-c1a21e9\" data-id=\"c1a21e9\" data-element_type=\"column\">\n\t\t\t<div class=\"elementor-widget-wrap elementor-element-populated\">\n\t\t\t\t\t\t<div class=\"elementor-element elementor-element-038dc95 elementor-widget elementor-widget-text-editor\" data-id=\"038dc95\" data-element_type=\"widget\" data-widget_type=\"text-editor.default\">\n\t\t\t\t<div class=\"elementor-widget-container\">\n\t\t\t\t\t\t\t\t\t<p><span style=\"font-weight: 400;\">A continuaci\u00f3n, te dejamos una lista de las mejores rutas de <\/span><b>senderismo <\/b><span style=\"font-weight: 400;\">y <\/span><b>miradores <\/b><span style=\"font-weight: 400;\">para descubrir este <\/span><b>verano <\/b><span style=\"font-weight: 400;\">en los Alpes franceses:\u00a0<\/span><\/p><p><span style=\"font-weight: 400;\">\u00a0<\/span><\/p><p><b>Lago de Montriond (Alta Saboya)<\/b><span style=\"font-weight: 400;\">: Un sendero f\u00e1cil rodea este lago de aguas esmeralda, permitiendo disfrutar de un paseo tranquilo con vistas espectaculares. \ud83d\udc3e<\/span><\/p><p><span style=\"font-weight: 400;\">Hay \u00e1reas de p\u00edcnic y restaurantes cercanos, por lo que es una opci\u00f3n ideal para una salida en familia. \ud83c\udfe8<\/span><\/p><p><span style=\"font-weight: 400;\">\u00a0<\/span><\/p><p><b>Sendero de Plateau de Beauregard<\/b><span style=\"font-weight: 400;\">: Situado en la regi\u00f3n de La Clusaz, este recorrido ofrece vistas panor\u00e1micas del macizo del Mont Blanc sin necesidad de realizar una caminata demasiado cansada ni forzosa. \ud83c\udf0a<\/span><\/p>\t\t\t\t\t\t\t\t<\/div>\n\t\t\t\t<\/div>\n\t\t\t\t<div class=\"elementor-element elementor-element-3903243 elementor-widget elementor-widget-spacer\" data-id=\"3903243\" data-element_type=\"widget\" data-widget_type=\"spacer.default\">\n\t\t\t\t<div class=\"elementor-widget-container\">\n\t\t\t\t\t\t\t<div class=\"elementor-spacer\">\n\t\t\t<div class=\"elementor-spacer-inner\"><\/div>\n\t\t<\/div>\n\t\t\t\t\t\t<\/div>\n\t\t\t\t<\/div>\n\t\t\t\t\t<\/div>\n\t\t<\/div>\n\t\t\t\t\t<\/div>\n\t\t<\/section>\n\t\t\t\t<section class=\"elementor-section elementor-top-section elementor-element elementor-element-8b6dbc9 elementor-section-boxed elementor-section-height-default elementor-section-height-default\" data-id=\"8b6dbc9\" data-element_type=\"section\">\n\t\t\t\t\t\t<div class=\"elementor-container elementor-column-gap-default\">\n\t\t\t\t\t<div class=\"elementor-column elementor-col-100 elementor-top-column elementor-element elementor-element-9a92cc2\" data-id=\"9a92cc2\" data-element_type=\"column\">\n\t\t\t<div class=\"elementor-widget-wrap elementor-element-populated\">\n\t\t\t\t\t\t<div class=\"elementor-element elementor-element-5179ac0 elementor-widget elementor-widget-gallery\" data-id=\"5179ac0\" data-element_type=\"widget\" data-settings=\"{&quot;gallery_layout&quot;:&quot;justified&quot;,&quot;ideal_row_height&quot;:{&quot;unit&quot;:&quot;px&quot;,&quot;size&quot;:340,&quot;sizes&quot;:[]},&quot;lazyload&quot;:&quot;yes&quot;,&quot;ideal_row_height_tablet&quot;:{&quot;unit&quot;:&quot;px&quot;,&quot;size&quot;:150,&quot;sizes&quot;:[]},&quot;ideal_row_height_mobile&quot;:{&quot;unit&quot;:&quot;px&quot;,&quot;size&quot;:150,&quot;sizes&quot;:[]},&quot;gap&quot;:{&quot;unit&quot;:&quot;px&quot;,&quot;size&quot;:10,&quot;sizes&quot;:[]},&quot;gap_tablet&quot;:{&quot;unit&quot;:&quot;px&quot;,&quot;size&quot;:10,&quot;sizes&quot;:[]},&quot;gap_mobile&quot;:{&quot;unit&quot;:&quot;px&quot;,&quot;size&quot;:10,&quot;sizes&quot;:[]},&quot;link_to&quot;:&quot;file&quot;,&quot;overlay_background&quot;:&quot;yes&quot;,&quot;content_hover_animation&quot;:&quot;fade-in&quot;}\" data-widget_type=\"gallery.default\">\n\t\t\t\t<div class=\"elementor-widget-container\">\n\t\t\t\t\t\t\t<div class=\"elementor-gallery__container\">\n\t\t\t\t\t\t\t<a class=\"e-gallery-item elementor-gallery-item elementor-animated-content\" href=\"https:\/\/www.esquiades.com\/blog\/app\/uploads\/2025\/04\/Sendero-de-Plateau-de-Beauregard-AdobeStock_447750603.jpeg\" data-elementor-open-lightbox=\"yes\" data-elementor-lightbox-slideshow=\"5179ac0\" data-elementor-lightbox-title=\"Plateau de Beauregard en Haute-Savoie\" data-e-action-hash=\"#elementor-action%3Aaction%3Dlightbox%26settings%3DeyJpZCI6MTcwODEsInVybCI6Imh0dHBzOlwvXC93d3cuZXNxdWlhZGVzLmNvbVwvYmxvZ1wvYXBwXC91cGxvYWRzXC8yMDI1XC8wNFwvU2VuZGVyby1kZS1QbGF0ZWF1LWRlLUJlYXVyZWdhcmQtQWRvYmVTdG9ja180NDc3NTA2MDMuanBlZyIsInNsaWRlc2hvdyI6IjUxNzlhYzAifQ%3D%3D\">\n\t\t\t\t\t<div class=\"e-gallery-image elementor-gallery-item__image\" data-thumbnail=\"https:\/\/www.esquiades.com\/blog\/app\/uploads\/2025\/04\/Sendero-de-Plateau-de-Beauregard-AdobeStock_447750603.jpeg\" data-width=\"199\" data-height=\"300\" aria-label=\"\" role=\"img\" ><\/div>\n\t\t\t\t\t\t\t\t\t\t\t<div class=\"elementor-gallery-item__overlay\"><\/div>\n\t\t\t\t\t\t\t\t\t\t\t\t\t\t<\/a>\n\t\t\t\t\t\t\t<a class=\"e-gallery-item elementor-gallery-item elementor-animated-content\" href=\"https:\/\/www.esquiades.com\/blog\/app\/uploads\/2025\/04\/AdobeStock_1271873993.jpeg\" data-elementor-open-lightbox=\"yes\" data-elementor-lightbox-slideshow=\"5179ac0\" data-elementor-lightbox-title=\"Beautiful Alpine mountain landscape with Montriond lake and village houses in French Alps, Morzine area, Haute-Savoie, France. Scenic nature background.\" data-e-action-hash=\"#elementor-action%3Aaction%3Dlightbox%26settings%3DeyJpZCI6MTcxMTEsInVybCI6Imh0dHBzOlwvXC93d3cuZXNxdWlhZGVzLmNvbVwvYmxvZ1wvYXBwXC91cGxvYWRzXC8yMDI1XC8wNFwvQWRvYmVTdG9ja18xMjcxODczOTkzLmpwZWciLCJzbGlkZXNob3ciOiI1MTc5YWMwIn0%3D\">\n\t\t\t\t\t<div class=\"e-gallery-image elementor-gallery-item__image\" data-thumbnail=\"https:\/\/www.esquiades.com\/blog\/app\/uploads\/2025\/04\/AdobeStock_1271873993.jpeg\" data-width=\"200\" data-height=\"300\" aria-label=\"\" role=\"img\" ><\/div>\n\t\t\t\t\t\t\t\t\t\t\t<div class=\"elementor-gallery-item__overlay\"><\/div>\n\t\t\t\t\t\t\t\t\t\t\t\t\t\t<\/a>\n\t\t\t\t\t\t\t<a class=\"e-gallery-item elementor-gallery-item elementor-animated-content\" href=\"https:\/\/www.esquiades.com\/blog\/app\/uploads\/2025\/04\/AdobeStock_620106604.jpeg\" data-elementor-open-lightbox=\"yes\" data-elementor-lightbox-slideshow=\"5179ac0\" data-elementor-lightbox-title=\"Lac Montriond seen from above. Aerial of French Alps mountain range melt water lake in summer.\" data-e-action-hash=\"#elementor-action%3Aaction%3Dlightbox%26settings%3DeyJpZCI6MTcxMTIsInVybCI6Imh0dHBzOlwvXC93d3cuZXNxdWlhZGVzLmNvbVwvYmxvZ1wvYXBwXC91cGxvYWRzXC8yMDI1XC8wNFwvQWRvYmVTdG9ja182MjAxMDY2MDQuanBlZyIsInNsaWRlc2hvdyI6IjUxNzlhYzAifQ%3D%3D\">\n\t\t\t\t\t<div class=\"e-gallery-image elementor-gallery-item__image\" data-thumbnail=\"https:\/\/www.esquiades.com\/blog\/app\/uploads\/2025\/04\/AdobeStock_620106604.jpeg\" data-width=\"200\" data-height=\"300\" aria-label=\"\" role=\"img\" ><\/div>\n\t\t\t\t\t\t\t\t\t\t\t<div class=\"elementor-gallery-item__overlay\"><\/div>\n\t\t\t\t\t\t\t\t\t\t\t\t\t\t<\/a>\n\t\t\t\t\t\t\t<a class=\"e-gallery-item elementor-gallery-item elementor-animated-content\" href=\"https:\/\/www.esquiades.com\/blog\/app\/uploads\/2025\/04\/AdobeStock_560414318.jpeg\" data-elementor-open-lightbox=\"yes\" data-elementor-lightbox-slideshow=\"5179ac0\" data-elementor-lightbox-title=\"Lac de Montriond\" data-e-action-hash=\"#elementor-action%3Aaction%3Dlightbox%26settings%3DeyJpZCI6MTcxMTMsInVybCI6Imh0dHBzOlwvXC93d3cuZXNxdWlhZGVzLmNvbVwvYmxvZ1wvYXBwXC91cGxvYWRzXC8yMDI1XC8wNFwvQWRvYmVTdG9ja181NjA0MTQzMTguanBlZyIsInNsaWRlc2hvdyI6IjUxNzlhYzAifQ%3D%3D\">\n\t\t\t\t\t<div class=\"e-gallery-image elementor-gallery-item__image\" data-thumbnail=\"https:\/\/www.esquiades.com\/blog\/app\/uploads\/2025\/04\/AdobeStock_560414318.jpeg\" data-width=\"224\" data-height=\"300\" aria-label=\"\" role=\"img\" ><\/div>\n\t\t\t\t\t\t\t\t\t\t\t<div class=\"elementor-gallery-item__overlay\"><\/div>\n\t\t\t\t\t\t\t\t\t\t\t\t\t\t<\/a>\n\t\t\t\t\t<\/div>\n\t\t\t\t\t<\/div>\n\t\t\t\t<\/div>\n\t\t\t\t<div class=\"elementor-element elementor-element-91bf2ee elementor-widget elementor-widget-spacer\" data-id=\"91bf2ee\" data-element_type=\"widget\" data-widget_type=\"spacer.default\">\n\t\t\t\t<div class=\"elementor-widget-container\">\n\t\t\t\t\t\t\t<div class=\"elementor-spacer\">\n\t\t\t<div class=\"elementor-spacer-inner\"><\/div>\n\t\t<\/div>\n\t\t\t\t\t\t<\/div>\n\t\t\t\t<\/div>\n\t\t\t\t\t<\/div>\n\t\t<\/div>\n\t\t\t\t\t<\/div>\n\t\t<\/section>\n\t\t\t\t<section class=\"elementor-section elementor-top-section elementor-element elementor-element-64f54c1 elementor-section-boxed elementor-section-height-default elementor-section-height-default\" data-id=\"64f54c1\" data-element_type=\"section\">\n\t\t\t\t\t\t<div class=\"elementor-container elementor-column-gap-default\">\n\t\t\t\t\t<div class=\"elementor-column elementor-col-100 elementor-top-column elementor-element elementor-element-637ac5e\" data-id=\"637ac5e\" data-element_type=\"column\">\n\t\t\t<div class=\"elementor-widget-wrap elementor-element-populated\">\n\t\t\t\t\t\t<div class=\"elementor-element elementor-element-bec06f7 elementor-widget elementor-widget-text-editor\" data-id=\"bec06f7\" data-element_type=\"widget\" data-widget_type=\"text-editor.default\">\n\t\t\t\t<div class=\"elementor-widget-container\">\n\t\t\t\t\t\t\t\t\t<p><span style=\"color: var( --e-global-color-text ); font-family: var( --e-global-typography-text-font-family ); font-weight: bold;\">Lac Blanc (Chamonix)<\/span><span style=\"color: var( --e-global-color-text ); font-family: var( --e-global-typography-text-font-family ); font-weight: var( --e-global-typography-text-font-weight );\">: Esta ruta es una de las m\u00e1s populares de los Alpes franceses. \u2744\ufe0f<\/span><\/p><p>Requiere cierto esfuerzo, pero la recompensa es una vista incre\u00edble del Mont Blanc reflejado en las aguas del lago. \ud83e\ude82<\/p><p>\u00a0<\/p><p><span style=\"font-weight: bold;\">Le Grand Balcon Nord<\/span>: Un sendero panor\u00e1mico que recorre la zona de\u00a0<a href=\"https:\/\/www.esquiades.com\/viajes-esqui\/chamonix-montblanc-unlimited-14105\">Chamonix<\/a>\u00a0con impresionantes vistas al valle y al macizo del Mont Blanc. \ud83d\udeb5<\/p>\t\t\t\t\t\t\t\t<\/div>\n\t\t\t\t<\/div>\n\t\t\t\t\t<\/div>\n\t\t<\/div>\n\t\t\t\t\t<\/div>\n\t\t<\/section>\n\t\t\t\t<section class=\"elementor-section elementor-top-section elementor-element elementor-element-7194b95 elementor-section-boxed elementor-section-height-default elementor-section-height-default\" data-id=\"7194b95\" data-element_type=\"section\">\n\t\t\t\t\t\t<div class=\"elementor-container elementor-column-gap-default\">\n\t\t\t\t\t<div class=\"elementor-column elementor-col-100 elementor-top-column elementor-element elementor-element-39f799e\" data-id=\"39f799e\" data-element_type=\"column\">\n\t\t\t<div class=\"elementor-widget-wrap elementor-element-populated\">\n\t\t\t\t\t\t<div class=\"elementor-element elementor-element-38424a3 elementor-widget elementor-widget-spacer\" data-id=\"38424a3\" data-element_type=\"widget\" data-widget_type=\"spacer.default\">\n\t\t\t\t<div class=\"elementor-widget-container\">\n\t\t\t\t\t\t\t<div class=\"elementor-spacer\">\n\t\t\t<div class=\"elementor-spacer-inner\"><\/div>\n\t\t<\/div>\n\t\t\t\t\t\t<\/div>\n\t\t\t\t<\/div>\n\t\t\t\t<div class=\"elementor-element elementor-element-4017068 elementor-widget elementor-widget-gallery\" data-id=\"4017068\" data-element_type=\"widget\" data-settings=\"{&quot;gallery_layout&quot;:&quot;justified&quot;,&quot;ideal_row_height&quot;:{&quot;unit&quot;:&quot;px&quot;,&quot;size&quot;:395,&quot;sizes&quot;:[]},&quot;lazyload&quot;:&quot;yes&quot;,&quot;ideal_row_height_tablet&quot;:{&quot;unit&quot;:&quot;px&quot;,&quot;size&quot;:150,&quot;sizes&quot;:[]},&quot;ideal_row_height_mobile&quot;:{&quot;unit&quot;:&quot;px&quot;,&quot;size&quot;:150,&quot;sizes&quot;:[]},&quot;gap&quot;:{&quot;unit&quot;:&quot;px&quot;,&quot;size&quot;:10,&quot;sizes&quot;:[]},&quot;gap_tablet&quot;:{&quot;unit&quot;:&quot;px&quot;,&quot;size&quot;:10,&quot;sizes&quot;:[]},&quot;gap_mobile&quot;:{&quot;unit&quot;:&quot;px&quot;,&quot;size&quot;:10,&quot;sizes&quot;:[]},&quot;link_to&quot;:&quot;file&quot;,&quot;overlay_background&quot;:&quot;yes&quot;,&quot;content_hover_animation&quot;:&quot;fade-in&quot;}\" data-widget_type=\"gallery.default\">\n\t\t\t\t<div class=\"elementor-widget-container\">\n\t\t\t\t\t\t\t<div class=\"elementor-gallery__container\">\n\t\t\t\t\t\t\t<a class=\"e-gallery-item elementor-gallery-item elementor-animated-content\" href=\"https:\/\/www.esquiades.com\/blog\/app\/uploads\/2025\/04\/Grand-Balcon-Nord-AdobeStock_1054317728.jpeg\" data-elementor-open-lightbox=\"yes\" data-elementor-lightbox-slideshow=\"4017068\" data-elementor-lightbox-title=\"Mer de Glace glacier in the Alps. The biggest glacier in Chamonix Montblanc valley and peaks of les Droites and Grand Jorasses on the background alpine scenic vier of glacier river with stones rocks\" data-e-action-hash=\"#elementor-action%3Aaction%3Dlightbox%26settings%3DeyJpZCI6MTcwODQsInVybCI6Imh0dHBzOlwvXC93d3cuZXNxdWlhZGVzLmNvbVwvYmxvZ1wvYXBwXC91cGxvYWRzXC8yMDI1XC8wNFwvR3JhbmQtQmFsY29uLU5vcmQtQWRvYmVTdG9ja18xMDU0MzE3NzI4LmpwZWciLCJzbGlkZXNob3ciOiI0MDE3MDY4In0%3D\">\n\t\t\t\t\t<div class=\"e-gallery-image elementor-gallery-item__image\" data-thumbnail=\"https:\/\/www.esquiades.com\/blog\/app\/uploads\/2025\/04\/Grand-Balcon-Nord-AdobeStock_1054317728.jpeg\" data-width=\"200\" data-height=\"300\" aria-label=\"\" role=\"img\" ><\/div>\n\t\t\t\t\t\t\t\t\t\t\t<div class=\"elementor-gallery-item__overlay\"><\/div>\n\t\t\t\t\t\t\t\t\t\t\t\t\t\t<\/a>\n\t\t\t\t\t\t\t<a class=\"e-gallery-item elementor-gallery-item elementor-animated-content\" href=\"https:\/\/www.esquiades.com\/blog\/app\/uploads\/2025\/04\/Grand-Balcon-Nord-AdobeStock_170951151.jpeg\" data-elementor-open-lightbox=\"yes\" data-elementor-lightbox-slideshow=\"4017068\" data-elementor-lightbox-title=\"Vue sur le grand balcon Nord. Montenvert. Chamonix Mont-Blanc. View of the large north balcony. Montenvert. Chamonix Mont Blanc.\" data-e-action-hash=\"#elementor-action%3Aaction%3Dlightbox%26settings%3DeyJpZCI6MTcwODUsInVybCI6Imh0dHBzOlwvXC93d3cuZXNxdWlhZGVzLmNvbVwvYmxvZ1wvYXBwXC91cGxvYWRzXC8yMDI1XC8wNFwvR3JhbmQtQmFsY29uLU5vcmQtQWRvYmVTdG9ja18xNzA5NTExNTEuanBlZyIsInNsaWRlc2hvdyI6IjQwMTcwNjgifQ%3D%3D\">\n\t\t\t\t\t<div class=\"e-gallery-image elementor-gallery-item__image\" data-thumbnail=\"https:\/\/www.esquiades.com\/blog\/app\/uploads\/2025\/04\/Grand-Balcon-Nord-AdobeStock_170951151.jpeg\" data-width=\"200\" data-height=\"300\" aria-label=\"\" role=\"img\" ><\/div>\n\t\t\t\t\t\t\t\t\t\t\t<div class=\"elementor-gallery-item__overlay\"><\/div>\n\t\t\t\t\t\t\t\t\t\t\t\t\t\t<\/a>\n\t\t\t\t\t\t\t<a class=\"e-gallery-item elementor-gallery-item elementor-animated-content\" href=\"https:\/\/www.esquiades.com\/blog\/app\/uploads\/2025\/04\/Lac-Blanc-AdobeStock_1362922416.jpeg\" data-elementor-open-lightbox=\"yes\" data-elementor-lightbox-slideshow=\"4017068\" data-elementor-lightbox-title=\"Lac Blanc in the French Alps\" data-e-action-hash=\"#elementor-action%3Aaction%3Dlightbox%26settings%3DeyJpZCI6MTcwODYsInVybCI6Imh0dHBzOlwvXC93d3cuZXNxdWlhZGVzLmNvbVwvYmxvZ1wvYXBwXC91cGxvYWRzXC8yMDI1XC8wNFwvTGFjLUJsYW5jLUFkb2JlU3RvY2tfMTM2MjkyMjQxNi5qcGVnIiwic2xpZGVzaG93IjoiNDAxNzA2OCJ9\">\n\t\t\t\t\t<div class=\"e-gallery-image elementor-gallery-item__image\" data-thumbnail=\"https:\/\/www.esquiades.com\/blog\/app\/uploads\/2025\/04\/Lac-Blanc-AdobeStock_1362922416.jpeg\" data-width=\"200\" data-height=\"300\" aria-label=\"\" role=\"img\" ><\/div>\n\t\t\t\t\t\t\t\t\t\t\t<div class=\"elementor-gallery-item__overlay\"><\/div>\n\t\t\t\t\t\t\t\t\t\t\t\t\t\t<\/a>\n\t\t\t\t\t<\/div>\n\t\t\t\t\t<\/div>\n\t\t\t\t<\/div>\n\t\t\t\t\t<\/div>\n\t\t<\/div>\n\t\t\t\t\t<\/div>\n\t\t<\/section>\n\t\t\t\t<section class=\"elementor-section elementor-top-section elementor-element elementor-element-238e64e elementor-section-boxed elementor-section-height-default elementor-section-height-default\" data-id=\"238e64e\" data-element_type=\"section\">\n\t\t\t\t\t\t<div class=\"elementor-container elementor-column-gap-default\">\n\t\t\t\t\t<div class=\"elementor-column elementor-col-100 elementor-top-column elementor-element elementor-element-6bbf044\" data-id=\"6bbf044\" data-element_type=\"column\">\n\t\t\t<div class=\"elementor-widget-wrap elementor-element-populated\">\n\t\t\t\t\t\t<div class=\"elementor-element elementor-element-04af591 elementor-widget elementor-widget-spacer\" data-id=\"04af591\" data-element_type=\"widget\" data-widget_type=\"spacer.default\">\n\t\t\t\t<div class=\"elementor-widget-container\">\n\t\t\t\t\t\t\t<div class=\"elementor-spacer\">\n\t\t\t<div class=\"elementor-spacer-inner\"><\/div>\n\t\t<\/div>\n\t\t\t\t\t\t<\/div>\n\t\t\t\t<\/div>\n\t\t\t\t<div class=\"elementor-element elementor-element-c7419d1 elementor-widget elementor-widget-text-editor\" data-id=\"c7419d1\" data-element_type=\"widget\" data-widget_type=\"text-editor.default\">\n\t\t\t\t<div class=\"elementor-widget-container\">\n\t\t\t\t\t\t\t\t\t<p><span style=\"color: var( --e-global-color-text ); font-family: var( --e-global-typography-text-font-family ); font-weight: bold;\">Tour del Mont Blanc<\/span><span style=\"color: var( --e-global-color-text ); font-family: var( --e-global-typography-text-font-family ); font-weight: var( --e-global-typography-text-font-weight );\">: Este recorrido de m\u00e1s de 170 km atraviesa Francia, Italia y Suiza, rodeando el macizo del Mont Blanc. \ud83c\udfd5\ufe0f<\/span><\/p><p>Se puede hacer en varias etapas y es una de las experiencias m\u00e1s alucinantes para los amantes del trekking. \ud83d\udd25<\/p><p>\u00a0<\/p><p><span style=\"font-weight: bold;\">Aiguille du Midi<\/span>: Una ruta t\u00e9cnica y desafiante que ofrece vistas espectaculares y la posibilidad de conectar con otros circuitos de alta\u00a0<span style=\"font-weight: bold;\">monta\u00f1a.\u00a0<\/span>\ud83c\udf43<\/p>\t\t\t\t\t\t\t\t<\/div>\n\t\t\t\t<\/div>\n\t\t\t\t\t<\/div>\n\t\t<\/div>\n\t\t\t\t\t<\/div>\n\t\t<\/section>\n\t\t\t\t<section class=\"elementor-section elementor-top-section elementor-element elementor-element-ba44a42 elementor-section-boxed elementor-section-height-default elementor-section-height-default\" data-id=\"ba44a42\" data-element_type=\"section\">\n\t\t\t\t\t\t<div class=\"elementor-container elementor-column-gap-default\">\n\t\t\t\t\t<div class=\"elementor-column elementor-col-100 elementor-top-column elementor-element elementor-element-404e067\" data-id=\"404e067\" data-element_type=\"column\">\n\t\t\t<div class=\"elementor-widget-wrap elementor-element-populated\">\n\t\t\t\t\t\t<div class=\"elementor-element elementor-element-b5e33fa elementor-widget elementor-widget-spacer\" data-id=\"b5e33fa\" data-element_type=\"widget\" data-widget_type=\"spacer.default\">\n\t\t\t\t<div class=\"elementor-widget-container\">\n\t\t\t\t\t\t\t<div class=\"elementor-spacer\">\n\t\t\t<div class=\"elementor-spacer-inner\"><\/div>\n\t\t<\/div>\n\t\t\t\t\t\t<\/div>\n\t\t\t\t<\/div>\n\t\t\t\t<div class=\"elementor-element elementor-element-4ef2af7 elementor-widget elementor-widget-gallery\" data-id=\"4ef2af7\" data-element_type=\"widget\" data-settings=\"{&quot;gallery_layout&quot;:&quot;justified&quot;,&quot;ideal_row_height&quot;:{&quot;unit&quot;:&quot;px&quot;,&quot;size&quot;:347,&quot;sizes&quot;:[]},&quot;lazyload&quot;:&quot;yes&quot;,&quot;ideal_row_height_tablet&quot;:{&quot;unit&quot;:&quot;px&quot;,&quot;size&quot;:150,&quot;sizes&quot;:[]},&quot;ideal_row_height_mobile&quot;:{&quot;unit&quot;:&quot;px&quot;,&quot;size&quot;:150,&quot;sizes&quot;:[]},&quot;gap&quot;:{&quot;unit&quot;:&quot;px&quot;,&quot;size&quot;:10,&quot;sizes&quot;:[]},&quot;gap_tablet&quot;:{&quot;unit&quot;:&quot;px&quot;,&quot;size&quot;:10,&quot;sizes&quot;:[]},&quot;gap_mobile&quot;:{&quot;unit&quot;:&quot;px&quot;,&quot;size&quot;:10,&quot;sizes&quot;:[]},&quot;link_to&quot;:&quot;file&quot;,&quot;overlay_background&quot;:&quot;yes&quot;,&quot;content_hover_animation&quot;:&quot;fade-in&quot;}\" data-widget_type=\"gallery.default\">\n\t\t\t\t<div class=\"elementor-widget-container\">\n\t\t\t\t\t\t\t<div class=\"elementor-gallery__container\">\n\t\t\t\t\t\t\t<a class=\"e-gallery-item elementor-gallery-item elementor-animated-content\" href=\"https:\/\/www.esquiades.com\/blog\/app\/uploads\/2025\/04\/Tour-del-Mont-Blanc-AdobeStock_188309484.jpeg\" data-elementor-open-lightbox=\"yes\" data-elementor-lightbox-slideshow=\"4ef2af7\" data-elementor-lightbox-title=\"Cows on Tour du Mont Blanc Trek 2015\" data-e-action-hash=\"#elementor-action%3Aaction%3Dlightbox%26settings%3DeyJpZCI6MTcwNzgsInVybCI6Imh0dHBzOlwvXC93d3cuZXNxdWlhZGVzLmNvbVwvYmxvZ1wvYXBwXC91cGxvYWRzXC8yMDI1XC8wNFwvVG91ci1kZWwtTW9udC1CbGFuYy1BZG9iZVN0b2NrXzE4ODMwOTQ4NC5qcGVnIiwic2xpZGVzaG93IjoiNGVmMmFmNyJ9\">\n\t\t\t\t\t<div class=\"e-gallery-image elementor-gallery-item__image\" data-thumbnail=\"https:\/\/www.esquiades.com\/blog\/app\/uploads\/2025\/04\/Tour-del-Mont-Blanc-AdobeStock_188309484.jpeg\" data-width=\"200\" data-height=\"300\" aria-label=\"\" role=\"img\" ><\/div>\n\t\t\t\t\t\t\t\t\t\t\t<div class=\"elementor-gallery-item__overlay\"><\/div>\n\t\t\t\t\t\t\t\t\t\t\t\t\t\t<\/a>\n\t\t\t\t\t\t\t<a class=\"e-gallery-item elementor-gallery-item elementor-animated-content\" href=\"https:\/\/www.esquiades.com\/blog\/app\/uploads\/2025\/04\/Tour-del-Mont-Blanc-AdobeStock_844425575.jpeg\" data-elementor-open-lightbox=\"yes\" data-elementor-lightbox-slideshow=\"4ef2af7\" data-elementor-lightbox-title=\"Woman hiking the tour du Mont Blanc in the beautiful mountains of France, Italy and Switzerland. Hiking the Alps.\" data-e-action-hash=\"#elementor-action%3Aaction%3Dlightbox%26settings%3DeyJpZCI6MTcwNzksInVybCI6Imh0dHBzOlwvXC93d3cuZXNxdWlhZGVzLmNvbVwvYmxvZ1wvYXBwXC91cGxvYWRzXC8yMDI1XC8wNFwvVG91ci1kZWwtTW9udC1CbGFuYy1BZG9iZVN0b2NrXzg0NDQyNTU3NS5qcGVnIiwic2xpZGVzaG93IjoiNGVmMmFmNyJ9\">\n\t\t\t\t\t<div class=\"e-gallery-image elementor-gallery-item__image\" data-thumbnail=\"https:\/\/www.esquiades.com\/blog\/app\/uploads\/2025\/04\/Tour-del-Mont-Blanc-AdobeStock_844425575.jpeg\" data-width=\"200\" data-height=\"300\" aria-label=\"\" role=\"img\" ><\/div>\n\t\t\t\t\t\t\t\t\t\t\t<div class=\"elementor-gallery-item__overlay\"><\/div>\n\t\t\t\t\t\t\t\t\t\t\t\t\t\t<\/a>\n\t\t\t\t\t\t\t<a class=\"e-gallery-item elementor-gallery-item elementor-animated-content\" href=\"https:\/\/www.esquiades.com\/blog\/app\/uploads\/2025\/04\/Tour-del-Mont-Blanc-AdobeStock_298315867.jpeg\" data-elementor-open-lightbox=\"yes\" data-elementor-lightbox-slideshow=\"4ef2af7\" data-elementor-lightbox-title=\"Letters TMB meaning Tour du Mont Blanc and a direction arrrow painted on a rock. A classic multiday hike in the French Alps\" data-e-action-hash=\"#elementor-action%3Aaction%3Dlightbox%26settings%3DeyJpZCI6MTcwODAsInVybCI6Imh0dHBzOlwvXC93d3cuZXNxdWlhZGVzLmNvbVwvYmxvZ1wvYXBwXC91cGxvYWRzXC8yMDI1XC8wNFwvVG91ci1kZWwtTW9udC1CbGFuYy1BZG9iZVN0b2NrXzI5ODMxNTg2Ny5qcGVnIiwic2xpZGVzaG93IjoiNGVmMmFmNyJ9\">\n\t\t\t\t\t<div class=\"e-gallery-image elementor-gallery-item__image\" data-thumbnail=\"https:\/\/www.esquiades.com\/blog\/app\/uploads\/2025\/04\/Tour-del-Mont-Blanc-AdobeStock_298315867.jpeg\" data-width=\"199\" data-height=\"300\" aria-label=\"\" role=\"img\" ><\/div>\n\t\t\t\t\t\t\t\t\t\t\t<div class=\"elementor-gallery-item__overlay\"><\/div>\n\t\t\t\t\t\t\t\t\t\t\t\t\t\t<\/a>\n\t\t\t\t\t\t\t<a class=\"e-gallery-item elementor-gallery-item elementor-animated-content\" href=\"https:\/\/www.esquiades.com\/blog\/app\/uploads\/2025\/04\/Mont-blanc-AdobeStock_1135288911.jpeg\" data-elementor-open-lightbox=\"yes\" data-elementor-lightbox-slideshow=\"4ef2af7\" data-elementor-lightbox-title=\"Mont Blanc, Monte Bianco mountain summit in the Alps. The highest mountain in Europe. Snow and glacier covered high altitude snow mountain in the Alps. The top of Montblanc Chamonix valley landscape\" data-e-action-hash=\"#elementor-action%3Aaction%3Dlightbox%26settings%3DeyJpZCI6MTcwODIsInVybCI6Imh0dHBzOlwvXC93d3cuZXNxdWlhZGVzLmNvbVwvYmxvZ1wvYXBwXC91cGxvYWRzXC8yMDI1XC8wNFwvTW9udC1ibGFuYy1BZG9iZVN0b2NrXzExMzUyODg5MTEuanBlZyIsInNsaWRlc2hvdyI6IjRlZjJhZjcifQ%3D%3D\">\n\t\t\t\t\t<div class=\"e-gallery-image elementor-gallery-item__image\" data-thumbnail=\"https:\/\/www.esquiades.com\/blog\/app\/uploads\/2025\/04\/Mont-blanc-AdobeStock_1135288911.jpeg\" data-width=\"200\" data-height=\"300\" aria-label=\"\" role=\"img\" ><\/div>\n\t\t\t\t\t\t\t\t\t\t\t<div class=\"elementor-gallery-item__overlay\"><\/div>\n\t\t\t\t\t\t\t\t\t\t\t\t\t\t<\/a>\n\t\t\t\t\t\t\t<a class=\"e-gallery-item elementor-gallery-item elementor-animated-content\" href=\"https:\/\/www.esquiades.com\/blog\/app\/uploads\/2025\/04\/Mont-Blanc-AdobeStock_918453753.jpeg\" data-elementor-open-lightbox=\"yes\" data-elementor-lightbox-slideshow=\"4ef2af7\" data-elementor-lightbox-title=\"Chamonix\" data-e-action-hash=\"#elementor-action%3Aaction%3Dlightbox%26settings%3DeyJpZCI6MTcwODMsInVybCI6Imh0dHBzOlwvXC93d3cuZXNxdWlhZGVzLmNvbVwvYmxvZ1wvYXBwXC91cGxvYWRzXC8yMDI1XC8wNFwvTW9udC1CbGFuYy1BZG9iZVN0b2NrXzkxODQ1Mzc1My5qcGVnIiwic2xpZGVzaG93IjoiNGVmMmFmNyJ9\">\n\t\t\t\t\t<div class=\"e-gallery-image elementor-gallery-item__image\" data-thumbnail=\"https:\/\/www.esquiades.com\/blog\/app\/uploads\/2025\/04\/Mont-Blanc-AdobeStock_918453753.jpeg\" data-width=\"200\" data-height=\"300\" aria-label=\"\" role=\"img\" ><\/div>\n\t\t\t\t\t\t\t\t\t\t\t<div class=\"elementor-gallery-item__overlay\"><\/div>\n\t\t\t\t\t\t\t\t\t\t\t\t\t\t<\/a>\n\t\t\t\t\t\t\t<a class=\"e-gallery-item elementor-gallery-item elementor-animated-content\" href=\"https:\/\/www.esquiades.com\/blog\/app\/uploads\/2025\/04\/AdobeStock_1326585283.jpeg\" data-elementor-open-lightbox=\"yes\" data-elementor-lightbox-slideshow=\"4ef2af7\" data-elementor-lightbox-title=\"Aiguille du Midi, Alpes fran\u00e7aises\" data-e-action-hash=\"#elementor-action%3Aaction%3Dlightbox%26settings%3DeyJpZCI6MTcxMDgsInVybCI6Imh0dHBzOlwvXC93d3cuZXNxdWlhZGVzLmNvbVwvYmxvZ1wvYXBwXC91cGxvYWRzXC8yMDI1XC8wNFwvQWRvYmVTdG9ja18xMzI2NTg1MjgzLmpwZWciLCJzbGlkZXNob3ciOiI0ZWYyYWY3In0%3D\">\n\t\t\t\t\t<div class=\"e-gallery-image elementor-gallery-item__image\" data-thumbnail=\"https:\/\/www.esquiades.com\/blog\/app\/uploads\/2025\/04\/AdobeStock_1326585283.jpeg\" data-width=\"225\" data-height=\"300\" aria-label=\"\" role=\"img\" ><\/div>\n\t\t\t\t\t\t\t\t\t\t\t<div class=\"elementor-gallery-item__overlay\"><\/div>\n\t\t\t\t\t\t\t\t\t\t\t\t\t\t<\/a>\n\t\t\t\t\t\t\t<a class=\"e-gallery-item elementor-gallery-item elementor-animated-content\" href=\"https:\/\/www.esquiades.com\/blog\/app\/uploads\/2025\/04\/AdobeStock_1345694888_Editorial_Use_Only.jpeg\" data-elementor-open-lightbox=\"yes\" data-elementor-lightbox-slideshow=\"4ef2af7\" data-elementor-lightbox-title=\"Cable car gondola in Chamonix Mont Blanc. Aiguille du Midi, Brevent and Valle Blanche Cable Car Telecabine Panoramic Mont-Blanc in French Alps mountain area. The top of the mountain glacier view point\" data-e-action-hash=\"#elementor-action%3Aaction%3Dlightbox%26settings%3DeyJpZCI6MTcxMDksInVybCI6Imh0dHBzOlwvXC93d3cuZXNxdWlhZGVzLmNvbVwvYmxvZ1wvYXBwXC91cGxvYWRzXC8yMDI1XC8wNFwvQWRvYmVTdG9ja18xMzQ1Njk0ODg4X0VkaXRvcmlhbF9Vc2VfT25seS5qcGVnIiwic2xpZGVzaG93IjoiNGVmMmFmNyJ9\">\n\t\t\t\t\t<div class=\"e-gallery-image elementor-gallery-item__image\" data-thumbnail=\"https:\/\/www.esquiades.com\/blog\/app\/uploads\/2025\/04\/AdobeStock_1345694888_Editorial_Use_Only.jpeg\" data-width=\"200\" data-height=\"300\" aria-label=\"\" role=\"img\" ><\/div>\n\t\t\t\t\t\t\t\t\t\t\t<div class=\"elementor-gallery-item__overlay\"><\/div>\n\t\t\t\t\t\t\t\t\t\t\t\t\t\t<\/a>\n\t\t\t\t\t\t\t<a class=\"e-gallery-item elementor-gallery-item elementor-animated-content\" href=\"https:\/\/www.esquiades.com\/blog\/app\/uploads\/2025\/04\/AdobeStock_327535220.jpeg\" data-elementor-open-lightbox=\"yes\" data-elementor-lightbox-slideshow=\"4ef2af7\" data-elementor-lightbox-title=\"Altitude View of the Aiguille du Midi and the Snowy Alps Moutains Chain\" data-e-action-hash=\"#elementor-action%3Aaction%3Dlightbox%26settings%3DeyJpZCI6MTcxMTAsInVybCI6Imh0dHBzOlwvXC93d3cuZXNxdWlhZGVzLmNvbVwvYmxvZ1wvYXBwXC91cGxvYWRzXC8yMDI1XC8wNFwvQWRvYmVTdG9ja18zMjc1MzUyMjAuanBlZyIsInNsaWRlc2hvdyI6IjRlZjJhZjcifQ%3D%3D\">\n\t\t\t\t\t<div class=\"e-gallery-image elementor-gallery-item__image\" data-thumbnail=\"https:\/\/www.esquiades.com\/blog\/app\/uploads\/2025\/04\/AdobeStock_327535220.jpeg\" data-width=\"200\" data-height=\"300\" aria-label=\"\" role=\"img\" ><\/div>\n\t\t\t\t\t\t\t\t\t\t\t<div class=\"elementor-gallery-item__overlay\"><\/div>\n\t\t\t\t\t\t\t\t\t\t\t\t\t\t<\/a>\n\t\t\t\t\t<\/div>\n\t\t\t\t\t<\/div>\n\t\t\t\t<\/div>\n\t\t\t\t\t<\/div>\n\t\t<\/div>\n\t\t\t\t\t<\/div>\n\t\t<\/section>\n\t\t\t\t<section class=\"elementor-section elementor-top-section elementor-element elementor-element-e71bcf4 elementor-section-boxed elementor-section-height-default elementor-section-height-default\" data-id=\"e71bcf4\" data-element_type=\"section\">\n\t\t\t\t\t\t<div class=\"elementor-container elementor-column-gap-default\">\n\t\t\t\t\t<div class=\"elementor-column elementor-col-100 elementor-top-column elementor-element elementor-element-d6f1346\" data-id=\"d6f1346\" data-element_type=\"column\">\n\t\t\t<div class=\"elementor-widget-wrap elementor-element-populated\">\n\t\t\t\t\t\t<div class=\"elementor-element elementor-element-7a164f4 elementor-widget elementor-widget-spacer\" data-id=\"7a164f4\" data-element_type=\"widget\" data-widget_type=\"spacer.default\">\n\t\t\t\t<div class=\"elementor-widget-container\">\n\t\t\t\t\t\t\t<div class=\"elementor-spacer\">\n\t\t\t<div class=\"elementor-spacer-inner\"><\/div>\n\t\t<\/div>\n\t\t\t\t\t\t<\/div>\n\t\t\t\t<\/div>\n\t\t\t\t<div class=\"elementor-element elementor-element-f34e9f8 elementor-widget elementor-widget-text-editor\" data-id=\"f34e9f8\" data-element_type=\"widget\" data-widget_type=\"text-editor.default\">\n\t\t\t\t<div class=\"elementor-widget-container\">\n\t\t\t\t\t\t\t\t\t<p><span style=\"font-weight: 400;\">Para los que prefieren un acceso m\u00e1s c\u00f3modo a los <\/span><b>miradores, <\/b><span style=\"font-weight: 400;\">hay telef\u00e9ricos como el de Aiguille du Midi o el de Br\u00e9vent, que permiten alcanzar las mejores vistas sin necesidad de largas caminatas. \ud83c\udf2c\ufe0f<\/span><\/p><p><span style=\"font-weight: 400;\">\u00a0<\/span><\/p><p><span style=\"font-weight: 400;\">En Esquiades.com nos especializamos en ofrecer las mejores <\/span><a href=\"https:\/\/www.esquiades.com\/viajes-esqui\/alpes-franceses-sur-1042\"><b>ofertas de esqu\u00ed en los Alpes franceses<\/b><\/a><span style=\"font-weight: 400;\"> para que puedas disfrutar al m\u00e1ximo de tu deporte favorito. \ud83d\udca6<\/span><\/p>\t\t\t\t\t\t\t\t<\/div>\n\t\t\t\t<\/div>\n\t\t\t\t\t<\/div>\n\t\t<\/div>\n\t\t\t\t\t<\/div>\n\t\t<\/section>\n\t\t\t\t<section class=\"elementor-section elementor-top-section elementor-element elementor-element-6fbffa9 elementor-section-boxed elementor-section-height-default elementor-section-height-default\" data-id=\"6fbffa9\" data-element_type=\"section\">\n\t\t\t\t\t\t<div class=\"elementor-container elementor-column-gap-default\">\n\t\t\t\t\t<div class=\"elementor-column elementor-col-100 elementor-top-column elementor-element elementor-element-3750375\" data-id=\"3750375\" data-element_type=\"column\">\n\t\t\t<div class=\"elementor-widget-wrap elementor-element-populated\">\n\t\t\t\t\t\t<div class=\"elementor-element elementor-element-dfb390d elementor-widget elementor-widget-spacer\" data-id=\"dfb390d\" data-element_type=\"widget\" data-widget_type=\"spacer.default\">\n\t\t\t\t<div class=\"elementor-widget-container\">\n\t\t\t\t\t\t\t<div class=\"elementor-spacer\">\n\t\t\t<div class=\"elementor-spacer-inner\"><\/div>\n\t\t<\/div>\n\t\t\t\t\t\t<\/div>\n\t\t\t\t<\/div>\n\t\t\t\t<div class=\"elementor-element elementor-element-069fd6b elementor-align-center elementor-widget elementor-widget-button\" data-id=\"069fd6b\" data-element_type=\"widget\" data-widget_type=\"button.default\">\n\t\t\t\t<div class=\"elementor-widget-container\">\n\t\t\t\t\t\t\t\t\t<div class=\"elementor-button-wrapper\">\n\t\t\t\t\t<a class=\"elementor-button elementor-button-link elementor-size-sm\" href=\"https:\/\/www.esquiades.com\/viajes-esqui\/alpes-franceses-norte-104\">\n\t\t\t\t\t\t<span class=\"elementor-button-content-wrapper\">\n\t\t\t\t\t\t\t\t\t<span class=\"elementor-button-text\">Reserva tu escapada<\/span>\n\t\t\t\t\t<\/span>\n\t\t\t\t\t<\/a>\n\t\t\t\t<\/div>\n\t\t\t\t\t\t\t\t<\/div>\n\t\t\t\t<\/div>\n\t\t\t\t\t<\/div>\n\t\t<\/div>\n\t\t\t\t\t<\/div>\n\t\t<\/section>\n\t\t\t\t<section class=\"elementor-section elementor-top-section elementor-element elementor-element-f3a2eb8 elementor-section-boxed elementor-section-height-default elementor-section-height-default\" data-id=\"f3a2eb8\" data-element_type=\"section\">\n\t\t\t\t\t\t<div class=\"elementor-container elementor-column-gap-default\">\n\t\t\t\t\t<div class=\"elementor-column elementor-col-100 elementor-top-column elementor-element elementor-element-083d59f\" data-id=\"083d59f\" data-element_type=\"column\">\n\t\t\t<div class=\"elementor-widget-wrap elementor-element-populated\">\n\t\t\t\t\t\t<div class=\"elementor-element elementor-element-773a15a elementor-widget elementor-widget-spacer\" data-id=\"773a15a\" data-element_type=\"widget\" data-widget_type=\"spacer.default\">\n\t\t\t\t<div class=\"elementor-widget-container\">\n\t\t\t\t\t\t\t<div class=\"elementor-spacer\">\n\t\t\t<div class=\"elementor-spacer-inner\"><\/div>\n\t\t<\/div>\n\t\t\t\t\t\t<\/div>\n\t\t\t\t<\/div>\n\t\t\t\t<div class=\"elementor-element elementor-element-af5d44a elementor-widget elementor-widget-heading\" data-id=\"af5d44a\" data-element_type=\"widget\" data-widget_type=\"heading.default\">\n\t\t\t\t<div class=\"elementor-widget-container\">\n\t\t\t\t\t<h2 class=\"elementor-heading-title elementor-size-default\"><span id=\"Escapadas_con_encanto_alojamientos_rurales_en_plena_montana\">Escapadas con encanto: alojamientos rurales en plena monta\u00f1a\n<\/span><\/h2>\t\t\t\t<\/div>\n\t\t\t\t<\/div>\n\t\t\t\t\t<\/div>\n\t\t<\/div>\n\t\t\t\t\t<\/div>\n\t\t<\/section>\n\t\t\t\t<section class=\"elementor-section elementor-top-section elementor-element elementor-element-3a02013 elementor-section-boxed elementor-section-height-default elementor-section-height-default\" data-id=\"3a02013\" data-element_type=\"section\">\n\t\t\t\t\t\t<div class=\"elementor-container elementor-column-gap-default\">\n\t\t\t\t\t<div class=\"elementor-column elementor-col-100 elementor-top-column elementor-element elementor-element-2301076\" data-id=\"2301076\" data-element_type=\"column\">\n\t\t\t<div class=\"elementor-widget-wrap elementor-element-populated\">\n\t\t\t\t\t\t<div class=\"elementor-element elementor-element-193f362 elementor-widget elementor-widget-spacer\" data-id=\"193f362\" data-element_type=\"widget\" data-widget_type=\"spacer.default\">\n\t\t\t\t<div class=\"elementor-widget-container\">\n\t\t\t\t\t\t\t<div class=\"elementor-spacer\">\n\t\t\t<div class=\"elementor-spacer-inner\"><\/div>\n\t\t<\/div>\n\t\t\t\t\t\t<\/div>\n\t\t\t\t<\/div>\n\t\t\t\t<div class=\"elementor-element elementor-element-31c79a5 elementor-widget elementor-widget-text-editor\" data-id=\"31c79a5\" data-element_type=\"widget\" data-widget_type=\"text-editor.default\">\n\t\t\t\t<div class=\"elementor-widget-container\">\n\t\t\t\t\t\t\t\t\t<p><span style=\"font-weight: 400;\">Si quieres hacer una escapada en plena <\/span><b>naturaleza, <\/b><span style=\"font-weight: 400;\">rodeado de <\/span><b>paisajes <\/b><span style=\"font-weight: 400;\">alpinos y lejos del bullicio de la ciudad, los Alpes franceses y los <\/span><b>Pirineos <\/b><span style=\"font-weight: 400;\">ofrecen opciones de alojamiento con un encanto especial. \ud83c\udf04<\/span><\/p><p><span style=\"font-weight: 400;\">\u00a0<\/span><\/p><p><span style=\"font-weight: 400;\">Aqu\u00ed te presentamos tres alojamientos rurales perfectos para disfrutar de la <\/span><b>monta\u00f1a <\/b><span style=\"font-weight: 400;\">en todo su esplendor. \u2600\ufe0f<\/span><\/p>\t\t\t\t\t\t\t\t<\/div>\n\t\t\t\t<\/div>\n\t\t\t\t\t<\/div>\n\t\t<\/div>\n\t\t\t\t\t<\/div>\n\t\t<\/section>\n\t\t\t\t<section class=\"elementor-section elementor-top-section elementor-element elementor-element-b721ab4 elementor-section-boxed elementor-section-height-default elementor-section-height-default\" data-id=\"b721ab4\" data-element_type=\"section\">\n\t\t\t\t\t\t<div class=\"elementor-container elementor-column-gap-default\">\n\t\t\t\t\t<div class=\"elementor-column elementor-col-100 elementor-top-column elementor-element elementor-element-4d79799\" data-id=\"4d79799\" data-element_type=\"column\">\n\t\t\t<div class=\"elementor-widget-wrap elementor-element-populated\">\n\t\t\t\t\t\t<div class=\"elementor-element elementor-element-2ad9e28 elementor-widget elementor-widget-spacer\" data-id=\"2ad9e28\" data-element_type=\"widget\" data-widget_type=\"spacer.default\">\n\t\t\t\t<div class=\"elementor-widget-container\">\n\t\t\t\t\t\t\t<div class=\"elementor-spacer\">\n\t\t\t<div class=\"elementor-spacer-inner\"><\/div>\n\t\t<\/div>\n\t\t\t\t\t\t<\/div>\n\t\t\t\t<\/div>\n\t\t\t\t<div class=\"elementor-element elementor-element-88cb0ce elementor-align-center elementor-widget elementor-widget-button\" data-id=\"88cb0ce\" data-element_type=\"widget\" data-widget_type=\"button.default\">\n\t\t\t\t<div class=\"elementor-widget-container\">\n\t\t\t\t\t\t\t\t\t<div class=\"elementor-button-wrapper\">\n\t\t\t\t\t<a class=\"elementor-button elementor-button-link elementor-size-sm\" href=\"https:\/\/www.esquiades.com\/escapadas\/hoteles-en-los-alpes-franceses-14171\">\n\t\t\t\t\t\t<span class=\"elementor-button-content-wrapper\">\n\t\t\t\t\t\t\t\t\t<span class=\"elementor-button-text\">Tu hotel est\u00e1 aqu\u00ed<\/span>\n\t\t\t\t\t<\/span>\n\t\t\t\t\t<\/a>\n\t\t\t\t<\/div>\n\t\t\t\t\t\t\t\t<\/div>\n\t\t\t\t<\/div>\n\t\t\t\t\t<\/div>\n\t\t<\/div>\n\t\t\t\t\t<\/div>\n\t\t<\/section>\n\t\t\t\t<section class=\"elementor-section elementor-top-section elementor-element elementor-element-81d1fc8 elementor-section-boxed elementor-section-height-default elementor-section-height-default\" data-id=\"81d1fc8\" data-element_type=\"section\">\n\t\t\t\t\t\t<div class=\"elementor-container elementor-column-gap-default\">\n\t\t\t\t\t<div class=\"elementor-column elementor-col-100 elementor-top-column elementor-element elementor-element-bfacb36\" data-id=\"bfacb36\" data-element_type=\"column\">\n\t\t\t<div class=\"elementor-widget-wrap elementor-element-populated\">\n\t\t\t\t\t\t<div class=\"elementor-element elementor-element-b9ec970 elementor-widget elementor-widget-heading\" data-id=\"b9ec970\" data-element_type=\"widget\" data-widget_type=\"heading.default\">\n\t\t\t\t<div class=\"elementor-widget-container\">\n\t\t\t\t\t<h2 class=\"elementor-heading-title elementor-size-default\"><span id=\"Residence_Vacanceole_Les_Ecrins_dAuris\">R\u00e9sidence Vacanc\u00e9ole Les \u00c9crins d'Auris\n<\/span><\/h2>\t\t\t\t<\/div>\n\t\t\t\t<\/div>\n\t\t\t\t\t<\/div>\n\t\t<\/div>\n\t\t\t\t\t<\/div>\n\t\t<\/section>\n\t\t\t\t<section class=\"elementor-section elementor-top-section elementor-element elementor-element-6f776ed elementor-section-boxed elementor-section-height-default elementor-section-height-default\" data-id=\"6f776ed\" data-element_type=\"section\">\n\t\t\t\t\t\t<div class=\"elementor-container elementor-column-gap-default\">\n\t\t\t\t\t<div class=\"elementor-column elementor-col-100 elementor-top-column elementor-element elementor-element-37e093c\" data-id=\"37e093c\" data-element_type=\"column\">\n\t\t\t<div class=\"elementor-widget-wrap elementor-element-populated\">\n\t\t\t\t\t\t<div class=\"elementor-element elementor-element-650c1e7 elementor-widget elementor-widget-text-editor\" data-id=\"650c1e7\" data-element_type=\"widget\" data-widget_type=\"text-editor.default\">\n\t\t\t\t<div class=\"elementor-widget-container\">\n\t\t\t\t\t\t\t\t\t<p><span style=\"font-weight: 400;\">Ubicado en la zona de Auris, este complejo residencial de 3 estrellas es ideal para los amantes de la <\/span><b>monta\u00f1a <\/b><span style=\"font-weight: 400;\">y la <\/span><b>naturaleza. <\/b><span style=\"font-weight: 400;\">\ud83c\udf3f<\/span><\/p><p><span style=\"font-weight: 400;\">\u00a0<\/span><\/p><p><span style=\"font-weight: 400;\">Su ambiente acogedor y su ubicaci\u00f3n privilegiada lo convierten en el punto de partida perfecto para recorrer los senderos de los Alpes o simplemente relajarse en un entorno tranquilo. \ud83c\udfde\ufe0f<\/span><\/p><p><span style=\"font-weight: 400;\">\u00a0<\/span><\/p><p>\u00a0<\/p><p><span style=\"font-weight: 400;\">El R\u00e9sidence Vacanc\u00e9ole Les \u00c9crins d&#8217;Auris cuenta con todas las comodidades necesarias para una estancia confortable: recepci\u00f3n, conexi\u00f3n wifi, aparcamiento y, adem\u00e1s, \u00a1es pet-friendly! \ud83d\udeb4<\/span><\/p><p><span style=\"font-weight: 400;\">\u00a0<\/span><\/p><p><span style=\"font-weight: 400;\">As\u00ed que, si viajas con tu mascota, aqu\u00ed ser\u00e1 bienvenida. \ud83d\udcd6<\/span><\/p><p><span style=\"font-weight: 400;\">\u00a0<\/span><\/p><p><span style=\"font-weight: 400;\">Cada apartamento est\u00e1 completamente equipado con cocina que incluye nevera, microondas, lavavajillas, vitrocer\u00e1mica y horno, permiti\u00e9ndote preparar tus propias comidas con total comodidad. \ud83e\udd7e<\/span><\/p>\t\t\t\t\t\t\t\t<\/div>\n\t\t\t\t<\/div>\n\t\t\t\t<div class=\"elementor-element elementor-element-9ce3bb5 elementor-widget elementor-widget-spacer\" data-id=\"9ce3bb5\" data-element_type=\"widget\" data-widget_type=\"spacer.default\">\n\t\t\t\t<div class=\"elementor-widget-container\">\n\t\t\t\t\t\t\t<div class=\"elementor-spacer\">\n\t\t\t<div class=\"elementor-spacer-inner\"><\/div>\n\t\t<\/div>\n\t\t\t\t\t\t<\/div>\n\t\t\t\t<\/div>\n\t\t\t\t\t<\/div>\n\t\t<\/div>\n\t\t\t\t\t<\/div>\n\t\t<\/section>\n\t\t\t\t<section class=\"elementor-section elementor-top-section elementor-element elementor-element-36219cc elementor-section-boxed elementor-section-height-default elementor-section-height-default\" data-id=\"36219cc\" data-element_type=\"section\">\n\t\t\t\t\t\t<div class=\"elementor-container elementor-column-gap-default\">\n\t\t\t\t\t<div class=\"elementor-column elementor-col-100 elementor-top-column elementor-element elementor-element-ac3525f\" data-id=\"ac3525f\" data-element_type=\"column\">\n\t\t\t<div class=\"elementor-widget-wrap elementor-element-populated\">\n\t\t\t\t\t\t<div class=\"elementor-element elementor-element-7159e3d elementor-widget elementor-widget-gallery\" data-id=\"7159e3d\" data-element_type=\"widget\" data-settings=\"{&quot;gallery_layout&quot;:&quot;justified&quot;,&quot;ideal_row_height&quot;:{&quot;unit&quot;:&quot;px&quot;,&quot;size&quot;:344,&quot;sizes&quot;:[]},&quot;lazyload&quot;:&quot;yes&quot;,&quot;ideal_row_height_tablet&quot;:{&quot;unit&quot;:&quot;px&quot;,&quot;size&quot;:150,&quot;sizes&quot;:[]},&quot;ideal_row_height_mobile&quot;:{&quot;unit&quot;:&quot;px&quot;,&quot;size&quot;:150,&quot;sizes&quot;:[]},&quot;gap&quot;:{&quot;unit&quot;:&quot;px&quot;,&quot;size&quot;:10,&quot;sizes&quot;:[]},&quot;gap_tablet&quot;:{&quot;unit&quot;:&quot;px&quot;,&quot;size&quot;:10,&quot;sizes&quot;:[]},&quot;gap_mobile&quot;:{&quot;unit&quot;:&quot;px&quot;,&quot;size&quot;:10,&quot;sizes&quot;:[]},&quot;link_to&quot;:&quot;file&quot;,&quot;overlay_background&quot;:&quot;yes&quot;,&quot;content_hover_animation&quot;:&quot;fade-in&quot;}\" data-widget_type=\"gallery.default\">\n\t\t\t\t<div class=\"elementor-widget-container\">\n\t\t\t\t\t\t\t<div class=\"elementor-gallery__container\">\n\t\t\t\t\t\t\t<a class=\"e-gallery-item elementor-gallery-item elementor-animated-content\" href=\"https:\/\/www.esquiades.com\/blog\/app\/uploads\/2025\/04\/image-00-1.jpg\" data-elementor-open-lightbox=\"yes\" data-elementor-lightbox-slideshow=\"7159e3d\" data-elementor-lightbox-title=\"image-00 (1)\" data-e-action-hash=\"#elementor-action%3Aaction%3Dlightbox%26settings%3DeyJpZCI6MTcwOTYsInVybCI6Imh0dHBzOlwvXC93d3cuZXNxdWlhZGVzLmNvbVwvYmxvZ1wvYXBwXC91cGxvYWRzXC8yMDI1XC8wNFwvaW1hZ2UtMDAtMS5qcGciLCJzbGlkZXNob3ciOiI3MTU5ZTNkIn0%3D\">\n\t\t\t\t\t<div class=\"e-gallery-image elementor-gallery-item__image\" data-thumbnail=\"https:\/\/www.esquiades.com\/blog\/app\/uploads\/2025\/04\/image-00-1.jpg\" data-width=\"300\" data-height=\"198\" aria-label=\"\" role=\"img\" ><\/div>\n\t\t\t\t\t\t\t\t\t\t\t<div class=\"elementor-gallery-item__overlay\"><\/div>\n\t\t\t\t\t\t\t\t\t\t\t\t\t\t<\/a>\n\t\t\t\t\t\t\t<a class=\"e-gallery-item elementor-gallery-item elementor-animated-content\" href=\"https:\/\/www.esquiades.com\/blog\/app\/uploads\/2025\/04\/image-01.jpg\" data-elementor-open-lightbox=\"yes\" data-elementor-lightbox-slideshow=\"7159e3d\" data-elementor-lightbox-title=\"image-01\" data-e-action-hash=\"#elementor-action%3Aaction%3Dlightbox%26settings%3DeyJpZCI6MTcwOTcsInVybCI6Imh0dHBzOlwvXC93d3cuZXNxdWlhZGVzLmNvbVwvYmxvZ1wvYXBwXC91cGxvYWRzXC8yMDI1XC8wNFwvaW1hZ2UtMDEuanBnIiwic2xpZGVzaG93IjoiNzE1OWUzZCJ9\">\n\t\t\t\t\t<div class=\"e-gallery-image elementor-gallery-item__image\" data-thumbnail=\"https:\/\/www.esquiades.com\/blog\/app\/uploads\/2025\/04\/image-01.jpg\" data-width=\"300\" data-height=\"198\" aria-label=\"\" role=\"img\" ><\/div>\n\t\t\t\t\t\t\t\t\t\t\t<div class=\"elementor-gallery-item__overlay\"><\/div>\n\t\t\t\t\t\t\t\t\t\t\t\t\t\t<\/a>\n\t\t\t\t\t\t\t<a class=\"e-gallery-item elementor-gallery-item elementor-animated-content\" href=\"https:\/\/www.esquiades.com\/blog\/app\/uploads\/2025\/04\/image-07.jpg\" data-elementor-open-lightbox=\"yes\" data-elementor-lightbox-slideshow=\"7159e3d\" data-elementor-lightbox-title=\"image-07\" data-e-action-hash=\"#elementor-action%3Aaction%3Dlightbox%26settings%3DeyJpZCI6MTcwOTgsInVybCI6Imh0dHBzOlwvXC93d3cuZXNxdWlhZGVzLmNvbVwvYmxvZ1wvYXBwXC91cGxvYWRzXC8yMDI1XC8wNFwvaW1hZ2UtMDcuanBnIiwic2xpZGVzaG93IjoiNzE1OWUzZCJ9\">\n\t\t\t\t\t<div class=\"e-gallery-image elementor-gallery-item__image\" data-thumbnail=\"https:\/\/www.esquiades.com\/blog\/app\/uploads\/2025\/04\/image-07.jpg\" data-width=\"300\" data-height=\"198\" aria-label=\"\" role=\"img\" ><\/div>\n\t\t\t\t\t\t\t\t\t\t\t<div class=\"elementor-gallery-item__overlay\"><\/div>\n\t\t\t\t\t\t\t\t\t\t\t\t\t\t<\/a>\n\t\t\t\t\t\t\t<a class=\"e-gallery-item elementor-gallery-item elementor-animated-content\" href=\"https:\/\/www.esquiades.com\/blog\/app\/uploads\/2025\/04\/image-23.jpg\" data-elementor-open-lightbox=\"yes\" data-elementor-lightbox-slideshow=\"7159e3d\" data-elementor-lightbox-title=\"image-23\" data-e-action-hash=\"#elementor-action%3Aaction%3Dlightbox%26settings%3DeyJpZCI6MTcwOTksInVybCI6Imh0dHBzOlwvXC93d3cuZXNxdWlhZGVzLmNvbVwvYmxvZ1wvYXBwXC91cGxvYWRzXC8yMDI1XC8wNFwvaW1hZ2UtMjMuanBnIiwic2xpZGVzaG93IjoiNzE1OWUzZCJ9\">\n\t\t\t\t\t<div class=\"e-gallery-image elementor-gallery-item__image\" data-thumbnail=\"https:\/\/www.esquiades.com\/blog\/app\/uploads\/2025\/04\/image-23.jpg\" data-width=\"300\" data-height=\"198\" aria-label=\"\" role=\"img\" ><\/div>\n\t\t\t\t\t\t\t\t\t\t\t<div class=\"elementor-gallery-item__overlay\"><\/div>\n\t\t\t\t\t\t\t\t\t\t\t\t\t\t<\/a>\n\t\t\t\t\t<\/div>\n\t\t\t\t\t<\/div>\n\t\t\t\t<\/div>\n\t\t\t\t\t<\/div>\n\t\t<\/div>\n\t\t\t\t\t<\/div>\n\t\t<\/section>\n\t\t\t\t<section class=\"elementor-section elementor-top-section elementor-element elementor-element-164a18d elementor-section-boxed elementor-section-height-default elementor-section-height-default\" data-id=\"164a18d\" data-element_type=\"section\">\n\t\t\t\t\t\t<div class=\"elementor-container elementor-column-gap-default\">\n\t\t\t\t\t<div class=\"elementor-column elementor-col-100 elementor-top-column elementor-element elementor-element-f40963a\" data-id=\"f40963a\" data-element_type=\"column\">\n\t\t\t<div class=\"elementor-widget-wrap elementor-element-populated\">\n\t\t\t\t\t\t<div class=\"elementor-element elementor-element-c75c8ee elementor-widget elementor-widget-spacer\" data-id=\"c75c8ee\" data-element_type=\"widget\" data-widget_type=\"spacer.default\">\n\t\t\t\t<div class=\"elementor-widget-container\">\n\t\t\t\t\t\t\t<div class=\"elementor-spacer\">\n\t\t\t<div class=\"elementor-spacer-inner\"><\/div>\n\t\t<\/div>\n\t\t\t\t\t\t<\/div>\n\t\t\t\t<\/div>\n\t\t\t\t<div class=\"elementor-element elementor-element-7c9d253 elementor-widget elementor-widget-text-editor\" data-id=\"7c9d253\" data-element_type=\"widget\" data-widget_type=\"text-editor.default\">\n\t\t\t\t<div class=\"elementor-widget-container\">\n\t\t\t\t\t\t\t\t\t<p style=\"text-align: center;\"><span style=\"font-weight: 400;\">Si buscas <\/span><b>desconectar <\/b><span style=\"font-weight: 400;\">rodeado de <\/span><b>naturaleza <\/b><span style=\"font-weight: 400;\">y disfrutar del aire puro de la <\/span><b>monta\u00f1a, <\/b><span style=\"font-weight: 400;\">este alojamiento es una apuesta segura. \ud83c\udfd4\ufe0f<\/span><\/p><p style=\"text-align: center;\"><span style=\"font-weight: 400;\">\u00a0<\/span><\/p><p style=\"text-align: center;\"><span style=\"font-weight: 400;\">Ubicaci\u00f3n: Auris, Alpes franceses \ud83c\udf05<\/span><\/p><p style=\"text-align: center;\"><span style=\"font-weight: 400;\">Mascotas permitidas \ud83d\udc3e<\/span><\/p><p style=\"text-align: center;\"><span style=\"font-weight: 400;\">Aparcamiento disponible \ud83c\udfe8<\/span><\/p>\t\t\t\t\t\t\t\t<\/div>\n\t\t\t\t<\/div>\n\t\t\t\t<div class=\"elementor-element elementor-element-cbc3272 elementor-widget elementor-widget-spacer\" data-id=\"cbc3272\" data-element_type=\"widget\" data-widget_type=\"spacer.default\">\n\t\t\t\t<div class=\"elementor-widget-container\">\n\t\t\t\t\t\t\t<div class=\"elementor-spacer\">\n\t\t\t<div class=\"elementor-spacer-inner\"><\/div>\n\t\t<\/div>\n\t\t\t\t\t\t<\/div>\n\t\t\t\t<\/div>\n\t\t\t\t\t<\/div>\n\t\t<\/div>\n\t\t\t\t\t<\/div>\n\t\t<\/section>\n\t\t\t\t<section class=\"elementor-section elementor-top-section elementor-element elementor-element-d6e538b elementor-section-boxed elementor-section-height-default elementor-section-height-default\" data-id=\"d6e538b\" data-element_type=\"section\">\n\t\t\t\t\t\t<div class=\"elementor-container elementor-column-gap-default\">\n\t\t\t\t\t<div class=\"elementor-column elementor-col-100 elementor-top-column elementor-element elementor-element-e9fad88\" data-id=\"e9fad88\" data-element_type=\"column\">\n\t\t\t<div class=\"elementor-widget-wrap elementor-element-populated\">\n\t\t\t\t\t\t<div class=\"elementor-element elementor-element-85552d7 elementor-align-center elementor-widget elementor-widget-button\" data-id=\"85552d7\" data-element_type=\"widget\" data-widget_type=\"button.default\">\n\t\t\t\t<div class=\"elementor-widget-container\">\n\t\t\t\t\t\t\t\t\t<div class=\"elementor-button-wrapper\">\n\t\t\t\t\t<a class=\"elementor-button elementor-button-link elementor-size-sm\" href=\"https:\/\/www.esquiades.com\/hoteles\/120008_residence-vacanceole-alpauris\">\n\t\t\t\t\t\t<span class=\"elementor-button-content-wrapper\">\n\t\t\t\t\t\t\t\t\t<span class=\"elementor-button-text\">Reserva R\u00e9sidence Vacanc\u00e9ole Les Ecrins d'Auris 3*<\/span>\n\t\t\t\t\t<\/span>\n\t\t\t\t\t<\/a>\n\t\t\t\t<\/div>\n\t\t\t\t\t\t\t\t<\/div>\n\t\t\t\t<\/div>\n\t\t\t\t\t<\/div>\n\t\t<\/div>\n\t\t\t\t\t<\/div>\n\t\t<\/section>\n\t\t\t\t<section class=\"elementor-section elementor-top-section elementor-element elementor-element-a76fc59 elementor-section-boxed elementor-section-height-default elementor-section-height-default\" data-id=\"a76fc59\" data-element_type=\"section\">\n\t\t\t\t\t\t<div class=\"elementor-container elementor-column-gap-default\">\n\t\t\t\t\t<div class=\"elementor-column elementor-col-100 elementor-top-column elementor-element elementor-element-12e6206\" data-id=\"12e6206\" data-element_type=\"column\">\n\t\t\t<div class=\"elementor-widget-wrap elementor-element-populated\">\n\t\t\t\t\t\t<div class=\"elementor-element elementor-element-311fe90 elementor-widget elementor-widget-heading\" data-id=\"311fe90\" data-element_type=\"widget\" data-widget_type=\"heading.default\">\n\t\t\t\t<div class=\"elementor-widget-container\">\n\t\t\t\t\t<h3 class=\"elementor-heading-title elementor-size-default\"><span id=\"Hotel_lEscapade\">Hotel l'Escapade<\/span><\/h3>\t\t\t\t<\/div>\n\t\t\t\t<\/div>\n\t\t\t\t\t<\/div>\n\t\t<\/div>\n\t\t\t\t\t<\/div>\n\t\t<\/section>\n\t\t\t\t<section class=\"elementor-section elementor-top-section elementor-element elementor-element-3c1d4c3 elementor-section-boxed elementor-section-height-default elementor-section-height-default\" data-id=\"3c1d4c3\" data-element_type=\"section\">\n\t\t\t\t\t\t<div class=\"elementor-container elementor-column-gap-default\">\n\t\t\t\t\t<div class=\"elementor-column elementor-col-100 elementor-top-column elementor-element elementor-element-4884a68\" data-id=\"4884a68\" data-element_type=\"column\">\n\t\t\t<div class=\"elementor-widget-wrap elementor-element-populated\">\n\t\t\t\t\t\t<div class=\"elementor-element elementor-element-fdc697e elementor-widget elementor-widget-spacer\" data-id=\"fdc697e\" data-element_type=\"widget\" data-widget_type=\"spacer.default\">\n\t\t\t\t<div class=\"elementor-widget-container\">\n\t\t\t\t\t\t\t<div class=\"elementor-spacer\">\n\t\t\t<div class=\"elementor-spacer-inner\"><\/div>\n\t\t<\/div>\n\t\t\t\t\t\t<\/div>\n\t\t\t\t<\/div>\n\t\t\t\t<div class=\"elementor-element elementor-element-e284af2 elementor-widget elementor-widget-text-editor\" data-id=\"e284af2\" data-element_type=\"widget\" data-widget_type=\"text-editor.default\">\n\t\t\t\t<div class=\"elementor-widget-container\">\n\t\t\t\t\t\t\t\t\t<p><span style=\"font-weight: 400;\">Situado en el pueblo de Beuil, el Hotel l&#8217;Escapade es una opci\u00f3n ideal para vivir una escapada de relax en la <\/span><b>monta\u00f1a. <\/b><span style=\"font-weight: 400;\">\ud83c\udf0a<\/span><\/p><p>\u00a0<\/p><p><span style=\"font-weight: 400;\">Su ubicaci\u00f3n y sus c\u00f3modas instalaciones hacen de este hotel un refugio perfecto para <\/span><b>desconectar <\/b><span style=\"font-weight: 400;\">y recargar energ\u00edas. \u2744\ufe0f<\/span><\/p><p>\u00a0<\/p><p><span style=\"font-weight: 400;\">El hotel ofrece Wi-Fi gratuito en todas sus habitaciones, as\u00ed como un restaurante donde se pueden degustar deliciosos platos despu\u00e9s de un d\u00eda visitando la zona. \ud83e\ude82<\/span><\/p><p>\u00a0<\/p><p><span style=\"font-weight: 400;\">Adem\u00e1s, algunas habitaciones cuentan con calefacci\u00f3n, terraza privada, televisi\u00f3n de pantalla plana y secador de pelo para una mayor comodidad. \ud83d\udeb5<\/span><\/p><p>\u00a0<\/p><p><span style=\"font-weight: 400;\">Si te gusta la <\/span><b>naturaleza, <\/b><span style=\"font-weight: 400;\">Beuil es un destino excelente para practicar <\/span><b>senderismo <\/b><span style=\"font-weight: 400;\">y <\/span><b>deportes <\/b><span style=\"font-weight: 400;\">de invierno, y el Hotel l&#8217;Escapade te brindar\u00e1 el descanso necesario despu\u00e9s de un d\u00eda de <\/span><b>aventuras <\/b><span style=\"font-weight: 400;\">en la <\/span><b>monta\u00f1a. <\/b><span style=\"font-weight: 400;\">\ud83c\udfd5\ufe0f<\/span><\/p>\t\t\t\t\t\t\t\t<\/div>\n\t\t\t\t<\/div>\n\t\t\t\t\t<\/div>\n\t\t<\/div>\n\t\t\t\t\t<\/div>\n\t\t<\/section>\n\t\t\t\t<section class=\"elementor-section elementor-top-section elementor-element elementor-element-9ae9d46 elementor-section-boxed elementor-section-height-default elementor-section-height-default\" data-id=\"9ae9d46\" data-element_type=\"section\">\n\t\t\t\t\t\t<div class=\"elementor-container elementor-column-gap-default\">\n\t\t\t\t\t<div class=\"elementor-column elementor-col-100 elementor-top-column elementor-element elementor-element-b2a0dd9\" data-id=\"b2a0dd9\" data-element_type=\"column\">\n\t\t\t<div class=\"elementor-widget-wrap elementor-element-populated\">\n\t\t\t\t\t\t<div class=\"elementor-element elementor-element-ddf141d elementor-widget elementor-widget-spacer\" data-id=\"ddf141d\" data-element_type=\"widget\" data-widget_type=\"spacer.default\">\n\t\t\t\t<div class=\"elementor-widget-container\">\n\t\t\t\t\t\t\t<div class=\"elementor-spacer\">\n\t\t\t<div class=\"elementor-spacer-inner\"><\/div>\n\t\t<\/div>\n\t\t\t\t\t\t<\/div>\n\t\t\t\t<\/div>\n\t\t\t\t<div class=\"elementor-element elementor-element-99faab6 elementor-widget elementor-widget-gallery\" data-id=\"99faab6\" data-element_type=\"widget\" data-settings=\"{&quot;gallery_layout&quot;:&quot;justified&quot;,&quot;ideal_row_height&quot;:{&quot;unit&quot;:&quot;px&quot;,&quot;size&quot;:312,&quot;sizes&quot;:[]},&quot;lazyload&quot;:&quot;yes&quot;,&quot;ideal_row_height_tablet&quot;:{&quot;unit&quot;:&quot;px&quot;,&quot;size&quot;:150,&quot;sizes&quot;:[]},&quot;ideal_row_height_mobile&quot;:{&quot;unit&quot;:&quot;px&quot;,&quot;size&quot;:150,&quot;sizes&quot;:[]},&quot;gap&quot;:{&quot;unit&quot;:&quot;px&quot;,&quot;size&quot;:10,&quot;sizes&quot;:[]},&quot;gap_tablet&quot;:{&quot;unit&quot;:&quot;px&quot;,&quot;size&quot;:10,&quot;sizes&quot;:[]},&quot;gap_mobile&quot;:{&quot;unit&quot;:&quot;px&quot;,&quot;size&quot;:10,&quot;sizes&quot;:[]},&quot;link_to&quot;:&quot;file&quot;,&quot;overlay_background&quot;:&quot;yes&quot;,&quot;content_hover_animation&quot;:&quot;fade-in&quot;}\" data-widget_type=\"gallery.default\">\n\t\t\t\t<div class=\"elementor-widget-container\">\n\t\t\t\t\t\t\t<div class=\"elementor-gallery__container\">\n\t\t\t\t\t\t\t<a class=\"e-gallery-item elementor-gallery-item elementor-animated-content\" href=\"https:\/\/www.esquiades.com\/blog\/app\/uploads\/2025\/04\/hotel-lescapade-4.jpg\" data-elementor-open-lightbox=\"yes\" data-elementor-lightbox-slideshow=\"99faab6\" data-elementor-lightbox-title=\"hotel-lescapade-4\" data-e-action-hash=\"#elementor-action%3Aaction%3Dlightbox%26settings%3DeyJpZCI6MTcxMDAsInVybCI6Imh0dHBzOlwvXC93d3cuZXNxdWlhZGVzLmNvbVwvYmxvZ1wvYXBwXC91cGxvYWRzXC8yMDI1XC8wNFwvaG90ZWwtbGVzY2FwYWRlLTQuanBnIiwic2xpZGVzaG93IjoiOTlmYWFiNiJ9\">\n\t\t\t\t\t<div class=\"e-gallery-image elementor-gallery-item__image\" data-thumbnail=\"https:\/\/www.esquiades.com\/blog\/app\/uploads\/2025\/04\/hotel-lescapade-4.jpg\" data-width=\"300\" data-height=\"198\" aria-label=\"\" role=\"img\" ><\/div>\n\t\t\t\t\t\t\t\t\t\t\t<div class=\"elementor-gallery-item__overlay\"><\/div>\n\t\t\t\t\t\t\t\t\t\t\t\t\t\t<\/a>\n\t\t\t\t\t\t\t<a class=\"e-gallery-item elementor-gallery-item elementor-animated-content\" href=\"https:\/\/www.esquiades.com\/blog\/app\/uploads\/2025\/04\/hotel-lescapade-20.jpg\" data-elementor-open-lightbox=\"yes\" data-elementor-lightbox-slideshow=\"99faab6\" data-elementor-lightbox-title=\"hotel-lescapade-20\" data-e-action-hash=\"#elementor-action%3Aaction%3Dlightbox%26settings%3DeyJpZCI6MTcxMDEsInVybCI6Imh0dHBzOlwvXC93d3cuZXNxdWlhZGVzLmNvbVwvYmxvZ1wvYXBwXC91cGxvYWRzXC8yMDI1XC8wNFwvaG90ZWwtbGVzY2FwYWRlLTIwLmpwZyIsInNsaWRlc2hvdyI6Ijk5ZmFhYjYifQ%3D%3D\">\n\t\t\t\t\t<div class=\"e-gallery-image elementor-gallery-item__image\" data-thumbnail=\"https:\/\/www.esquiades.com\/blog\/app\/uploads\/2025\/04\/hotel-lescapade-20.jpg\" data-width=\"300\" data-height=\"198\" aria-label=\"\" role=\"img\" ><\/div>\n\t\t\t\t\t\t\t\t\t\t\t<div class=\"elementor-gallery-item__overlay\"><\/div>\n\t\t\t\t\t\t\t\t\t\t\t\t\t\t<\/a>\n\t\t\t\t\t\t\t<a class=\"e-gallery-item elementor-gallery-item elementor-animated-content\" href=\"https:\/\/www.esquiades.com\/blog\/app\/uploads\/2025\/04\/hotel-lescapade-0.jpg\" data-elementor-open-lightbox=\"yes\" data-elementor-lightbox-slideshow=\"99faab6\" data-elementor-lightbox-title=\"hotel-lescapade-0\" data-e-action-hash=\"#elementor-action%3Aaction%3Dlightbox%26settings%3DeyJpZCI6MTcxMDIsInVybCI6Imh0dHBzOlwvXC93d3cuZXNxdWlhZGVzLmNvbVwvYmxvZ1wvYXBwXC91cGxvYWRzXC8yMDI1XC8wNFwvaG90ZWwtbGVzY2FwYWRlLTAuanBnIiwic2xpZGVzaG93IjoiOTlmYWFiNiJ9\">\n\t\t\t\t\t<div class=\"e-gallery-image elementor-gallery-item__image\" data-thumbnail=\"https:\/\/www.esquiades.com\/blog\/app\/uploads\/2025\/04\/hotel-lescapade-0.jpg\" data-width=\"300\" data-height=\"198\" aria-label=\"\" role=\"img\" ><\/div>\n\t\t\t\t\t\t\t\t\t\t\t<div class=\"elementor-gallery-item__overlay\"><\/div>\n\t\t\t\t\t\t\t\t\t\t\t\t\t\t<\/a>\n\t\t\t\t\t\t\t<a class=\"e-gallery-item elementor-gallery-item elementor-animated-content\" href=\"https:\/\/www.esquiades.com\/blog\/app\/uploads\/2025\/04\/hotel-lescapade-1.jpg\" data-elementor-open-lightbox=\"yes\" data-elementor-lightbox-slideshow=\"99faab6\" data-elementor-lightbox-title=\"hotel-lescapade-1\" data-e-action-hash=\"#elementor-action%3Aaction%3Dlightbox%26settings%3DeyJpZCI6MTcxMDMsInVybCI6Imh0dHBzOlwvXC93d3cuZXNxdWlhZGVzLmNvbVwvYmxvZ1wvYXBwXC91cGxvYWRzXC8yMDI1XC8wNFwvaG90ZWwtbGVzY2FwYWRlLTEuanBnIiwic2xpZGVzaG93IjoiOTlmYWFiNiJ9\">\n\t\t\t\t\t<div class=\"e-gallery-image elementor-gallery-item__image\" data-thumbnail=\"https:\/\/www.esquiades.com\/blog\/app\/uploads\/2025\/04\/hotel-lescapade-1.jpg\" data-width=\"300\" data-height=\"198\" aria-label=\"\" role=\"img\" ><\/div>\n\t\t\t\t\t\t\t\t\t\t\t<div class=\"elementor-gallery-item__overlay\"><\/div>\n\t\t\t\t\t\t\t\t\t\t\t\t\t\t<\/a>\n\t\t\t\t\t<\/div>\n\t\t\t\t\t<\/div>\n\t\t\t\t<\/div>\n\t\t\t\t\t<\/div>\n\t\t<\/div>\n\t\t\t\t\t<\/div>\n\t\t<\/section>\n\t\t\t\t<section class=\"elementor-section elementor-top-section elementor-element elementor-element-6a79ee9 elementor-section-boxed elementor-section-height-default elementor-section-height-default\" data-id=\"6a79ee9\" data-element_type=\"section\">\n\t\t\t\t\t\t<div class=\"elementor-container elementor-column-gap-default\">\n\t\t\t\t\t<div class=\"elementor-column elementor-col-100 elementor-top-column elementor-element elementor-element-7421a14\" data-id=\"7421a14\" data-element_type=\"column\">\n\t\t\t<div class=\"elementor-widget-wrap elementor-element-populated\">\n\t\t\t\t\t\t<div class=\"elementor-element elementor-element-39eb5e1 elementor-widget elementor-widget-spacer\" data-id=\"39eb5e1\" data-element_type=\"widget\" data-widget_type=\"spacer.default\">\n\t\t\t\t<div class=\"elementor-widget-container\">\n\t\t\t\t\t\t\t<div class=\"elementor-spacer\">\n\t\t\t<div class=\"elementor-spacer-inner\"><\/div>\n\t\t<\/div>\n\t\t\t\t\t\t<\/div>\n\t\t\t\t<\/div>\n\t\t\t\t<div class=\"elementor-element elementor-element-c705bdb elementor-widget elementor-widget-text-editor\" data-id=\"c705bdb\" data-element_type=\"widget\" data-widget_type=\"text-editor.default\">\n\t\t\t\t<div class=\"elementor-widget-container\">\n\t\t\t\t\t\t\t\t\t<p style=\"text-align: center;\"><span style=\"font-weight: 400;\">Ubicaci\u00f3n: Beuil, Alpes franceses \ud83d\udd25<\/span><\/p><p><span style=\"font-weight: 400;\">Wi-Fi gratis en todas las habitaciones \ud83c\udf43<\/span><\/p><p><span style=\"font-weight: 400;\">Restaurante en el hotel \ud83c\udf2c\ufe0f<\/span><\/p>\t\t\t\t\t\t\t\t<\/div>\n\t\t\t\t<\/div>\n\t\t\t\t<div class=\"elementor-element elementor-element-33e7fa2 elementor-widget elementor-widget-spacer\" data-id=\"33e7fa2\" data-element_type=\"widget\" data-widget_type=\"spacer.default\">\n\t\t\t\t<div class=\"elementor-widget-container\">\n\t\t\t\t\t\t\t<div class=\"elementor-spacer\">\n\t\t\t<div class=\"elementor-spacer-inner\"><\/div>\n\t\t<\/div>\n\t\t\t\t\t\t<\/div>\n\t\t\t\t<\/div>\n\t\t\t\t\t<\/div>\n\t\t<\/div>\n\t\t\t\t\t<\/div>\n\t\t<\/section>\n\t\t\t\t<section class=\"elementor-section elementor-top-section elementor-element elementor-element-3a48bb1 elementor-section-boxed elementor-section-height-default elementor-section-height-default\" data-id=\"3a48bb1\" data-element_type=\"section\">\n\t\t\t\t\t\t<div class=\"elementor-container elementor-column-gap-default\">\n\t\t\t\t\t<div class=\"elementor-column elementor-col-100 elementor-top-column elementor-element elementor-element-cc246e6\" data-id=\"cc246e6\" data-element_type=\"column\">\n\t\t\t<div class=\"elementor-widget-wrap elementor-element-populated\">\n\t\t\t\t\t\t<div class=\"elementor-element elementor-element-94efd6c elementor-align-center elementor-widget elementor-widget-button\" data-id=\"94efd6c\" data-element_type=\"widget\" data-widget_type=\"button.default\">\n\t\t\t\t<div class=\"elementor-widget-container\">\n\t\t\t\t\t\t\t\t\t<div class=\"elementor-button-wrapper\">\n\t\t\t\t\t<a class=\"elementor-button elementor-button-link elementor-size-sm\" href=\"https:\/\/www.esquiades.com\/hoteles\/107870_hotel-lescapade\">\n\t\t\t\t\t\t<span class=\"elementor-button-content-wrapper\">\n\t\t\t\t\t\t\t\t\t<span class=\"elementor-button-text\">Reserva Hotel l'Escapade<\/span>\n\t\t\t\t\t<\/span>\n\t\t\t\t\t<\/a>\n\t\t\t\t<\/div>\n\t\t\t\t\t\t\t\t<\/div>\n\t\t\t\t<\/div>\n\t\t\t\t\t<\/div>\n\t\t<\/div>\n\t\t\t\t\t<\/div>\n\t\t<\/section>\n\t\t\t\t<section class=\"elementor-section elementor-top-section elementor-element elementor-element-cec4b92 elementor-section-boxed elementor-section-height-default elementor-section-height-default\" data-id=\"cec4b92\" data-element_type=\"section\">\n\t\t\t\t\t\t<div class=\"elementor-container elementor-column-gap-default\">\n\t\t\t\t\t<div class=\"elementor-column elementor-col-100 elementor-top-column elementor-element elementor-element-f3c6b35\" data-id=\"f3c6b35\" data-element_type=\"column\">\n\t\t\t<div class=\"elementor-widget-wrap elementor-element-populated\">\n\t\t\t\t\t\t<div class=\"elementor-element elementor-element-051a2e7 elementor-widget elementor-widget-heading\" data-id=\"051a2e7\" data-element_type=\"widget\" data-widget_type=\"heading.default\">\n\t\t\t\t<div class=\"elementor-widget-container\">\n\t\t\t\t\t<h2 class=\"elementor-heading-title elementor-size-default\"><span id=\"Gite_Auberge_La_Soulan\">G\u00eete Auberge La Soulan<\/span><\/h2>\t\t\t\t<\/div>\n\t\t\t\t<\/div>\n\t\t\t\t\t<\/div>\n\t\t<\/div>\n\t\t\t\t\t<\/div>\n\t\t<\/section>\n\t\t\t\t<section class=\"elementor-section elementor-top-section elementor-element elementor-element-3b193b9 elementor-section-boxed elementor-section-height-default elementor-section-height-default\" data-id=\"3b193b9\" data-element_type=\"section\">\n\t\t\t\t\t\t<div class=\"elementor-container elementor-column-gap-default\">\n\t\t\t\t\t<div class=\"elementor-column elementor-col-100 elementor-top-column elementor-element elementor-element-d87473c\" data-id=\"d87473c\" data-element_type=\"column\">\n\t\t\t<div class=\"elementor-widget-wrap elementor-element-populated\">\n\t\t\t\t\t\t<div class=\"elementor-element elementor-element-b767a6a elementor-widget elementor-widget-text-editor\" data-id=\"b767a6a\" data-element_type=\"widget\" data-widget_type=\"text-editor.default\">\n\t\t\t\t<div class=\"elementor-widget-container\">\n\t\t\t\t\t\t\t\t\t<p><span style=\"font-weight: 400;\">Para una experiencia aut\u00e9ntica en los <\/span><b>Pirineos, <\/b><span style=\"font-weight: 400;\">el G\u00eete Auberge La Soulan es una opci\u00f3n inmejorable. \ud83d\udca6<\/span><\/p><p><span style=\"font-weight: 400;\">\u00a0<\/span><\/p><p><span style=\"font-weight: 400;\">Ubicado en Cathervielle, este acogedor albergue de <\/span><b>monta\u00f1a <\/b><span style=\"font-weight: 400;\">se encuentra a solo 8 km de la estaci\u00f3n de <\/span><b>esqu\u00ed <\/b><span style=\"font-weight: 400;\">de Peyragudes y a 9 km de Luchon-Superbagn\u00e8res, lo que lo convierte en un punto estrat\u00e9gico para disfrutar de los <\/span><b>deportes <\/b><span style=\"font-weight: 400;\">de invierno o del <\/span><b>senderismo <\/b><span style=\"font-weight: 400;\">en <\/span><b>verano. <\/b><span style=\"font-weight: 400;\">\ud83c\udf04<\/span><\/p><p><span style=\"font-weight: 400;\">\u00a0<\/span><\/p><p><span style=\"font-weight: 400;\">Las habitaciones de La Soulan, tanto privadas como compartidas, tienen estilo de <\/span><b>monta\u00f1a <\/b><span style=\"font-weight: 400;\">y ofrecen vistas espectaculares de los <\/span><b>Pirineos. <\/b><span style=\"font-weight: 400;\">\u2600\ufe0f<\/span><\/p><p><span style=\"font-weight: 400;\">\u00a0<\/span><\/p><p><span style=\"font-weight: 400;\">Algunas cuentan con ba\u00f1o privado, mientras que otras comparten instalaciones, pero en todas se respira un ambiente c\u00e1lido y acogedor. \ud83c\udf3f<\/span><\/p><p><span style=\"font-weight: 400;\">\u00a0<\/span><\/p><p><span style=\"font-weight: 400;\">Cada ma\u00f1ana se sirve un desayuno continental, y para la cena, se pueden solicitar men\u00fas caseros con productos locales. \ud83c\udfde\ufe0f<\/span><\/p><p><span style=\"font-weight: 400;\">\u00a0<\/span><\/p><p><span style=\"font-weight: 400;\">Adem\u00e1s, su gran comedor con vistas panor\u00e1micas a las monta\u00f1as es el lugar perfecto para disfrutar de una comida relajada despu\u00e9s de un d\u00eda explorando la regi\u00f3n. \ud83d\udeb4<\/span><\/p>\t\t\t\t\t\t\t\t<\/div>\n\t\t\t\t<\/div>\n\t\t\t\t\t<\/div>\n\t\t<\/div>\n\t\t\t\t\t<\/div>\n\t\t<\/section>\n\t\t\t\t<section class=\"elementor-section elementor-top-section elementor-element elementor-element-5460407 elementor-section-boxed elementor-section-height-default elementor-section-height-default\" data-id=\"5460407\" data-element_type=\"section\">\n\t\t\t\t\t\t<div class=\"elementor-container elementor-column-gap-default\">\n\t\t\t\t\t<div class=\"elementor-column elementor-col-100 elementor-top-column elementor-element elementor-element-a0a2308\" data-id=\"a0a2308\" data-element_type=\"column\">\n\t\t\t<div class=\"elementor-widget-wrap elementor-element-populated\">\n\t\t\t\t\t\t<div class=\"elementor-element elementor-element-c673585 elementor-widget elementor-widget-spacer\" data-id=\"c673585\" data-element_type=\"widget\" data-widget_type=\"spacer.default\">\n\t\t\t\t<div class=\"elementor-widget-container\">\n\t\t\t\t\t\t\t<div class=\"elementor-spacer\">\n\t\t\t<div class=\"elementor-spacer-inner\"><\/div>\n\t\t<\/div>\n\t\t\t\t\t\t<\/div>\n\t\t\t\t<\/div>\n\t\t\t\t<div class=\"elementor-element elementor-element-0c6267f elementor-widget elementor-widget-gallery\" data-id=\"0c6267f\" data-element_type=\"widget\" data-settings=\"{&quot;gallery_layout&quot;:&quot;justified&quot;,&quot;ideal_row_height&quot;:{&quot;unit&quot;:&quot;px&quot;,&quot;size&quot;:323,&quot;sizes&quot;:[]},&quot;lazyload&quot;:&quot;yes&quot;,&quot;ideal_row_height_tablet&quot;:{&quot;unit&quot;:&quot;px&quot;,&quot;size&quot;:150,&quot;sizes&quot;:[]},&quot;ideal_row_height_mobile&quot;:{&quot;unit&quot;:&quot;px&quot;,&quot;size&quot;:150,&quot;sizes&quot;:[]},&quot;gap&quot;:{&quot;unit&quot;:&quot;px&quot;,&quot;size&quot;:10,&quot;sizes&quot;:[]},&quot;gap_tablet&quot;:{&quot;unit&quot;:&quot;px&quot;,&quot;size&quot;:10,&quot;sizes&quot;:[]},&quot;gap_mobile&quot;:{&quot;unit&quot;:&quot;px&quot;,&quot;size&quot;:10,&quot;sizes&quot;:[]},&quot;link_to&quot;:&quot;file&quot;,&quot;overlay_background&quot;:&quot;yes&quot;,&quot;content_hover_animation&quot;:&quot;fade-in&quot;}\" data-widget_type=\"gallery.default\">\n\t\t\t\t<div class=\"elementor-widget-container\">\n\t\t\t\t\t\t\t<div class=\"elementor-gallery__container\">\n\t\t\t\t\t\t\t<a class=\"e-gallery-item elementor-gallery-item elementor-animated-content\" href=\"https:\/\/www.esquiades.com\/blog\/app\/uploads\/2025\/04\/13630198.jpg\" data-elementor-open-lightbox=\"yes\" data-elementor-lightbox-slideshow=\"0c6267f\" data-elementor-lightbox-title=\"13630198\" data-e-action-hash=\"#elementor-action%3Aaction%3Dlightbox%26settings%3DeyJpZCI6MTcxMDQsInVybCI6Imh0dHBzOlwvXC93d3cuZXNxdWlhZGVzLmNvbVwvYmxvZ1wvYXBwXC91cGxvYWRzXC8yMDI1XC8wNFwvMTM2MzAxOTguanBnIiwic2xpZGVzaG93IjoiMGM2MjY3ZiJ9\">\n\t\t\t\t\t<div class=\"e-gallery-image elementor-gallery-item__image\" data-thumbnail=\"https:\/\/www.esquiades.com\/blog\/app\/uploads\/2025\/04\/13630198.jpg\" data-width=\"300\" data-height=\"198\" aria-label=\"\" role=\"img\" ><\/div>\n\t\t\t\t\t\t\t\t\t\t\t<div class=\"elementor-gallery-item__overlay\"><\/div>\n\t\t\t\t\t\t\t\t\t\t\t\t\t\t<\/a>\n\t\t\t\t\t\t\t<a class=\"e-gallery-item elementor-gallery-item elementor-animated-content\" href=\"https:\/\/www.esquiades.com\/blog\/app\/uploads\/2025\/04\/13630173.jpg\" data-elementor-open-lightbox=\"yes\" data-elementor-lightbox-slideshow=\"0c6267f\" data-elementor-lightbox-title=\"13630173\" data-e-action-hash=\"#elementor-action%3Aaction%3Dlightbox%26settings%3DeyJpZCI6MTcxMDUsInVybCI6Imh0dHBzOlwvXC93d3cuZXNxdWlhZGVzLmNvbVwvYmxvZ1wvYXBwXC91cGxvYWRzXC8yMDI1XC8wNFwvMTM2MzAxNzMuanBnIiwic2xpZGVzaG93IjoiMGM2MjY3ZiJ9\">\n\t\t\t\t\t<div class=\"e-gallery-image elementor-gallery-item__image\" data-thumbnail=\"https:\/\/www.esquiades.com\/blog\/app\/uploads\/2025\/04\/13630173.jpg\" data-width=\"300\" data-height=\"198\" aria-label=\"\" role=\"img\" ><\/div>\n\t\t\t\t\t\t\t\t\t\t\t<div class=\"elementor-gallery-item__overlay\"><\/div>\n\t\t\t\t\t\t\t\t\t\t\t\t\t\t<\/a>\n\t\t\t\t\t\t\t<a class=\"e-gallery-item elementor-gallery-item elementor-animated-content\" href=\"https:\/\/www.esquiades.com\/blog\/app\/uploads\/2025\/04\/13630197.jpg\" data-elementor-open-lightbox=\"yes\" data-elementor-lightbox-slideshow=\"0c6267f\" data-elementor-lightbox-title=\"13630197\" data-e-action-hash=\"#elementor-action%3Aaction%3Dlightbox%26settings%3DeyJpZCI6MTcxMDYsInVybCI6Imh0dHBzOlwvXC93d3cuZXNxdWlhZGVzLmNvbVwvYmxvZ1wvYXBwXC91cGxvYWRzXC8yMDI1XC8wNFwvMTM2MzAxOTcuanBnIiwic2xpZGVzaG93IjoiMGM2MjY3ZiJ9\">\n\t\t\t\t\t<div class=\"e-gallery-image elementor-gallery-item__image\" data-thumbnail=\"https:\/\/www.esquiades.com\/blog\/app\/uploads\/2025\/04\/13630197.jpg\" data-width=\"300\" data-height=\"198\" aria-label=\"\" role=\"img\" ><\/div>\n\t\t\t\t\t\t\t\t\t\t\t<div class=\"elementor-gallery-item__overlay\"><\/div>\n\t\t\t\t\t\t\t\t\t\t\t\t\t\t<\/a>\n\t\t\t\t\t\t\t<a class=\"e-gallery-item elementor-gallery-item elementor-animated-content\" href=\"https:\/\/www.esquiades.com\/blog\/app\/uploads\/2025\/04\/13630193.jpg\" data-elementor-open-lightbox=\"yes\" data-elementor-lightbox-slideshow=\"0c6267f\" data-elementor-lightbox-title=\"13630193\" data-e-action-hash=\"#elementor-action%3Aaction%3Dlightbox%26settings%3DeyJpZCI6MTcxMDcsInVybCI6Imh0dHBzOlwvXC93d3cuZXNxdWlhZGVzLmNvbVwvYmxvZ1wvYXBwXC91cGxvYWRzXC8yMDI1XC8wNFwvMTM2MzAxOTMuanBnIiwic2xpZGVzaG93IjoiMGM2MjY3ZiJ9\">\n\t\t\t\t\t<div class=\"e-gallery-image elementor-gallery-item__image\" data-thumbnail=\"https:\/\/www.esquiades.com\/blog\/app\/uploads\/2025\/04\/13630193.jpg\" data-width=\"300\" data-height=\"198\" aria-label=\"\" role=\"img\" ><\/div>\n\t\t\t\t\t\t\t\t\t\t\t<div class=\"elementor-gallery-item__overlay\"><\/div>\n\t\t\t\t\t\t\t\t\t\t\t\t\t\t<\/a>\n\t\t\t\t\t<\/div>\n\t\t\t\t\t<\/div>\n\t\t\t\t<\/div>\n\t\t\t\t\t<\/div>\n\t\t<\/div>\n\t\t\t\t\t<\/div>\n\t\t<\/section>\n\t\t\t\t<section class=\"elementor-section elementor-top-section elementor-element elementor-element-3be6371 elementor-section-boxed elementor-section-height-default elementor-section-height-default\" data-id=\"3be6371\" data-element_type=\"section\">\n\t\t\t\t\t\t<div class=\"elementor-container elementor-column-gap-default\">\n\t\t\t\t\t<div class=\"elementor-column elementor-col-100 elementor-top-column elementor-element elementor-element-80ed440\" data-id=\"80ed440\" data-element_type=\"column\">\n\t\t\t<div class=\"elementor-widget-wrap elementor-element-populated\">\n\t\t\t\t\t\t<div class=\"elementor-element elementor-element-e911783 elementor-widget elementor-widget-spacer\" data-id=\"e911783\" data-element_type=\"widget\" data-widget_type=\"spacer.default\">\n\t\t\t\t<div class=\"elementor-widget-container\">\n\t\t\t\t\t\t\t<div class=\"elementor-spacer\">\n\t\t\t<div class=\"elementor-spacer-inner\"><\/div>\n\t\t<\/div>\n\t\t\t\t\t\t<\/div>\n\t\t\t\t<\/div>\n\t\t\t\t<div class=\"elementor-element elementor-element-39c1110 elementor-widget elementor-widget-text-editor\" data-id=\"39c1110\" data-element_type=\"widget\" data-widget_type=\"text-editor.default\">\n\t\t\t\t<div class=\"elementor-widget-container\">\n\t\t\t\t\t\t\t\t\t<p><span style=\"font-weight: 400;\">Ubicaci\u00f3n: Cathervielle, <\/span><b>Pirineos <\/b><span style=\"font-weight: 400;\">\ud83d\udcd6<\/span><\/p><p><span style=\"font-weight: 400;\">Ideal para <\/span><b>senderismo <\/b><span style=\"font-weight: 400;\">y <\/span><b>deportes <\/b><span style=\"font-weight: 400;\">de <\/span><b>monta\u00f1a <\/b><span style=\"font-weight: 400;\">\ud83e\udd7e<\/span><\/p><p><span style=\"font-weight: 400;\">Aparcamiento gratuito \ud83c\udfd4\ufe0f<\/span><\/p>\t\t\t\t\t\t\t\t<\/div>\n\t\t\t\t<\/div>\n\t\t\t\t<div class=\"elementor-element elementor-element-0703545 elementor-widget elementor-widget-spacer\" data-id=\"0703545\" data-element_type=\"widget\" data-widget_type=\"spacer.default\">\n\t\t\t\t<div class=\"elementor-widget-container\">\n\t\t\t\t\t\t\t<div class=\"elementor-spacer\">\n\t\t\t<div class=\"elementor-spacer-inner\"><\/div>\n\t\t<\/div>\n\t\t\t\t\t\t<\/div>\n\t\t\t\t<\/div>\n\t\t\t\t\t<\/div>\n\t\t<\/div>\n\t\t\t\t\t<\/div>\n\t\t<\/section>\n\t\t\t\t<section class=\"elementor-section elementor-top-section elementor-element elementor-element-a061023 elementor-section-boxed elementor-section-height-default elementor-section-height-default\" data-id=\"a061023\" data-element_type=\"section\">\n\t\t\t\t\t\t<div class=\"elementor-container elementor-column-gap-default\">\n\t\t\t\t\t<div class=\"elementor-column elementor-col-100 elementor-top-column elementor-element elementor-element-b271785\" data-id=\"b271785\" data-element_type=\"column\">\n\t\t\t<div class=\"elementor-widget-wrap elementor-element-populated\">\n\t\t\t\t\t\t<div class=\"elementor-element elementor-element-1c93201 elementor-align-center elementor-widget elementor-widget-button\" data-id=\"1c93201\" data-element_type=\"widget\" data-widget_type=\"button.default\">\n\t\t\t\t<div class=\"elementor-widget-container\">\n\t\t\t\t\t\t\t\t\t<div class=\"elementor-button-wrapper\">\n\t\t\t\t\t<a class=\"elementor-button elementor-button-link elementor-size-sm\" href=\"https:\/\/www.esquiades.com\/hoteles\/420815_gite-auberge-la-soulan\">\n\t\t\t\t\t\t<span class=\"elementor-button-content-wrapper\">\n\t\t\t\t\t\t\t\t\t<span class=\"elementor-button-text\">Reserva Gite Auberge La Soulan<\/span>\n\t\t\t\t\t<\/span>\n\t\t\t\t\t<\/a>\n\t\t\t\t<\/div>\n\t\t\t\t\t\t\t\t<\/div>\n\t\t\t\t<\/div>\n\t\t\t\t<div class=\"elementor-element elementor-element-bcf6aaa elementor-widget elementor-widget-spacer\" data-id=\"bcf6aaa\" data-element_type=\"widget\" data-widget_type=\"spacer.default\">\n\t\t\t\t<div class=\"elementor-widget-container\">\n\t\t\t\t\t\t\t<div class=\"elementor-spacer\">\n\t\t\t<div class=\"elementor-spacer-inner\"><\/div>\n\t\t<\/div>\n\t\t\t\t\t\t<\/div>\n\t\t\t\t<\/div>\n\t\t\t\t\t<\/div>\n\t\t<\/div>\n\t\t\t\t\t<\/div>\n\t\t<\/section>\n\t\t\t\t<section class=\"elementor-section elementor-top-section elementor-element elementor-element-c38610d elementor-section-boxed elementor-section-height-default elementor-section-height-default\" data-id=\"c38610d\" data-element_type=\"section\">\n\t\t\t\t\t\t<div class=\"elementor-container elementor-column-gap-default\">\n\t\t\t\t\t<div class=\"elementor-column elementor-col-100 elementor-top-column elementor-element elementor-element-81078eb\" data-id=\"81078eb\" data-element_type=\"column\">\n\t\t\t<div class=\"elementor-widget-wrap elementor-element-populated\">\n\t\t\t\t\t\t<div class=\"elementor-element elementor-element-f7f0c16 elementor-widget elementor-widget-text-editor\" data-id=\"f7f0c16\" data-element_type=\"widget\" data-widget_type=\"text-editor.default\">\n\t\t\t\t<div class=\"elementor-widget-container\">\n\t\t\t\t\t\t\t\t\t<p><span style=\"font-weight: 400;\">Recuerda que en Esquiades.com encontrar\u00e1s las <\/span><a href=\"https:\/\/www.esquiades.com\/viajes-esqui\/pirineo-frances-1011\"><span style=\"font-weight: 400;\">mejores ofertas de esqu\u00ed en Pirineo Franc\u00e9s<\/span><\/a><span style=\"font-weight: 400;\"> para que disfrutes al m\u00e1ximo de tu deporte favorito. \ud83c\udf05<\/span><\/p>\t\t\t\t\t\t\t\t<\/div>\n\t\t\t\t<\/div>\n\t\t\t\t\t<\/div>\n\t\t<\/div>\n\t\t\t\t\t<\/div>\n\t\t<\/section>\n\t\t\t\t<section class=\"elementor-section elementor-top-section elementor-element elementor-element-eea7273 elementor-section-boxed elementor-section-height-default elementor-section-height-default\" data-id=\"eea7273\" data-element_type=\"section\">\n\t\t\t\t\t\t<div class=\"elementor-container elementor-column-gap-default\">\n\t\t\t\t\t<div class=\"elementor-column elementor-col-100 elementor-top-column elementor-element elementor-element-aad4116\" data-id=\"aad4116\" data-element_type=\"column\">\n\t\t\t<div class=\"elementor-widget-wrap elementor-element-populated\">\n\t\t\t\t\t\t<div class=\"elementor-element elementor-element-e5ddef4 elementor-widget elementor-widget-heading\" data-id=\"e5ddef4\" data-element_type=\"widget\" data-widget_type=\"heading.default\">\n\t\t\t\t<div class=\"elementor-widget-container\">\n\t\t\t\t\t<h2 class=\"elementor-heading-title elementor-size-default\"><span id=\"Entre_lagos_y_cascadas_secretos_naturales_de_los_Alpes_franceses\">Entre lagos y cascadas: secretos naturales de los Alpes franceses<\/span><\/h2>\t\t\t\t<\/div>\n\t\t\t\t<\/div>\n\t\t\t\t\t<\/div>\n\t\t<\/div>\n\t\t\t\t\t<\/div>\n\t\t<\/section>\n\t\t\t\t<section class=\"elementor-section elementor-top-section elementor-element elementor-element-1a8442a elementor-section-boxed elementor-section-height-default elementor-section-height-default\" data-id=\"1a8442a\" data-element_type=\"section\">\n\t\t\t\t\t\t<div class=\"elementor-container elementor-column-gap-default\">\n\t\t\t\t\t<div class=\"elementor-column elementor-col-100 elementor-top-column elementor-element elementor-element-afbeaaa\" data-id=\"afbeaaa\" data-element_type=\"column\">\n\t\t\t<div class=\"elementor-widget-wrap elementor-element-populated\">\n\t\t\t\t\t\t<div class=\"elementor-element elementor-element-a6616c3 elementor-widget elementor-widget-spacer\" data-id=\"a6616c3\" data-element_type=\"widget\" data-widget_type=\"spacer.default\">\n\t\t\t\t<div class=\"elementor-widget-container\">\n\t\t\t\t\t\t\t<div class=\"elementor-spacer\">\n\t\t\t<div class=\"elementor-spacer-inner\"><\/div>\n\t\t<\/div>\n\t\t\t\t\t\t<\/div>\n\t\t\t\t<\/div>\n\t\t\t\t<div class=\"elementor-element elementor-element-25fceb2 elementor-widget elementor-widget-text-editor\" data-id=\"25fceb2\" data-element_type=\"widget\" data-widget_type=\"text-editor.default\">\n\t\t\t\t<div class=\"elementor-widget-container\">\n\t\t\t\t\t\t\t\t\t<p><span style=\"font-weight: 400;\">Adem\u00e1s de sus imponentes monta\u00f1as, los Alpes franceses cuentan con rincones naturales sorprendentes, como <\/span><b>lagos <\/b><span style=\"font-weight: 400;\">de aguas cristalinas y espectaculares <\/span><b>cascadas <\/b><span style=\"font-weight: 400;\">escondidas en los valles. \ud83d\udc3e<\/span><\/p><p><span style=\"font-weight: 400;\">\u00a0<\/span><\/p><p><span style=\"font-weight: 400;\">Estos lugares ofrecen una alternativa m\u00e1s refrescante a las rutas de <\/span><b>senderismo <\/b><span style=\"font-weight: 400;\">y son perfectos para un d\u00eda de descanso en plena <\/span><b>naturaleza. <\/b><span style=\"font-weight: 400;\">\ud83c\udfe8<\/span><\/p>\t\t\t\t\t\t\t\t<\/div>\n\t\t\t\t<\/div>\n\t\t\t\t\t<\/div>\n\t\t<\/div>\n\t\t\t\t\t<\/div>\n\t\t<\/section>\n\t\t\t\t<section class=\"elementor-section elementor-top-section elementor-element elementor-element-d4b712b elementor-section-boxed elementor-section-height-default elementor-section-height-default\" data-id=\"d4b712b\" data-element_type=\"section\">\n\t\t\t\t\t\t<div class=\"elementor-container elementor-column-gap-default\">\n\t\t\t\t\t<div class=\"elementor-column elementor-col-100 elementor-top-column elementor-element elementor-element-09b62ff\" data-id=\"09b62ff\" data-element_type=\"column\">\n\t\t\t<div class=\"elementor-widget-wrap elementor-element-populated\">\n\t\t\t\t\t\t<div class=\"elementor-element elementor-element-5b8dbc7 elementor-widget elementor-widget-spacer\" data-id=\"5b8dbc7\" data-element_type=\"widget\" data-widget_type=\"spacer.default\">\n\t\t\t\t<div class=\"elementor-widget-container\">\n\t\t\t\t\t\t\t<div class=\"elementor-spacer\">\n\t\t\t<div class=\"elementor-spacer-inner\"><\/div>\n\t\t<\/div>\n\t\t\t\t\t\t<\/div>\n\t\t\t\t<\/div>\n\t\t\t\t<div class=\"elementor-element elementor-element-6b851d6 elementor-align-center elementor-widget elementor-widget-button\" data-id=\"6b851d6\" data-element_type=\"widget\" data-widget_type=\"button.default\">\n\t\t\t\t<div class=\"elementor-widget-container\">\n\t\t\t\t\t\t\t\t\t<div class=\"elementor-button-wrapper\">\n\t\t\t\t\t<a class=\"elementor-button elementor-button-link elementor-size-sm\" href=\"https:\/\/www.esquiades.com\/viajes-esqui\/alpes-franceses-norte-104\">\n\t\t\t\t\t\t<span class=\"elementor-button-content-wrapper\">\n\t\t\t\t\t\t\t\t\t<span class=\"elementor-button-text\">Desc\u00fabrelo<\/span>\n\t\t\t\t\t<\/span>\n\t\t\t\t\t<\/a>\n\t\t\t\t<\/div>\n\t\t\t\t\t\t\t\t<\/div>\n\t\t\t\t<\/div>\n\t\t\t\t<div class=\"elementor-element elementor-element-3027da5 elementor-widget elementor-widget-spacer\" data-id=\"3027da5\" data-element_type=\"widget\" data-widget_type=\"spacer.default\">\n\t\t\t\t<div class=\"elementor-widget-container\">\n\t\t\t\t\t\t\t<div class=\"elementor-spacer\">\n\t\t\t<div class=\"elementor-spacer-inner\"><\/div>\n\t\t<\/div>\n\t\t\t\t\t\t<\/div>\n\t\t\t\t<\/div>\n\t\t\t\t\t<\/div>\n\t\t<\/div>\n\t\t\t\t\t<\/div>\n\t\t<\/section>\n\t\t\t\t<section class=\"elementor-section elementor-top-section elementor-element elementor-element-a615a78 elementor-section-boxed elementor-section-height-default elementor-section-height-default\" data-id=\"a615a78\" data-element_type=\"section\">\n\t\t\t\t\t\t<div class=\"elementor-container elementor-column-gap-default\">\n\t\t\t\t\t<div class=\"elementor-column elementor-col-100 elementor-top-column elementor-element elementor-element-7895436\" data-id=\"7895436\" data-element_type=\"column\">\n\t\t\t<div class=\"elementor-widget-wrap elementor-element-populated\">\n\t\t\t\t\t\t<div class=\"elementor-element elementor-element-0e51b7a elementor-widget elementor-widget-text-editor\" data-id=\"0e51b7a\" data-element_type=\"widget\" data-widget_type=\"text-editor.default\">\n\t\t\t\t<div class=\"elementor-widget-container\">\n\t\t\t\t\t\t\t\t\t<p><span style=\"font-weight: 400;\">Los <\/span><b>lagos <\/b><span style=\"font-weight: 400;\">en los Alpes franceses que debes conocer: \ud83c\udf0a<\/span><\/p>\t\t\t\t\t\t\t\t<\/div>\n\t\t\t\t<\/div>\n\t\t\t\t<div class=\"elementor-element elementor-element-684c5a0 elementor-widget elementor-widget-spacer\" data-id=\"684c5a0\" data-element_type=\"widget\" data-widget_type=\"spacer.default\">\n\t\t\t\t<div class=\"elementor-widget-container\">\n\t\t\t\t\t\t\t<div class=\"elementor-spacer\">\n\t\t\t<div class=\"elementor-spacer-inner\"><\/div>\n\t\t<\/div>\n\t\t\t\t\t\t<\/div>\n\t\t\t\t<\/div>\n\t\t\t\t\t<\/div>\n\t\t<\/div>\n\t\t\t\t\t<\/div>\n\t\t<\/section>\n\t\t\t\t<section class=\"elementor-section elementor-top-section elementor-element elementor-element-2b3cf0b elementor-section-boxed elementor-section-height-default elementor-section-height-default\" data-id=\"2b3cf0b\" data-element_type=\"section\">\n\t\t\t\t\t\t<div class=\"elementor-container elementor-column-gap-default\">\n\t\t\t\t\t<div class=\"elementor-column elementor-col-100 elementor-top-column elementor-element elementor-element-bd23a13\" data-id=\"bd23a13\" data-element_type=\"column\">\n\t\t\t<div class=\"elementor-widget-wrap elementor-element-populated\">\n\t\t\t\t\t\t<div class=\"elementor-element elementor-element-6647cfe elementor-widget elementor-widget-text-editor\" data-id=\"6647cfe\" data-element_type=\"widget\" data-widget_type=\"text-editor.default\">\n\t\t\t\t<div class=\"elementor-widget-container\">\n\t\t\t\t\t\t\t\t\t<p><b>Lac d\u2019Annecy<\/b><span style=\"font-weight: 400;\">: Conocido como el lago m\u00e1s limpio de Europa, sus aguas de color turquesa lo convierten en un destino perfecto para nadar, hacer <\/span><b>kayak <\/b><span style=\"font-weight: 400;\">o simplemente disfrutar del paisaje. \u2744\ufe0f<\/span><\/p>\t\t\t\t\t\t\t\t<\/div>\n\t\t\t\t<\/div>\n\t\t\t\t<div class=\"elementor-element elementor-element-db41678 elementor-widget elementor-widget-spacer\" data-id=\"db41678\" data-element_type=\"widget\" data-widget_type=\"spacer.default\">\n\t\t\t\t<div class=\"elementor-widget-container\">\n\t\t\t\t\t\t\t<div class=\"elementor-spacer\">\n\t\t\t<div class=\"elementor-spacer-inner\"><\/div>\n\t\t<\/div>\n\t\t\t\t\t\t<\/div>\n\t\t\t\t<\/div>\n\t\t\t\t\t<\/div>\n\t\t<\/div>\n\t\t\t\t\t<\/div>\n\t\t<\/section>\n\t\t\t\t<section class=\"elementor-section elementor-top-section elementor-element elementor-element-01e945b elementor-section-boxed elementor-section-height-default elementor-section-height-default\" data-id=\"01e945b\" data-element_type=\"section\">\n\t\t\t\t\t\t<div class=\"elementor-container elementor-column-gap-default\">\n\t\t\t\t\t<div class=\"elementor-column elementor-col-100 elementor-top-column elementor-element elementor-element-6ed0a21\" data-id=\"6ed0a21\" data-element_type=\"column\">\n\t\t\t<div class=\"elementor-widget-wrap elementor-element-populated\">\n\t\t\t\t\t\t<div class=\"elementor-element elementor-element-e670911 elementor-widget elementor-widget-google_maps\" data-id=\"e670911\" data-element_type=\"widget\" data-widget_type=\"google_maps.default\">\n\t\t\t\t<div class=\"elementor-widget-container\">\n\t\t\t\t\t\t\t<div class=\"elementor-custom-embed\">\n\t\t\t<iframe loading=\"lazy\"\n\t\t\t\t\tsrc=\"https:\/\/maps.google.com\/maps?q=Lac%20d%E2%80%99Annecy&#038;t=m&#038;z=10&#038;output=embed&#038;iwloc=near\"\n\t\t\t\t\ttitle=\"Lac d\u2019Annecy\"\n\t\t\t\t\taria-label=\"Lac d\u2019Annecy\"\n\t\t\t><\/iframe>\n\t\t<\/div>\n\t\t\t\t\t\t<\/div>\n\t\t\t\t<\/div>\n\t\t\t\t<div class=\"elementor-element elementor-element-f180fd1 elementor-widget elementor-widget-spacer\" data-id=\"f180fd1\" data-element_type=\"widget\" data-widget_type=\"spacer.default\">\n\t\t\t\t<div class=\"elementor-widget-container\">\n\t\t\t\t\t\t\t<div class=\"elementor-spacer\">\n\t\t\t<div class=\"elementor-spacer-inner\"><\/div>\n\t\t<\/div>\n\t\t\t\t\t\t<\/div>\n\t\t\t\t<\/div>\n\t\t\t\t\t<\/div>\n\t\t<\/div>\n\t\t\t\t\t<\/div>\n\t\t<\/section>\n\t\t\t\t<section class=\"elementor-section elementor-top-section elementor-element elementor-element-4565a59 elementor-section-boxed elementor-section-height-default elementor-section-height-default\" data-id=\"4565a59\" data-element_type=\"section\">\n\t\t\t\t\t\t<div class=\"elementor-container elementor-column-gap-default\">\n\t\t\t\t\t<div class=\"elementor-column elementor-col-100 elementor-top-column elementor-element elementor-element-cdb906d\" data-id=\"cdb906d\" data-element_type=\"column\">\n\t\t\t<div class=\"elementor-widget-wrap elementor-element-populated\">\n\t\t\t\t\t\t<div class=\"elementor-element elementor-element-8fcfb00 elementor-widget elementor-widget-text-editor\" data-id=\"8fcfb00\" data-element_type=\"widget\" data-widget_type=\"text-editor.default\">\n\t\t\t\t<div class=\"elementor-widget-container\">\n\t\t\t\t\t\t\t\t\t<p><b>Lac de Gaube<\/b><span style=\"font-weight: 400;\">: Ubicado en los <\/span><b>Pirineos <\/b><span style=\"font-weight: 400;\">franceses, este lago glaciar es famoso por su incre\u00edble color azul y las monta\u00f1as que lo rodean. \ud83e\ude82<\/span><\/p><p><span style=\"font-weight: 400;\">Se puede llegar a pie o en telef\u00e9rico. \ud83d\udeb5<\/span><\/p>\t\t\t\t\t\t\t\t<\/div>\n\t\t\t\t<\/div>\n\t\t\t\t\t<\/div>\n\t\t<\/div>\n\t\t\t\t\t<\/div>\n\t\t<\/section>\n\t\t\t\t<section class=\"elementor-section elementor-top-section elementor-element elementor-element-b29ae7e elementor-section-boxed elementor-section-height-default elementor-section-height-default\" data-id=\"b29ae7e\" data-element_type=\"section\">\n\t\t\t\t\t\t<div class=\"elementor-container elementor-column-gap-default\">\n\t\t\t\t\t<div class=\"elementor-column elementor-col-100 elementor-top-column elementor-element elementor-element-57c5e8d\" data-id=\"57c5e8d\" data-element_type=\"column\">\n\t\t\t<div class=\"elementor-widget-wrap elementor-element-populated\">\n\t\t\t\t\t\t<div class=\"elementor-element elementor-element-ed0d058 elementor-widget elementor-widget-spacer\" data-id=\"ed0d058\" data-element_type=\"widget\" data-widget_type=\"spacer.default\">\n\t\t\t\t<div class=\"elementor-widget-container\">\n\t\t\t\t\t\t\t<div class=\"elementor-spacer\">\n\t\t\t<div class=\"elementor-spacer-inner\"><\/div>\n\t\t<\/div>\n\t\t\t\t\t\t<\/div>\n\t\t\t\t<\/div>\n\t\t\t\t<div class=\"elementor-element elementor-element-bb98d53 elementor-widget elementor-widget-google_maps\" data-id=\"bb98d53\" data-element_type=\"widget\" data-widget_type=\"google_maps.default\">\n\t\t\t\t<div class=\"elementor-widget-container\">\n\t\t\t\t\t\t\t<div class=\"elementor-custom-embed\">\n\t\t\t<iframe loading=\"lazy\"\n\t\t\t\t\tsrc=\"https:\/\/maps.google.com\/maps?q=Lac%20de%20Gaube&#038;t=m&#038;z=10&#038;output=embed&#038;iwloc=near\"\n\t\t\t\t\ttitle=\"Lac de Gaube\"\n\t\t\t\t\taria-label=\"Lac de Gaube\"\n\t\t\t><\/iframe>\n\t\t<\/div>\n\t\t\t\t\t\t<\/div>\n\t\t\t\t<\/div>\n\t\t\t\t<div class=\"elementor-element elementor-element-7abceec elementor-widget elementor-widget-spacer\" data-id=\"7abceec\" data-element_type=\"widget\" data-widget_type=\"spacer.default\">\n\t\t\t\t<div class=\"elementor-widget-container\">\n\t\t\t\t\t\t\t<div class=\"elementor-spacer\">\n\t\t\t<div class=\"elementor-spacer-inner\"><\/div>\n\t\t<\/div>\n\t\t\t\t\t\t<\/div>\n\t\t\t\t<\/div>\n\t\t\t\t\t<\/div>\n\t\t<\/div>\n\t\t\t\t\t<\/div>\n\t\t<\/section>\n\t\t\t\t<section class=\"elementor-section elementor-top-section elementor-element elementor-element-76b6580 elementor-section-boxed elementor-section-height-default elementor-section-height-default\" data-id=\"76b6580\" data-element_type=\"section\">\n\t\t\t\t\t\t<div class=\"elementor-container elementor-column-gap-default\">\n\t\t\t\t\t<div class=\"elementor-column elementor-col-100 elementor-top-column elementor-element elementor-element-f984806\" data-id=\"f984806\" data-element_type=\"column\">\n\t\t\t<div class=\"elementor-widget-wrap elementor-element-populated\">\n\t\t\t\t\t\t<div class=\"elementor-element elementor-element-5d336da elementor-widget elementor-widget-text-editor\" data-id=\"5d336da\" data-element_type=\"widget\" data-widget_type=\"text-editor.default\">\n\t\t\t\t<div class=\"elementor-widget-container\">\n\t\t\t\t\t\t\t\t\t<p><b>Lago de Tignes<\/b><span style=\"font-weight: 400;\">: Situado en la estaci\u00f3n de <\/span><b>esqu\u00ed <\/b><span style=\"font-weight: 400;\">de Tignes, este lago de alta <\/span><b>monta\u00f1a <\/b><span style=\"font-weight: 400;\">es ideal para practicar <\/span><b>deportes <\/b><span style=\"font-weight: 400;\">acu\u00e1ticos en <\/span><b>verano, <\/b><span style=\"font-weight: 400;\">como paddle surf y <\/span><b>kayak. <\/b><span style=\"font-weight: 400;\">\ud83c\udfd5\ufe0f<\/span><\/p>\t\t\t\t\t\t\t\t<\/div>\n\t\t\t\t<\/div>\n\t\t\t\t\t<\/div>\n\t\t<\/div>\n\t\t\t\t\t<\/div>\n\t\t<\/section>\n\t\t\t\t<section class=\"elementor-section elementor-top-section elementor-element elementor-element-5e38abf elementor-section-boxed elementor-section-height-default elementor-section-height-default\" data-id=\"5e38abf\" data-element_type=\"section\">\n\t\t\t\t\t\t<div class=\"elementor-container elementor-column-gap-default\">\n\t\t\t\t\t<div class=\"elementor-column elementor-col-100 elementor-top-column elementor-element elementor-element-3e1f447\" data-id=\"3e1f447\" data-element_type=\"column\">\n\t\t\t<div class=\"elementor-widget-wrap elementor-element-populated\">\n\t\t\t\t\t\t<div class=\"elementor-element elementor-element-be564e5 elementor-widget elementor-widget-spacer\" data-id=\"be564e5\" data-element_type=\"widget\" data-widget_type=\"spacer.default\">\n\t\t\t\t<div class=\"elementor-widget-container\">\n\t\t\t\t\t\t\t<div class=\"elementor-spacer\">\n\t\t\t<div class=\"elementor-spacer-inner\"><\/div>\n\t\t<\/div>\n\t\t\t\t\t\t<\/div>\n\t\t\t\t<\/div>\n\t\t\t\t<div class=\"elementor-element elementor-element-630d840 elementor-widget elementor-widget-google_maps\" data-id=\"630d840\" data-element_type=\"widget\" data-widget_type=\"google_maps.default\">\n\t\t\t\t<div class=\"elementor-widget-container\">\n\t\t\t\t\t\t\t<div class=\"elementor-custom-embed\">\n\t\t\t<iframe loading=\"lazy\"\n\t\t\t\t\tsrc=\"https:\/\/maps.google.com\/maps?q=Lago%20de%20Tignes&#038;t=m&#038;z=10&#038;output=embed&#038;iwloc=near\"\n\t\t\t\t\ttitle=\"Lago de Tignes\"\n\t\t\t\t\taria-label=\"Lago de Tignes\"\n\t\t\t><\/iframe>\n\t\t<\/div>\n\t\t\t\t\t\t<\/div>\n\t\t\t\t<\/div>\n\t\t\t\t<div class=\"elementor-element elementor-element-5491b89 elementor-widget elementor-widget-spacer\" data-id=\"5491b89\" data-element_type=\"widget\" data-widget_type=\"spacer.default\">\n\t\t\t\t<div class=\"elementor-widget-container\">\n\t\t\t\t\t\t\t<div class=\"elementor-spacer\">\n\t\t\t<div class=\"elementor-spacer-inner\"><\/div>\n\t\t<\/div>\n\t\t\t\t\t\t<\/div>\n\t\t\t\t<\/div>\n\t\t\t\t\t<\/div>\n\t\t<\/div>\n\t\t\t\t\t<\/div>\n\t\t<\/section>\n\t\t\t\t<section class=\"elementor-section elementor-top-section elementor-element elementor-element-c48efd3 elementor-section-boxed elementor-section-height-default elementor-section-height-default\" data-id=\"c48efd3\" data-element_type=\"section\">\n\t\t\t\t\t\t<div class=\"elementor-container elementor-column-gap-default\">\n\t\t\t\t\t<div class=\"elementor-column elementor-col-100 elementor-top-column elementor-element elementor-element-88e90c5\" data-id=\"88e90c5\" data-element_type=\"column\">\n\t\t\t<div class=\"elementor-widget-wrap elementor-element-populated\">\n\t\t\t\t\t\t<div class=\"elementor-element elementor-element-12d95cb elementor-widget elementor-widget-text-editor\" data-id=\"12d95cb\" data-element_type=\"widget\" data-widget_type=\"text-editor.default\">\n\t\t\t\t<div class=\"elementor-widget-container\">\n\t\t\t\t\t\t\t\t\t<p><span style=\"font-weight: 400;\">Pero, adem\u00e1s, tambi\u00e9n encontrar\u00e1s <\/span><b>cascadas <\/b><span style=\"font-weight: 400;\">espectaculares para descubrir, como: \ud83d\udd25<\/span><\/p>\t\t\t\t\t\t\t\t<\/div>\n\t\t\t\t<\/div>\n\t\t\t\t\t<\/div>\n\t\t<\/div>\n\t\t\t\t\t<\/div>\n\t\t<\/section>\n\t\t\t\t<section class=\"elementor-section elementor-top-section elementor-element elementor-element-e17624f elementor-section-boxed elementor-section-height-default elementor-section-height-default\" data-id=\"e17624f\" data-element_type=\"section\">\n\t\t\t\t\t\t<div class=\"elementor-container elementor-column-gap-default\">\n\t\t\t\t\t<div class=\"elementor-column elementor-col-100 elementor-top-column elementor-element elementor-element-8f389ef\" data-id=\"8f389ef\" data-element_type=\"column\">\n\t\t\t<div class=\"elementor-widget-wrap elementor-element-populated\">\n\t\t\t\t\t\t<div class=\"elementor-element elementor-element-4b7b3a4 elementor-widget elementor-widget-text-editor\" data-id=\"4b7b3a4\" data-element_type=\"widget\" data-widget_type=\"text-editor.default\">\n\t\t\t\t<div class=\"elementor-widget-container\">\n\t\t\t\t\t\t\t\t\t<p><b>Cascada de Rouget<\/b><span style=\"font-weight: 400;\">: Apodada \u201cla Reina de los Alpes\u201d, esta majestuosa ca\u00edda de agua se encuentra en la regi\u00f3n de Haute-Savoie y es un espect\u00e1culo imperdible. \ud83c\udf43<\/span><\/p>\t\t\t\t\t\t\t\t<\/div>\n\t\t\t\t<\/div>\n\t\t\t\t<div class=\"elementor-element elementor-element-90fd8ca elementor-widget elementor-widget-spacer\" data-id=\"90fd8ca\" data-element_type=\"widget\" data-widget_type=\"spacer.default\">\n\t\t\t\t<div class=\"elementor-widget-container\">\n\t\t\t\t\t\t\t<div class=\"elementor-spacer\">\n\t\t\t<div class=\"elementor-spacer-inner\"><\/div>\n\t\t<\/div>\n\t\t\t\t\t\t<\/div>\n\t\t\t\t<\/div>\n\t\t\t\t\t<\/div>\n\t\t<\/div>\n\t\t\t\t\t<\/div>\n\t\t<\/section>\n\t\t\t\t<section class=\"elementor-section elementor-top-section elementor-element elementor-element-21c3a9c elementor-section-boxed elementor-section-height-default elementor-section-height-default\" data-id=\"21c3a9c\" data-element_type=\"section\">\n\t\t\t\t\t\t<div class=\"elementor-container elementor-column-gap-default\">\n\t\t\t\t\t<div class=\"elementor-column elementor-col-100 elementor-top-column elementor-element elementor-element-30b67eb\" data-id=\"30b67eb\" data-element_type=\"column\">\n\t\t\t<div class=\"elementor-widget-wrap elementor-element-populated\">\n\t\t\t\t\t\t<div class=\"elementor-element elementor-element-b02f554 elementor-widget elementor-widget-google_maps\" data-id=\"b02f554\" data-element_type=\"widget\" data-widget_type=\"google_maps.default\">\n\t\t\t\t<div class=\"elementor-widget-container\">\n\t\t\t\t\t\t\t<div class=\"elementor-custom-embed\">\n\t\t\t<iframe loading=\"lazy\"\n\t\t\t\t\tsrc=\"https:\/\/maps.google.com\/maps?q=Cascada%20de%20Rouget&#038;t=m&#038;z=10&#038;output=embed&#038;iwloc=near\"\n\t\t\t\t\ttitle=\"Cascada de Rouget\"\n\t\t\t\t\taria-label=\"Cascada de Rouget\"\n\t\t\t><\/iframe>\n\t\t<\/div>\n\t\t\t\t\t\t<\/div>\n\t\t\t\t<\/div>\n\t\t\t\t<div class=\"elementor-element elementor-element-3a31a62 elementor-widget elementor-widget-spacer\" data-id=\"3a31a62\" data-element_type=\"widget\" data-widget_type=\"spacer.default\">\n\t\t\t\t<div class=\"elementor-widget-container\">\n\t\t\t\t\t\t\t<div class=\"elementor-spacer\">\n\t\t\t<div class=\"elementor-spacer-inner\"><\/div>\n\t\t<\/div>\n\t\t\t\t\t\t<\/div>\n\t\t\t\t<\/div>\n\t\t\t\t\t<\/div>\n\t\t<\/div>\n\t\t\t\t\t<\/div>\n\t\t<\/section>\n\t\t\t\t<section class=\"elementor-section elementor-top-section elementor-element elementor-element-a871f65 elementor-section-boxed elementor-section-height-default elementor-section-height-default\" data-id=\"a871f65\" data-element_type=\"section\">\n\t\t\t\t\t\t<div class=\"elementor-container elementor-column-gap-default\">\n\t\t\t\t\t<div class=\"elementor-column elementor-col-100 elementor-top-column elementor-element elementor-element-95f9831\" data-id=\"95f9831\" data-element_type=\"column\">\n\t\t\t<div class=\"elementor-widget-wrap elementor-element-populated\">\n\t\t\t\t\t\t<div class=\"elementor-element elementor-element-461f00f elementor-widget elementor-widget-text-editor\" data-id=\"461f00f\" data-element_type=\"widget\" data-widget_type=\"text-editor.default\">\n\t\t\t\t<div class=\"elementor-widget-container\">\n\t\t\t\t\t\t\t\t\t<p><b>Cascadas de Cirque de Gavarnie<\/b><span style=\"font-weight: 400;\">: Declaradas Patrimonio de la Humanidad por la UNESCO, estas <\/span><b>cascadas <\/b><span style=\"font-weight: 400;\">se encuentran en un anfiteatro natural de origen glaciar y ofrecen una de las vistas m\u00e1s impresionantes de la regi\u00f3n. \ud83c\udf2c\ufe0f<\/span><\/p>\t\t\t\t\t\t\t\t<\/div>\n\t\t\t\t<\/div>\n\t\t\t\t\t<\/div>\n\t\t<\/div>\n\t\t\t\t\t<\/div>\n\t\t<\/section>\n\t\t\t\t<section class=\"elementor-section elementor-top-section elementor-element elementor-element-a159cee elementor-section-boxed elementor-section-height-default elementor-section-height-default\" data-id=\"a159cee\" data-element_type=\"section\">\n\t\t\t\t\t\t<div class=\"elementor-container elementor-column-gap-default\">\n\t\t\t\t\t<div class=\"elementor-column elementor-col-100 elementor-top-column elementor-element elementor-element-35326da\" data-id=\"35326da\" data-element_type=\"column\">\n\t\t\t<div class=\"elementor-widget-wrap elementor-element-populated\">\n\t\t\t\t\t\t<div class=\"elementor-element elementor-element-ee8ccc8 elementor-widget elementor-widget-spacer\" data-id=\"ee8ccc8\" data-element_type=\"widget\" data-widget_type=\"spacer.default\">\n\t\t\t\t<div class=\"elementor-widget-container\">\n\t\t\t\t\t\t\t<div class=\"elementor-spacer\">\n\t\t\t<div class=\"elementor-spacer-inner\"><\/div>\n\t\t<\/div>\n\t\t\t\t\t\t<\/div>\n\t\t\t\t<\/div>\n\t\t\t\t<div class=\"elementor-element elementor-element-bc658e5 elementor-widget elementor-widget-google_maps\" data-id=\"bc658e5\" data-element_type=\"widget\" data-widget_type=\"google_maps.default\">\n\t\t\t\t<div class=\"elementor-widget-container\">\n\t\t\t\t\t\t\t<div class=\"elementor-custom-embed\">\n\t\t\t<iframe loading=\"lazy\"\n\t\t\t\t\tsrc=\"https:\/\/maps.google.com\/maps?q=Cirque%20de%20Gavarnie&#038;t=m&#038;z=10&#038;output=embed&#038;iwloc=near\"\n\t\t\t\t\ttitle=\"Cirque de Gavarnie\"\n\t\t\t\t\taria-label=\"Cirque de Gavarnie\"\n\t\t\t><\/iframe>\n\t\t<\/div>\n\t\t\t\t\t\t<\/div>\n\t\t\t\t<\/div>\n\t\t\t\t<div class=\"elementor-element elementor-element-8db028b elementor-widget elementor-widget-spacer\" data-id=\"8db028b\" data-element_type=\"widget\" data-widget_type=\"spacer.default\">\n\t\t\t\t<div class=\"elementor-widget-container\">\n\t\t\t\t\t\t\t<div class=\"elementor-spacer\">\n\t\t\t<div class=\"elementor-spacer-inner\"><\/div>\n\t\t<\/div>\n\t\t\t\t\t\t<\/div>\n\t\t\t\t<\/div>\n\t\t\t\t\t<\/div>\n\t\t<\/div>\n\t\t\t\t\t<\/div>\n\t\t<\/section>\n\t\t\t\t<section class=\"elementor-section elementor-top-section elementor-element elementor-element-59fe7da elementor-section-boxed elementor-section-height-default elementor-section-height-default\" data-id=\"59fe7da\" data-element_type=\"section\">\n\t\t\t\t\t\t<div class=\"elementor-container elementor-column-gap-default\">\n\t\t\t\t\t<div class=\"elementor-column elementor-col-100 elementor-top-column elementor-element elementor-element-08d739d\" data-id=\"08d739d\" data-element_type=\"column\">\n\t\t\t<div class=\"elementor-widget-wrap elementor-element-populated\">\n\t\t\t\t\t\t<div class=\"elementor-element elementor-element-038952a elementor-widget elementor-widget-text-editor\" data-id=\"038952a\" data-element_type=\"widget\" data-widget_type=\"text-editor.default\">\n\t\t\t\t<div class=\"elementor-widget-container\">\n\t\t\t\t\t\t\t\t\t<p><b>Cascada de la Fare<\/b><span style=\"font-weight: 400;\">: Situada en la zona de Alpe d\u2019Huez, esta cascada se puede visitar tras una corta caminata y es un excelente lugar para <\/span><b>refrescarse <\/b><span style=\"font-weight: 400;\">en los d\u00edas calurosos. \ud83d\udca6<\/span><\/p>\t\t\t\t\t\t\t\t<\/div>\n\t\t\t\t<\/div>\n\t\t\t\t\t<\/div>\n\t\t<\/div>\n\t\t\t\t\t<\/div>\n\t\t<\/section>\n\t\t\t\t<section class=\"elementor-section elementor-top-section elementor-element elementor-element-14ba763 elementor-section-boxed elementor-section-height-default elementor-section-height-default\" data-id=\"14ba763\" data-element_type=\"section\">\n\t\t\t\t\t\t<div class=\"elementor-container elementor-column-gap-default\">\n\t\t\t\t\t<div class=\"elementor-column elementor-col-100 elementor-top-column elementor-element elementor-element-621bc6e\" data-id=\"621bc6e\" data-element_type=\"column\">\n\t\t\t<div class=\"elementor-widget-wrap elementor-element-populated\">\n\t\t\t\t\t\t<div class=\"elementor-element elementor-element-4cadc72 elementor-widget elementor-widget-spacer\" data-id=\"4cadc72\" data-element_type=\"widget\" data-widget_type=\"spacer.default\">\n\t\t\t\t<div class=\"elementor-widget-container\">\n\t\t\t\t\t\t\t<div class=\"elementor-spacer\">\n\t\t\t<div class=\"elementor-spacer-inner\"><\/div>\n\t\t<\/div>\n\t\t\t\t\t\t<\/div>\n\t\t\t\t<\/div>\n\t\t\t\t<div class=\"elementor-element elementor-element-ec60253 elementor-widget elementor-widget-google_maps\" data-id=\"ec60253\" data-element_type=\"widget\" data-widget_type=\"google_maps.default\">\n\t\t\t\t<div class=\"elementor-widget-container\">\n\t\t\t\t\t\t\t<div class=\"elementor-custom-embed\">\n\t\t\t<iframe loading=\"lazy\"\n\t\t\t\t\tsrc=\"https:\/\/maps.google.com\/maps?q=Cascade%20de%20la%20Fare38114%20Oz%2C%20Francia&#038;t=m&#038;z=10&#038;output=embed&#038;iwloc=near\"\n\t\t\t\t\ttitle=\"Cascade de la Fare38114 Oz, Francia\"\n\t\t\t\t\taria-label=\"Cascade de la Fare38114 Oz, Francia\"\n\t\t\t><\/iframe>\n\t\t<\/div>\n\t\t\t\t\t\t<\/div>\n\t\t\t\t<\/div>\n\t\t\t\t<div class=\"elementor-element elementor-element-53be6a6 elementor-widget elementor-widget-spacer\" data-id=\"53be6a6\" data-element_type=\"widget\" data-widget_type=\"spacer.default\">\n\t\t\t\t<div class=\"elementor-widget-container\">\n\t\t\t\t\t\t\t<div class=\"elementor-spacer\">\n\t\t\t<div class=\"elementor-spacer-inner\"><\/div>\n\t\t<\/div>\n\t\t\t\t\t\t<\/div>\n\t\t\t\t<\/div>\n\t\t\t\t\t<\/div>\n\t\t<\/div>\n\t\t\t\t\t<\/div>\n\t\t<\/section>\n\t\t\t\t<section class=\"elementor-section elementor-top-section elementor-element elementor-element-66813cd elementor-section-boxed elementor-section-height-default elementor-section-height-default\" data-id=\"66813cd\" data-element_type=\"section\">\n\t\t\t\t\t\t<div class=\"elementor-container elementor-column-gap-default\">\n\t\t\t\t\t<div class=\"elementor-column elementor-col-100 elementor-top-column elementor-element elementor-element-e9013b6\" data-id=\"e9013b6\" data-element_type=\"column\">\n\t\t\t<div class=\"elementor-widget-wrap elementor-element-populated\">\n\t\t\t\t\t\t<div class=\"elementor-element elementor-element-b244b47 elementor-widget elementor-widget-heading\" data-id=\"b244b47\" data-element_type=\"widget\" data-widget_type=\"heading.default\">\n\t\t\t\t<div class=\"elementor-widget-container\">\n\t\t\t\t\t<h2 class=\"elementor-heading-title elementor-size-default\"><span id=\"Aventuras_al_aire_libre_esqui_parapente_y_mas_experiencias_extremas\">Aventuras al aire libre: esqu\u00ed, parapente y m\u00e1s experiencias extremas\n<\/span><\/h2>\t\t\t\t<\/div>\n\t\t\t\t<\/div>\n\t\t\t\t\t<\/div>\n\t\t<\/div>\n\t\t\t\t\t<\/div>\n\t\t<\/section>\n\t\t\t\t<section class=\"elementor-section elementor-top-section elementor-element elementor-element-800c85b elementor-section-boxed elementor-section-height-default elementor-section-height-default\" data-id=\"800c85b\" data-element_type=\"section\">\n\t\t\t\t\t\t<div class=\"elementor-container elementor-column-gap-default\">\n\t\t\t\t\t<div class=\"elementor-column elementor-col-100 elementor-top-column elementor-element elementor-element-a26fd92\" data-id=\"a26fd92\" data-element_type=\"column\">\n\t\t\t<div class=\"elementor-widget-wrap elementor-element-populated\">\n\t\t\t\t\t\t<div class=\"elementor-element elementor-element-a64c08e elementor-widget elementor-widget-spacer\" data-id=\"a64c08e\" data-element_type=\"widget\" data-widget_type=\"spacer.default\">\n\t\t\t\t<div class=\"elementor-widget-container\">\n\t\t\t\t\t\t\t<div class=\"elementor-spacer\">\n\t\t\t<div class=\"elementor-spacer-inner\"><\/div>\n\t\t<\/div>\n\t\t\t\t\t\t<\/div>\n\t\t\t\t<\/div>\n\t\t\t\t<div class=\"elementor-element elementor-element-e82ac39 elementor-widget elementor-widget-text-editor\" data-id=\"e82ac39\" data-element_type=\"widget\" data-widget_type=\"text-editor.default\">\n\t\t\t\t<div class=\"elementor-widget-container\">\n\t\t\t\t\t\t\t\t\t<p><span style=\"font-weight: 400;\">Cuando pensamos en los Alpes franceses, solemos imaginar <\/span><b>paisajes <\/b><span style=\"font-weight: 400;\">cubiertos de nieve y esquiadores desliz\u00e1ndose por las pistas. \ud83c\udf04<\/span><\/p><p><span style=\"font-weight: 400;\">\u00a0<\/span><\/p><p><span style=\"font-weight: 400;\">Sin embargo, cuando llega el <\/span><b>verano, <\/b><span style=\"font-weight: 400;\">este sitio se transforma en un para\u00edso para los amantes de la adrenalina y los <\/span><b>deportes <\/b><span style=\"font-weight: 400;\">al aire libre. \u2600\ufe0f<\/span><\/p><p><span style=\"font-weight: 400;\">\u00a0<\/span><\/p><p><span style=\"font-weight: 400;\">Si buscas emociones fuertes, aqu\u00ed tienes algunas experiencias que no te puedes perder. \ud83c\udf3f<\/span><\/p>\t\t\t\t\t\t\t\t<\/div>\n\t\t\t\t<\/div>\n\t\t\t\t<div class=\"elementor-element elementor-element-bae4b11 elementor-widget elementor-widget-spacer\" data-id=\"bae4b11\" data-element_type=\"widget\" data-widget_type=\"spacer.default\">\n\t\t\t\t<div class=\"elementor-widget-container\">\n\t\t\t\t\t\t\t<div class=\"elementor-spacer\">\n\t\t\t<div class=\"elementor-spacer-inner\"><\/div>\n\t\t<\/div>\n\t\t\t\t\t\t<\/div>\n\t\t\t\t<\/div>\n\t\t\t\t\t<\/div>\n\t\t<\/div>\n\t\t\t\t\t<\/div>\n\t\t<\/section>\n\t\t\t\t<section class=\"elementor-section elementor-top-section elementor-element elementor-element-d503b33 elementor-section-boxed elementor-section-height-default elementor-section-height-default\" data-id=\"d503b33\" data-element_type=\"section\">\n\t\t\t\t\t\t<div class=\"elementor-container elementor-column-gap-default\">\n\t\t\t\t\t<div class=\"elementor-column elementor-col-100 elementor-top-column elementor-element elementor-element-32d3581\" data-id=\"32d3581\" data-element_type=\"column\">\n\t\t\t<div class=\"elementor-widget-wrap elementor-element-populated\">\n\t\t\t\t\t\t<div class=\"elementor-element elementor-element-f7bbb82 elementor-align-center elementor-widget elementor-widget-button\" data-id=\"f7bbb82\" data-element_type=\"widget\" data-widget_type=\"button.default\">\n\t\t\t\t<div class=\"elementor-widget-container\">\n\t\t\t\t\t\t\t\t\t<div class=\"elementor-button-wrapper\">\n\t\t\t\t\t<a class=\"elementor-button elementor-button-link elementor-size-sm\" href=\"https:\/\/www.esquiades.com\/viajes-esqui\/alpes-franceses-norte-104\">\n\t\t\t\t\t\t<span class=\"elementor-button-content-wrapper\">\n\t\t\t\t\t\t\t\t\t<span class=\"elementor-button-text\">Tu aventura empieza aqu\u00ed<\/span>\n\t\t\t\t\t<\/span>\n\t\t\t\t\t<\/a>\n\t\t\t\t<\/div>\n\t\t\t\t\t\t\t\t<\/div>\n\t\t\t\t<\/div>\n\t\t\t\t\t<\/div>\n\t\t<\/div>\n\t\t\t\t\t<\/div>\n\t\t<\/section>\n\t\t\t\t<section class=\"elementor-section elementor-top-section elementor-element elementor-element-b5350ee elementor-section-boxed elementor-section-height-default elementor-section-height-default\" data-id=\"b5350ee\" data-element_type=\"section\">\n\t\t\t\t\t\t<div class=\"elementor-container elementor-column-gap-default\">\n\t\t\t\t\t<div class=\"elementor-column elementor-col-100 elementor-top-column elementor-element elementor-element-6d79b05\" data-id=\"6d79b05\" data-element_type=\"column\">\n\t\t\t<div class=\"elementor-widget-wrap elementor-element-populated\">\n\t\t\t\t\t\t<div class=\"elementor-element elementor-element-0115efb elementor-widget elementor-widget-heading\" data-id=\"0115efb\" data-element_type=\"widget\" data-widget_type=\"heading.default\">\n\t\t\t\t<div class=\"elementor-widget-container\">\n\t\t\t\t\t<h3 class=\"elementor-heading-title elementor-size-default\"><span id=\"Esqui_de_verano\">Esqu\u00ed de verano\n<\/span><\/h3>\t\t\t\t<\/div>\n\t\t\t\t<\/div>\n\t\t\t\t\t<\/div>\n\t\t<\/div>\n\t\t\t\t\t<\/div>\n\t\t<\/section>\n\t\t\t\t<section class=\"elementor-section elementor-top-section elementor-element elementor-element-7dcf382 elementor-section-boxed elementor-section-height-default elementor-section-height-default\" data-id=\"7dcf382\" data-element_type=\"section\">\n\t\t\t\t\t\t<div class=\"elementor-container elementor-column-gap-default\">\n\t\t\t\t\t<div class=\"elementor-column elementor-col-100 elementor-top-column elementor-element elementor-element-15361ad\" data-id=\"15361ad\" data-element_type=\"column\">\n\t\t\t<div class=\"elementor-widget-wrap elementor-element-populated\">\n\t\t\t\t\t\t<div class=\"elementor-element elementor-element-93ad931 elementor-widget elementor-widget-spacer\" data-id=\"93ad931\" data-element_type=\"widget\" data-widget_type=\"spacer.default\">\n\t\t\t\t<div class=\"elementor-widget-container\">\n\t\t\t\t\t\t\t<div class=\"elementor-spacer\">\n\t\t\t<div class=\"elementor-spacer-inner\"><\/div>\n\t\t<\/div>\n\t\t\t\t\t\t<\/div>\n\t\t\t\t<\/div>\n\t\t\t\t<div class=\"elementor-element elementor-element-ce78154 elementor-widget elementor-widget-text-editor\" data-id=\"ce78154\" data-element_type=\"widget\" data-widget_type=\"text-editor.default\">\n\t\t\t\t<div class=\"elementor-widget-container\">\n\t\t\t\t\t\t\t\t\t<p><span style=\"font-weight: 400;\">S\u00ed, has le\u00eddo bien: \u00a1en los Alpes se puede esquiar en <\/span><b>verano! <\/b><span style=\"font-weight: 400;\">\ud83c\udfde\ufe0f<\/span><\/p><p><span style=\"font-weight: 400;\">\u00a0<\/span><\/p><p><span style=\"font-weight: 400;\">Gracias a los glaciares situados a gran altitud, como el Glaciar de Les Deux Alpes, los esquiadores pueden seguir disfrutando de la nieve incluso en los meses m\u00e1s c\u00e1lidos. \ud83d\udeb4<\/span><\/p><p><span style=\"font-weight: 400;\">\u00a0<\/span><\/p><p><span style=\"font-weight: 400;\">Las pistas de <\/span><b>esqu\u00ed <\/b><span style=\"font-weight: 400;\">de <\/span><b>verano <\/b><span style=\"font-weight: 400;\">suelen abrir temprano en la ma\u00f1ana, para aprovechar la nieve en perfectas condiciones antes de que el sol la transforme. \ud83d\udcd6<\/span><\/p><p><span style=\"font-weight: 400;\">\u00a0<\/span><\/p><p><span style=\"font-weight: 400;\">Adem\u00e1s, muchas estaciones ofrecen snowparks con m\u00f3dulos, saltos y halfpipes donde los riders pueden perfeccionar sus trucos. \ud83e\udd7e<\/span><\/p><p><span style=\"font-weight: 400;\">\u00a0<\/span><\/p><p><span style=\"font-weight: 400;\">Es una oportunidad \u00fanica para combinar la pasi\u00f3n por el <\/span><b>esqu\u00ed <\/b><span style=\"font-weight: 400;\">con el clima m\u00e1s agradable del <\/span><b>verano. <\/b><span style=\"font-weight: 400;\">\ud83c\udfd4\ufe0f<\/span><\/p>\t\t\t\t\t\t\t\t<\/div>\n\t\t\t\t<\/div>\n\t\t\t\t<div class=\"elementor-element elementor-element-e79b15a elementor-widget elementor-widget-spacer\" data-id=\"e79b15a\" data-element_type=\"widget\" data-widget_type=\"spacer.default\">\n\t\t\t\t<div class=\"elementor-widget-container\">\n\t\t\t\t\t\t\t<div class=\"elementor-spacer\">\n\t\t\t<div class=\"elementor-spacer-inner\"><\/div>\n\t\t<\/div>\n\t\t\t\t\t\t<\/div>\n\t\t\t\t<\/div>\n\t\t\t\t\t<\/div>\n\t\t<\/div>\n\t\t\t\t\t<\/div>\n\t\t<\/section>\n\t\t\t\t<section class=\"elementor-section elementor-top-section elementor-element elementor-element-be00d2c elementor-section-boxed elementor-section-height-default elementor-section-height-default\" data-id=\"be00d2c\" data-element_type=\"section\">\n\t\t\t\t\t\t<div class=\"elementor-container elementor-column-gap-default\">\n\t\t\t\t\t<div class=\"elementor-column elementor-col-100 elementor-top-column elementor-element elementor-element-98ab73d\" data-id=\"98ab73d\" data-element_type=\"column\">\n\t\t\t<div class=\"elementor-widget-wrap elementor-element-populated\">\n\t\t\t\t\t\t<div class=\"elementor-element elementor-element-74703aa elementor-widget elementor-widget-gallery\" data-id=\"74703aa\" data-element_type=\"widget\" data-settings=\"{&quot;gallery_layout&quot;:&quot;justified&quot;,&quot;ideal_row_height&quot;:{&quot;unit&quot;:&quot;px&quot;,&quot;size&quot;:493,&quot;sizes&quot;:[]},&quot;lazyload&quot;:&quot;yes&quot;,&quot;ideal_row_height_tablet&quot;:{&quot;unit&quot;:&quot;px&quot;,&quot;size&quot;:150,&quot;sizes&quot;:[]},&quot;ideal_row_height_mobile&quot;:{&quot;unit&quot;:&quot;px&quot;,&quot;size&quot;:150,&quot;sizes&quot;:[]},&quot;gap&quot;:{&quot;unit&quot;:&quot;px&quot;,&quot;size&quot;:10,&quot;sizes&quot;:[]},&quot;gap_tablet&quot;:{&quot;unit&quot;:&quot;px&quot;,&quot;size&quot;:10,&quot;sizes&quot;:[]},&quot;gap_mobile&quot;:{&quot;unit&quot;:&quot;px&quot;,&quot;size&quot;:10,&quot;sizes&quot;:[]},&quot;link_to&quot;:&quot;file&quot;,&quot;overlay_background&quot;:&quot;yes&quot;,&quot;content_hover_animation&quot;:&quot;fade-in&quot;}\" data-widget_type=\"gallery.default\">\n\t\t\t\t<div class=\"elementor-widget-container\">\n\t\t\t\t\t\t\t<div class=\"elementor-gallery__container\">\n\t\t\t\t\t\t\t<a class=\"e-gallery-item elementor-gallery-item elementor-animated-content\" href=\"https:\/\/www.esquiades.com\/blog\/app\/uploads\/2025\/04\/AdobeStock_90651222.jpeg\" data-elementor-open-lightbox=\"yes\" data-elementor-lightbox-slideshow=\"74703aa\" data-elementor-lightbox-title=\"Ausblick von der Grande Motte, Tignes, Frankreich, Blickrichtung O\" data-e-action-hash=\"#elementor-action%3Aaction%3Dlightbox%26settings%3DeyJpZCI6MTcwODcsInVybCI6Imh0dHBzOlwvXC93d3cuZXNxdWlhZGVzLmNvbVwvYmxvZ1wvYXBwXC91cGxvYWRzXC8yMDI1XC8wNFwvQWRvYmVTdG9ja185MDY1MTIyMi5qcGVnIiwic2xpZGVzaG93IjoiNzQ3MDNhYSJ9\">\n\t\t\t\t\t<div class=\"e-gallery-image elementor-gallery-item__image\" data-thumbnail=\"https:\/\/www.esquiades.com\/blog\/app\/uploads\/2025\/04\/AdobeStock_90651222.jpeg\" data-width=\"200\" data-height=\"300\" aria-label=\"\" role=\"img\" ><\/div>\n\t\t\t\t\t\t\t\t\t\t\t<div class=\"elementor-gallery-item__overlay\"><\/div>\n\t\t\t\t\t\t\t\t\t\t\t\t\t\t<\/a>\n\t\t\t\t\t\t\t<a class=\"e-gallery-item elementor-gallery-item elementor-animated-content\" href=\"https:\/\/www.esquiades.com\/blog\/app\/uploads\/2025\/04\/AdobeStock_1267170666.jpeg\" data-elementor-open-lightbox=\"yes\" data-elementor-lightbox-slideshow=\"74703aa\" data-elementor-lightbox-title=\"Les Deux Alpes. Jandri ski lift 3200 meters\" data-e-action-hash=\"#elementor-action%3Aaction%3Dlightbox%26settings%3DeyJpZCI6MTcwODksInVybCI6Imh0dHBzOlwvXC93d3cuZXNxdWlhZGVzLmNvbVwvYmxvZ1wvYXBwXC91cGxvYWRzXC8yMDI1XC8wNFwvQWRvYmVTdG9ja18xMjY3MTcwNjY2LmpwZWciLCJzbGlkZXNob3ciOiI3NDcwM2FhIn0%3D\">\n\t\t\t\t\t<div class=\"e-gallery-image elementor-gallery-item__image\" data-thumbnail=\"https:\/\/www.esquiades.com\/blog\/app\/uploads\/2025\/04\/AdobeStock_1267170666.jpeg\" data-width=\"225\" data-height=\"300\" aria-label=\"\" role=\"img\" ><\/div>\n\t\t\t\t\t\t\t\t\t\t\t<div class=\"elementor-gallery-item__overlay\"><\/div>\n\t\t\t\t\t\t\t\t\t\t\t\t\t\t<\/a>\n\t\t\t\t\t<\/div>\n\t\t\t\t\t<\/div>\n\t\t\t\t<\/div>\n\t\t\t\t<div class=\"elementor-element elementor-element-6509482 elementor-widget elementor-widget-spacer\" data-id=\"6509482\" data-element_type=\"widget\" data-widget_type=\"spacer.default\">\n\t\t\t\t<div class=\"elementor-widget-container\">\n\t\t\t\t\t\t\t<div class=\"elementor-spacer\">\n\t\t\t<div class=\"elementor-spacer-inner\"><\/div>\n\t\t<\/div>\n\t\t\t\t\t\t<\/div>\n\t\t\t\t<\/div>\n\t\t\t\t\t<\/div>\n\t\t<\/div>\n\t\t\t\t\t<\/div>\n\t\t<\/section>\n\t\t\t\t<section class=\"elementor-section elementor-top-section elementor-element elementor-element-5d60cc7 elementor-section-boxed elementor-section-height-default elementor-section-height-default\" data-id=\"5d60cc7\" data-element_type=\"section\">\n\t\t\t\t\t\t<div class=\"elementor-container elementor-column-gap-default\">\n\t\t\t\t\t<div class=\"elementor-column elementor-col-100 elementor-top-column elementor-element elementor-element-270222d\" data-id=\"270222d\" data-element_type=\"column\">\n\t\t\t<div class=\"elementor-widget-wrap elementor-element-populated\">\n\t\t\t\t\t\t<div class=\"elementor-element elementor-element-266bbcb elementor-align-center elementor-widget elementor-widget-button\" data-id=\"266bbcb\" data-element_type=\"widget\" data-widget_type=\"button.default\">\n\t\t\t\t<div class=\"elementor-widget-container\">\n\t\t\t\t\t\t\t\t\t<div class=\"elementor-button-wrapper\">\n\t\t\t\t\t<a class=\"elementor-button elementor-button-link elementor-size-sm\" href=\"https:\/\/www.esquiades.com\/viajes-esqui\/les-deux-alps-146\">\n\t\t\t\t\t\t<span class=\"elementor-button-content-wrapper\">\n\t\t\t\t\t\t\t\t\t<span class=\"elementor-button-text\">\u00a1Escoge la que mejor encaje contigo!<\/span>\n\t\t\t\t\t<\/span>\n\t\t\t\t\t<\/a>\n\t\t\t\t<\/div>\n\t\t\t\t\t\t\t\t<\/div>\n\t\t\t\t<\/div>\n\t\t\t\t\t<\/div>\n\t\t<\/div>\n\t\t\t\t\t<\/div>\n\t\t<\/section>\n\t\t\t\t<section class=\"elementor-section elementor-top-section elementor-element elementor-element-fd60c7f elementor-section-boxed elementor-section-height-default elementor-section-height-default\" data-id=\"fd60c7f\" data-element_type=\"section\">\n\t\t\t\t\t\t<div class=\"elementor-container elementor-column-gap-default\">\n\t\t\t\t\t<div class=\"elementor-column elementor-col-100 elementor-top-column elementor-element elementor-element-8685c6b\" data-id=\"8685c6b\" data-element_type=\"column\">\n\t\t\t<div class=\"elementor-widget-wrap elementor-element-populated\">\n\t\t\t\t\t\t<div class=\"elementor-element elementor-element-ad9b605 elementor-widget elementor-widget-spacer\" data-id=\"ad9b605\" data-element_type=\"widget\" data-widget_type=\"spacer.default\">\n\t\t\t\t<div class=\"elementor-widget-container\">\n\t\t\t\t\t\t\t<div class=\"elementor-spacer\">\n\t\t\t<div class=\"elementor-spacer-inner\"><\/div>\n\t\t<\/div>\n\t\t\t\t\t\t<\/div>\n\t\t\t\t<\/div>\n\t\t\t\t<div class=\"elementor-element elementor-element-e883692 elementor-widget elementor-widget-heading\" data-id=\"e883692\" data-element_type=\"widget\" data-widget_type=\"heading.default\">\n\t\t\t\t<div class=\"elementor-widget-container\">\n\t\t\t\t\t<h3 class=\"elementor-heading-title elementor-size-default\"><span id=\"Parapente_en_los_Alpes_franceses\">Parapente en los Alpes franceses<\/span><\/h3>\t\t\t\t<\/div>\n\t\t\t\t<\/div>\n\t\t\t\t\t<\/div>\n\t\t<\/div>\n\t\t\t\t\t<\/div>\n\t\t<\/section>\n\t\t\t\t<section class=\"elementor-section elementor-top-section elementor-element elementor-element-c21dd95 elementor-section-boxed elementor-section-height-default elementor-section-height-default\" data-id=\"c21dd95\" data-element_type=\"section\">\n\t\t\t\t\t\t<div class=\"elementor-container elementor-column-gap-default\">\n\t\t\t\t\t<div class=\"elementor-column elementor-col-100 elementor-top-column elementor-element elementor-element-3f4a0a2\" data-id=\"3f4a0a2\" data-element_type=\"column\">\n\t\t\t<div class=\"elementor-widget-wrap elementor-element-populated\">\n\t\t\t\t\t\t<div class=\"elementor-element elementor-element-2c50b7a elementor-widget elementor-widget-text-editor\" data-id=\"2c50b7a\" data-element_type=\"widget\" data-widget_type=\"text-editor.default\">\n\t\t\t\t<div class=\"elementor-widget-container\">\n\t\t\t\t\t\t\t\t\t<p><span style=\"font-weight: 400;\">Si alguna vez has so\u00f1ado con volar, el <\/span><b>parapente <\/b><span style=\"font-weight: 400;\">es una de las experiencias m\u00e1s impresionantes que puedes vivir en los Alpes. \ud83c\udfe8<\/span><\/p><p><span style=\"font-weight: 400;\">\u00a0<\/span><\/p><p><span style=\"font-weight: 400;\">Desde lo alto de las monta\u00f1as, podr\u00e1s lanzarte y planear sobre valles verdes, <\/span><b>lagos <\/b><span style=\"font-weight: 400;\">y picos imponentes. \ud83c\udf0a<\/span><\/p><p><span style=\"font-weight: 400;\">\u00a0<\/span><\/p><p><span style=\"font-weight: 400;\">Lugares como Chamonix, Annecy o Morzine son conocidos por sus incre\u00edbles rutas de <\/span><b>parapente, <\/b><span style=\"font-weight: 400;\">con opciones tanto para principiantes como para expertos. \u2744\ufe0f<\/span><\/p><p><span style=\"font-weight: 400;\">\u00a0<\/span><\/p><p><span style=\"font-weight: 400;\">Puedes realizar un vuelo en t\u00e1ndem con un instructor o, si ya tienes experiencia, lanzarte por tu cuenta y disfrutar de las espectaculares vistas alpinas. \ud83e\ude82<\/span><\/p><p><span style=\"font-weight: 400;\">\u00a0<\/span><\/p><p><span style=\"font-weight: 400;\">La sensaci\u00f3n de libertad al flotar sobre este paisaje majestuoso es algo que dif\u00edcilmente olvidar\u00e1s. \ud83d\udeb5<\/span><\/p>\t\t\t\t\t\t\t\t<\/div>\n\t\t\t\t<\/div>\n\t\t\t\t<div class=\"elementor-element elementor-element-5e687fd elementor-widget elementor-widget-spacer\" data-id=\"5e687fd\" data-element_type=\"widget\" data-widget_type=\"spacer.default\">\n\t\t\t\t<div class=\"elementor-widget-container\">\n\t\t\t\t\t\t\t<div class=\"elementor-spacer\">\n\t\t\t<div class=\"elementor-spacer-inner\"><\/div>\n\t\t<\/div>\n\t\t\t\t\t\t<\/div>\n\t\t\t\t<\/div>\n\t\t\t\t\t<\/div>\n\t\t<\/div>\n\t\t\t\t\t<\/div>\n\t\t<\/section>\n\t\t\t\t<section class=\"elementor-section elementor-top-section elementor-element elementor-element-3c6f545 elementor-section-boxed elementor-section-height-default elementor-section-height-default\" data-id=\"3c6f545\" data-element_type=\"section\">\n\t\t\t\t\t\t<div class=\"elementor-container elementor-column-gap-default\">\n\t\t\t\t\t<div class=\"elementor-column elementor-col-100 elementor-top-column elementor-element elementor-element-30e5c04\" data-id=\"30e5c04\" data-element_type=\"column\">\n\t\t\t<div class=\"elementor-widget-wrap elementor-element-populated\">\n\t\t\t\t\t\t<div class=\"elementor-element elementor-element-1821342 elementor-widget elementor-widget-gallery\" data-id=\"1821342\" data-element_type=\"widget\" data-settings=\"{&quot;gallery_layout&quot;:&quot;justified&quot;,&quot;ideal_row_height&quot;:{&quot;unit&quot;:&quot;px&quot;,&quot;size&quot;:337,&quot;sizes&quot;:[]},&quot;lazyload&quot;:&quot;yes&quot;,&quot;ideal_row_height_tablet&quot;:{&quot;unit&quot;:&quot;px&quot;,&quot;size&quot;:150,&quot;sizes&quot;:[]},&quot;ideal_row_height_mobile&quot;:{&quot;unit&quot;:&quot;px&quot;,&quot;size&quot;:150,&quot;sizes&quot;:[]},&quot;gap&quot;:{&quot;unit&quot;:&quot;px&quot;,&quot;size&quot;:10,&quot;sizes&quot;:[]},&quot;gap_tablet&quot;:{&quot;unit&quot;:&quot;px&quot;,&quot;size&quot;:10,&quot;sizes&quot;:[]},&quot;gap_mobile&quot;:{&quot;unit&quot;:&quot;px&quot;,&quot;size&quot;:10,&quot;sizes&quot;:[]},&quot;link_to&quot;:&quot;file&quot;,&quot;overlay_background&quot;:&quot;yes&quot;,&quot;content_hover_animation&quot;:&quot;fade-in&quot;}\" data-widget_type=\"gallery.default\">\n\t\t\t\t<div class=\"elementor-widget-container\">\n\t\t\t\t\t\t\t<div class=\"elementor-gallery__container\">\n\t\t\t\t\t\t\t<a class=\"e-gallery-item elementor-gallery-item elementor-animated-content\" href=\"https:\/\/www.esquiades.com\/blog\/app\/uploads\/2025\/04\/AdobeStock_537840280.jpeg\" data-elementor-open-lightbox=\"yes\" data-elementor-lightbox-slideshow=\"1821342\" data-elementor-lightbox-title=\"Two paragliders flying over mountains on a cloudy day at french alps.\" data-e-action-hash=\"#elementor-action%3Aaction%3Dlightbox%26settings%3DeyJpZCI6MTcwOTAsInVybCI6Imh0dHBzOlwvXC93d3cuZXNxdWlhZGVzLmNvbVwvYmxvZ1wvYXBwXC91cGxvYWRzXC8yMDI1XC8wNFwvQWRvYmVTdG9ja181Mzc4NDAyODAuanBlZyIsInNsaWRlc2hvdyI6IjE4MjEzNDIifQ%3D%3D\">\n\t\t\t\t\t<div class=\"e-gallery-image elementor-gallery-item__image\" data-thumbnail=\"https:\/\/www.esquiades.com\/blog\/app\/uploads\/2025\/04\/AdobeStock_537840280.jpeg\" data-width=\"200\" data-height=\"300\" aria-label=\"\" role=\"img\" ><\/div>\n\t\t\t\t\t\t\t\t\t\t\t<div class=\"elementor-gallery-item__overlay\"><\/div>\n\t\t\t\t\t\t\t\t\t\t\t\t\t\t<\/a>\n\t\t\t\t\t\t\t<a class=\"e-gallery-item elementor-gallery-item elementor-animated-content\" href=\"https:\/\/www.esquiades.com\/blog\/app\/uploads\/2025\/04\/AdobeStock_1256561542.jpeg\" data-elementor-open-lightbox=\"yes\" data-elementor-lightbox-slideshow=\"1821342\" data-elementor-lightbox-title=\"Red Paraglider Taking Off Over the French Alps on a Sunny Day\" data-e-action-hash=\"#elementor-action%3Aaction%3Dlightbox%26settings%3DeyJpZCI6MTcwOTEsInVybCI6Imh0dHBzOlwvXC93d3cuZXNxdWlhZGVzLmNvbVwvYmxvZ1wvYXBwXC91cGxvYWRzXC8yMDI1XC8wNFwvQWRvYmVTdG9ja18xMjU2NTYxNTQyLmpwZWciLCJzbGlkZXNob3ciOiIxODIxMzQyIn0%3D\">\n\t\t\t\t\t<div class=\"e-gallery-image elementor-gallery-item__image\" data-thumbnail=\"https:\/\/www.esquiades.com\/blog\/app\/uploads\/2025\/04\/AdobeStock_1256561542.jpeg\" data-width=\"200\" data-height=\"300\" aria-label=\"\" role=\"img\" ><\/div>\n\t\t\t\t\t\t\t\t\t\t\t<div class=\"elementor-gallery-item__overlay\"><\/div>\n\t\t\t\t\t\t\t\t\t\t\t\t\t\t<\/a>\n\t\t\t\t\t\t\t<a class=\"e-gallery-item elementor-gallery-item elementor-animated-content\" href=\"https:\/\/www.esquiades.com\/blog\/app\/uploads\/2025\/04\/AdobeStock_918453898-1.jpeg\" data-elementor-open-lightbox=\"yes\" data-elementor-lightbox-slideshow=\"1821342\" data-elementor-lightbox-title=\"Mont Blanc\" data-e-action-hash=\"#elementor-action%3Aaction%3Dlightbox%26settings%3DeyJpZCI6MTcwOTIsInVybCI6Imh0dHBzOlwvXC93d3cuZXNxdWlhZGVzLmNvbVwvYmxvZ1wvYXBwXC91cGxvYWRzXC8yMDI1XC8wNFwvQWRvYmVTdG9ja185MTg0NTM4OTgtMS5qcGVnIiwic2xpZGVzaG93IjoiMTgyMTM0MiJ9\">\n\t\t\t\t\t<div class=\"e-gallery-image elementor-gallery-item__image\" data-thumbnail=\"https:\/\/www.esquiades.com\/blog\/app\/uploads\/2025\/04\/AdobeStock_918453898-1.jpeg\" data-width=\"200\" data-height=\"300\" aria-label=\"\" role=\"img\" ><\/div>\n\t\t\t\t\t\t\t\t\t\t\t<div class=\"elementor-gallery-item__overlay\"><\/div>\n\t\t\t\t\t\t\t\t\t\t\t\t\t\t<\/a>\n\t\t\t\t\t<\/div>\n\t\t\t\t\t<\/div>\n\t\t\t\t<\/div>\n\t\t\t\t<div class=\"elementor-element elementor-element-1eab6fa elementor-widget elementor-widget-spacer\" data-id=\"1eab6fa\" data-element_type=\"widget\" data-widget_type=\"spacer.default\">\n\t\t\t\t<div class=\"elementor-widget-container\">\n\t\t\t\t\t\t\t<div class=\"elementor-spacer\">\n\t\t\t<div class=\"elementor-spacer-inner\"><\/div>\n\t\t<\/div>\n\t\t\t\t\t\t<\/div>\n\t\t\t\t<\/div>\n\t\t\t\t\t<\/div>\n\t\t<\/div>\n\t\t\t\t\t<\/div>\n\t\t<\/section>\n\t\t\t\t<section class=\"elementor-section elementor-top-section elementor-element elementor-element-4ef3d68 elementor-section-boxed elementor-section-height-default elementor-section-height-default\" data-id=\"4ef3d68\" data-element_type=\"section\">\n\t\t\t\t\t\t<div class=\"elementor-container elementor-column-gap-default\">\n\t\t\t\t\t<div class=\"elementor-column elementor-col-100 elementor-top-column elementor-element elementor-element-36516ad\" data-id=\"36516ad\" data-element_type=\"column\">\n\t\t\t<div class=\"elementor-widget-wrap elementor-element-populated\">\n\t\t\t\t\t\t<div class=\"elementor-element elementor-element-9a44703 elementor-widget elementor-widget-heading\" data-id=\"9a44703\" data-element_type=\"widget\" data-widget_type=\"heading.default\">\n\t\t\t\t<div class=\"elementor-widget-container\">\n\t\t\t\t\t<h2 class=\"elementor-heading-title elementor-size-default\"><span id=\"Descenso_en_BTT_adrenalina_sobre_dos_ruedas\">Descenso en BTT: adrenalina sobre dos ruedas<\/span><\/h2>\t\t\t\t<\/div>\n\t\t\t\t<\/div>\n\t\t\t\t\t<\/div>\n\t\t<\/div>\n\t\t\t\t\t<\/div>\n\t\t<\/section>\n\t\t\t\t<section class=\"elementor-section elementor-top-section elementor-element elementor-element-50facc2 elementor-section-boxed elementor-section-height-default elementor-section-height-default\" data-id=\"50facc2\" data-element_type=\"section\">\n\t\t\t\t\t\t<div class=\"elementor-container elementor-column-gap-default\">\n\t\t\t\t\t<div class=\"elementor-column elementor-col-100 elementor-top-column elementor-element elementor-element-63d3975\" data-id=\"63d3975\" data-element_type=\"column\">\n\t\t\t<div class=\"elementor-widget-wrap elementor-element-populated\">\n\t\t\t\t\t\t<div class=\"elementor-element elementor-element-a78e35c elementor-widget elementor-widget-spacer\" data-id=\"a78e35c\" data-element_type=\"widget\" data-widget_type=\"spacer.default\">\n\t\t\t\t<div class=\"elementor-widget-container\">\n\t\t\t\t\t\t\t<div class=\"elementor-spacer\">\n\t\t\t<div class=\"elementor-spacer-inner\"><\/div>\n\t\t<\/div>\n\t\t\t\t\t\t<\/div>\n\t\t\t\t<\/div>\n\t\t\t\t<div class=\"elementor-element elementor-element-403d5ee elementor-widget elementor-widget-text-editor\" data-id=\"403d5ee\" data-element_type=\"widget\" data-widget_type=\"text-editor.default\">\n\t\t\t\t<div class=\"elementor-widget-container\">\n\t\t\t\t\t\t\t\t\t<p><span style=\"font-weight: 400;\">Para los fans de la velocidad y la emoci\u00f3n, el descenso en bicicleta de <\/span><b>monta\u00f1a (BTT) <\/b><span style=\"font-weight: 400;\">es una de las mejores <\/span><b>actividades <\/b><span style=\"font-weight: 400;\">que ofrece el <\/span><b>verano <\/b><span style=\"font-weight: 400;\">en los Alpes. \ud83c\udfd5\ufe0f<\/span><\/p><p><span style=\"font-weight: 400;\">\u00a0<\/span><\/p><p><span style=\"font-weight: 400;\">Estaciones como Les Gets, Alpe d\u2019Huez o La Plagne cuentan con impresionantes circuitos de descenso, adaptados para todos los niveles, desde senderos suaves hasta rutas extremadamente t\u00e9cnicas con saltos y curvas cerradas. \ud83d\udd25<\/span><\/p><p><span style=\"color: var( --e-global-color-text ); font-family: var( --e-global-typography-text-font-family );\">\u00a0<\/span><\/p><p><span style=\"color: var( --e-global-color-text ); font-family: var( --e-global-typography-text-font-family );\">Muchas estaciones de <\/span><b style=\"color: var( --e-global-color-text ); font-family: var( --e-global-typography-text-font-family );\">esqu\u00ed <\/b><span style=\"color: var( --e-global-color-text ); font-family: var( --e-global-typography-text-font-family );\">transforman sus telesillas en remontes para bicicletas, facilitando el acceso a los puntos m\u00e1s altos y permitiendo disfrutar al m\u00e1ximo de los descensos sin el esfuerzo de la subida. \ud83c\udf43<\/span><\/p><p><span style=\"color: var( --e-global-color-text ); font-family: var( --e-global-typography-text-font-family );\">\u00a0<\/span><\/p><p><span style=\"font-weight: 400;\">Si eres un apasionado de la <\/span><b>BTT, <\/b><span style=\"font-weight: 400;\">no puedes perderte esta experiencia. \ud83c\udf2c\ufe0f<\/span><\/p>\t\t\t\t\t\t\t\t<\/div>\n\t\t\t\t<\/div>\n\t\t\t\t\t<\/div>\n\t\t<\/div>\n\t\t\t\t\t<\/div>\n\t\t<\/section>\n\t\t\t\t<section class=\"elementor-section elementor-top-section elementor-element elementor-element-9d87f57 elementor-section-boxed elementor-section-height-default elementor-section-height-default\" data-id=\"9d87f57\" data-element_type=\"section\">\n\t\t\t\t\t\t<div class=\"elementor-container elementor-column-gap-default\">\n\t\t\t\t\t<div class=\"elementor-column elementor-col-100 elementor-top-column elementor-element elementor-element-be6a12c\" data-id=\"be6a12c\" data-element_type=\"column\">\n\t\t\t<div class=\"elementor-widget-wrap elementor-element-populated\">\n\t\t\t\t\t\t<div class=\"elementor-element elementor-element-24b52fb elementor-widget elementor-widget-spacer\" data-id=\"24b52fb\" data-element_type=\"widget\" data-widget_type=\"spacer.default\">\n\t\t\t\t<div class=\"elementor-widget-container\">\n\t\t\t\t\t\t\t<div class=\"elementor-spacer\">\n\t\t\t<div class=\"elementor-spacer-inner\"><\/div>\n\t\t<\/div>\n\t\t\t\t\t\t<\/div>\n\t\t\t\t<\/div>\n\t\t\t\t<div class=\"elementor-element elementor-element-38db563 elementor-widget elementor-widget-gallery\" data-id=\"38db563\" data-element_type=\"widget\" data-settings=\"{&quot;gallery_layout&quot;:&quot;justified&quot;,&quot;ideal_row_height&quot;:{&quot;unit&quot;:&quot;px&quot;,&quot;size&quot;:409,&quot;sizes&quot;:[]},&quot;lazyload&quot;:&quot;yes&quot;,&quot;ideal_row_height_tablet&quot;:{&quot;unit&quot;:&quot;px&quot;,&quot;size&quot;:150,&quot;sizes&quot;:[]},&quot;ideal_row_height_mobile&quot;:{&quot;unit&quot;:&quot;px&quot;,&quot;size&quot;:150,&quot;sizes&quot;:[]},&quot;gap&quot;:{&quot;unit&quot;:&quot;px&quot;,&quot;size&quot;:10,&quot;sizes&quot;:[]},&quot;gap_tablet&quot;:{&quot;unit&quot;:&quot;px&quot;,&quot;size&quot;:10,&quot;sizes&quot;:[]},&quot;gap_mobile&quot;:{&quot;unit&quot;:&quot;px&quot;,&quot;size&quot;:10,&quot;sizes&quot;:[]},&quot;link_to&quot;:&quot;file&quot;,&quot;overlay_background&quot;:&quot;yes&quot;,&quot;content_hover_animation&quot;:&quot;fade-in&quot;}\" data-widget_type=\"gallery.default\">\n\t\t\t\t<div class=\"elementor-widget-container\">\n\t\t\t\t\t\t\t<div class=\"elementor-gallery__container\">\n\t\t\t\t\t\t\t<a class=\"e-gallery-item elementor-gallery-item elementor-animated-content\" href=\"https:\/\/www.esquiades.com\/blog\/app\/uploads\/2025\/04\/AdobeStock_333529361.jpeg\" data-elementor-open-lightbox=\"yes\" data-elementor-lightbox-slideshow=\"38db563\" data-elementor-lightbox-title=\"cyclists riding in the french alps two abreast\" data-e-action-hash=\"#elementor-action%3Aaction%3Dlightbox%26settings%3DeyJpZCI6MTcwOTMsInVybCI6Imh0dHBzOlwvXC93d3cuZXNxdWlhZGVzLmNvbVwvYmxvZ1wvYXBwXC91cGxvYWRzXC8yMDI1XC8wNFwvQWRvYmVTdG9ja18zMzM1MjkzNjEuanBlZyIsInNsaWRlc2hvdyI6IjM4ZGI1NjMifQ%3D%3D\">\n\t\t\t\t\t<div class=\"e-gallery-image elementor-gallery-item__image\" data-thumbnail=\"https:\/\/www.esquiades.com\/blog\/app\/uploads\/2025\/04\/AdobeStock_333529361.jpeg\" data-width=\"199\" data-height=\"300\" aria-label=\"\" role=\"img\" ><\/div>\n\t\t\t\t\t\t\t\t\t\t\t<div class=\"elementor-gallery-item__overlay\"><\/div>\n\t\t\t\t\t\t\t\t\t\t\t\t\t\t<\/a>\n\t\t\t\t\t\t\t<a class=\"e-gallery-item elementor-gallery-item elementor-animated-content\" href=\"https:\/\/www.esquiades.com\/blog\/app\/uploads\/2025\/04\/AdobeStock_408394386.jpeg\" data-elementor-open-lightbox=\"yes\" data-elementor-lightbox-slideshow=\"38db563\" data-elementor-lightbox-title=\"Extreem outdoor sport challenge in French Alps mountains in summer, riding downhill on sport bike on special bicycle path\" data-e-action-hash=\"#elementor-action%3Aaction%3Dlightbox%26settings%3DeyJpZCI6MTcwOTQsInVybCI6Imh0dHBzOlwvXC93d3cuZXNxdWlhZGVzLmNvbVwvYmxvZ1wvYXBwXC91cGxvYWRzXC8yMDI1XC8wNFwvQWRvYmVTdG9ja180MDgzOTQzODYuanBlZyIsInNsaWRlc2hvdyI6IjM4ZGI1NjMifQ%3D%3D\">\n\t\t\t\t\t<div class=\"e-gallery-image elementor-gallery-item__image\" data-thumbnail=\"https:\/\/www.esquiades.com\/blog\/app\/uploads\/2025\/04\/AdobeStock_408394386.jpeg\" data-width=\"200\" data-height=\"300\" aria-label=\"\" role=\"img\" ><\/div>\n\t\t\t\t\t\t\t\t\t\t\t<div class=\"elementor-gallery-item__overlay\"><\/div>\n\t\t\t\t\t\t\t\t\t\t\t\t\t\t<\/a>\n\t\t\t\t\t\t\t<a class=\"e-gallery-item elementor-gallery-item elementor-animated-content\" href=\"https:\/\/www.esquiades.com\/blog\/app\/uploads\/2025\/04\/AdobeStock_441149481.jpeg\" data-elementor-open-lightbox=\"yes\" data-elementor-lightbox-slideshow=\"38db563\" data-elementor-lightbox-title=\"Extreem outdoor sport challenge in French Alps mountains in summer, riding downhill on sport bike on special bicycle path\" data-e-action-hash=\"#elementor-action%3Aaction%3Dlightbox%26settings%3DeyJpZCI6MTcwOTUsInVybCI6Imh0dHBzOlwvXC93d3cuZXNxdWlhZGVzLmNvbVwvYmxvZ1wvYXBwXC91cGxvYWRzXC8yMDI1XC8wNFwvQWRvYmVTdG9ja180NDExNDk0ODEuanBlZyIsInNsaWRlc2hvdyI6IjM4ZGI1NjMifQ%3D%3D\">\n\t\t\t\t\t<div class=\"e-gallery-image elementor-gallery-item__image\" data-thumbnail=\"https:\/\/www.esquiades.com\/blog\/app\/uploads\/2025\/04\/AdobeStock_441149481.jpeg\" data-width=\"200\" data-height=\"300\" aria-label=\"\" role=\"img\" ><\/div>\n\t\t\t\t\t\t\t\t\t\t\t<div class=\"elementor-gallery-item__overlay\"><\/div>\n\t\t\t\t\t\t\t\t\t\t\t\t\t\t<\/a>\n\t\t\t\t\t<\/div>\n\t\t\t\t\t<\/div>\n\t\t\t\t<\/div>\n\t\t\t\t<div class=\"elementor-element elementor-element-84591de elementor-widget elementor-widget-spacer\" data-id=\"84591de\" data-element_type=\"widget\" data-widget_type=\"spacer.default\">\n\t\t\t\t<div class=\"elementor-widget-container\">\n\t\t\t\t\t\t\t<div class=\"elementor-spacer\">\n\t\t\t<div class=\"elementor-spacer-inner\"><\/div>\n\t\t<\/div>\n\t\t\t\t\t\t<\/div>\n\t\t\t\t<\/div>\n\t\t\t\t\t<\/div>\n\t\t<\/div>\n\t\t\t\t\t<\/div>\n\t\t<\/section>\n\t\t\t\t<section class=\"elementor-section elementor-top-section elementor-element elementor-element-71fa5cd elementor-section-boxed elementor-section-height-default elementor-section-height-default\" data-id=\"71fa5cd\" data-element_type=\"section\">\n\t\t\t\t\t\t<div class=\"elementor-container elementor-column-gap-default\">\n\t\t\t\t\t<div class=\"elementor-column elementor-col-100 elementor-top-column elementor-element elementor-element-23328ae\" data-id=\"23328ae\" data-element_type=\"column\">\n\t\t\t<div class=\"elementor-widget-wrap elementor-element-populated\">\n\t\t\t\t\t\t<div class=\"elementor-element elementor-element-1671008 elementor-widget elementor-widget-text-editor\" data-id=\"1671008\" data-element_type=\"widget\" data-widget_type=\"text-editor.default\">\n\t\t\t\t<div class=\"elementor-widget-container\">\n\t\t\t\t\t\t\t\t\t<p><span style=\"font-weight: 400;\">Como ves, el <\/span><b>verano <\/b><span style=\"font-weight: 400;\">en los Alpes franceses te ofrece emoci\u00f3n, <\/span><b>naturaleza <\/b><span style=\"font-weight: 400;\">y <\/span><b>aventuras <\/b><span style=\"font-weight: 400;\">extremas. \ud83d\udca6<\/span><\/p><p><span style=\"font-weight: 400;\">\u00a0<\/span><\/p><p><span style=\"font-weight: 400;\">Si buscas experiencias inolvidables en un entorno de ensue\u00f1o, los Alpes te esperan con sus <\/span><b>paisajes <\/b><span style=\"font-weight: 400;\">espectaculares y su oferta infinita de <\/span><b>deportes <\/b><span style=\"font-weight: 400;\">al aire libre. \ud83c\udf04<\/span><\/p>\t\t\t\t\t\t\t\t<\/div>\n\t\t\t\t<\/div>\n\t\t\t\t\t<\/div>\n\t\t<\/div>\n\t\t\t\t\t<\/div>\n\t\t<\/section>\n\t\t\t\t<section class=\"elementor-section elementor-top-section elementor-element elementor-element-6bb870b elementor-section-boxed elementor-section-height-default elementor-section-height-default\" data-id=\"6bb870b\" data-element_type=\"section\">\n\t\t\t\t\t\t<div class=\"elementor-container elementor-column-gap-default\">\n\t\t\t\t\t<div class=\"elementor-column elementor-col-100 elementor-top-column elementor-element elementor-element-99b4edc\" data-id=\"99b4edc\" data-element_type=\"column\">\n\t\t\t<div class=\"elementor-widget-wrap elementor-element-populated\">\n\t\t\t\t\t\t<div class=\"elementor-element elementor-element-b4cf48a elementor-widget elementor-widget-spacer\" data-id=\"b4cf48a\" data-element_type=\"widget\" data-widget_type=\"spacer.default\">\n\t\t\t\t<div class=\"elementor-widget-container\">\n\t\t\t\t\t\t\t<div class=\"elementor-spacer\">\n\t\t\t<div class=\"elementor-spacer-inner\"><\/div>\n\t\t<\/div>\n\t\t\t\t\t\t<\/div>\n\t\t\t\t<\/div>\n\t\t\t\t<div class=\"elementor-element elementor-element-1d066fd elementor-align-center elementor-widget elementor-widget-button\" data-id=\"1d066fd\" data-element_type=\"widget\" data-widget_type=\"button.default\">\n\t\t\t\t<div class=\"elementor-widget-container\">\n\t\t\t\t\t\t\t\t\t<div class=\"elementor-button-wrapper\">\n\t\t\t\t\t<a class=\"elementor-button elementor-button-link elementor-size-sm\" href=\"https:\/\/www.esquiades.com\/\">\n\t\t\t\t\t\t<span class=\"elementor-button-content-wrapper\">\n\t\t\t\t\t\t\t\t\t<span class=\"elementor-button-text\">\u00bfListo para tu pr\u00f3xima gran aventura? <\/span>\n\t\t\t\t\t<\/span>\n\t\t\t\t\t<\/a>\n\t\t\t\t<\/div>\n\t\t\t\t\t\t\t\t<\/div>\n\t\t\t\t<\/div>\n\t\t\t\t\t<\/div>\n\t\t<\/div>\n\t\t\t\t\t<\/div>\n\t\t<\/section>\n\t\t\t\t<section class=\"elementor-section elementor-top-section elementor-element elementor-element-0051f70 elementor-section-boxed elementor-section-height-default elementor-section-height-default\" data-id=\"0051f70\" data-element_type=\"section\">\n\t\t\t\t\t\t<div class=\"elementor-container elementor-column-gap-default\">\n\t\t\t\t\t<div class=\"elementor-column elementor-col-100 elementor-top-column elementor-element elementor-element-b74d0b5\" data-id=\"b74d0b5\" data-element_type=\"column\">\n\t\t\t<div class=\"elementor-widget-wrap elementor-element-populated\">\n\t\t\t\t\t\t<div class=\"elementor-element elementor-element-c2485a8 elementor-widget elementor-widget-spacer\" data-id=\"c2485a8\" data-element_type=\"widget\" data-widget_type=\"spacer.default\">\n\t\t\t\t<div class=\"elementor-widget-container\">\n\t\t\t\t\t\t\t<div class=\"elementor-spacer\">\n\t\t\t<div class=\"elementor-spacer-inner\"><\/div>\n\t\t<\/div>\n\t\t\t\t\t\t<\/div>\n\t\t\t\t<\/div>\n\t\t\t\t<div class=\"elementor-element elementor-element-470d031 elementor-widget elementor-widget-image\" data-id=\"470d031\" data-element_type=\"widget\" data-widget_type=\"image.default\">\n\t\t\t\t<div class=\"elementor-widget-container\">\n\t\t\t\t\t\t\t\t\t\t\t\t\t\t\t\t<a href=\"https:\/\/www.esquiades.com\/?insta\">\n\t\t\t\t\t\t\t<img decoding=\"async\" width=\"600\" height=\"400\" src=\"https:\/\/www.esquiades.com\/blog\/app\/uploads\/2025\/03\/img-final-blogs-SKI.png\" class=\"attachment-large size-large wp-image-16988\" alt=\"\" \/>\t\t\t\t\t\t\t\t<\/a>\n\t\t\t\t\t\t\t\t\t\t\t\t\t\t\t<\/div>\n\t\t\t\t<\/div>\n\t\t\t\t\t<\/div>\n\t\t<\/div>\n\t\t\t\t\t<\/div>\n\t\t<\/section>\n\t\t\t\t<\/div>\n\t\t","protected":false},"excerpt":{"rendered":"<p>Contenido1 Rutas de senderismo y miradores: recorridos para todos los niveles2 Escapadas con encanto: alojamientos rurales en plena monta\u00f1a 3 R\u00e9sidence Vacanc\u00e9ole Les \u00c9crins d&#8217;Auris 3.1 Hotel l&#8217;Escapade4 G\u00eete Auberge La Soulan5 Entre lagos y cascadas: secretos naturales de los Alpes franceses6 Aventuras al aire libre: esqu\u00ed, parapente y m\u00e1s experiencias extremas 6.1 Esqu\u00ed de&#8230;<\/p>\n","protected":false},"author":2,"featured_media":17119,"comment_status":"open","ping_status":"open","sticky":false,"template":"","format":"standard","meta":{"_acf_changed":false,"footnotes":""},"categories":[266],"tags":[35,233,1192,358,359,1193,14,892,234,49,256],"class_list":["post-17075","post","type-post","status-publish","format-standard","has-post-thumbnail","hentry","category-alpes-franceses","tag-alpes-franceses","tag-aventura","tag-btt","tag-cascadas","tag-deportes-de-montana","tag-escapadas","tag-esqui","tag-lagos","tag-naturaleza","tag-senderismo","tag-verano"],"acf":[],"yoast_head":"<!-- This site is optimized with the Yoast SEO plugin v23.1 - https:\/\/yoast.com\/wordpress\/plugins\/seo\/ -->\n<title>\u00a0Descubre el verano en las monta\u00f1as de los Alpes franceses - Esquiades Blog<\/title>\n<meta name=\"description\" content=\"Vive un verano diferente en los Alpes franceses: rutas, lagos, alojamientos con encanto y deportes extremos te esperan en plena naturaleza.\" \/>\n<meta name=\"robots\" content=\"index, follow, max-snippet:-1, max-image-preview:large, max-video-preview:-1\" \/>\n<link rel=\"canonical\" href=\"https:\/\/www.esquiades.com\/blog\/descubre-el-verano-en-las-montanas-de-los-alpes-franceses\/\" \/>\n<meta property=\"og:locale\" content=\"es_ES\" \/>\n<meta property=\"og:type\" content=\"article\" \/>\n<meta property=\"og:title\" content=\"\u00a0Descubre el verano en las monta\u00f1as de los Alpes franceses - Esquiades Blog\" \/>\n<meta property=\"og:description\" content=\"Vive un verano diferente en los Alpes franceses: rutas, lagos, alojamientos con encanto y deportes extremos te esperan en plena naturaleza.\" \/>\n<meta property=\"og:url\" content=\"https:\/\/www.esquiades.com\/blog\/descubre-el-verano-en-las-montanas-de-los-alpes-franceses\/\" \/>\n<meta property=\"og:site_name\" content=\"Esquiades Blog\" \/>\n<meta property=\"article:published_time\" content=\"2025-04-03T14:03:56+00:00\" \/>\n<meta property=\"article:modified_time\" content=\"2025-09-17T14:28:51+00:00\" \/>\n<meta property=\"og:image\" content=\"https:\/\/www.esquiades.com\/blog\/app\/uploads\/2025\/04\/portada-blog.jpg\" \/>\n\t<meta property=\"og:image:width\" content=\"1080\" \/>\n\t<meta property=\"og:image:height\" content=\"1080\" \/>\n\t<meta property=\"og:image:type\" content=\"image\/jpeg\" \/>\n<meta name=\"author\" content=\"Esquiades.com\" \/>\n<meta name=\"twitter:card\" content=\"summary_large_image\" \/>\n<meta name=\"twitter:label1\" content=\"Written by\" \/>\n\t<meta name=\"twitter:data1\" content=\"Esquiades.com\" \/>\n\t<meta name=\"twitter:label2\" content=\"Est. reading time\" \/>\n\t<meta name=\"twitter:data2\" content=\"9 minutos\" \/>\n<script type=\"application\/ld+json\" class=\"yoast-schema-graph\">{\"@context\":\"https:\/\/schema.org\",\"@graph\":[{\"@type\":\"NewsArticle\",\"@id\":\"https:\/\/www.esquiades.com\/blog\/descubre-el-verano-en-las-montanas-de-los-alpes-franceses\/#article\",\"isPartOf\":{\"@id\":\"https:\/\/www.esquiades.com\/blog\/descubre-el-verano-en-las-montanas-de-los-alpes-franceses\/\"},\"author\":{\"name\":\"Esquiades.com\",\"@id\":\"https:\/\/www.esquiades.com\/blog\/#\/schema\/person\/07e2783cdccb9bc9c6a29913c4d3b307\"},\"headline\":\"\u00a0Descubre el verano en las monta\u00f1as de los Alpes franceses\",\"datePublished\":\"2025-04-03T14:03:56+00:00\",\"dateModified\":\"2025-09-17T14:28:51+00:00\",\"mainEntityOfPage\":{\"@id\":\"https:\/\/www.esquiades.com\/blog\/descubre-el-verano-en-las-montanas-de-los-alpes-franceses\/\"},\"wordCount\":1884,\"commentCount\":0,\"publisher\":{\"@id\":\"https:\/\/www.esquiades.com\/blog\/#organization\"},\"image\":{\"@id\":\"https:\/\/www.esquiades.com\/blog\/descubre-el-verano-en-las-montanas-de-los-alpes-franceses\/#primaryimage\"},\"thumbnailUrl\":\"https:\/\/www.esquiades.com\/blog\/app\/uploads\/2025\/04\/portada-blog.jpg\",\"keywords\":[\"Alpes franceses\",\"aventura\",\"BTT\",\"cascadas\",\"deportes de monta\u00f1a\",\"escapadas\",\"Esqu\u00ed\",\"lagos\",\"naturaleza\",\"Senderismo\",\"verano\"],\"articleSection\":[\"Alpes franceses\"],\"inLanguage\":\"es\",\"potentialAction\":[{\"@type\":\"CommentAction\",\"name\":\"Comment\",\"target\":[\"https:\/\/www.esquiades.com\/blog\/descubre-el-verano-en-las-montanas-de-los-alpes-franceses\/#respond\"]}]},{\"@type\":\"WebPage\",\"@id\":\"https:\/\/www.esquiades.com\/blog\/descubre-el-verano-en-las-montanas-de-los-alpes-franceses\/\",\"url\":\"https:\/\/www.esquiades.com\/blog\/descubre-el-verano-en-las-montanas-de-los-alpes-franceses\/\",\"name\":\"\u00a0Descubre el verano en las monta\u00f1as de los Alpes franceses - Esquiades Blog\",\"isPartOf\":{\"@id\":\"https:\/\/www.esquiades.com\/blog\/#website\"},\"primaryImageOfPage\":{\"@id\":\"https:\/\/www.esquiades.com\/blog\/descubre-el-verano-en-las-montanas-de-los-alpes-franceses\/#primaryimage\"},\"image\":{\"@id\":\"https:\/\/www.esquiades.com\/blog\/descubre-el-verano-en-las-montanas-de-los-alpes-franceses\/#primaryimage\"},\"thumbnailUrl\":\"https:\/\/www.esquiades.com\/blog\/app\/uploads\/2025\/04\/portada-blog.jpg\",\"datePublished\":\"2025-04-03T14:03:56+00:00\",\"dateModified\":\"2025-09-17T14:28:51+00:00\",\"description\":\"Vive un verano diferente en los Alpes franceses: rutas, lagos, alojamientos con encanto y deportes extremos te esperan en plena naturaleza.\",\"breadcrumb\":{\"@id\":\"https:\/\/www.esquiades.com\/blog\/descubre-el-verano-en-las-montanas-de-los-alpes-franceses\/#breadcrumb\"},\"inLanguage\":\"es\",\"potentialAction\":[{\"@type\":\"ReadAction\",\"target\":[\"https:\/\/www.esquiades.com\/blog\/descubre-el-verano-en-las-montanas-de-los-alpes-franceses\/\"]}]},{\"@type\":\"ImageObject\",\"inLanguage\":\"es\",\"@id\":\"https:\/\/www.esquiades.com\/blog\/descubre-el-verano-en-las-montanas-de-los-alpes-franceses\/#primaryimage\",\"url\":\"https:\/\/www.esquiades.com\/blog\/app\/uploads\/2025\/04\/portada-blog.jpg\",\"contentUrl\":\"https:\/\/www.esquiades.com\/blog\/app\/uploads\/2025\/04\/portada-blog.jpg\",\"width\":1080,\"height\":1080},{\"@type\":\"BreadcrumbList\",\"@id\":\"https:\/\/www.esquiades.com\/blog\/descubre-el-verano-en-las-montanas-de-los-alpes-franceses\/#breadcrumb\",\"itemListElement\":[{\"@type\":\"ListItem\",\"position\":1,\"name\":\"Home\",\"item\":\"https:\/\/www.esquiades.com\/blog\/\"},{\"@type\":\"ListItem\",\"position\":2,\"name\":\"\u00a0Descubre el verano en las monta\u00f1as de los Alpes franceses\"}]},{\"@type\":\"WebSite\",\"@id\":\"https:\/\/www.esquiades.com\/blog\/#website\",\"url\":\"https:\/\/www.esquiades.com\/blog\/\",\"name\":\"Esquiades Blog\",\"description\":\"Pasi\u00f3n por la nieve y la monta\u00f1a\",\"publisher\":{\"@id\":\"https:\/\/www.esquiades.com\/blog\/#organization\"},\"potentialAction\":[{\"@type\":\"SearchAction\",\"target\":{\"@type\":\"EntryPoint\",\"urlTemplate\":\"https:\/\/www.esquiades.com\/blog\/?s={search_term_string}\"},\"query-input\":\"required name=search_term_string\"}],\"inLanguage\":\"es\"},{\"@type\":\"Organization\",\"@id\":\"https:\/\/www.esquiades.com\/blog\/#organization\",\"name\":\"Esquiades Blog\",\"url\":\"https:\/\/www.esquiades.com\/blog\/\",\"logo\":{\"@type\":\"ImageObject\",\"inLanguage\":\"es\",\"@id\":\"https:\/\/www.esquiades.com\/blog\/#\/schema\/logo\/image\/\",\"url\":\"https:\/\/www.esquiades.com\/blog\/app\/uploads\/2017\/02\/esquiades-LOGO-2.jpg\",\"contentUrl\":\"https:\/\/www.esquiades.com\/blog\/app\/uploads\/2017\/02\/esquiades-LOGO-2.jpg\",\"width\":397,\"height\":157,\"caption\":\"Esquiades Blog\"},\"image\":{\"@id\":\"https:\/\/www.esquiades.com\/blog\/#\/schema\/logo\/image\/\"}},{\"@type\":\"Person\",\"@id\":\"https:\/\/www.esquiades.com\/blog\/#\/schema\/person\/07e2783cdccb9bc9c6a29913c4d3b307\",\"name\":\"Esquiades.com\",\"image\":{\"@type\":\"ImageObject\",\"inLanguage\":\"es\",\"@id\":\"https:\/\/www.esquiades.com\/blog\/#\/schema\/person\/image\/\",\"url\":\"https:\/\/secure.gravatar.com\/avatar\/f29c2c662551af629137fbc3ddf97cbba8c16780b762bc122936f43a2034f086?s=96&d=mm&r=g\",\"contentUrl\":\"https:\/\/secure.gravatar.com\/avatar\/f29c2c662551af629137fbc3ddf97cbba8c16780b762bc122936f43a2034f086?s=96&d=mm&r=g\",\"caption\":\"Esquiades.com\"},\"url\":\"https:\/\/www.esquiades.com\/blog\/author\/esquiades\/\"}]}<\/script>\n<!-- \/ Yoast SEO plugin. -->","yoast_head_json":{"title":"\u00a0Descubre el verano en las monta\u00f1as de los Alpes franceses - Esquiades Blog","description":"Vive un verano diferente en los Alpes franceses: rutas, lagos, alojamientos con encanto y deportes extremos te esperan en plena naturaleza.","robots":{"index":"index","follow":"follow","max-snippet":"max-snippet:-1","max-image-preview":"max-image-preview:large","max-video-preview":"max-video-preview:-1"},"canonical":"https:\/\/www.esquiades.com\/blog\/descubre-el-verano-en-las-montanas-de-los-alpes-franceses\/","og_locale":"es_ES","og_type":"article","og_title":"\u00a0Descubre el verano en las monta\u00f1as de los Alpes franceses - Esquiades Blog","og_description":"Vive un verano diferente en los Alpes franceses: rutas, lagos, alojamientos con encanto y deportes extremos te esperan en plena naturaleza.","og_url":"https:\/\/www.esquiades.com\/blog\/descubre-el-verano-en-las-montanas-de-los-alpes-franceses\/","og_site_name":"Esquiades Blog","article_published_time":"2025-04-03T14:03:56+00:00","article_modified_time":"2025-09-17T14:28:51+00:00","og_image":[{"width":1080,"height":1080,"url":"https:\/\/www.esquiades.com\/blog\/app\/uploads\/2025\/04\/portada-blog.jpg","type":"image\/jpeg"}],"author":"Esquiades.com","twitter_card":"summary_large_image","twitter_misc":{"Written by":"Esquiades.com","Est. reading time":"9 minutos"},"schema":{"@context":"https:\/\/schema.org","@graph":[{"@type":"NewsArticle","@id":"https:\/\/www.esquiades.com\/blog\/descubre-el-verano-en-las-montanas-de-los-alpes-franceses\/#article","isPartOf":{"@id":"https:\/\/www.esquiades.com\/blog\/descubre-el-verano-en-las-montanas-de-los-alpes-franceses\/"},"author":{"name":"Esquiades.com","@id":"https:\/\/www.esquiades.com\/blog\/#\/schema\/person\/07e2783cdccb9bc9c6a29913c4d3b307"},"headline":"\u00a0Descubre el verano en las monta\u00f1as de los Alpes franceses","datePublished":"2025-04-03T14:03:56+00:00","dateModified":"2025-09-17T14:28:51+00:00","mainEntityOfPage":{"@id":"https:\/\/www.esquiades.com\/blog\/descubre-el-verano-en-las-montanas-de-los-alpes-franceses\/"},"wordCount":1884,"commentCount":0,"publisher":{"@id":"https:\/\/www.esquiades.com\/blog\/#organization"},"image":{"@id":"https:\/\/www.esquiades.com\/blog\/descubre-el-verano-en-las-montanas-de-los-alpes-franceses\/#primaryimage"},"thumbnailUrl":"https:\/\/www.esquiades.com\/blog\/app\/uploads\/2025\/04\/portada-blog.jpg","keywords":["Alpes franceses","aventura","BTT","cascadas","deportes de monta\u00f1a","escapadas","Esqu\u00ed","lagos","naturaleza","Senderismo","verano"],"articleSection":["Alpes franceses"],"inLanguage":"es","potentialAction":[{"@type":"CommentAction","name":"Comment","target":["https:\/\/www.esquiades.com\/blog\/descubre-el-verano-en-las-montanas-de-los-alpes-franceses\/#respond"]}]},{"@type":"WebPage","@id":"https:\/\/www.esquiades.com\/blog\/descubre-el-verano-en-las-montanas-de-los-alpes-franceses\/","url":"https:\/\/www.esquiades.com\/blog\/descubre-el-verano-en-las-montanas-de-los-alpes-franceses\/","name":"\u00a0Descubre el verano en las monta\u00f1as de los Alpes franceses - Esquiades Blog","isPartOf":{"@id":"https:\/\/www.esquiades.com\/blog\/#website"},"primaryImageOfPage":{"@id":"https:\/\/www.esquiades.com\/blog\/descubre-el-verano-en-las-montanas-de-los-alpes-franceses\/#primaryimage"},"image":{"@id":"https:\/\/www.esquiades.com\/blog\/descubre-el-verano-en-las-montanas-de-los-alpes-franceses\/#primaryimage"},"thumbnailUrl":"https:\/\/www.esquiades.com\/blog\/app\/uploads\/2025\/04\/portada-blog.jpg","datePublished":"2025-04-03T14:03:56+00:00","dateModified":"2025-09-17T14:28:51+00:00","description":"Vive un verano diferente en los Alpes franceses: rutas, lagos, alojamientos con encanto y deportes extremos te esperan en plena naturaleza.","breadcrumb":{"@id":"https:\/\/www.esquiades.com\/blog\/descubre-el-verano-en-las-montanas-de-los-alpes-franceses\/#breadcrumb"},"inLanguage":"es","potentialAction":[{"@type":"ReadAction","target":["https:\/\/www.esquiades.com\/blog\/descubre-el-verano-en-las-montanas-de-los-alpes-franceses\/"]}]},{"@type":"ImageObject","inLanguage":"es","@id":"https:\/\/www.esquiades.com\/blog\/descubre-el-verano-en-las-montanas-de-los-alpes-franceses\/#primaryimage","url":"https:\/\/www.esquiades.com\/blog\/app\/uploads\/2025\/04\/portada-blog.jpg","contentUrl":"https:\/\/www.esquiades.com\/blog\/app\/uploads\/2025\/04\/portada-blog.jpg","width":1080,"height":1080},{"@type":"BreadcrumbList","@id":"https:\/\/www.esquiades.com\/blog\/descubre-el-verano-en-las-montanas-de-los-alpes-franceses\/#breadcrumb","itemListElement":[{"@type":"ListItem","position":1,"name":"Home","item":"https:\/\/www.esquiades.com\/blog\/"},{"@type":"ListItem","position":2,"name":"\u00a0Descubre el verano en las monta\u00f1as de los Alpes franceses"}]},{"@type":"WebSite","@id":"https:\/\/www.esquiades.com\/blog\/#website","url":"https:\/\/www.esquiades.com\/blog\/","name":"Esquiades Blog","description":"Pasi\u00f3n por la nieve y la monta\u00f1a","publisher":{"@id":"https:\/\/www.esquiades.com\/blog\/#organization"},"potentialAction":[{"@type":"SearchAction","target":{"@type":"EntryPoint","urlTemplate":"https:\/\/www.esquiades.com\/blog\/?s={search_term_string}"},"query-input":"required name=search_term_string"}],"inLanguage":"es"},{"@type":"Organization","@id":"https:\/\/www.esquiades.com\/blog\/#organization","name":"Esquiades Blog","url":"https:\/\/www.esquiades.com\/blog\/","logo":{"@type":"ImageObject","inLanguage":"es","@id":"https:\/\/www.esquiades.com\/blog\/#\/schema\/logo\/image\/","url":"https:\/\/www.esquiades.com\/blog\/app\/uploads\/2017\/02\/esquiades-LOGO-2.jpg","contentUrl":"https:\/\/www.esquiades.com\/blog\/app\/uploads\/2017\/02\/esquiades-LOGO-2.jpg","width":397,"height":157,"caption":"Esquiades Blog"},"image":{"@id":"https:\/\/www.esquiades.com\/blog\/#\/schema\/logo\/image\/"}},{"@type":"Person","@id":"https:\/\/www.esquiades.com\/blog\/#\/schema\/person\/07e2783cdccb9bc9c6a29913c4d3b307","name":"Esquiades.com","image":{"@type":"ImageObject","inLanguage":"es","@id":"https:\/\/www.esquiades.com\/blog\/#\/schema\/person\/image\/","url":"https:\/\/secure.gravatar.com\/avatar\/f29c2c662551af629137fbc3ddf97cbba8c16780b762bc122936f43a2034f086?s=96&d=mm&r=g","contentUrl":"https:\/\/secure.gravatar.com\/avatar\/f29c2c662551af629137fbc3ddf97cbba8c16780b762bc122936f43a2034f086?s=96&d=mm&r=g","caption":"Esquiades.com"},"url":"https:\/\/www.esquiades.com\/blog\/author\/esquiades\/"}]}},"_links":{"self":[{"href":"https:\/\/www.esquiades.com\/blog\/wp-json\/wp\/v2\/posts\/17075","targetHints":{"allow":["GET"]}}],"collection":[{"href":"https:\/\/www.esquiades.com\/blog\/wp-json\/wp\/v2\/posts"}],"about":[{"href":"https:\/\/www.esquiades.com\/blog\/wp-json\/wp\/v2\/types\/post"}],"author":[{"embeddable":true,"href":"https:\/\/www.esquiades.com\/blog\/wp-json\/wp\/v2\/users\/2"}],"replies":[{"embeddable":true,"href":"https:\/\/www.esquiades.com\/blog\/wp-json\/wp\/v2\/comments?post=17075"}],"version-history":[{"count":7,"href":"https:\/\/www.esquiades.com\/blog\/wp-json\/wp\/v2\/posts\/17075\/revisions"}],"predecessor-version":[{"id":17129,"href":"https:\/\/www.esquiades.com\/blog\/wp-json\/wp\/v2\/posts\/17075\/revisions\/17129"}],"wp:featuredmedia":[{"embeddable":true,"href":"https:\/\/www.esquiades.com\/blog\/wp-json\/wp\/v2\/media\/17119"}],"wp:attachment":[{"href":"https:\/\/www.esquiades.com\/blog\/wp-json\/wp\/v2\/media?parent=17075"}],"wp:term":[{"taxonomy":"category","embeddable":true,"href":"https:\/\/www.esquiades.com\/blog\/wp-json\/wp\/v2\/categories?post=17075"},{"taxonomy":"post_tag","embeddable":true,"href":"https:\/\/www.esquiades.com\/blog\/wp-json\/wp\/v2\/tags?post=17075"}],"curies":[{"name":"wp","href":"https:\/\/api.w.org\/{rel}","templated":true}]}}