{"id":16762,"date":"2025-02-14T10:19:59","date_gmt":"2025-02-14T09:19:59","guid":{"rendered":"https:\/\/www.esquiades.com\/blog\/?p=16762"},"modified":"2025-02-20T15:58:21","modified_gmt":"2025-02-20T14:58:21","slug":"te-desvelamos-las-estaciones-de-esqui-con-mas-grosores-de-nieve-de-la-temporada-2024-2025","status":"publish","type":"post","link":"https:\/\/www.esquiades.com\/blog\/te-desvelamos-las-estaciones-de-esqui-con-mas-grosores-de-nieve-de-la-temporada-2024-2025\/","title":{"rendered":"Te desvelamos las estaciones de esqu\u00ed con m\u00e1s grosores de nieve de la temporada 2024-2025"},"content":{"rendered":"<div id=\"toc_container\" class=\"no_bullets\"><p class=\"toc_title\">Contenido<\/p><ul class=\"toc_list\"><li><a href=\"#Los_Alpes_Franceses_ganadores_en_cuanto_a_grosores_de_nieve\"><span class=\"toc_number toc_depth_1\">1<\/span> Los Alpes Franceses, ganadores en cuanto a grosores de nieve\n<\/a><ul><li><a href=\"#Alpe_dHuez_la_estacion_mas_cercana_a_Espana_y_la_que_tiene_mas_nieve\"><span class=\"toc_number toc_depth_2\">1.1<\/span> Alpe d\u2019Huez, la estaci\u00f3n m\u00e1s cercana a Espa\u00f1a y la que tiene m\u00e1s nieve\n<\/a><\/li><li><a href=\"#La_estacion_Les_Arcs_sorprende_por_sus_grosores_y_calidad_de_la_nieve\"><span class=\"toc_number toc_depth_2\">1.2<\/span> La estaci\u00f3n Les Arcs sorprende por sus grosores y calidad de la nieve<\/a><\/li><li><a href=\"#Piau_Engaly_la_reina_de_la_nieve_en_el_Pirineo_Frances\"><span class=\"toc_number toc_depth_2\">1.3<\/span> Piau Engaly, la reina de la nieve en el Pirineo Franc\u00e9s\n<\/a><\/li><\/ul><\/li><li><a href=\"#La_estacion_con_mas_nieve_de_Andorra_Ordino_Arcalis\"><span class=\"toc_number toc_depth_1\">2<\/span> La estaci\u00f3n con m\u00e1s nieve de Andorra: Ordino Arcal\u00eds<\/a><\/li><li><a href=\"#Baqueira_Beret_la_estacion_del_Pirineo_Catalan_con_mas_nieve\"><span class=\"toc_number toc_depth_1\">3<\/span> Baqueira Beret, la estaci\u00f3n del Pirineo Catal\u00e1n con m\u00e1s nieve<\/a><\/li><li><a href=\"#El_Pirineo_Aragones_no_se_queda_atras_hasta_160cm_de_nieve_acumulada\"><span class=\"toc_number toc_depth_1\">4<\/span> El Pirineo Aragon\u00e9s no se queda atr\u00e1s: hasta 160cm de nieve acumulada\n<\/a><\/li><li><a href=\"#El_rol_importante_de_la_meteorologia\"><span class=\"toc_number toc_depth_1\">5<\/span> El rol importante de la meteorolog\u00eda<\/a><\/li><\/ul><\/div>\n\t\t<div data-elementor-type=\"wp-post\" data-elementor-id=\"16762\" class=\"elementor elementor-16762\" data-elementor-post-type=\"post\">\n\t\t\t\t\t\t<section class=\"elementor-section elementor-top-section elementor-element elementor-element-cce0b7a elementor-section-boxed elementor-section-height-default elementor-section-height-default\" data-id=\"cce0b7a\" data-element_type=\"section\">\n\t\t\t\t\t\t<div class=\"elementor-container elementor-column-gap-default\">\n\t\t\t\t\t<div class=\"elementor-column elementor-col-100 elementor-top-column elementor-element elementor-element-611d9a6\" data-id=\"611d9a6\" data-element_type=\"column\">\n\t\t\t<div class=\"elementor-widget-wrap elementor-element-populated\">\n\t\t\t\t\t\t<div class=\"elementor-element elementor-element-73aa23b elementor-widget elementor-widget-text-editor\" data-id=\"73aa23b\" data-element_type=\"widget\" data-widget_type=\"text-editor.default\">\n\t\t\t\t<div class=\"elementor-widget-container\">\n\t\t\t\t\t\t\t\t\t<p>Si eres un amante del esqu\u00ed y la monta\u00f1a, seguro que te estar\u00e1s preguntando <strong>cu\u00e1les son las estaciones con m\u00e1s nieve<\/strong> y menos aglomeraciones. \u2744\ufe0f \u00a1Est\u00e1s en el lugar correcto!<\/p><p>En nuestro <strong>nuevo art\u00edculo del blog<\/strong>, <span style=\"text-decoration: underline;\"><a href=\"https:\/\/www.esquiades.com\/\" target=\"_blank\" rel=\"noopener\">Esquiades.com<\/a><\/span> te trae una selecci\u00f3n de las estaciones con m\u00e1s grosores de nieve en Espa\u00f1a, Andorra y los Alpes Franceses. Somos expertos en nieve, as\u00ed que te daremos nuestros mejores consejos \ud83d\ude09<\/p>\t\t\t\t\t\t\t\t<\/div>\n\t\t\t\t<\/div>\n\t\t\t\t\t<\/div>\n\t\t<\/div>\n\t\t\t\t\t<\/div>\n\t\t<\/section>\n\t\t\t\t<section class=\"elementor-section elementor-top-section elementor-element elementor-element-fc1619d elementor-section-boxed elementor-section-height-default elementor-section-height-default\" data-id=\"fc1619d\" data-element_type=\"section\">\n\t\t\t\t\t\t<div class=\"elementor-container elementor-column-gap-default\">\n\t\t\t\t\t<div class=\"elementor-column elementor-col-100 elementor-top-column elementor-element elementor-element-252caf5\" data-id=\"252caf5\" data-element_type=\"column\">\n\t\t\t<div class=\"elementor-widget-wrap elementor-element-populated\">\n\t\t\t\t\t\t<div class=\"elementor-element elementor-element-637cf37 elementor-widget elementor-widget-image\" data-id=\"637cf37\" data-element_type=\"widget\" data-widget_type=\"image.default\">\n\t\t\t\t<div class=\"elementor-widget-container\">\n\t\t\t\t\t\t\t\t\t\t\t\t<figure class=\"wp-caption\">\n\t\t\t\t\t\t\t\t\t\t<img fetchpriority=\"high\" decoding=\"async\" width=\"518\" height=\"434\" src=\"https:\/\/www.esquiades.com\/blog\/app\/uploads\/2025\/02\/huez.png\" class=\"attachment-large size-large wp-image-16764\" alt=\"\" \/>\t\t\t\t\t\t\t\t\t\t\t<figcaption class=\"widget-image-caption wp-caption-text\">Alpe d\u2019Huez, uno de los destinos que merece estar en esta lista \ud83c\udfaf<\/figcaption>\n\t\t\t\t\t\t\t\t\t\t<\/figure>\n\t\t\t\t\t\t\t\t\t<\/div>\n\t\t\t\t<\/div>\n\t\t\t\t\t<\/div>\n\t\t<\/div>\n\t\t\t\t\t<\/div>\n\t\t<\/section>\n\t\t\t\t<section class=\"elementor-section elementor-top-section elementor-element elementor-element-6be41ca elementor-section-boxed elementor-section-height-default elementor-section-height-default\" data-id=\"6be41ca\" data-element_type=\"section\">\n\t\t\t\t\t\t<div class=\"elementor-container elementor-column-gap-default\">\n\t\t\t\t\t<div class=\"elementor-column elementor-col-100 elementor-top-column elementor-element elementor-element-ad4f17e\" data-id=\"ad4f17e\" data-element_type=\"column\">\n\t\t\t<div class=\"elementor-widget-wrap elementor-element-populated\">\n\t\t\t\t\t\t<div class=\"elementor-element elementor-element-5c7a0d3 elementor-widget elementor-widget-text-editor\" data-id=\"5c7a0d3\" data-element_type=\"widget\" data-widget_type=\"text-editor.default\">\n\t\t\t\t<div class=\"elementor-widget-container\">\n\t\t\t\t\t\t\t\t\t<p>Te ayudaremos a descubrir destinos con <strong>excelentes condiciones y grandes espesores de nieve<\/strong> para disfrutar al m\u00e1ximo de la temporada, ya sea con nieve reci\u00e9n ca\u00edda, pistas donde la nieve aguanta o estaciones menos transitadas para deslizarte sin largas esperas. \u23f3<\/p>\t\t\t\t\t\t\t\t<\/div>\n\t\t\t\t<\/div>\n\t\t\t\t\t<\/div>\n\t\t<\/div>\n\t\t\t\t\t<\/div>\n\t\t<\/section>\n\t\t\t\t<section class=\"elementor-section elementor-top-section elementor-element elementor-element-0e9c3ff elementor-section-boxed elementor-section-height-default elementor-section-height-default\" data-id=\"0e9c3ff\" data-element_type=\"section\">\n\t\t\t\t\t\t<div class=\"elementor-container elementor-column-gap-default\">\n\t\t\t\t\t<div class=\"elementor-column elementor-col-100 elementor-top-column elementor-element elementor-element-690d0a7\" data-id=\"690d0a7\" data-element_type=\"column\">\n\t\t\t<div class=\"elementor-widget-wrap elementor-element-populated\">\n\t\t\t\t\t\t<div class=\"elementor-element elementor-element-92c9fde elementor-widget elementor-widget-text-editor\" data-id=\"92c9fde\" data-element_type=\"widget\" data-widget_type=\"text-editor.default\">\n\t\t\t\t<div class=\"elementor-widget-container\">\n\t\t\t\t\t\t\t\t\t<p><strong>\u00bfPreparado para encontrar tu pr\u00f3xima aventura en la nieve? \u00a1Sigue leyendo! \ud83e\udd13<\/strong><\/p>\t\t\t\t\t\t\t\t<\/div>\n\t\t\t\t<\/div>\n\t\t\t\t\t<\/div>\n\t\t<\/div>\n\t\t\t\t\t<\/div>\n\t\t<\/section>\n\t\t\t\t<section class=\"elementor-section elementor-top-section elementor-element elementor-element-fe6a471 elementor-section-boxed elementor-section-height-default elementor-section-height-default\" data-id=\"fe6a471\" data-element_type=\"section\">\n\t\t\t\t\t\t<div class=\"elementor-container elementor-column-gap-default\">\n\t\t\t\t\t<div class=\"elementor-column elementor-col-100 elementor-top-column elementor-element elementor-element-260a4b9\" data-id=\"260a4b9\" data-element_type=\"column\">\n\t\t\t<div class=\"elementor-widget-wrap elementor-element-populated\">\n\t\t\t\t\t\t<div class=\"elementor-element elementor-element-fa7d504 elementor-widget elementor-widget-spacer\" data-id=\"fa7d504\" data-element_type=\"widget\" data-widget_type=\"spacer.default\">\n\t\t\t\t<div class=\"elementor-widget-container\">\n\t\t\t\t\t\t\t<div class=\"elementor-spacer\">\n\t\t\t<div class=\"elementor-spacer-inner\"><\/div>\n\t\t<\/div>\n\t\t\t\t\t\t<\/div>\n\t\t\t\t<\/div>\n\t\t\t\t\t<\/div>\n\t\t<\/div>\n\t\t\t\t\t<\/div>\n\t\t<\/section>\n\t\t\t\t<section class=\"elementor-section elementor-top-section elementor-element elementor-element-440bc97 elementor-section-boxed elementor-section-height-default elementor-section-height-default\" data-id=\"440bc97\" data-element_type=\"section\">\n\t\t\t\t\t\t<div class=\"elementor-container elementor-column-gap-default\">\n\t\t\t\t\t<div class=\"elementor-column elementor-col-100 elementor-top-column elementor-element elementor-element-5989271\" data-id=\"5989271\" data-element_type=\"column\">\n\t\t\t<div class=\"elementor-widget-wrap elementor-element-populated\">\n\t\t\t\t\t\t<div class=\"elementor-element elementor-element-1be7520 elementor-widget elementor-widget-heading\" data-id=\"1be7520\" data-element_type=\"widget\" data-widget_type=\"heading.default\">\n\t\t\t\t<div class=\"elementor-widget-container\">\n\t\t\t\t\t<h2 class=\"elementor-heading-title elementor-size-default\"><span id=\"Los_Alpes_Franceses_ganadores_en_cuanto_a_grosores_de_nieve\">Los Alpes Franceses, ganadores en cuanto a grosores de nieve\n<\/span><\/h2>\t\t\t\t<\/div>\n\t\t\t\t<\/div>\n\t\t\t\t\t<\/div>\n\t\t<\/div>\n\t\t\t\t\t<\/div>\n\t\t<\/section>\n\t\t\t\t<section class=\"elementor-section elementor-top-section elementor-element elementor-element-220d3cc elementor-section-boxed elementor-section-height-default elementor-section-height-default\" data-id=\"220d3cc\" data-element_type=\"section\">\n\t\t\t\t\t\t<div class=\"elementor-container elementor-column-gap-default\">\n\t\t\t\t\t<div class=\"elementor-column elementor-col-100 elementor-top-column elementor-element elementor-element-f70d439\" data-id=\"f70d439\" data-element_type=\"column\">\n\t\t\t<div class=\"elementor-widget-wrap elementor-element-populated\">\n\t\t\t\t\t\t<div class=\"elementor-element elementor-element-a3069ce elementor-widget elementor-widget-text-editor\" data-id=\"a3069ce\" data-element_type=\"widget\" data-widget_type=\"text-editor.default\">\n\t\t\t\t<div class=\"elementor-widget-container\">\n\t\t\t\t\t\t\t\t\t<p>En los Alpes Franceses se han acumulado hasta casi 3m de nieve \ud83d\ude46 \u00a1Una aut\u00e9ntica locura! \u2744\ufe0f<\/p>\t\t\t\t\t\t\t\t<\/div>\n\t\t\t\t<\/div>\n\t\t\t\t\t<\/div>\n\t\t<\/div>\n\t\t\t\t\t<\/div>\n\t\t<\/section>\n\t\t\t\t<section class=\"elementor-section elementor-top-section elementor-element elementor-element-b9f9aef elementor-section-boxed elementor-section-height-default elementor-section-height-default\" data-id=\"b9f9aef\" data-element_type=\"section\">\n\t\t\t\t\t\t<div class=\"elementor-container elementor-column-gap-default\">\n\t\t\t\t\t<div class=\"elementor-column elementor-col-100 elementor-top-column elementor-element elementor-element-a9e31d6\" data-id=\"a9e31d6\" data-element_type=\"column\">\n\t\t\t<div class=\"elementor-widget-wrap elementor-element-populated\">\n\t\t\t\t\t\t<div class=\"elementor-element elementor-element-2a68ce7 elementor-widget elementor-widget-text-editor\" data-id=\"2a68ce7\" data-element_type=\"widget\" data-widget_type=\"text-editor.default\">\n\t\t\t\t<div class=\"elementor-widget-container\">\n\t\t\t\t\t\t\t\t\t<p>En Esquiades.com te desvelamos cu\u00e1les son las estaciones francesas que m\u00e1s nieve han acumulado. \u00a1Empezamos! \ud83d\udcaa<\/p>\t\t\t\t\t\t\t\t<\/div>\n\t\t\t\t<\/div>\n\t\t\t\t\t<\/div>\n\t\t<\/div>\n\t\t\t\t\t<\/div>\n\t\t<\/section>\n\t\t\t\t<section class=\"elementor-section elementor-top-section elementor-element elementor-element-e3764ac elementor-section-boxed elementor-section-height-default elementor-section-height-default\" data-id=\"e3764ac\" data-element_type=\"section\">\n\t\t\t\t\t\t<div class=\"elementor-container elementor-column-gap-default\">\n\t\t\t\t\t<div class=\"elementor-column elementor-col-100 elementor-top-column elementor-element elementor-element-dfdc042\" data-id=\"dfdc042\" data-element_type=\"column\">\n\t\t\t<div class=\"elementor-widget-wrap elementor-element-populated\">\n\t\t\t\t\t\t<div class=\"elementor-element elementor-element-f36b8f9 elementor-widget elementor-widget-heading\" data-id=\"f36b8f9\" data-element_type=\"widget\" data-widget_type=\"heading.default\">\n\t\t\t\t<div class=\"elementor-widget-container\">\n\t\t\t\t\t<h3 class=\"elementor-heading-title elementor-size-default\"><span id=\"Alpe_dHuez_la_estacion_mas_cercana_a_Espana_y_la_que_tiene_mas_nieve\">Alpe d\u2019Huez, la estaci\u00f3n m\u00e1s cercana a Espa\u00f1a y la que tiene m\u00e1s nieve\n<\/span><\/h3>\t\t\t\t<\/div>\n\t\t\t\t<\/div>\n\t\t\t\t\t<\/div>\n\t\t<\/div>\n\t\t\t\t\t<\/div>\n\t\t<\/section>\n\t\t\t\t<section class=\"elementor-section elementor-top-section elementor-element elementor-element-0283a25 elementor-section-boxed elementor-section-height-default elementor-section-height-default\" data-id=\"0283a25\" data-element_type=\"section\">\n\t\t\t\t\t\t<div class=\"elementor-container elementor-column-gap-default\">\n\t\t\t\t\t<div class=\"elementor-column elementor-col-100 elementor-top-column elementor-element elementor-element-ef840c3\" data-id=\"ef840c3\" data-element_type=\"column\">\n\t\t\t<div class=\"elementor-widget-wrap elementor-element-populated\">\n\t\t\t\t\t\t<div class=\"elementor-element elementor-element-144149f elementor-widget elementor-widget-text-editor\" data-id=\"144149f\" data-element_type=\"widget\" data-widget_type=\"text-editor.default\">\n\t\t\t\t<div class=\"elementor-widget-container\">\n\t\t\t\t\t\t\t\t\t<p><a href=\"https:\/\/www.esquiades.com\/pistas\/alpe-dhuez\/\" target=\"_blank\" rel=\"noopener\">Alpe d\u2019Huez<\/a> es la estaci\u00f3n de esqu\u00ed de los <a href=\"https:\/\/www.esquiades.com\/viajes-esqui\/alpes-franceses-norte-104\" target=\"_blank\" rel=\"noopener\">Alpes Franceses<\/a> m\u00e1s cercana a Espa\u00f1a y, adem\u00e1s, una de las m\u00e1s soleadas de la regi\u00f3n. No en vano, se la conoce como la \u00abIsla del Sol\u00bb \u2600\ufe0f, gracias a sus m\u00e1s de 300 d\u00edas de sol al a\u00f1o. Ubicada en el macizo de Grandes Rousses, esta estaci\u00f3n ofrece una impresionante <b>variedad de pistas aptas para todos los niveles<\/b>, junto con unas vistas espectaculares del valle de Romanche y las majestuosas cumbres circundantes.<\/p>\t\t\t\t\t\t\t\t<\/div>\n\t\t\t\t<\/div>\n\t\t\t\t\t<\/div>\n\t\t<\/div>\n\t\t\t\t\t<\/div>\n\t\t<\/section>\n\t\t\t\t<section class=\"elementor-section elementor-top-section elementor-element elementor-element-dde9ce6 elementor-section-boxed elementor-section-height-default elementor-section-height-default\" data-id=\"dde9ce6\" data-element_type=\"section\">\n\t\t\t\t\t\t<div class=\"elementor-container elementor-column-gap-default\">\n\t\t\t\t\t<div class=\"elementor-column elementor-col-100 elementor-top-column elementor-element elementor-element-be0f04a\" data-id=\"be0f04a\" data-element_type=\"column\">\n\t\t\t<div class=\"elementor-widget-wrap elementor-element-populated\">\n\t\t\t\t\t\t<div class=\"elementor-element elementor-element-a11dd70 elementor-widget elementor-widget-text-editor\" data-id=\"a11dd70\" data-element_type=\"widget\" data-widget_type=\"text-editor.default\">\n\t\t\t\t<div class=\"elementor-widget-container\">\n\t\t\t\t\t\t\t\t\t<p style=\"text-align: center;\"><em>Nosotros estuvimos a principio de la temporada, y nos lo pasamos en grande esquiando en Los Alpes Franceses \ud83d\udc99<\/em><\/p>\t\t\t\t\t\t\t\t<\/div>\n\t\t\t\t<\/div>\n\t\t\t\t\t<\/div>\n\t\t<\/div>\n\t\t\t\t\t<\/div>\n\t\t<\/section>\n\t\t\t\t<section class=\"elementor-section elementor-top-section elementor-element elementor-element-0a28242 elementor-section-boxed elementor-section-height-default elementor-section-height-default\" data-id=\"0a28242\" data-element_type=\"section\">\n\t\t\t\t\t\t<div class=\"elementor-container elementor-column-gap-default\">\n\t\t\t\t\t<div class=\"elementor-column elementor-col-100 elementor-top-column elementor-element elementor-element-938a527\" data-id=\"938a527\" data-element_type=\"column\">\n\t\t\t<div class=\"elementor-widget-wrap elementor-element-populated\">\n\t\t\t\t\t\t<div class=\"elementor-element elementor-element-440117b elementor-align-center elementor-widget elementor-widget-button\" data-id=\"440117b\" data-element_type=\"widget\" data-widget_type=\"button.default\">\n\t\t\t\t<div class=\"elementor-widget-container\">\n\t\t\t\t\t\t\t\t\t<div class=\"elementor-button-wrapper\">\n\t\t\t\t\t<a class=\"elementor-button elementor-button-link elementor-size-sm\" href=\"https:\/\/www.esquiades.com\/viajes-esqui\/alpes-franceses-norte-104\">\n\t\t\t\t\t\t<span class=\"elementor-button-content-wrapper\">\n\t\t\t\t\t\t\t\t\t<span class=\"elementor-button-text\">Esquiar en Los Alpes Franceses<\/span>\n\t\t\t\t\t<\/span>\n\t\t\t\t\t<\/a>\n\t\t\t\t<\/div>\n\t\t\t\t\t\t\t\t<\/div>\n\t\t\t\t<\/div>\n\t\t\t\t\t<\/div>\n\t\t<\/div>\n\t\t\t\t\t<\/div>\n\t\t<\/section>\n\t\t\t\t<section class=\"elementor-section elementor-top-section elementor-element elementor-element-e86200d elementor-section-boxed elementor-section-height-default elementor-section-height-default\" data-id=\"e86200d\" data-element_type=\"section\">\n\t\t\t\t\t\t<div class=\"elementor-container elementor-column-gap-default\">\n\t\t\t\t\t<div class=\"elementor-column elementor-col-100 elementor-top-column elementor-element elementor-element-0dff24b\" data-id=\"0dff24b\" data-element_type=\"column\">\n\t\t\t<div class=\"elementor-widget-wrap elementor-element-populated\">\n\t\t\t\t\t\t<div class=\"elementor-element elementor-element-ba70bab elementor-widget elementor-widget-text-editor\" data-id=\"ba70bab\" data-element_type=\"widget\" data-widget_type=\"text-editor.default\">\n\t\t\t\t<div class=\"elementor-widget-container\">\n\t\t\t\t\t\t\t\t\t<p>Con una <strong>altitud base de 1.860 metros<\/strong>, <span style=\"text-decoration: underline;\"><a href=\"https:\/\/www.esquiades.com\/pistas\/alpe-dhuez\/\" target=\"_blank\" rel=\"noopener\">Alpe d\u2019Huez<\/a><\/span> dispone de 250 km de pistas esquiables, incluyendo la legendaria pista negra de Sarenne, la m\u00e1s larga de Europa, con <strong>16 km de descenso continuo.<\/strong><\/p><p>\u00a0<\/p>\t\t\t\t\t\t\t\t<\/div>\n\t\t\t\t<\/div>\n\t\t\t\t\t<\/div>\n\t\t<\/div>\n\t\t\t\t\t<\/div>\n\t\t<\/section>\n\t\t\t\t<section class=\"elementor-section elementor-top-section elementor-element elementor-element-b9c6921 elementor-section-boxed elementor-section-height-default elementor-section-height-default\" data-id=\"b9c6921\" data-element_type=\"section\">\n\t\t\t\t\t\t<div class=\"elementor-container elementor-column-gap-default\">\n\t\t\t\t\t<div class=\"elementor-column elementor-col-100 elementor-top-column elementor-element elementor-element-bcf6957\" data-id=\"bcf6957\" data-element_type=\"column\">\n\t\t\t<div class=\"elementor-widget-wrap elementor-element-populated\">\n\t\t\t\t\t\t<div class=\"elementor-element elementor-element-f45409e elementor-widget elementor-widget-image\" data-id=\"f45409e\" data-element_type=\"widget\" data-widget_type=\"image.default\">\n\t\t\t\t<div class=\"elementor-widget-container\">\n\t\t\t\t\t\t\t\t\t\t\t\t\t\t\t<img decoding=\"async\" width=\"1024\" height=\"745\" src=\"https:\/\/www.esquiades.com\/blog\/app\/uploads\/2024\/12\/remonte.jpg\" class=\"attachment-large size-large wp-image-16444\" alt=\"\" \/>\t\t\t\t\t\t\t\t\t\t\t\t\t\t\t<\/div>\n\t\t\t\t<\/div>\n\t\t\t\t\t<\/div>\n\t\t<\/div>\n\t\t\t\t\t<\/div>\n\t\t<\/section>\n\t\t\t\t<section class=\"elementor-section elementor-top-section elementor-element elementor-element-d0c5603 elementor-section-boxed elementor-section-height-default elementor-section-height-default\" data-id=\"d0c5603\" data-element_type=\"section\">\n\t\t\t\t\t\t<div class=\"elementor-container elementor-column-gap-default\">\n\t\t\t\t\t<div class=\"elementor-column elementor-col-100 elementor-top-column elementor-element elementor-element-ab06b86\" data-id=\"ab06b86\" data-element_type=\"column\">\n\t\t\t<div class=\"elementor-widget-wrap elementor-element-populated\">\n\t\t\t\t\t\t<div class=\"elementor-element elementor-element-e71cc33 elementor-widget elementor-widget-text-editor\" data-id=\"e71cc33\" data-element_type=\"widget\" data-widget_type=\"text-editor.default\">\n\t\t\t\t<div class=\"elementor-widget-container\">\n\t\t\t\t\t\t\t\t\t<p style=\"text-align: center;\"><em>Esta foto es de principios de la temporada 2025-2025 \ud83e\udd29<\/em><\/p>\t\t\t\t\t\t\t\t<\/div>\n\t\t\t\t<\/div>\n\t\t\t\t\t<\/div>\n\t\t<\/div>\n\t\t\t\t\t<\/div>\n\t\t<\/section>\n\t\t\t\t<section class=\"elementor-section elementor-top-section elementor-element elementor-element-f5c9357 elementor-section-boxed elementor-section-height-default elementor-section-height-default\" data-id=\"f5c9357\" data-element_type=\"section\">\n\t\t\t\t\t\t<div class=\"elementor-container elementor-column-gap-default\">\n\t\t\t\t\t<div class=\"elementor-column elementor-col-100 elementor-top-column elementor-element elementor-element-a4d2967\" data-id=\"a4d2967\" data-element_type=\"column\">\n\t\t\t<div class=\"elementor-widget-wrap elementor-element-populated\">\n\t\t\t\t\t\t<div class=\"elementor-element elementor-element-0aed163 elementor-widget elementor-widget-text-editor\" data-id=\"0aed163\" data-element_type=\"widget\" data-widget_type=\"text-editor.default\">\n\t\t\t\t<div class=\"elementor-widget-container\">\n\t\t\t\t\t\t\t\t\t<p>Adem\u00e1s, esta temporada 2024-2025 <b>la estaci\u00f3n ha acumulado hasta 270 cm de nieve<\/b> \u2744\ufe0f, garantizando unas condiciones \u00f3ptimas para disfrutar del esqu\u00ed y el snowboard durante toda la temporada. \ud83d\udcaf Un destino ideal para los amantes de la nieve, el sol y del esqu\u00ed. \ud83c\udfd4\ufe0f<\/p>\t\t\t\t\t\t\t\t<\/div>\n\t\t\t\t<\/div>\n\t\t\t\t\t<\/div>\n\t\t<\/div>\n\t\t\t\t\t<\/div>\n\t\t<\/section>\n\t\t\t\t<section class=\"elementor-section elementor-top-section elementor-element elementor-element-67b74f9 elementor-section-boxed elementor-section-height-default elementor-section-height-default\" data-id=\"67b74f9\" data-element_type=\"section\">\n\t\t\t\t\t\t<div class=\"elementor-container elementor-column-gap-default\">\n\t\t\t\t\t<div class=\"elementor-column elementor-col-100 elementor-top-column elementor-element elementor-element-d797c17\" data-id=\"d797c17\" data-element_type=\"column\">\n\t\t\t<div class=\"elementor-widget-wrap elementor-element-populated\">\n\t\t\t\t\t\t<div class=\"elementor-element elementor-element-f56ea88 elementor-widget elementor-widget-image\" data-id=\"f56ea88\" data-element_type=\"widget\" data-widget_type=\"image.default\">\n\t\t\t\t<div class=\"elementor-widget-container\">\n\t\t\t\t\t\t\t\t\t\t\t\t\t\t\t<img decoding=\"async\" width=\"995\" height=\"1024\" src=\"https:\/\/www.esquiades.com\/blog\/app\/uploads\/2024\/12\/IMG_7053.jpg\" class=\"attachment-large size-large wp-image-16449\" alt=\"\" \/>\t\t\t\t\t\t\t\t\t\t\t\t\t\t\t<\/div>\n\t\t\t\t<\/div>\n\t\t\t\t\t<\/div>\n\t\t<\/div>\n\t\t\t\t\t<\/div>\n\t\t<\/section>\n\t\t\t\t<section class=\"elementor-section elementor-top-section elementor-element elementor-element-223652c elementor-section-boxed elementor-section-height-default elementor-section-height-default\" data-id=\"223652c\" data-element_type=\"section\">\n\t\t\t\t\t\t<div class=\"elementor-container elementor-column-gap-default\">\n\t\t\t\t\t<div class=\"elementor-column elementor-col-100 elementor-top-column elementor-element elementor-element-3d29d48\" data-id=\"3d29d48\" data-element_type=\"column\">\n\t\t\t<div class=\"elementor-widget-wrap elementor-element-populated\">\n\t\t\t\t\t\t<div class=\"elementor-element elementor-element-f6cd27d elementor-widget elementor-widget-spacer\" data-id=\"f6cd27d\" data-element_type=\"widget\" data-widget_type=\"spacer.default\">\n\t\t\t\t<div class=\"elementor-widget-container\">\n\t\t\t\t\t\t\t<div class=\"elementor-spacer\">\n\t\t\t<div class=\"elementor-spacer-inner\"><\/div>\n\t\t<\/div>\n\t\t\t\t\t\t<\/div>\n\t\t\t\t<\/div>\n\t\t\t\t\t<\/div>\n\t\t<\/div>\n\t\t\t\t\t<\/div>\n\t\t<\/section>\n\t\t\t\t<section class=\"elementor-section elementor-top-section elementor-element elementor-element-b1ad66d elementor-section-boxed elementor-section-height-default elementor-section-height-default\" data-id=\"b1ad66d\" data-element_type=\"section\">\n\t\t\t\t\t\t<div class=\"elementor-container elementor-column-gap-default\">\n\t\t\t\t\t<div class=\"elementor-column elementor-col-100 elementor-top-column elementor-element elementor-element-5240dc9\" data-id=\"5240dc9\" data-element_type=\"column\">\n\t\t\t<div class=\"elementor-widget-wrap elementor-element-populated\">\n\t\t\t\t\t\t<div class=\"elementor-element elementor-element-6e57091 elementor-widget elementor-widget-text-editor\" data-id=\"6e57091\" data-element_type=\"widget\" data-widget_type=\"text-editor.default\">\n\t\t\t\t<div class=\"elementor-widget-container\">\n\t\t\t\t\t\t\t\t\t<p>Te recomendamos buscar una opci\u00f3n a pie de pistas. \ud83d\udccd Cuando hay nieve, puedes salir de tu apartamento con los esqu\u00eds puestos \ud83c\udfbf \u00a1Es incre\u00edble! \ud83d\udcaf<\/p>\t\t\t\t\t\t\t\t<\/div>\n\t\t\t\t<\/div>\n\t\t\t\t\t<\/div>\n\t\t<\/div>\n\t\t\t\t\t<\/div>\n\t\t<\/section>\n\t\t\t\t<section class=\"elementor-section elementor-top-section elementor-element elementor-element-d9c1060 elementor-section-boxed elementor-section-height-default elementor-section-height-default\" data-id=\"d9c1060\" data-element_type=\"section\">\n\t\t\t\t\t\t<div class=\"elementor-container elementor-column-gap-default\">\n\t\t\t\t\t<div class=\"elementor-column elementor-col-100 elementor-top-column elementor-element elementor-element-e51e8d8\" data-id=\"e51e8d8\" data-element_type=\"column\">\n\t\t\t<div class=\"elementor-widget-wrap elementor-element-populated\">\n\t\t\t\t\t\t<div class=\"elementor-element elementor-element-e44489b elementor-widget elementor-widget-spacer\" data-id=\"e44489b\" data-element_type=\"widget\" data-widget_type=\"spacer.default\">\n\t\t\t\t<div class=\"elementor-widget-container\">\n\t\t\t\t\t\t\t<div class=\"elementor-spacer\">\n\t\t\t<div class=\"elementor-spacer-inner\"><\/div>\n\t\t<\/div>\n\t\t\t\t\t\t<\/div>\n\t\t\t\t<\/div>\n\t\t\t\t\t<\/div>\n\t\t<\/div>\n\t\t\t\t\t<\/div>\n\t\t<\/section>\n\t\t\t\t<section class=\"elementor-section elementor-top-section elementor-element elementor-element-c82961e elementor-section-boxed elementor-section-height-default elementor-section-height-default\" data-id=\"c82961e\" data-element_type=\"section\">\n\t\t\t\t\t\t<div class=\"elementor-container elementor-column-gap-default\">\n\t\t\t\t\t<div class=\"elementor-column elementor-col-100 elementor-top-column elementor-element elementor-element-e4b7408\" data-id=\"e4b7408\" data-element_type=\"column\">\n\t\t\t<div class=\"elementor-widget-wrap elementor-element-populated\">\n\t\t\t\t\t\t<div class=\"elementor-element elementor-element-521e48f elementor-widget elementor-widget-heading\" data-id=\"521e48f\" data-element_type=\"widget\" data-widget_type=\"heading.default\">\n\t\t\t\t<div class=\"elementor-widget-container\">\n\t\t\t\t\t<h3 class=\"elementor-heading-title elementor-size-default\"><span id=\"La_estacion_Les_Arcs_sorprende_por_sus_grosores_y_calidad_de_la_nieve\">La estaci\u00f3n Les Arcs sorprende por sus grosores y calidad de la nieve<\/span><\/h3>\t\t\t\t<\/div>\n\t\t\t\t<\/div>\n\t\t\t\t\t<\/div>\n\t\t<\/div>\n\t\t\t\t\t<\/div>\n\t\t<\/section>\n\t\t\t\t<section class=\"elementor-section elementor-top-section elementor-element elementor-element-fc0dd09 elementor-section-boxed elementor-section-height-default elementor-section-height-default\" data-id=\"fc0dd09\" data-element_type=\"section\">\n\t\t\t\t\t\t<div class=\"elementor-container elementor-column-gap-default\">\n\t\t\t\t\t<div class=\"elementor-column elementor-col-100 elementor-top-column elementor-element elementor-element-f8239ea\" data-id=\"f8239ea\" data-element_type=\"column\">\n\t\t\t<div class=\"elementor-widget-wrap elementor-element-populated\">\n\t\t\t\t\t\t<div class=\"elementor-element elementor-element-c99ee99 elementor-widget elementor-widget-text-editor\" data-id=\"c99ee99\" data-element_type=\"widget\" data-widget_type=\"text-editor.default\">\n\t\t\t\t<div class=\"elementor-widget-container\">\n\t\t\t\t\t\t\t\t\t<p><a href=\"https:\/\/www.esquiades.com\/pistas\/les-arcs\/\" target=\"_blank\" rel=\"noopener\"><span style=\"text-decoration: underline;\">Les Arcs<\/span><\/a>, situada en el coraz\u00f3n de los <span style=\"text-decoration: underline;\"><strong><a href=\"https:\/\/www.esquiades.com\/viajes-esqui\/alpes-franceses-norte-104\" target=\"_blank\" rel=\"noopener\">Alpes franceses<\/a><\/strong>,<\/span> se ha convertido en uno de los destinos m\u00e1s atractivos para los amantes del esqu\u00ed y el snowboard. \u26f7\ufe0f Este a\u00f1o, las condiciones no podr\u00edan ser mejores: la estaci\u00f3n ha acumulado <strong>hasta 260 cm de nieve \u2744\ufe0f<\/strong><\/p>\t\t\t\t\t\t\t\t<\/div>\n\t\t\t\t<\/div>\n\t\t\t\t\t<\/div>\n\t\t<\/div>\n\t\t\t\t\t<\/div>\n\t\t<\/section>\n\t\t\t\t<section class=\"elementor-section elementor-top-section elementor-element elementor-element-9dae27e elementor-section-boxed elementor-section-height-default elementor-section-height-default\" data-id=\"9dae27e\" data-element_type=\"section\">\n\t\t\t\t\t\t<div class=\"elementor-container elementor-column-gap-default\">\n\t\t\t\t\t<div class=\"elementor-column elementor-col-100 elementor-top-column elementor-element elementor-element-c66d820\" data-id=\"c66d820\" data-element_type=\"column\">\n\t\t\t<div class=\"elementor-widget-wrap elementor-element-populated\">\n\t\t\t\t\t\t<div class=\"elementor-element elementor-element-cef0f23 elementor-widget elementor-widget-image\" data-id=\"cef0f23\" data-element_type=\"widget\" data-widget_type=\"image.default\">\n\t\t\t\t<div class=\"elementor-widget-container\">\n\t\t\t\t\t\t\t\t\t\t\t\t\t\t\t<img loading=\"lazy\" decoding=\"async\" width=\"1024\" height=\"683\" src=\"https:\/\/www.esquiades.com\/blog\/app\/uploads\/2025\/02\/lesarcs.jpg\" class=\"attachment-large size-large wp-image-16767\" alt=\"\" \/>\t\t\t\t\t\t\t\t\t\t\t\t\t\t\t<\/div>\n\t\t\t\t<\/div>\n\t\t\t\t\t<\/div>\n\t\t<\/div>\n\t\t\t\t\t<\/div>\n\t\t<\/section>\n\t\t\t\t<section class=\"elementor-section elementor-top-section elementor-element elementor-element-56668d4 elementor-section-boxed elementor-section-height-default elementor-section-height-default\" data-id=\"56668d4\" data-element_type=\"section\">\n\t\t\t\t\t\t<div class=\"elementor-container elementor-column-gap-default\">\n\t\t\t\t\t<div class=\"elementor-column elementor-col-100 elementor-top-column elementor-element elementor-element-5a67a59\" data-id=\"5a67a59\" data-element_type=\"column\">\n\t\t\t<div class=\"elementor-widget-wrap elementor-element-populated\">\n\t\t\t\t\t\t<div class=\"elementor-element elementor-element-de8585a elementor-widget elementor-widget-text-editor\" data-id=\"de8585a\" data-element_type=\"widget\" data-widget_type=\"text-editor.default\">\n\t\t\t\t<div class=\"elementor-widget-container\">\n\t\t\t\t\t\t\t\t\t<p style=\"text-align: center;\"><ul><li><em>\u00bfYa conoces Les Arcs? \u2744\ufe0f \u00a1Es un must! \ud83d\udca5<\/em><\/li><\/ul><\/p>\t\t\t\t\t\t\t\t<\/div>\n\t\t\t\t<\/div>\n\t\t\t\t\t<\/div>\n\t\t<\/div>\n\t\t\t\t\t<\/div>\n\t\t<\/section>\n\t\t\t\t<section class=\"elementor-section elementor-top-section elementor-element elementor-element-ff7492f elementor-section-boxed elementor-section-height-default elementor-section-height-default\" data-id=\"ff7492f\" data-element_type=\"section\">\n\t\t\t\t\t\t<div class=\"elementor-container elementor-column-gap-default\">\n\t\t\t\t\t<div class=\"elementor-column elementor-col-100 elementor-top-column elementor-element elementor-element-99d5ab7\" data-id=\"99d5ab7\" data-element_type=\"column\">\n\t\t\t<div class=\"elementor-widget-wrap elementor-element-populated\">\n\t\t\t\t\t\t<div class=\"elementor-element elementor-element-ac0a1f9 elementor-widget elementor-widget-text-editor\" data-id=\"ac0a1f9\" data-element_type=\"widget\" data-widget_type=\"text-editor.default\">\n\t\t\t\t<div class=\"elementor-widget-container\">\n\t\t\t\t\t\t\t\t\t<p>Gracias a la cantidad de nieve recibida, la estaci\u00f3n garantiza una nieve de calidad durante toda la temporada, que puede mantenerse en excelentes condiciones debido a las bajas temperaturas \ud83c\udf21\ufe0f<\/p><p>Las pistas en Les Arcs tambi\u00e9n son para todos los niveles, y la estaci\u00f3n cuenta con m\u00e1s de 200km de pistas con infraestructuras modernas y con vistas al Mont Blanc \ud83c\udfd4\ufe0f<\/p>\t\t\t\t\t\t\t\t<\/div>\n\t\t\t\t<\/div>\n\t\t\t\t\t<\/div>\n\t\t<\/div>\n\t\t\t\t\t<\/div>\n\t\t<\/section>\n\t\t\t\t<section class=\"elementor-section elementor-top-section elementor-element elementor-element-25cbdc2 elementor-section-boxed elementor-section-height-default elementor-section-height-default\" data-id=\"25cbdc2\" data-element_type=\"section\">\n\t\t\t\t\t\t<div class=\"elementor-container elementor-column-gap-default\">\n\t\t\t\t\t<div class=\"elementor-column elementor-col-100 elementor-top-column elementor-element elementor-element-cec64c8\" data-id=\"cec64c8\" data-element_type=\"column\">\n\t\t\t<div class=\"elementor-widget-wrap elementor-element-populated\">\n\t\t\t\t\t\t<div class=\"elementor-element elementor-element-2b43938 elementor-align-center elementor-widget elementor-widget-button\" data-id=\"2b43938\" data-element_type=\"widget\" data-widget_type=\"button.default\">\n\t\t\t\t<div class=\"elementor-widget-container\">\n\t\t\t\t\t\t\t\t\t<div class=\"elementor-button-wrapper\">\n\t\t\t\t\t<a class=\"elementor-button elementor-button-link elementor-size-sm\" href=\"https:\/\/www.esquiades.com\/viajes-esqui\/les-arcs-1420\">\n\t\t\t\t\t\t<span class=\"elementor-button-content-wrapper\">\n\t\t\t\t\t\t\t\t\t<span class=\"elementor-button-text\">Esquiar en Les Arcs<\/span>\n\t\t\t\t\t<\/span>\n\t\t\t\t\t<\/a>\n\t\t\t\t<\/div>\n\t\t\t\t\t\t\t\t<\/div>\n\t\t\t\t<\/div>\n\t\t\t\t\t<\/div>\n\t\t<\/div>\n\t\t\t\t\t<\/div>\n\t\t<\/section>\n\t\t\t\t<section class=\"elementor-section elementor-top-section elementor-element elementor-element-fc1a2a2 elementor-section-boxed elementor-section-height-default elementor-section-height-default\" data-id=\"fc1a2a2\" data-element_type=\"section\">\n\t\t\t\t\t\t<div class=\"elementor-container elementor-column-gap-default\">\n\t\t\t\t\t<div class=\"elementor-column elementor-col-100 elementor-top-column elementor-element elementor-element-5b2714d\" data-id=\"5b2714d\" data-element_type=\"column\">\n\t\t\t<div class=\"elementor-widget-wrap elementor-element-populated\">\n\t\t\t\t\t\t<div class=\"elementor-element elementor-element-08a0e95 elementor-widget elementor-widget-spacer\" data-id=\"08a0e95\" data-element_type=\"widget\" data-widget_type=\"spacer.default\">\n\t\t\t\t<div class=\"elementor-widget-container\">\n\t\t\t\t\t\t\t<div class=\"elementor-spacer\">\n\t\t\t<div class=\"elementor-spacer-inner\"><\/div>\n\t\t<\/div>\n\t\t\t\t\t\t<\/div>\n\t\t\t\t<\/div>\n\t\t\t\t\t<\/div>\n\t\t<\/div>\n\t\t\t\t\t<\/div>\n\t\t<\/section>\n\t\t\t\t<section class=\"elementor-section elementor-top-section elementor-element elementor-element-48f5135 elementor-section-boxed elementor-section-height-default elementor-section-height-default\" data-id=\"48f5135\" data-element_type=\"section\">\n\t\t\t\t\t\t<div class=\"elementor-container elementor-column-gap-default\">\n\t\t\t\t\t<div class=\"elementor-column elementor-col-100 elementor-top-column elementor-element elementor-element-bf595fb\" data-id=\"bf595fb\" data-element_type=\"column\">\n\t\t\t<div class=\"elementor-widget-wrap elementor-element-populated\">\n\t\t\t\t\t\t<div class=\"elementor-element elementor-element-c47eca6 elementor-widget elementor-widget-heading\" data-id=\"c47eca6\" data-element_type=\"widget\" data-widget_type=\"heading.default\">\n\t\t\t\t<div class=\"elementor-widget-container\">\n\t\t\t\t\t<h3 class=\"elementor-heading-title elementor-size-default\"><span id=\"Piau_Engaly_la_reina_de_la_nieve_en_el_Pirineo_Frances\">Piau Engaly, la reina de la nieve en el Pirineo Franc\u00e9s\n<\/span><\/h3>\t\t\t\t<\/div>\n\t\t\t\t<\/div>\n\t\t\t\t\t<\/div>\n\t\t<\/div>\n\t\t\t\t\t<\/div>\n\t\t<\/section>\n\t\t\t\t<section class=\"elementor-section elementor-top-section elementor-element elementor-element-9ef8fdc elementor-section-boxed elementor-section-height-default elementor-section-height-default\" data-id=\"9ef8fdc\" data-element_type=\"section\">\n\t\t\t\t\t\t<div class=\"elementor-container elementor-column-gap-default\">\n\t\t\t\t\t<div class=\"elementor-column elementor-col-100 elementor-top-column elementor-element elementor-element-92445f9\" data-id=\"92445f9\" data-element_type=\"column\">\n\t\t\t<div class=\"elementor-widget-wrap elementor-element-populated\">\n\t\t\t\t\t\t<div class=\"elementor-element elementor-element-8ded770 elementor-widget elementor-widget-text-editor\" data-id=\"8ded770\" data-element_type=\"widget\" data-widget_type=\"text-editor.default\">\n\t\t\t\t<div class=\"elementor-widget-container\">\n\t\t\t\t\t\t\t\t\t<p>En el Pirineo Franc\u00e9s tenemos la estaci\u00f3n con m\u00e1s nieve acumulada con 60 km de pistas: <a href=\"https:\/\/www.esquiades.com\/pistas\/piau-engaly\/\" target=\"_blank\" rel=\"noopener\">Piau Engaly<\/a>. Orientada hacia el norte, esta estaci\u00f3n goza de un <strong>buen espesor de nieve<\/strong> durante toda la temporada. \ud83d\ude2f<\/p><p>\u00a0<\/p><p>Esta temporada 2024-2025 destaca por sus <strong>180 cm de grosor de nieve. \ud83d\udd25<\/strong><\/p>\t\t\t\t\t\t\t\t<\/div>\n\t\t\t\t<\/div>\n\t\t\t\t\t<\/div>\n\t\t<\/div>\n\t\t\t\t\t<\/div>\n\t\t<\/section>\n\t\t\t\t<section class=\"elementor-section elementor-top-section elementor-element elementor-element-79a786c elementor-section-boxed elementor-section-height-default elementor-section-height-default\" data-id=\"79a786c\" data-element_type=\"section\">\n\t\t\t\t\t\t<div class=\"elementor-container elementor-column-gap-default\">\n\t\t\t\t\t<div class=\"elementor-column elementor-col-100 elementor-top-column elementor-element elementor-element-9559f4c\" data-id=\"9559f4c\" data-element_type=\"column\">\n\t\t\t<div class=\"elementor-widget-wrap elementor-element-populated\">\n\t\t\t\t\t\t<div class=\"elementor-element elementor-element-48a5b14 elementor-widget elementor-widget-image\" data-id=\"48a5b14\" data-element_type=\"widget\" data-widget_type=\"image.default\">\n\t\t\t\t<div class=\"elementor-widget-container\">\n\t\t\t\t\t\t\t\t\t\t\t\t\t\t\t<img loading=\"lazy\" decoding=\"async\" width=\"1024\" height=\"683\" src=\"https:\/\/www.esquiades.com\/blog\/app\/uploads\/2025\/02\/piauengaly.jpg\" class=\"attachment-large size-large wp-image-16768\" alt=\"\" \/>\t\t\t\t\t\t\t\t\t\t\t\t\t\t\t<\/div>\n\t\t\t\t<\/div>\n\t\t\t\t\t<\/div>\n\t\t<\/div>\n\t\t\t\t\t<\/div>\n\t\t<\/section>\n\t\t\t\t<section class=\"elementor-section elementor-top-section elementor-element elementor-element-6314988 elementor-section-boxed elementor-section-height-default elementor-section-height-default\" data-id=\"6314988\" data-element_type=\"section\">\n\t\t\t\t\t\t<div class=\"elementor-container elementor-column-gap-default\">\n\t\t\t\t\t<div class=\"elementor-column elementor-col-100 elementor-top-column elementor-element elementor-element-5de0028\" data-id=\"5de0028\" data-element_type=\"column\">\n\t\t\t<div class=\"elementor-widget-wrap elementor-element-populated\">\n\t\t\t\t\t\t<div class=\"elementor-element elementor-element-935f355 elementor-widget elementor-widget-text-editor\" data-id=\"935f355\" data-element_type=\"widget\" data-widget_type=\"text-editor.default\">\n\t\t\t\t<div class=\"elementor-widget-container\">\n\t\t\t\t\t\t\t\t\t<p style=\"text-align: center;\"><em>La nieve en Piau Engaly tiene una calidad excelente \ud83d\udcaf<\/em><\/p>\t\t\t\t\t\t\t\t<\/div>\n\t\t\t\t<\/div>\n\t\t\t\t\t<\/div>\n\t\t<\/div>\n\t\t\t\t\t<\/div>\n\t\t<\/section>\n\t\t\t\t<section class=\"elementor-section elementor-top-section elementor-element elementor-element-4dfc56c elementor-section-boxed elementor-section-height-default elementor-section-height-default\" data-id=\"4dfc56c\" data-element_type=\"section\">\n\t\t\t\t\t\t<div class=\"elementor-container elementor-column-gap-default\">\n\t\t\t\t\t<div class=\"elementor-column elementor-col-100 elementor-top-column elementor-element elementor-element-bc1be47\" data-id=\"bc1be47\" data-element_type=\"column\">\n\t\t\t<div class=\"elementor-widget-wrap elementor-element-populated\">\n\t\t\t\t\t\t<div class=\"elementor-element elementor-element-e8a8783 elementor-align-center elementor-widget elementor-widget-button\" data-id=\"e8a8783\" data-element_type=\"widget\" data-widget_type=\"button.default\">\n\t\t\t\t<div class=\"elementor-widget-container\">\n\t\t\t\t\t\t\t\t\t<div class=\"elementor-button-wrapper\">\n\t\t\t\t\t<a class=\"elementor-button elementor-button-link elementor-size-sm\" href=\"https:\/\/www.esquiades.com\/pistas\/piau-engaly\/\">\n\t\t\t\t\t\t<span class=\"elementor-button-content-wrapper\">\n\t\t\t\t\t\t\t\t\t<span class=\"elementor-button-text\">Esquiar en Piau Engaly<\/span>\n\t\t\t\t\t<\/span>\n\t\t\t\t\t<\/a>\n\t\t\t\t<\/div>\n\t\t\t\t\t\t\t\t<\/div>\n\t\t\t\t<\/div>\n\t\t\t\t\t<\/div>\n\t\t<\/div>\n\t\t\t\t\t<\/div>\n\t\t<\/section>\n\t\t\t\t<section class=\"elementor-section elementor-top-section elementor-element elementor-element-8931568 elementor-section-boxed elementor-section-height-default elementor-section-height-default\" data-id=\"8931568\" data-element_type=\"section\">\n\t\t\t\t\t\t<div class=\"elementor-container elementor-column-gap-default\">\n\t\t\t\t\t<div class=\"elementor-column elementor-col-100 elementor-top-column elementor-element elementor-element-3f63424\" data-id=\"3f63424\" data-element_type=\"column\">\n\t\t\t<div class=\"elementor-widget-wrap elementor-element-populated\">\n\t\t\t\t\t\t<div class=\"elementor-element elementor-element-4ee2f5f elementor-widget elementor-widget-text-editor\" data-id=\"4ee2f5f\" data-element_type=\"widget\" data-widget_type=\"text-editor.default\">\n\t\t\t\t<div class=\"elementor-widget-container\">\n\t\t\t\t\t\t\t\t\t<p>Esquiar en <span style=\"text-decoration: underline;\"><a href=\"https:\/\/www.esquiades.com\/pistas\/piau-engaly\/\" target=\"_blank\" rel=\"noopener\" data-wplink-edit=\"true\"><strong>Piau Engaly<\/strong><\/a><\/span> te ofrece una gran cantidad de pistas perfectas para aquellos que se est\u00e9n iniciando en el mundo del esqu\u00ed o el snowboard, ya que consta de un total de 20 pistas azules y 5 verdes. Pero sin olvidarse de los m\u00e1s expertos, con 7 pistas negras y 9 rojas que son perfectas para los esquiadores m\u00e1s avanzados. \ud83c\udfaf<\/p>\t\t\t\t\t\t\t\t<\/div>\n\t\t\t\t<\/div>\n\t\t\t\t\t<\/div>\n\t\t<\/div>\n\t\t\t\t\t<\/div>\n\t\t<\/section>\n\t\t\t\t<section class=\"elementor-section elementor-top-section elementor-element elementor-element-1fb3a29 elementor-section-boxed elementor-section-height-default elementor-section-height-default\" data-id=\"1fb3a29\" data-element_type=\"section\">\n\t\t\t\t\t\t<div class=\"elementor-container elementor-column-gap-default\">\n\t\t\t\t\t<div class=\"elementor-column elementor-col-100 elementor-top-column elementor-element elementor-element-4082d4a\" data-id=\"4082d4a\" data-element_type=\"column\">\n\t\t\t<div class=\"elementor-widget-wrap elementor-element-populated\">\n\t\t\t\t\t\t<div class=\"elementor-element elementor-element-2a104ee elementor-widget elementor-widget-spacer\" data-id=\"2a104ee\" data-element_type=\"widget\" data-widget_type=\"spacer.default\">\n\t\t\t\t<div class=\"elementor-widget-container\">\n\t\t\t\t\t\t\t<div class=\"elementor-spacer\">\n\t\t\t<div class=\"elementor-spacer-inner\"><\/div>\n\t\t<\/div>\n\t\t\t\t\t\t<\/div>\n\t\t\t\t<\/div>\n\t\t\t\t\t<\/div>\n\t\t<\/div>\n\t\t\t\t\t<\/div>\n\t\t<\/section>\n\t\t\t\t<section class=\"elementor-section elementor-top-section elementor-element elementor-element-d6c81d4 elementor-section-boxed elementor-section-height-default elementor-section-height-default\" data-id=\"d6c81d4\" data-element_type=\"section\">\n\t\t\t\t\t\t<div class=\"elementor-container elementor-column-gap-default\">\n\t\t\t\t\t<div class=\"elementor-column elementor-col-100 elementor-top-column elementor-element elementor-element-fb0e28c\" data-id=\"fb0e28c\" data-element_type=\"column\">\n\t\t\t<div class=\"elementor-widget-wrap elementor-element-populated\">\n\t\t\t\t\t\t<div class=\"elementor-element elementor-element-95c32d7 elementor-widget elementor-widget-heading\" data-id=\"95c32d7\" data-element_type=\"widget\" data-widget_type=\"heading.default\">\n\t\t\t\t<div class=\"elementor-widget-container\">\n\t\t\t\t\t<h2 class=\"elementor-heading-title elementor-size-default\"><span id=\"La_estacion_con_mas_nieve_de_Andorra_Ordino_Arcalis\">La estaci\u00f3n con m\u00e1s nieve de Andorra: Ordino Arcal\u00eds<\/span><\/h2>\t\t\t\t<\/div>\n\t\t\t\t<\/div>\n\t\t\t\t\t<\/div>\n\t\t<\/div>\n\t\t\t\t\t<\/div>\n\t\t<\/section>\n\t\t\t\t<section class=\"elementor-section elementor-top-section elementor-element elementor-element-4862e84 elementor-section-boxed elementor-section-height-default elementor-section-height-default\" data-id=\"4862e84\" data-element_type=\"section\">\n\t\t\t\t\t\t<div class=\"elementor-container elementor-column-gap-default\">\n\t\t\t\t\t<div class=\"elementor-column elementor-col-100 elementor-top-column elementor-element elementor-element-1b5e1d8\" data-id=\"1b5e1d8\" data-element_type=\"column\">\n\t\t\t<div class=\"elementor-widget-wrap elementor-element-populated\">\n\t\t\t\t\t\t<div class=\"elementor-element elementor-element-c188a52 elementor-widget elementor-widget-text-editor\" data-id=\"c188a52\" data-element_type=\"widget\" data-widget_type=\"text-editor.default\">\n\t\t\t\t<div class=\"elementor-widget-container\">\n\t\t\t\t\t\t\t\t\t<p>Esta estaci\u00f3n est\u00e1 ubicada en el noroeste de Andorra, muy <b>cercana a Francia<\/b>. Esta estaci\u00f3n de esqu\u00ed destaca por muchos motivos, pero sin duda el m\u00e1s relevante es la calidad de nieve que ofrece, gracias a su orientaci\u00f3n.<\/p><p>La nieve est\u00e1 presente durante toda la temporada (a menudo es la primera estaci\u00f3n de Andorra en recibir nevadas) y posee <b>nieve polvo<\/b> en la mayor parte del d\u00eda. Lo mejor de todo, incluso a finales de la temporada de esqu\u00ed, la calidad de la nieve es buena para esquiar.<\/p>\t\t\t\t\t\t\t\t<\/div>\n\t\t\t\t<\/div>\n\t\t\t\t\t<\/div>\n\t\t<\/div>\n\t\t\t\t\t<\/div>\n\t\t<\/section>\n\t\t\t\t<section class=\"elementor-section elementor-top-section elementor-element elementor-element-f654d06 elementor-section-boxed elementor-section-height-default elementor-section-height-default\" data-id=\"f654d06\" data-element_type=\"section\">\n\t\t\t\t\t\t<div class=\"elementor-container elementor-column-gap-default\">\n\t\t\t\t\t<div class=\"elementor-column elementor-col-100 elementor-top-column elementor-element elementor-element-3ae4e93\" data-id=\"3ae4e93\" data-element_type=\"column\">\n\t\t\t<div class=\"elementor-widget-wrap elementor-element-populated\">\n\t\t\t\t\t\t<div class=\"elementor-element elementor-element-5c73e5b elementor-widget elementor-widget-spacer\" data-id=\"5c73e5b\" data-element_type=\"widget\" data-widget_type=\"spacer.default\">\n\t\t\t\t<div class=\"elementor-widget-container\">\n\t\t\t\t\t\t\t<div class=\"elementor-spacer\">\n\t\t\t<div class=\"elementor-spacer-inner\"><\/div>\n\t\t<\/div>\n\t\t\t\t\t\t<\/div>\n\t\t\t\t<\/div>\n\t\t\t\t\t<\/div>\n\t\t<\/div>\n\t\t\t\t\t<\/div>\n\t\t<\/section>\n\t\t\t\t<section class=\"elementor-section elementor-top-section elementor-element elementor-element-852d32b elementor-section-boxed elementor-section-height-default elementor-section-height-default\" data-id=\"852d32b\" data-element_type=\"section\">\n\t\t\t\t\t\t<div class=\"elementor-container elementor-column-gap-default\">\n\t\t\t\t\t<div class=\"elementor-column elementor-col-100 elementor-top-column elementor-element elementor-element-a281b7c\" data-id=\"a281b7c\" data-element_type=\"column\">\n\t\t\t<div class=\"elementor-widget-wrap elementor-element-populated\">\n\t\t\t\t\t\t<div class=\"elementor-element elementor-element-ed7ea79 elementor-widget elementor-widget-image\" data-id=\"ed7ea79\" data-element_type=\"widget\" data-widget_type=\"image.default\">\n\t\t\t\t<div class=\"elementor-widget-container\">\n\t\t\t\t\t\t\t\t\t\t\t\t\t\t\t<img loading=\"lazy\" decoding=\"async\" width=\"1024\" height=\"768\" src=\"https:\/\/www.esquiades.com\/blog\/app\/uploads\/2025\/02\/albert_ordino.jpg\" class=\"attachment-large size-large wp-image-16769\" alt=\"\" \/>\t\t\t\t\t\t\t\t\t\t\t\t\t\t\t<\/div>\n\t\t\t\t<\/div>\n\t\t\t\t\t<\/div>\n\t\t<\/div>\n\t\t\t\t\t<\/div>\n\t\t<\/section>\n\t\t\t\t<section class=\"elementor-section elementor-top-section elementor-element elementor-element-1083a7b elementor-section-boxed elementor-section-height-default elementor-section-height-default\" data-id=\"1083a7b\" data-element_type=\"section\">\n\t\t\t\t\t\t<div class=\"elementor-container elementor-column-gap-default\">\n\t\t\t\t\t<div class=\"elementor-column elementor-col-100 elementor-top-column elementor-element elementor-element-2755cbb\" data-id=\"2755cbb\" data-element_type=\"column\">\n\t\t\t<div class=\"elementor-widget-wrap elementor-element-populated\">\n\t\t\t\t\t\t<div class=\"elementor-element elementor-element-96b5b14 elementor-widget elementor-widget-text-editor\" data-id=\"96b5b14\" data-element_type=\"widget\" data-widget_type=\"text-editor.default\">\n\t\t\t\t<div class=\"elementor-widget-container\">\n\t\t\t\t\t\t\t\t\t<p style=\"text-align: center;\"><em>Aqu\u00ed tienes a nuestro compi Albert, del departamento de producto, esquiando en Ordino Arcal\u00eds\u2744\ufe0f<\/em><\/p>\t\t\t\t\t\t\t\t<\/div>\n\t\t\t\t<\/div>\n\t\t\t\t\t<\/div>\n\t\t<\/div>\n\t\t\t\t\t<\/div>\n\t\t<\/section>\n\t\t\t\t<section class=\"elementor-section elementor-top-section elementor-element elementor-element-03c9664 elementor-section-boxed elementor-section-height-default elementor-section-height-default\" data-id=\"03c9664\" data-element_type=\"section\">\n\t\t\t\t\t\t<div class=\"elementor-container elementor-column-gap-default\">\n\t\t\t\t\t<div class=\"elementor-column elementor-col-100 elementor-top-column elementor-element elementor-element-2395d70\" data-id=\"2395d70\" data-element_type=\"column\">\n\t\t\t<div class=\"elementor-widget-wrap elementor-element-populated\">\n\t\t\t\t\t\t<div class=\"elementor-element elementor-element-6643558 elementor-widget elementor-widget-text-editor\" data-id=\"6643558\" data-element_type=\"widget\" data-widget_type=\"text-editor.default\">\n\t\t\t\t<div class=\"elementor-widget-container\">\n\t\t\t\t\t\t\t\t\t<p>En <a href=\"http:\/\/Esquiades.com\" target=\"_blank\" rel=\"noopener\">Esquiades.com<\/a>, es posible contratar solo un d\u00eda de forfait en <a href=\"https:\/\/www.esquiades.com\/viajes-esqui\/arcalis-1453\" target=\"_blank\" rel=\"noopener\">Ordino Arcal\u00eds<\/a>. Excepto los s\u00e1bados, podr\u00e1s contratar un d\u00eda de forfait \u2705 Esta opci\u00f3n es perfecta si deseas probar esta estaci\u00f3n, pero no dispones de mucho tiempo.<\/p>\t\t\t\t\t\t\t\t<\/div>\n\t\t\t\t<\/div>\n\t\t\t\t\t<\/div>\n\t\t<\/div>\n\t\t\t\t\t<\/div>\n\t\t<\/section>\n\t\t\t\t<section class=\"elementor-section elementor-top-section elementor-element elementor-element-9082b59 elementor-section-boxed elementor-section-height-default elementor-section-height-default\" data-id=\"9082b59\" data-element_type=\"section\">\n\t\t\t\t\t\t<div class=\"elementor-container elementor-column-gap-default\">\n\t\t\t\t\t<div class=\"elementor-column elementor-col-100 elementor-top-column elementor-element elementor-element-072957e\" data-id=\"072957e\" data-element_type=\"column\">\n\t\t\t<div class=\"elementor-widget-wrap elementor-element-populated\">\n\t\t\t\t\t\t<div class=\"elementor-element elementor-element-e09828e elementor-widget elementor-widget-image\" data-id=\"e09828e\" data-element_type=\"widget\" data-widget_type=\"image.default\">\n\t\t\t\t<div class=\"elementor-widget-container\">\n\t\t\t\t\t\t\t\t\t\t\t\t\t\t\t<img loading=\"lazy\" decoding=\"async\" width=\"1024\" height=\"434\" src=\"https:\/\/www.esquiades.com\/blog\/app\/uploads\/2025\/02\/dronordino.jpg\" class=\"attachment-large size-large wp-image-16771\" alt=\"\" \/>\t\t\t\t\t\t\t\t\t\t\t\t\t\t\t<\/div>\n\t\t\t\t<\/div>\n\t\t\t\t\t<\/div>\n\t\t<\/div>\n\t\t\t\t\t<\/div>\n\t\t<\/section>\n\t\t\t\t<section class=\"elementor-section elementor-top-section elementor-element elementor-element-76c6d91 elementor-section-boxed elementor-section-height-default elementor-section-height-default\" data-id=\"76c6d91\" data-element_type=\"section\">\n\t\t\t\t\t\t<div class=\"elementor-container elementor-column-gap-default\">\n\t\t\t\t\t<div class=\"elementor-column elementor-col-100 elementor-top-column elementor-element elementor-element-c0c3bdf\" data-id=\"c0c3bdf\" data-element_type=\"column\">\n\t\t\t<div class=\"elementor-widget-wrap elementor-element-populated\">\n\t\t\t\t\t\t<div class=\"elementor-element elementor-element-aa3dbc3 elementor-widget elementor-widget-text-editor\" data-id=\"aa3dbc3\" data-element_type=\"widget\" data-widget_type=\"text-editor.default\">\n\t\t\t\t<div class=\"elementor-widget-container\">\n\t\t\t\t\t\t\t\t\t<p><em>Esta es la estaci\u00f3n de esqu\u00ed de Ordino Arcal\u00eds a principios de temporada, una de las primeras en recibir las primeras nevadas \u2603\ufe0f<\/em><\/p>\t\t\t\t\t\t\t\t<\/div>\n\t\t\t\t<\/div>\n\t\t\t\t\t<\/div>\n\t\t<\/div>\n\t\t\t\t\t<\/div>\n\t\t<\/section>\n\t\t\t\t<section class=\"elementor-section elementor-top-section elementor-element elementor-element-75108d4 elementor-section-boxed elementor-section-height-default elementor-section-height-default\" data-id=\"75108d4\" data-element_type=\"section\">\n\t\t\t\t\t\t<div class=\"elementor-container elementor-column-gap-default\">\n\t\t\t\t\t<div class=\"elementor-column elementor-col-100 elementor-top-column elementor-element elementor-element-a36130d\" data-id=\"a36130d\" data-element_type=\"column\">\n\t\t\t<div class=\"elementor-widget-wrap elementor-element-populated\">\n\t\t\t\t\t\t<div class=\"elementor-element elementor-element-dd465e1 elementor-widget elementor-widget-text-editor\" data-id=\"dd465e1\" data-element_type=\"widget\" data-widget_type=\"text-editor.default\">\n\t\t\t\t<div class=\"elementor-widget-container\">\n\t\t\t\t\t\t\t\t\t<p>Adem\u00e1s, esta estaci\u00f3n no est\u00e1 tan abarrotada como <strong>Grandvalira<\/strong> (la estaci\u00f3n de esqu\u00ed m\u00e1s grande de los Pirineos y del sur de Europa) o <strong>Vallnord Pal-Arinsal<\/strong> (elegida por muchas familias), pero eso no significa que no est\u00e9 a la altura, y en <a href=\"http:\/\/Esquiades.com\" target=\"_blank\" rel=\"noopener\">Esquiades.com<\/a> te contamos por qu\u00e9:<\/p><p>\u2714 Es una gran elecci\u00f3n para viajar con ni\u00f1os, ya que cuenta con zonas de esqu\u00ed en familia. \ud83d\udc69\u200d\ud83d\udc69\u200d\ud83d\udc67\u200d\ud83d\udc66<\/p><p>\u2714 Es una excelente opci\u00f3n para iniciarse en el freeride, con zonas totalmente balizadas y de f\u00e1cil acceso. \ud83d\udea7<\/p><p>\u2714 El pueblo de Ordino es precioso, te encantar\u00e1 pasear por all\u00ed tras una jornada de esqu\u00ed. \ud83d\ude0d<\/p>\t\t\t\t\t\t\t\t<\/div>\n\t\t\t\t<\/div>\n\t\t\t\t\t<\/div>\n\t\t<\/div>\n\t\t\t\t\t<\/div>\n\t\t<\/section>\n\t\t\t\t<section class=\"elementor-section elementor-top-section elementor-element elementor-element-50fd460 elementor-section-boxed elementor-section-height-default elementor-section-height-default\" data-id=\"50fd460\" data-element_type=\"section\">\n\t\t\t\t\t\t<div class=\"elementor-container elementor-column-gap-default\">\n\t\t\t\t\t<div class=\"elementor-column elementor-col-100 elementor-top-column elementor-element elementor-element-717ec99\" data-id=\"717ec99\" data-element_type=\"column\">\n\t\t\t<div class=\"elementor-widget-wrap elementor-element-populated\">\n\t\t\t\t\t\t<div class=\"elementor-element elementor-element-2d11cc1 elementor-align-center elementor-widget elementor-widget-button\" data-id=\"2d11cc1\" data-element_type=\"widget\" data-widget_type=\"button.default\">\n\t\t\t\t<div class=\"elementor-widget-container\">\n\t\t\t\t\t\t\t\t\t<div class=\"elementor-button-wrapper\">\n\t\t\t\t\t<a class=\"elementor-button elementor-button-link elementor-size-sm\" href=\"https:\/\/www.esquiades.com\/viajes-esqui\/arcalis-1453\">\n\t\t\t\t\t\t<span class=\"elementor-button-content-wrapper\">\n\t\t\t\t\t\t\t\t\t<span class=\"elementor-button-text\">Esquiar en Ordino Arcal\u00eds<\/span>\n\t\t\t\t\t<\/span>\n\t\t\t\t\t<\/a>\n\t\t\t\t<\/div>\n\t\t\t\t\t\t\t\t<\/div>\n\t\t\t\t<\/div>\n\t\t\t\t\t<\/div>\n\t\t<\/div>\n\t\t\t\t\t<\/div>\n\t\t<\/section>\n\t\t\t\t<section class=\"elementor-section elementor-top-section elementor-element elementor-element-08e1e4c elementor-section-boxed elementor-section-height-default elementor-section-height-default\" data-id=\"08e1e4c\" data-element_type=\"section\">\n\t\t\t\t\t\t<div class=\"elementor-container elementor-column-gap-default\">\n\t\t\t\t\t<div class=\"elementor-column elementor-col-100 elementor-top-column elementor-element elementor-element-075ace4\" data-id=\"075ace4\" data-element_type=\"column\">\n\t\t\t<div class=\"elementor-widget-wrap elementor-element-populated\">\n\t\t\t\t\t\t<div class=\"elementor-element elementor-element-525b5eb elementor-widget elementor-widget-spacer\" data-id=\"525b5eb\" data-element_type=\"widget\" data-widget_type=\"spacer.default\">\n\t\t\t\t<div class=\"elementor-widget-container\">\n\t\t\t\t\t\t\t<div class=\"elementor-spacer\">\n\t\t\t<div class=\"elementor-spacer-inner\"><\/div>\n\t\t<\/div>\n\t\t\t\t\t\t<\/div>\n\t\t\t\t<\/div>\n\t\t\t\t\t<\/div>\n\t\t<\/div>\n\t\t\t\t\t<\/div>\n\t\t<\/section>\n\t\t\t\t<section class=\"elementor-section elementor-top-section elementor-element elementor-element-fd2c771 elementor-section-boxed elementor-section-height-default elementor-section-height-default\" data-id=\"fd2c771\" data-element_type=\"section\">\n\t\t\t\t\t\t<div class=\"elementor-container elementor-column-gap-default\">\n\t\t\t\t\t<div class=\"elementor-column elementor-col-100 elementor-top-column elementor-element elementor-element-5b78473\" data-id=\"5b78473\" data-element_type=\"column\">\n\t\t\t<div class=\"elementor-widget-wrap elementor-element-populated\">\n\t\t\t\t\t\t<div class=\"elementor-element elementor-element-e1af0a8 elementor-widget elementor-widget-heading\" data-id=\"e1af0a8\" data-element_type=\"widget\" data-widget_type=\"heading.default\">\n\t\t\t\t<div class=\"elementor-widget-container\">\n\t\t\t\t\t<h2 class=\"elementor-heading-title elementor-size-default\"><span id=\"Baqueira_Beret_la_estacion_del_Pirineo_Catalan_con_mas_nieve\">Baqueira Beret, la estaci\u00f3n del Pirineo Catal\u00e1n con m\u00e1s nieve<\/span><\/h2>\t\t\t\t<\/div>\n\t\t\t\t<\/div>\n\t\t\t\t\t<\/div>\n\t\t<\/div>\n\t\t\t\t\t<\/div>\n\t\t<\/section>\n\t\t\t\t<section class=\"elementor-section elementor-top-section elementor-element elementor-element-545cadd elementor-section-boxed elementor-section-height-default elementor-section-height-default\" data-id=\"545cadd\" data-element_type=\"section\">\n\t\t\t\t\t\t<div class=\"elementor-container elementor-column-gap-default\">\n\t\t\t\t\t<div class=\"elementor-column elementor-col-100 elementor-top-column elementor-element elementor-element-22e3132\" data-id=\"22e3132\" data-element_type=\"column\">\n\t\t\t<div class=\"elementor-widget-wrap elementor-element-populated\">\n\t\t\t\t\t\t<div class=\"elementor-element elementor-element-c83b5d7 elementor-widget elementor-widget-text-editor\" data-id=\"c83b5d7\" data-element_type=\"widget\" data-widget_type=\"text-editor.default\">\n\t\t\t\t<div class=\"elementor-widget-container\">\n\t\t\t\t\t\t\t\t\t<p><a href=\"https:\/\/www.esquiades.com\/viajes-esqui\/baqueira-beret-1411\" target=\"_blank\" rel=\"noopener\">Baqueira Beret<\/a>, situada en el coraz\u00f3n de los Pirineos, es una de las estaciones de esqu\u00ed m\u00e1s prestigiosas de Espa\u00f1a y un referente para los amantes de la nieve. \u26f7\ufe0f Este invierno, las condiciones son excepcionales: la estaci\u00f3n ha acumulado hasta 85 cm de nieve. Es una de las estaciones que m\u00e1s nieve ha acumulado esta temporada \ud83d\udcaa<\/p>\t\t\t\t\t\t\t\t<\/div>\n\t\t\t\t<\/div>\n\t\t\t\t\t<\/div>\n\t\t<\/div>\n\t\t\t\t\t<\/div>\n\t\t<\/section>\n\t\t\t\t<section class=\"elementor-section elementor-top-section elementor-element elementor-element-2a007c2 elementor-section-boxed elementor-section-height-default elementor-section-height-default\" data-id=\"2a007c2\" data-element_type=\"section\">\n\t\t\t\t\t\t<div class=\"elementor-container elementor-column-gap-default\">\n\t\t\t\t\t<div class=\"elementor-column elementor-col-100 elementor-top-column elementor-element elementor-element-660dc24\" data-id=\"660dc24\" data-element_type=\"column\">\n\t\t\t<div class=\"elementor-widget-wrap elementor-element-populated\">\n\t\t\t\t\t\t<div class=\"elementor-element elementor-element-6b65e24 elementor-widget elementor-widget-google_maps\" data-id=\"6b65e24\" data-element_type=\"widget\" data-widget_type=\"google_maps.default\">\n\t\t\t\t<div class=\"elementor-widget-container\">\n\t\t\t\t\t\t\t<div class=\"elementor-custom-embed\">\n\t\t\t<iframe loading=\"lazy\"\n\t\t\t\t\tsrc=\"https:\/\/maps.google.com\/maps?q=Baqueira%20Beret&#038;t=m&#038;z=7&#038;output=embed&#038;iwloc=near\"\n\t\t\t\t\ttitle=\"Baqueira Beret\"\n\t\t\t\t\taria-label=\"Baqueira Beret\"\n\t\t\t><\/iframe>\n\t\t<\/div>\n\t\t\t\t\t\t<\/div>\n\t\t\t\t<\/div>\n\t\t\t\t\t<\/div>\n\t\t<\/div>\n\t\t\t\t\t<\/div>\n\t\t<\/section>\n\t\t\t\t<section class=\"elementor-section elementor-top-section elementor-element elementor-element-a7e8235 elementor-section-boxed elementor-section-height-default elementor-section-height-default\" data-id=\"a7e8235\" data-element_type=\"section\">\n\t\t\t\t\t\t<div class=\"elementor-container elementor-column-gap-default\">\n\t\t\t\t\t<div class=\"elementor-column elementor-col-100 elementor-top-column elementor-element elementor-element-c32fc5b\" data-id=\"c32fc5b\" data-element_type=\"column\">\n\t\t\t<div class=\"elementor-widget-wrap elementor-element-populated\">\n\t\t\t\t\t\t<div class=\"elementor-element elementor-element-e003438 elementor-widget elementor-widget-spacer\" data-id=\"e003438\" data-element_type=\"widget\" data-widget_type=\"spacer.default\">\n\t\t\t\t<div class=\"elementor-widget-container\">\n\t\t\t\t\t\t\t<div class=\"elementor-spacer\">\n\t\t\t<div class=\"elementor-spacer-inner\"><\/div>\n\t\t<\/div>\n\t\t\t\t\t\t<\/div>\n\t\t\t\t<\/div>\n\t\t\t\t\t<\/div>\n\t\t<\/div>\n\t\t\t\t\t<\/div>\n\t\t<\/section>\n\t\t\t\t<section class=\"elementor-section elementor-top-section elementor-element elementor-element-3844e5a elementor-section-boxed elementor-section-height-default elementor-section-height-default\" data-id=\"3844e5a\" data-element_type=\"section\">\n\t\t\t\t\t\t<div class=\"elementor-container elementor-column-gap-default\">\n\t\t\t\t\t<div class=\"elementor-column elementor-col-100 elementor-top-column elementor-element elementor-element-de47205\" data-id=\"de47205\" data-element_type=\"column\">\n\t\t\t<div class=\"elementor-widget-wrap elementor-element-populated\">\n\t\t\t\t\t\t<div class=\"elementor-element elementor-element-6ac69f1 elementor-widget elementor-widget-image\" data-id=\"6ac69f1\" data-element_type=\"widget\" data-widget_type=\"image.default\">\n\t\t\t\t<div class=\"elementor-widget-container\">\n\t\t\t\t\t\t\t\t\t\t\t\t\t\t\t<img loading=\"lazy\" decoding=\"async\" width=\"1024\" height=\"768\" src=\"https:\/\/www.esquiades.com\/blog\/app\/uploads\/2025\/02\/baqueira.jpg\" class=\"attachment-large size-large wp-image-16773\" alt=\"\" \/>\t\t\t\t\t\t\t\t\t\t\t\t\t\t\t<\/div>\n\t\t\t\t<\/div>\n\t\t\t\t\t<\/div>\n\t\t<\/div>\n\t\t\t\t\t<\/div>\n\t\t<\/section>\n\t\t\t\t<section class=\"elementor-section elementor-top-section elementor-element elementor-element-22acab5 elementor-section-boxed elementor-section-height-default elementor-section-height-default\" data-id=\"22acab5\" data-element_type=\"section\">\n\t\t\t\t\t\t<div class=\"elementor-container elementor-column-gap-default\">\n\t\t\t\t\t<div class=\"elementor-column elementor-col-100 elementor-top-column elementor-element elementor-element-a5489bf\" data-id=\"a5489bf\" data-element_type=\"column\">\n\t\t\t<div class=\"elementor-widget-wrap elementor-element-populated\">\n\t\t\t\t\t\t<div class=\"elementor-element elementor-element-8f585e1 elementor-widget elementor-widget-text-editor\" data-id=\"8f585e1\" data-element_type=\"widget\" data-widget_type=\"text-editor.default\">\n\t\t\t\t<div class=\"elementor-widget-container\">\n\t\t\t\t\t\t\t\t\t<p style=\"text-align: center;\"><em>El paisaje es demasiado TOP \ud83d\udcaf<\/em><\/p>\t\t\t\t\t\t\t\t<\/div>\n\t\t\t\t<\/div>\n\t\t\t\t\t<\/div>\n\t\t<\/div>\n\t\t\t\t\t<\/div>\n\t\t<\/section>\n\t\t\t\t<section class=\"elementor-section elementor-top-section elementor-element elementor-element-88f8854 elementor-section-boxed elementor-section-height-default elementor-section-height-default\" data-id=\"88f8854\" data-element_type=\"section\">\n\t\t\t\t\t\t<div class=\"elementor-container elementor-column-gap-default\">\n\t\t\t\t\t<div class=\"elementor-column elementor-col-100 elementor-top-column elementor-element elementor-element-a83ed95\" data-id=\"a83ed95\" data-element_type=\"column\">\n\t\t\t<div class=\"elementor-widget-wrap elementor-element-populated\">\n\t\t\t\t\t\t<div class=\"elementor-element elementor-element-dcf317f elementor-widget elementor-widget-text-editor\" data-id=\"dcf317f\" data-element_type=\"widget\" data-widget_type=\"text-editor.default\">\n\t\t\t\t<div class=\"elementor-widget-container\">\n\t\t\t\t\t\t\t\t\t<p>La estaci\u00f3n de esqu\u00ed de Baqueira Beret tiene buena nieve, el clima no es demasiado fr\u00edo y el recorrido esquiable es muy divertido \ud83e\udd2d<\/p><p>\u00a0<\/p><p>Nuestra compi Emma del departamento de internacional estuvo en Baqueira esta temporada y nos cuenta su experiencia. \u00a1Mira el v\u00eddeo! \ud83d\ude01<\/p>\t\t\t\t\t\t\t\t<\/div>\n\t\t\t\t<\/div>\n\t\t\t\t\t<\/div>\n\t\t<\/div>\n\t\t\t\t\t<\/div>\n\t\t<\/section>\n\t\t\t\t<section class=\"elementor-section elementor-top-section elementor-element elementor-element-1589591 elementor-section-boxed elementor-section-height-default elementor-section-height-default\" data-id=\"1589591\" data-element_type=\"section\">\n\t\t\t\t\t\t<div class=\"elementor-container elementor-column-gap-default\">\n\t\t\t\t\t<div class=\"elementor-column elementor-col-100 elementor-top-column elementor-element elementor-element-dc33abb\" data-id=\"dc33abb\" data-element_type=\"column\">\n\t\t\t<div class=\"elementor-widget-wrap elementor-element-populated\">\n\t\t\t\t\t\t<div class=\"elementor-element elementor-element-b48f47f elementor-widget elementor-widget-video\" data-id=\"b48f47f\" data-element_type=\"widget\" data-settings=\"{&quot;youtube_url&quot;:&quot;&lt;iframe width=\\&quot;458\\&quot; height=\\&quot;815\\&quot; src=\\&quot;https:\\\/\\\/www.youtube.com\\\/embed\\\/l1PW64Xg3Sw\\&quot; title=\\&quot;\\u00a1Nuestra compi Emma acaba de volver de Baqueira! \\ud83d\\udc81\\u200d\\u2640\\ufe0f Nos cuenta su experiencia esquiando  \\ud83d\\udc68\\u200d\\ud83d\\udc69\\u200d\\ud83d\\udc66\\&quot; frameborder=\\&quot;0\\&quot; allow=\\&quot;accelerometer; autoplay; clipboard-write; encrypted-media; gyroscope; picture-in-picture; web-share\\&quot; referrerpolicy=\\&quot;strict-origin-when-cross-origin\\&quot; allowfullscreen&gt;&lt;\\\/iframe&gt;&quot;,&quot;video_type&quot;:&quot;youtube&quot;,&quot;controls&quot;:&quot;yes&quot;}\" data-widget_type=\"video.default\">\n\t\t\t\t<div class=\"elementor-widget-container\">\n\t\t\t\t\t\t\t<div class=\"elementor-wrapper elementor-open-inline\">\n\t\t\t<div class=\"elementor-video\"><\/div>\t\t<\/div>\n\t\t\t\t\t\t<\/div>\n\t\t\t\t<\/div>\n\t\t\t\t\t<\/div>\n\t\t<\/div>\n\t\t\t\t\t<\/div>\n\t\t<\/section>\n\t\t\t\t<section class=\"elementor-section elementor-top-section elementor-element elementor-element-be97b53 elementor-section-boxed elementor-section-height-default elementor-section-height-default\" data-id=\"be97b53\" data-element_type=\"section\">\n\t\t\t\t\t\t<div class=\"elementor-container elementor-column-gap-default\">\n\t\t\t\t\t<div class=\"elementor-column elementor-col-100 elementor-top-column elementor-element elementor-element-175dd23\" data-id=\"175dd23\" data-element_type=\"column\">\n\t\t\t<div class=\"elementor-widget-wrap elementor-element-populated\">\n\t\t\t\t\t\t<div class=\"elementor-element elementor-element-53ad5ff elementor-widget elementor-widget-text-editor\" data-id=\"53ad5ff\" data-element_type=\"widget\" data-widget_type=\"text-editor.default\">\n\t\t\t\t<div class=\"elementor-widget-container\">\n\t\t\t\t\t\t\t\t\t<p>En Esquiades.com tenemos las mejores ofertas para esquiar en Baqueira Beret, \u00bfya les has echado un vistazo? \ud83d\udc40<\/p>\t\t\t\t\t\t\t\t<\/div>\n\t\t\t\t<\/div>\n\t\t\t\t\t<\/div>\n\t\t<\/div>\n\t\t\t\t\t<\/div>\n\t\t<\/section>\n\t\t\t\t<section class=\"elementor-section elementor-top-section elementor-element elementor-element-e4e51ef elementor-section-boxed elementor-section-height-default elementor-section-height-default\" data-id=\"e4e51ef\" data-element_type=\"section\">\n\t\t\t\t\t\t<div class=\"elementor-container elementor-column-gap-default\">\n\t\t\t\t\t<div class=\"elementor-column elementor-col-100 elementor-top-column elementor-element elementor-element-8dacfe7\" data-id=\"8dacfe7\" data-element_type=\"column\">\n\t\t\t<div class=\"elementor-widget-wrap elementor-element-populated\">\n\t\t\t\t\t\t<div class=\"elementor-element elementor-element-143668f elementor-align-center elementor-widget elementor-widget-button\" data-id=\"143668f\" data-element_type=\"widget\" data-widget_type=\"button.default\">\n\t\t\t\t<div class=\"elementor-widget-container\">\n\t\t\t\t\t\t\t\t\t<div class=\"elementor-button-wrapper\">\n\t\t\t\t\t<a class=\"elementor-button elementor-button-link elementor-size-sm\" href=\"https:\/\/www.esquiades.com\/viajes-esqui\/baqueira-beret-1411\">\n\t\t\t\t\t\t<span class=\"elementor-button-content-wrapper\">\n\t\t\t\t\t\t\t\t\t<span class=\"elementor-button-text\">Ver Ofertas en Baqueira Beret<\/span>\n\t\t\t\t\t<\/span>\n\t\t\t\t\t<\/a>\n\t\t\t\t<\/div>\n\t\t\t\t\t\t\t\t<\/div>\n\t\t\t\t<\/div>\n\t\t\t\t\t<\/div>\n\t\t<\/div>\n\t\t\t\t\t<\/div>\n\t\t<\/section>\n\t\t\t\t<section class=\"elementor-section elementor-top-section elementor-element elementor-element-b3fe2a6 elementor-section-boxed elementor-section-height-default elementor-section-height-default\" data-id=\"b3fe2a6\" data-element_type=\"section\">\n\t\t\t\t\t\t<div class=\"elementor-container elementor-column-gap-default\">\n\t\t\t\t\t<div class=\"elementor-column elementor-col-100 elementor-top-column elementor-element elementor-element-5a76a27\" data-id=\"5a76a27\" data-element_type=\"column\">\n\t\t\t<div class=\"elementor-widget-wrap elementor-element-populated\">\n\t\t\t\t\t\t<div class=\"elementor-element elementor-element-5afe556 elementor-widget elementor-widget-heading\" data-id=\"5afe556\" data-element_type=\"widget\" data-widget_type=\"heading.default\">\n\t\t\t\t<div class=\"elementor-widget-container\">\n\t\t\t\t\t<h2 class=\"elementor-heading-title elementor-size-default\"><span id=\"El_Pirineo_Aragones_no_se_queda_atras_hasta_160cm_de_nieve_acumulada\">El Pirineo Aragon\u00e9s no se queda atr\u00e1s: hasta 160cm de nieve acumulada\n<\/span><\/h2>\t\t\t\t<\/div>\n\t\t\t\t<\/div>\n\t\t\t\t\t<\/div>\n\t\t<\/div>\n\t\t\t\t\t<\/div>\n\t\t<\/section>\n\t\t\t\t<section class=\"elementor-section elementor-top-section elementor-element elementor-element-7a47380 elementor-section-boxed elementor-section-height-default elementor-section-height-default\" data-id=\"7a47380\" data-element_type=\"section\">\n\t\t\t\t\t\t<div class=\"elementor-container elementor-column-gap-default\">\n\t\t\t\t\t<div class=\"elementor-column elementor-col-100 elementor-top-column elementor-element elementor-element-cbedd8f\" data-id=\"cbedd8f\" data-element_type=\"column\">\n\t\t\t<div class=\"elementor-widget-wrap elementor-element-populated\">\n\t\t\t\t\t\t<div class=\"elementor-element elementor-element-7600a38 elementor-widget elementor-widget-text-editor\" data-id=\"7600a38\" data-element_type=\"widget\" data-widget_type=\"text-editor.default\">\n\t\t\t\t<div class=\"elementor-widget-container\">\n\t\t\t\t\t\t\t\t\t<p>La estaci\u00f3n de esqu\u00ed de <span style=\"text-decoration: underline;\"><a href=\"https:\/\/www.esquiades.com\/pistas\/astun\/\" target=\"_blank\" rel=\"noopener\">Ast\u00fan y Candanch\u00fa<\/a><\/span> se encuentra en el coraz\u00f3n del <a href=\"https:\/\/www.esquiades.com\/viajes-esqui\/pirineo-aragones-103\" target=\"_blank\" rel=\"noopener\">P<span style=\"text-decoration: underline;\">irineo Aragon\u00e9s<\/span><\/a>, dentro del Valle del Arag\u00f3n. Su ubicaci\u00f3n es privilegiada, ya que est\u00e1 situada en el centro de lo que, si se unieran las estaciones de Formigal, Ast\u00fan y Candanch\u00fa, conformar\u00eda el mayor dominio esquiable de la pen\u00ednsula. \u2728<\/p>\t\t\t\t\t\t\t\t<\/div>\n\t\t\t\t<\/div>\n\t\t\t\t\t<\/div>\n\t\t<\/div>\n\t\t\t\t\t<\/div>\n\t\t<\/section>\n\t\t\t\t<section class=\"elementor-section elementor-top-section elementor-element elementor-element-66386d3 elementor-section-boxed elementor-section-height-default elementor-section-height-default\" data-id=\"66386d3\" data-element_type=\"section\">\n\t\t\t\t\t\t<div class=\"elementor-container elementor-column-gap-default\">\n\t\t\t\t\t<div class=\"elementor-column elementor-col-100 elementor-top-column elementor-element elementor-element-b321551\" data-id=\"b321551\" data-element_type=\"column\">\n\t\t\t<div class=\"elementor-widget-wrap elementor-element-populated\">\n\t\t\t\t\t\t<div class=\"elementor-element elementor-element-1acf0f9 elementor-widget elementor-widget-image\" data-id=\"1acf0f9\" data-element_type=\"widget\" data-widget_type=\"image.default\">\n\t\t\t\t<div class=\"elementor-widget-container\">\n\t\t\t\t\t\t\t\t\t\t\t\t\t\t\t<img loading=\"lazy\" decoding=\"async\" width=\"1024\" height=\"682\" src=\"https:\/\/www.esquiades.com\/blog\/app\/uploads\/2025\/02\/astun.jpg\" class=\"attachment-large size-large wp-image-16776\" alt=\"\" \/>\t\t\t\t\t\t\t\t\t\t\t\t\t\t\t<\/div>\n\t\t\t\t<\/div>\n\t\t\t\t\t<\/div>\n\t\t<\/div>\n\t\t\t\t\t<\/div>\n\t\t<\/section>\n\t\t\t\t<section class=\"elementor-section elementor-top-section elementor-element elementor-element-f1aea2a elementor-section-boxed elementor-section-height-default elementor-section-height-default\" data-id=\"f1aea2a\" data-element_type=\"section\">\n\t\t\t\t\t\t<div class=\"elementor-container elementor-column-gap-default\">\n\t\t\t\t\t<div class=\"elementor-column elementor-col-100 elementor-top-column elementor-element elementor-element-f15d068\" data-id=\"f15d068\" data-element_type=\"column\">\n\t\t\t<div class=\"elementor-widget-wrap elementor-element-populated\">\n\t\t\t\t\t\t<div class=\"elementor-element elementor-element-1328c62 elementor-widget elementor-widget-text-editor\" data-id=\"1328c62\" data-element_type=\"widget\" data-widget_type=\"text-editor.default\">\n\t\t\t\t<div class=\"elementor-widget-container\">\n\t\t\t\t\t\t\t\t\t<p>La estaci\u00f3n de Ast\u00fan toda cubierta de nieve blanca. \u00a1Un espect\u00e1culo! \u2728<\/p>\t\t\t\t\t\t\t\t<\/div>\n\t\t\t\t<\/div>\n\t\t\t\t\t<\/div>\n\t\t<\/div>\n\t\t\t\t\t<\/div>\n\t\t<\/section>\n\t\t\t\t<section class=\"elementor-section elementor-top-section elementor-element elementor-element-c523c85 elementor-section-boxed elementor-section-height-default elementor-section-height-default\" data-id=\"c523c85\" data-element_type=\"section\">\n\t\t\t\t\t\t<div class=\"elementor-container elementor-column-gap-default\">\n\t\t\t\t\t<div class=\"elementor-column elementor-col-100 elementor-top-column elementor-element elementor-element-1733f4f\" data-id=\"1733f4f\" data-element_type=\"column\">\n\t\t\t<div class=\"elementor-widget-wrap elementor-element-populated\">\n\t\t\t\t\t\t<div class=\"elementor-element elementor-element-0cf24db elementor-widget elementor-widget-text-editor\" data-id=\"0cf24db\" data-element_type=\"widget\" data-widget_type=\"text-editor.default\">\n\t\t\t\t<div class=\"elementor-widget-container\">\n\t\t\t\t\t\t\t\t\t<p>Ast\u00fan ofrece una <strong>amplia variedad de pistas<\/strong> adaptadas a todos los niveles, lo que la convierte en un destino ideal tanto para principiantes como para esquiadores experimentados. \ud83d\udca5<\/p><p><br \/>La estaci\u00f3n de esqu\u00ed aragonesa cuenta con un total de 116 pistas y m\u00e1s de 101 km esquiables, y esta temporada ha acumulado <strong>hasta 140 cm de nieve<\/strong> en cotas altas \ud83c\udfd4\ufe0f<\/p>\t\t\t\t\t\t\t\t<\/div>\n\t\t\t\t<\/div>\n\t\t\t\t\t<\/div>\n\t\t<\/div>\n\t\t\t\t\t<\/div>\n\t\t<\/section>\n\t\t\t\t<section class=\"elementor-section elementor-top-section elementor-element elementor-element-3d4c657 elementor-section-boxed elementor-section-height-default elementor-section-height-default\" data-id=\"3d4c657\" data-element_type=\"section\">\n\t\t\t\t\t\t<div class=\"elementor-container elementor-column-gap-default\">\n\t\t\t\t\t<div class=\"elementor-column elementor-col-100 elementor-top-column elementor-element elementor-element-a6a794f\" data-id=\"a6a794f\" data-element_type=\"column\">\n\t\t\t<div class=\"elementor-widget-wrap elementor-element-populated\">\n\t\t\t\t\t\t<div class=\"elementor-element elementor-element-751d85d elementor-widget elementor-widget-text-editor\" data-id=\"751d85d\" data-element_type=\"widget\" data-widget_type=\"text-editor.default\">\n\t\t\t\t<div class=\"elementor-widget-container\">\n\t\t\t\t\t\t\t\t\t<p>La estaci\u00f3n de esqu\u00ed de <a href=\"https:\/\/www.esquiades.com\/pistas\/formigal\/\" target=\"_blank\" rel=\"noopener\">Formigal<\/a> no se queda atr\u00e1s, superando ligeramente a su estaci\u00f3n vecina. Esta temporada 2024-2025, Formigal ya lleva acumulados <strong>160 cm de nieve<\/strong> \ud83d\ude2f \u00a1Una aut\u00e9ntica locura!<\/p>\t\t\t\t\t\t\t\t<\/div>\n\t\t\t\t<\/div>\n\t\t\t\t\t<\/div>\n\t\t<\/div>\n\t\t\t\t\t<\/div>\n\t\t<\/section>\n\t\t\t\t<section class=\"elementor-section elementor-top-section elementor-element elementor-element-9412528 elementor-section-boxed elementor-section-height-default elementor-section-height-default\" data-id=\"9412528\" data-element_type=\"section\">\n\t\t\t\t\t\t<div class=\"elementor-container elementor-column-gap-default\">\n\t\t\t\t\t<div class=\"elementor-column elementor-col-100 elementor-top-column elementor-element elementor-element-cadd825\" data-id=\"cadd825\" data-element_type=\"column\">\n\t\t\t<div class=\"elementor-widget-wrap elementor-element-populated\">\n\t\t\t\t\t\t<div class=\"elementor-element elementor-element-eb8be36 elementor-align-center elementor-widget elementor-widget-button\" data-id=\"eb8be36\" data-element_type=\"widget\" data-widget_type=\"button.default\">\n\t\t\t\t<div class=\"elementor-widget-container\">\n\t\t\t\t\t\t\t\t\t<div class=\"elementor-button-wrapper\">\n\t\t\t\t\t<a class=\"elementor-button elementor-button-link elementor-size-sm\" href=\"https:\/\/www.esquiades.com\/pistas\/formigal\/\">\n\t\t\t\t\t\t<span class=\"elementor-button-content-wrapper\">\n\t\t\t\t\t\t\t\t\t<span class=\"elementor-button-text\">Esquiar en Formigal<\/span>\n\t\t\t\t\t<\/span>\n\t\t\t\t\t<\/a>\n\t\t\t\t<\/div>\n\t\t\t\t\t\t\t\t<\/div>\n\t\t\t\t<\/div>\n\t\t\t\t\t<\/div>\n\t\t<\/div>\n\t\t\t\t\t<\/div>\n\t\t<\/section>\n\t\t\t\t<section class=\"elementor-section elementor-top-section elementor-element elementor-element-ff339fb elementor-section-boxed elementor-section-height-default elementor-section-height-default\" data-id=\"ff339fb\" data-element_type=\"section\">\n\t\t\t\t\t\t<div class=\"elementor-container elementor-column-gap-default\">\n\t\t\t\t\t<div class=\"elementor-column elementor-col-100 elementor-top-column elementor-element elementor-element-78a15ad\" data-id=\"78a15ad\" data-element_type=\"column\">\n\t\t\t<div class=\"elementor-widget-wrap elementor-element-populated\">\n\t\t\t\t\t\t<div class=\"elementor-element elementor-element-3f54437 elementor-widget elementor-widget-heading\" data-id=\"3f54437\" data-element_type=\"widget\" data-widget_type=\"heading.default\">\n\t\t\t\t<div class=\"elementor-widget-container\">\n\t\t\t\t\t<h2 class=\"elementor-heading-title elementor-size-default\"><span id=\"El_rol_importante_de_la_meteorologia\">El rol importante de la meteorolog\u00eda<\/span><\/h2>\t\t\t\t<\/div>\n\t\t\t\t<\/div>\n\t\t\t\t\t<\/div>\n\t\t<\/div>\n\t\t\t\t\t<\/div>\n\t\t<\/section>\n\t\t\t\t<section class=\"elementor-section elementor-top-section elementor-element elementor-element-17a70ca elementor-section-boxed elementor-section-height-default elementor-section-height-default\" data-id=\"17a70ca\" data-element_type=\"section\">\n\t\t\t\t\t\t<div class=\"elementor-container elementor-column-gap-default\">\n\t\t\t\t\t<div class=\"elementor-column elementor-col-100 elementor-top-column elementor-element elementor-element-06d7e25\" data-id=\"06d7e25\" data-element_type=\"column\">\n\t\t\t<div class=\"elementor-widget-wrap elementor-element-populated\">\n\t\t\t\t\t\t<div class=\"elementor-element elementor-element-35e2844 elementor-widget elementor-widget-text-editor\" data-id=\"35e2844\" data-element_type=\"widget\" data-widget_type=\"text-editor.default\">\n\t\t\t\t<div class=\"elementor-widget-container\">\n\t\t\t\t\t\t\t\t\t<p>Es importante tener en cuenta que<strong> las condiciones de nieve pueden variar cada temporada<\/strong> debido a factores clim\u00e1ticos. \ud83c\udf28\ufe0f La meteorolog\u00eda influye directamente en el estado de las pistas y los grosores de nieve, por lo que es recomendable consultar la informaci\u00f3n actualizada antes de planificar una esquiada. \ud83e\uddd0<\/p>\t\t\t\t\t\t\t\t<\/div>\n\t\t\t\t<\/div>\n\t\t\t\t\t<\/div>\n\t\t<\/div>\n\t\t\t\t\t<\/div>\n\t\t<\/section>\n\t\t\t\t<section class=\"elementor-section elementor-top-section elementor-element elementor-element-1d3d545 elementor-section-boxed elementor-section-height-default elementor-section-height-default\" data-id=\"1d3d545\" data-element_type=\"section\">\n\t\t\t\t\t\t<div class=\"elementor-container elementor-column-gap-default\">\n\t\t\t\t\t<div class=\"elementor-column elementor-col-100 elementor-top-column elementor-element elementor-element-09b7f84\" data-id=\"09b7f84\" data-element_type=\"column\">\n\t\t\t<div class=\"elementor-widget-wrap elementor-element-populated\">\n\t\t\t\t\t\t<div class=\"elementor-element elementor-element-737ed8c elementor-align-center elementor-widget elementor-widget-button\" data-id=\"737ed8c\" data-element_type=\"widget\" data-widget_type=\"button.default\">\n\t\t\t\t<div class=\"elementor-widget-container\">\n\t\t\t\t\t\t\t\t\t<div class=\"elementor-button-wrapper\">\n\t\t\t\t\t<a class=\"elementor-button elementor-button-link elementor-size-sm\" href=\"https:\/\/www.esquiades.com\/informacion-interes\/estado-pistas\/\">\n\t\t\t\t\t\t<span class=\"elementor-button-content-wrapper\">\n\t\t\t\t\t\t\t\t\t<span class=\"elementor-button-text\">Ver Estado de las Pistas de Esqu\u00ed<\/span>\n\t\t\t\t\t<\/span>\n\t\t\t\t\t<\/a>\n\t\t\t\t<\/div>\n\t\t\t\t\t\t\t\t<\/div>\n\t\t\t\t<\/div>\n\t\t\t\t\t<\/div>\n\t\t<\/div>\n\t\t\t\t\t<\/div>\n\t\t<\/section>\n\t\t\t\t<section class=\"elementor-section elementor-top-section elementor-element elementor-element-f515b91 elementor-section-boxed elementor-section-height-default elementor-section-height-default\" data-id=\"f515b91\" data-element_type=\"section\">\n\t\t\t\t\t\t<div class=\"elementor-container elementor-column-gap-default\">\n\t\t\t\t\t<div class=\"elementor-column elementor-col-100 elementor-top-column elementor-element elementor-element-5507f9a\" data-id=\"5507f9a\" data-element_type=\"column\">\n\t\t\t<div class=\"elementor-widget-wrap elementor-element-populated\">\n\t\t\t\t\t\t<div class=\"elementor-element elementor-element-6f224a3 elementor-widget elementor-widget-text-editor\" data-id=\"6f224a3\" data-element_type=\"widget\" data-widget_type=\"text-editor.default\">\n\t\t\t\t<div class=\"elementor-widget-container\">\n\t\t\t\t\t\t\t\t\t<p>Las condiciones de nieve, visibilidad y temperatura pueden cambiar seg\u00fan la temporada, y no siempre siguen los mismos patrones, aunque por norma general, <strong>las estaciones que hemos incluido en este art\u00edculo<\/strong> del blog suelen tener, temporada tras temporada, <strong>mucha y buena nieve. \ud83d\udcaf<\/strong><\/p>\t\t\t\t\t\t\t\t<\/div>\n\t\t\t\t<\/div>\n\t\t\t\t\t<\/div>\n\t\t<\/div>\n\t\t\t\t\t<\/div>\n\t\t<\/section>\n\t\t\t\t<section class=\"elementor-section elementor-top-section elementor-element elementor-element-6cfdce7 elementor-section-boxed elementor-section-height-default elementor-section-height-default\" data-id=\"6cfdce7\" data-element_type=\"section\">\n\t\t\t\t\t\t<div class=\"elementor-container elementor-column-gap-default\">\n\t\t\t\t\t<div class=\"elementor-column elementor-col-100 elementor-top-column elementor-element elementor-element-ee2411a\" data-id=\"ee2411a\" data-element_type=\"column\">\n\t\t\t<div class=\"elementor-widget-wrap elementor-element-populated\">\n\t\t\t\t\t\t<div class=\"elementor-element elementor-element-765617e elementor-align-center elementor-widget elementor-widget-button\" data-id=\"765617e\" data-element_type=\"widget\" data-widget_type=\"button.default\">\n\t\t\t\t<div class=\"elementor-widget-container\">\n\t\t\t\t\t\t\t\t\t<div class=\"elementor-button-wrapper\">\n\t\t\t\t\t<a class=\"elementor-button elementor-button-link elementor-size-sm\" href=\"https:\/\/www.esquiades.com\/informacion-interes\/tiempo-estaciones-esqui\/\">\n\t\t\t\t\t\t<span class=\"elementor-button-content-wrapper\">\n\t\t\t\t\t\t\t\t\t<span class=\"elementor-button-text\">El Tiempo en las Estaciones<\/span>\n\t\t\t\t\t<\/span>\n\t\t\t\t\t<\/a>\n\t\t\t\t<\/div>\n\t\t\t\t\t\t\t\t<\/div>\n\t\t\t\t<\/div>\n\t\t\t\t\t<\/div>\n\t\t<\/div>\n\t\t\t\t\t<\/div>\n\t\t<\/section>\n\t\t\t\t<section class=\"elementor-section elementor-top-section elementor-element elementor-element-ea6ed71 elementor-section-boxed elementor-section-height-default elementor-section-height-default\" data-id=\"ea6ed71\" data-element_type=\"section\">\n\t\t\t\t\t\t<div class=\"elementor-container elementor-column-gap-default\">\n\t\t\t\t\t<div class=\"elementor-column elementor-col-100 elementor-top-column elementor-element elementor-element-fe02236\" data-id=\"fe02236\" data-element_type=\"column\">\n\t\t\t<div class=\"elementor-widget-wrap elementor-element-populated\">\n\t\t\t\t\t\t<div class=\"elementor-element elementor-element-2e85b47 elementor-widget elementor-widget-spacer\" data-id=\"2e85b47\" data-element_type=\"widget\" data-widget_type=\"spacer.default\">\n\t\t\t\t<div class=\"elementor-widget-container\">\n\t\t\t\t\t\t\t<div class=\"elementor-spacer\">\n\t\t\t<div class=\"elementor-spacer-inner\"><\/div>\n\t\t<\/div>\n\t\t\t\t\t\t<\/div>\n\t\t\t\t<\/div>\n\t\t\t\t\t<\/div>\n\t\t<\/div>\n\t\t\t\t\t<\/div>\n\t\t<\/section>\n\t\t\t\t<section class=\"elementor-section elementor-top-section elementor-element elementor-element-0654beb elementor-section-boxed elementor-section-height-default elementor-section-height-default\" data-id=\"0654beb\" data-element_type=\"section\">\n\t\t\t\t\t\t<div class=\"elementor-container elementor-column-gap-default\">\n\t\t\t\t\t<div class=\"elementor-column elementor-col-100 elementor-top-column elementor-element elementor-element-c6d1a55\" data-id=\"c6d1a55\" data-element_type=\"column\">\n\t\t\t<div class=\"elementor-widget-wrap elementor-element-populated\">\n\t\t\t\t\t\t<div class=\"elementor-element elementor-element-a60544c elementor-widget elementor-widget-text-editor\" data-id=\"a60544c\" data-element_type=\"widget\" data-widget_type=\"text-editor.default\">\n\t\t\t\t<div class=\"elementor-widget-container\">\n\t\t\t\t\t\t\t\t\t<p style=\"text-align: center;\"><strong>\u00a1Es hora de organizar tu viaje de esqu\u00ed! Las nevadas de los \u00faltimos d\u00edas han cubierto las monta\u00f1as de blanco \ud83d\uddfb Es hora de reservar tu pack de hotel + forfait en Esquiades.com, tu agencia de viajes de confianza para viajar a la nieve. \ud83d\udc99<\/strong><br \/><strong>Si ya has elegido cu\u00e1l de estas estaciones es tu favorita \ud83e\udef5, entra en Esquiades.com y \u00e9chale un vistazo a las ofertas m\u00e1s incre\u00edbles de internet. \ud83d\uddb1\ufe0f<\/strong><\/p>\t\t\t\t\t\t\t\t<\/div>\n\t\t\t\t<\/div>\n\t\t\t\t\t<\/div>\n\t\t<\/div>\n\t\t\t\t\t<\/div>\n\t\t<\/section>\n\t\t\t\t<section class=\"elementor-section elementor-top-section elementor-element elementor-element-4fac433 elementor-section-boxed elementor-section-height-default elementor-section-height-default\" data-id=\"4fac433\" data-element_type=\"section\">\n\t\t\t\t\t\t<div class=\"elementor-container elementor-column-gap-default\">\n\t\t\t\t\t<div class=\"elementor-column elementor-col-100 elementor-top-column elementor-element elementor-element-10684ae\" data-id=\"10684ae\" data-element_type=\"column\">\n\t\t\t<div class=\"elementor-widget-wrap elementor-element-populated\">\n\t\t\t\t\t\t<div class=\"elementor-element elementor-element-13ac109 elementor-align-center elementor-widget elementor-widget-button\" data-id=\"13ac109\" data-element_type=\"widget\" data-widget_type=\"button.default\">\n\t\t\t\t<div class=\"elementor-widget-container\">\n\t\t\t\t\t\t\t\t\t<div class=\"elementor-button-wrapper\">\n\t\t\t\t\t<a class=\"elementor-button elementor-button-link elementor-size-sm\" href=\"http:\/\/Esquiades.com\">\n\t\t\t\t\t\t<span class=\"elementor-button-content-wrapper\">\n\t\t\t\t\t\t\t\t\t<span class=\"elementor-button-text\">Ver Ofertas En Esquiades.com<\/span>\n\t\t\t\t\t<\/span>\n\t\t\t\t\t<\/a>\n\t\t\t\t<\/div>\n\t\t\t\t\t\t\t\t<\/div>\n\t\t\t\t<\/div>\n\t\t\t\t\t<\/div>\n\t\t<\/div>\n\t\t\t\t\t<\/div>\n\t\t<\/section>\n\t\t\t\t<section class=\"elementor-section elementor-top-section elementor-element elementor-element-5204e19 elementor-section-boxed elementor-section-height-default elementor-section-height-default\" data-id=\"5204e19\" data-element_type=\"section\">\n\t\t\t\t\t\t<div class=\"elementor-container elementor-column-gap-default\">\n\t\t\t\t\t<div class=\"elementor-column elementor-col-100 elementor-top-column elementor-element elementor-element-0329198\" data-id=\"0329198\" data-element_type=\"column\">\n\t\t\t<div class=\"elementor-widget-wrap elementor-element-populated\">\n\t\t\t\t\t\t<div class=\"elementor-element elementor-element-53726e0 elementor-widget elementor-widget-image\" data-id=\"53726e0\" data-element_type=\"widget\" data-widget_type=\"image.default\">\n\t\t\t\t<div class=\"elementor-widget-container\">\n\t\t\t\t\t\t\t\t\t\t\t\t\t\t\t\t<a href=\"https:\/\/www.esquiades.com\/?insta\" target=\"_blank\">\n\t\t\t\t\t\t\t<img loading=\"lazy\" decoding=\"async\" width=\"600\" height=\"400\" src=\"https:\/\/www.esquiades.com\/blog\/app\/uploads\/2025\/01\/img-final-blogs-SKI-1.png\" class=\"attachment-large size-large wp-image-16693\" alt=\"\" \/>\t\t\t\t\t\t\t\t<\/a>\n\t\t\t\t\t\t\t\t\t\t\t\t\t\t\t<\/div>\n\t\t\t\t<\/div>\n\t\t\t\t\t<\/div>\n\t\t<\/div>\n\t\t\t\t\t<\/div>\n\t\t<\/section>\n\t\t\t\t<\/div>\n\t\t","protected":false},"excerpt":{"rendered":"<p>Contenido1 Los Alpes Franceses, ganadores en cuanto a grosores de nieve 1.1 Alpe d\u2019Huez, la estaci\u00f3n m\u00e1s cercana a Espa\u00f1a y la que tiene m\u00e1s nieve 1.2 La estaci\u00f3n Les Arcs sorprende por sus grosores y calidad de la nieve1.3 Piau Engaly, la reina de la nieve en el Pirineo Franc\u00e9s 2 La estaci\u00f3n con&#8230;<\/p>\n","protected":false},"author":2,"featured_media":16790,"comment_status":"open","ping_status":"open","sticky":false,"template":"","format":"standard","meta":{"_acf_changed":false,"footnotes":""},"categories":[2],"tags":[169,42,1152,1153,10],"class_list":["post-16762","post","type-post","status-publish","format-standard","has-post-thumbnail","hentry","category-consejos-y-trucos","tag-esquiades-com","tag-estaciones-de-esqui","tag-estado-de-las-pistas","tag-grosores-de-nieve","tag-nieve"],"acf":[],"yoast_head":"<!-- This site is optimized with the Yoast SEO plugin v23.1 - https:\/\/yoast.com\/wordpress\/plugins\/seo\/ -->\n<title>Te desvelamos las estaciones de esqu\u00ed con m\u00e1s grosores de nieve de la temporada 2024-2025 - Esquiades Blog<\/title>\n<meta name=\"description\" content=\"En Esquiades.com te desvelamos cu\u00e1les son las estaciones con m\u00e1s grosores de nieve y menos aglomeraciones.\" \/>\n<meta name=\"robots\" content=\"index, follow, max-snippet:-1, max-image-preview:large, max-video-preview:-1\" \/>\n<link rel=\"canonical\" href=\"https:\/\/www.esquiades.com\/blog\/te-desvelamos-las-estaciones-de-esqui-con-mas-grosores-de-nieve-de-la-temporada-2024-2025\/\" \/>\n<meta property=\"og:locale\" content=\"es_ES\" \/>\n<meta property=\"og:type\" content=\"article\" \/>\n<meta property=\"og:title\" content=\"Te desvelamos las estaciones de esqu\u00ed con m\u00e1s grosores de nieve de la temporada 2024-2025 - Esquiades Blog\" \/>\n<meta property=\"og:description\" content=\"En Esquiades.com te desvelamos cu\u00e1les son las estaciones con m\u00e1s grosores de nieve y menos aglomeraciones.\" \/>\n<meta property=\"og:url\" content=\"https:\/\/www.esquiades.com\/blog\/te-desvelamos-las-estaciones-de-esqui-con-mas-grosores-de-nieve-de-la-temporada-2024-2025\/\" \/>\n<meta property=\"og:site_name\" content=\"Esquiades Blog\" \/>\n<meta property=\"article:published_time\" content=\"2025-02-14T09:19:59+00:00\" \/>\n<meta property=\"article:modified_time\" content=\"2025-02-20T14:58:21+00:00\" \/>\n<meta property=\"og:image\" content=\"https:\/\/www.esquiades.com\/blog\/app\/uploads\/2025\/02\/portada_blog_ski.jpg\" \/>\n\t<meta property=\"og:image:width\" content=\"1080\" \/>\n\t<meta property=\"og:image:height\" content=\"1080\" \/>\n\t<meta property=\"og:image:type\" content=\"image\/jpeg\" \/>\n<meta name=\"author\" content=\"Esquiades.com\" \/>\n<meta name=\"twitter:card\" content=\"summary_large_image\" \/>\n<meta name=\"twitter:label1\" content=\"Written by\" \/>\n\t<meta name=\"twitter:data1\" content=\"Esquiades.com\" \/>\n\t<meta name=\"twitter:label2\" content=\"Est. reading time\" \/>\n\t<meta name=\"twitter:data2\" content=\"9 minutos\" \/>\n<script type=\"application\/ld+json\" class=\"yoast-schema-graph\">{\"@context\":\"https:\/\/schema.org\",\"@graph\":[{\"@type\":\"NewsArticle\",\"@id\":\"https:\/\/www.esquiades.com\/blog\/te-desvelamos-las-estaciones-de-esqui-con-mas-grosores-de-nieve-de-la-temporada-2024-2025\/#article\",\"isPartOf\":{\"@id\":\"https:\/\/www.esquiades.com\/blog\/te-desvelamos-las-estaciones-de-esqui-con-mas-grosores-de-nieve-de-la-temporada-2024-2025\/\"},\"author\":{\"name\":\"Esquiades.com\",\"@id\":\"https:\/\/www.esquiades.com\/blog\/#\/schema\/person\/07e2783cdccb9bc9c6a29913c4d3b307\"},\"headline\":\"Te desvelamos las estaciones de esqu\u00ed con m\u00e1s grosores de nieve de la temporada 2024-2025\",\"datePublished\":\"2025-02-14T09:19:59+00:00\",\"dateModified\":\"2025-02-20T14:58:21+00:00\",\"mainEntityOfPage\":{\"@id\":\"https:\/\/www.esquiades.com\/blog\/te-desvelamos-las-estaciones-de-esqui-con-mas-grosores-de-nieve-de-la-temporada-2024-2025\/\"},\"wordCount\":1536,\"commentCount\":0,\"publisher\":{\"@id\":\"https:\/\/www.esquiades.com\/blog\/#organization\"},\"image\":{\"@id\":\"https:\/\/www.esquiades.com\/blog\/te-desvelamos-las-estaciones-de-esqui-con-mas-grosores-de-nieve-de-la-temporada-2024-2025\/#primaryimage\"},\"thumbnailUrl\":\"https:\/\/www.esquiades.com\/blog\/app\/uploads\/2025\/02\/portada_blog_ski.jpg\",\"keywords\":[\"esquiades.com\",\"Estaciones de esqu\u00ed\",\"Estado de las Pistas\",\"Grosores de Nieve\",\"Nieve\"],\"articleSection\":[\"Consejos y trucos\"],\"inLanguage\":\"es\",\"potentialAction\":[{\"@type\":\"CommentAction\",\"name\":\"Comment\",\"target\":[\"https:\/\/www.esquiades.com\/blog\/te-desvelamos-las-estaciones-de-esqui-con-mas-grosores-de-nieve-de-la-temporada-2024-2025\/#respond\"]}]},{\"@type\":\"WebPage\",\"@id\":\"https:\/\/www.esquiades.com\/blog\/te-desvelamos-las-estaciones-de-esqui-con-mas-grosores-de-nieve-de-la-temporada-2024-2025\/\",\"url\":\"https:\/\/www.esquiades.com\/blog\/te-desvelamos-las-estaciones-de-esqui-con-mas-grosores-de-nieve-de-la-temporada-2024-2025\/\",\"name\":\"Te desvelamos las estaciones de esqu\u00ed con m\u00e1s grosores de nieve de la temporada 2024-2025 - Esquiades Blog\",\"isPartOf\":{\"@id\":\"https:\/\/www.esquiades.com\/blog\/#website\"},\"primaryImageOfPage\":{\"@id\":\"https:\/\/www.esquiades.com\/blog\/te-desvelamos-las-estaciones-de-esqui-con-mas-grosores-de-nieve-de-la-temporada-2024-2025\/#primaryimage\"},\"image\":{\"@id\":\"https:\/\/www.esquiades.com\/blog\/te-desvelamos-las-estaciones-de-esqui-con-mas-grosores-de-nieve-de-la-temporada-2024-2025\/#primaryimage\"},\"thumbnailUrl\":\"https:\/\/www.esquiades.com\/blog\/app\/uploads\/2025\/02\/portada_blog_ski.jpg\",\"datePublished\":\"2025-02-14T09:19:59+00:00\",\"dateModified\":\"2025-02-20T14:58:21+00:00\",\"description\":\"En Esquiades.com te desvelamos cu\u00e1les son las estaciones con m\u00e1s grosores de nieve y menos aglomeraciones.\",\"breadcrumb\":{\"@id\":\"https:\/\/www.esquiades.com\/blog\/te-desvelamos-las-estaciones-de-esqui-con-mas-grosores-de-nieve-de-la-temporada-2024-2025\/#breadcrumb\"},\"inLanguage\":\"es\",\"potentialAction\":[{\"@type\":\"ReadAction\",\"target\":[\"https:\/\/www.esquiades.com\/blog\/te-desvelamos-las-estaciones-de-esqui-con-mas-grosores-de-nieve-de-la-temporada-2024-2025\/\"]}]},{\"@type\":\"ImageObject\",\"inLanguage\":\"es\",\"@id\":\"https:\/\/www.esquiades.com\/blog\/te-desvelamos-las-estaciones-de-esqui-con-mas-grosores-de-nieve-de-la-temporada-2024-2025\/#primaryimage\",\"url\":\"https:\/\/www.esquiades.com\/blog\/app\/uploads\/2025\/02\/portada_blog_ski.jpg\",\"contentUrl\":\"https:\/\/www.esquiades.com\/blog\/app\/uploads\/2025\/02\/portada_blog_ski.jpg\",\"width\":1080,\"height\":1080},{\"@type\":\"BreadcrumbList\",\"@id\":\"https:\/\/www.esquiades.com\/blog\/te-desvelamos-las-estaciones-de-esqui-con-mas-grosores-de-nieve-de-la-temporada-2024-2025\/#breadcrumb\",\"itemListElement\":[{\"@type\":\"ListItem\",\"position\":1,\"name\":\"Home\",\"item\":\"https:\/\/www.esquiades.com\/blog\/\"},{\"@type\":\"ListItem\",\"position\":2,\"name\":\"Te desvelamos las estaciones de esqu\u00ed con m\u00e1s grosores de nieve de la temporada 2024-2025\"}]},{\"@type\":\"WebSite\",\"@id\":\"https:\/\/www.esquiades.com\/blog\/#website\",\"url\":\"https:\/\/www.esquiades.com\/blog\/\",\"name\":\"Esquiades Blog\",\"description\":\"Pasi\u00f3n por la nieve y la monta\u00f1a\",\"publisher\":{\"@id\":\"https:\/\/www.esquiades.com\/blog\/#organization\"},\"potentialAction\":[{\"@type\":\"SearchAction\",\"target\":{\"@type\":\"EntryPoint\",\"urlTemplate\":\"https:\/\/www.esquiades.com\/blog\/?s={search_term_string}\"},\"query-input\":\"required name=search_term_string\"}],\"inLanguage\":\"es\"},{\"@type\":\"Organization\",\"@id\":\"https:\/\/www.esquiades.com\/blog\/#organization\",\"name\":\"Esquiades Blog\",\"url\":\"https:\/\/www.esquiades.com\/blog\/\",\"logo\":{\"@type\":\"ImageObject\",\"inLanguage\":\"es\",\"@id\":\"https:\/\/www.esquiades.com\/blog\/#\/schema\/logo\/image\/\",\"url\":\"https:\/\/www.esquiades.com\/blog\/app\/uploads\/2017\/02\/esquiades-LOGO-2.jpg\",\"contentUrl\":\"https:\/\/www.esquiades.com\/blog\/app\/uploads\/2017\/02\/esquiades-LOGO-2.jpg\",\"width\":397,\"height\":157,\"caption\":\"Esquiades Blog\"},\"image\":{\"@id\":\"https:\/\/www.esquiades.com\/blog\/#\/schema\/logo\/image\/\"}},{\"@type\":\"Person\",\"@id\":\"https:\/\/www.esquiades.com\/blog\/#\/schema\/person\/07e2783cdccb9bc9c6a29913c4d3b307\",\"name\":\"Esquiades.com\",\"image\":{\"@type\":\"ImageObject\",\"inLanguage\":\"es\",\"@id\":\"https:\/\/www.esquiades.com\/blog\/#\/schema\/person\/image\/\",\"url\":\"https:\/\/secure.gravatar.com\/avatar\/f29c2c662551af629137fbc3ddf97cbba8c16780b762bc122936f43a2034f086?s=96&d=mm&r=g\",\"contentUrl\":\"https:\/\/secure.gravatar.com\/avatar\/f29c2c662551af629137fbc3ddf97cbba8c16780b762bc122936f43a2034f086?s=96&d=mm&r=g\",\"caption\":\"Esquiades.com\"},\"url\":\"https:\/\/www.esquiades.com\/blog\/author\/esquiades\/\"}]}<\/script>\n<!-- \/ Yoast SEO plugin. -->","yoast_head_json":{"title":"Te desvelamos las estaciones de esqu\u00ed con m\u00e1s grosores de nieve de la temporada 2024-2025 - Esquiades Blog","description":"En Esquiades.com te desvelamos cu\u00e1les son las estaciones con m\u00e1s grosores de nieve y menos aglomeraciones.","robots":{"index":"index","follow":"follow","max-snippet":"max-snippet:-1","max-image-preview":"max-image-preview:large","max-video-preview":"max-video-preview:-1"},"canonical":"https:\/\/www.esquiades.com\/blog\/te-desvelamos-las-estaciones-de-esqui-con-mas-grosores-de-nieve-de-la-temporada-2024-2025\/","og_locale":"es_ES","og_type":"article","og_title":"Te desvelamos las estaciones de esqu\u00ed con m\u00e1s grosores de nieve de la temporada 2024-2025 - Esquiades Blog","og_description":"En Esquiades.com te desvelamos cu\u00e1les son las estaciones con m\u00e1s grosores de nieve y menos aglomeraciones.","og_url":"https:\/\/www.esquiades.com\/blog\/te-desvelamos-las-estaciones-de-esqui-con-mas-grosores-de-nieve-de-la-temporada-2024-2025\/","og_site_name":"Esquiades Blog","article_published_time":"2025-02-14T09:19:59+00:00","article_modified_time":"2025-02-20T14:58:21+00:00","og_image":[{"width":1080,"height":1080,"url":"https:\/\/www.esquiades.com\/blog\/app\/uploads\/2025\/02\/portada_blog_ski.jpg","type":"image\/jpeg"}],"author":"Esquiades.com","twitter_card":"summary_large_image","twitter_misc":{"Written by":"Esquiades.com","Est. reading time":"9 minutos"},"schema":{"@context":"https:\/\/schema.org","@graph":[{"@type":"NewsArticle","@id":"https:\/\/www.esquiades.com\/blog\/te-desvelamos-las-estaciones-de-esqui-con-mas-grosores-de-nieve-de-la-temporada-2024-2025\/#article","isPartOf":{"@id":"https:\/\/www.esquiades.com\/blog\/te-desvelamos-las-estaciones-de-esqui-con-mas-grosores-de-nieve-de-la-temporada-2024-2025\/"},"author":{"name":"Esquiades.com","@id":"https:\/\/www.esquiades.com\/blog\/#\/schema\/person\/07e2783cdccb9bc9c6a29913c4d3b307"},"headline":"Te desvelamos las estaciones de esqu\u00ed con m\u00e1s grosores de nieve de la temporada 2024-2025","datePublished":"2025-02-14T09:19:59+00:00","dateModified":"2025-02-20T14:58:21+00:00","mainEntityOfPage":{"@id":"https:\/\/www.esquiades.com\/blog\/te-desvelamos-las-estaciones-de-esqui-con-mas-grosores-de-nieve-de-la-temporada-2024-2025\/"},"wordCount":1536,"commentCount":0,"publisher":{"@id":"https:\/\/www.esquiades.com\/blog\/#organization"},"image":{"@id":"https:\/\/www.esquiades.com\/blog\/te-desvelamos-las-estaciones-de-esqui-con-mas-grosores-de-nieve-de-la-temporada-2024-2025\/#primaryimage"},"thumbnailUrl":"https:\/\/www.esquiades.com\/blog\/app\/uploads\/2025\/02\/portada_blog_ski.jpg","keywords":["esquiades.com","Estaciones de esqu\u00ed","Estado de las Pistas","Grosores de Nieve","Nieve"],"articleSection":["Consejos y trucos"],"inLanguage":"es","potentialAction":[{"@type":"CommentAction","name":"Comment","target":["https:\/\/www.esquiades.com\/blog\/te-desvelamos-las-estaciones-de-esqui-con-mas-grosores-de-nieve-de-la-temporada-2024-2025\/#respond"]}]},{"@type":"WebPage","@id":"https:\/\/www.esquiades.com\/blog\/te-desvelamos-las-estaciones-de-esqui-con-mas-grosores-de-nieve-de-la-temporada-2024-2025\/","url":"https:\/\/www.esquiades.com\/blog\/te-desvelamos-las-estaciones-de-esqui-con-mas-grosores-de-nieve-de-la-temporada-2024-2025\/","name":"Te desvelamos las estaciones de esqu\u00ed con m\u00e1s grosores de nieve de la temporada 2024-2025 - Esquiades Blog","isPartOf":{"@id":"https:\/\/www.esquiades.com\/blog\/#website"},"primaryImageOfPage":{"@id":"https:\/\/www.esquiades.com\/blog\/te-desvelamos-las-estaciones-de-esqui-con-mas-grosores-de-nieve-de-la-temporada-2024-2025\/#primaryimage"},"image":{"@id":"https:\/\/www.esquiades.com\/blog\/te-desvelamos-las-estaciones-de-esqui-con-mas-grosores-de-nieve-de-la-temporada-2024-2025\/#primaryimage"},"thumbnailUrl":"https:\/\/www.esquiades.com\/blog\/app\/uploads\/2025\/02\/portada_blog_ski.jpg","datePublished":"2025-02-14T09:19:59+00:00","dateModified":"2025-02-20T14:58:21+00:00","description":"En Esquiades.com te desvelamos cu\u00e1les son las estaciones con m\u00e1s grosores de nieve y menos aglomeraciones.","breadcrumb":{"@id":"https:\/\/www.esquiades.com\/blog\/te-desvelamos-las-estaciones-de-esqui-con-mas-grosores-de-nieve-de-la-temporada-2024-2025\/#breadcrumb"},"inLanguage":"es","potentialAction":[{"@type":"ReadAction","target":["https:\/\/www.esquiades.com\/blog\/te-desvelamos-las-estaciones-de-esqui-con-mas-grosores-de-nieve-de-la-temporada-2024-2025\/"]}]},{"@type":"ImageObject","inLanguage":"es","@id":"https:\/\/www.esquiades.com\/blog\/te-desvelamos-las-estaciones-de-esqui-con-mas-grosores-de-nieve-de-la-temporada-2024-2025\/#primaryimage","url":"https:\/\/www.esquiades.com\/blog\/app\/uploads\/2025\/02\/portada_blog_ski.jpg","contentUrl":"https:\/\/www.esquiades.com\/blog\/app\/uploads\/2025\/02\/portada_blog_ski.jpg","width":1080,"height":1080},{"@type":"BreadcrumbList","@id":"https:\/\/www.esquiades.com\/blog\/te-desvelamos-las-estaciones-de-esqui-con-mas-grosores-de-nieve-de-la-temporada-2024-2025\/#breadcrumb","itemListElement":[{"@type":"ListItem","position":1,"name":"Home","item":"https:\/\/www.esquiades.com\/blog\/"},{"@type":"ListItem","position":2,"name":"Te desvelamos las estaciones de esqu\u00ed con m\u00e1s grosores de nieve de la temporada 2024-2025"}]},{"@type":"WebSite","@id":"https:\/\/www.esquiades.com\/blog\/#website","url":"https:\/\/www.esquiades.com\/blog\/","name":"Esquiades Blog","description":"Pasi\u00f3n por la nieve y la monta\u00f1a","publisher":{"@id":"https:\/\/www.esquiades.com\/blog\/#organization"},"potentialAction":[{"@type":"SearchAction","target":{"@type":"EntryPoint","urlTemplate":"https:\/\/www.esquiades.com\/blog\/?s={search_term_string}"},"query-input":"required name=search_term_string"}],"inLanguage":"es"},{"@type":"Organization","@id":"https:\/\/www.esquiades.com\/blog\/#organization","name":"Esquiades Blog","url":"https:\/\/www.esquiades.com\/blog\/","logo":{"@type":"ImageObject","inLanguage":"es","@id":"https:\/\/www.esquiades.com\/blog\/#\/schema\/logo\/image\/","url":"https:\/\/www.esquiades.com\/blog\/app\/uploads\/2017\/02\/esquiades-LOGO-2.jpg","contentUrl":"https:\/\/www.esquiades.com\/blog\/app\/uploads\/2017\/02\/esquiades-LOGO-2.jpg","width":397,"height":157,"caption":"Esquiades Blog"},"image":{"@id":"https:\/\/www.esquiades.com\/blog\/#\/schema\/logo\/image\/"}},{"@type":"Person","@id":"https:\/\/www.esquiades.com\/blog\/#\/schema\/person\/07e2783cdccb9bc9c6a29913c4d3b307","name":"Esquiades.com","image":{"@type":"ImageObject","inLanguage":"es","@id":"https:\/\/www.esquiades.com\/blog\/#\/schema\/person\/image\/","url":"https:\/\/secure.gravatar.com\/avatar\/f29c2c662551af629137fbc3ddf97cbba8c16780b762bc122936f43a2034f086?s=96&d=mm&r=g","contentUrl":"https:\/\/secure.gravatar.com\/avatar\/f29c2c662551af629137fbc3ddf97cbba8c16780b762bc122936f43a2034f086?s=96&d=mm&r=g","caption":"Esquiades.com"},"url":"https:\/\/www.esquiades.com\/blog\/author\/esquiades\/"}]}},"_links":{"self":[{"href":"https:\/\/www.esquiades.com\/blog\/wp-json\/wp\/v2\/posts\/16762","targetHints":{"allow":["GET"]}}],"collection":[{"href":"https:\/\/www.esquiades.com\/blog\/wp-json\/wp\/v2\/posts"}],"about":[{"href":"https:\/\/www.esquiades.com\/blog\/wp-json\/wp\/v2\/types\/post"}],"author":[{"embeddable":true,"href":"https:\/\/www.esquiades.com\/blog\/wp-json\/wp\/v2\/users\/2"}],"replies":[{"embeddable":true,"href":"https:\/\/www.esquiades.com\/blog\/wp-json\/wp\/v2\/comments?post=16762"}],"version-history":[{"count":20,"href":"https:\/\/www.esquiades.com\/blog\/wp-json\/wp\/v2\/posts\/16762\/revisions"}],"predecessor-version":[{"id":16789,"href":"https:\/\/www.esquiades.com\/blog\/wp-json\/wp\/v2\/posts\/16762\/revisions\/16789"}],"wp:featuredmedia":[{"embeddable":true,"href":"https:\/\/www.esquiades.com\/blog\/wp-json\/wp\/v2\/media\/16790"}],"wp:attachment":[{"href":"https:\/\/www.esquiades.com\/blog\/wp-json\/wp\/v2\/media?parent=16762"}],"wp:term":[{"taxonomy":"category","embeddable":true,"href":"https:\/\/www.esquiades.com\/blog\/wp-json\/wp\/v2\/categories?post=16762"},{"taxonomy":"post_tag","embeddable":true,"href":"https:\/\/www.esquiades.com\/blog\/wp-json\/wp\/v2\/tags?post=16762"}],"curies":[{"name":"wp","href":"https:\/\/api.w.org\/{rel}","templated":true}]}}