{"id":1571,"date":"2015-06-25T10:46:21","date_gmt":"2015-06-25T10:46:21","guid":{"rendered":"http:\/\/www.esquiades.com\/blog\/?p=1571"},"modified":"2024-07-01T12:50:45","modified_gmt":"2024-07-01T10:50:45","slug":"esquiar-en-verano-en-los-alpes-franceses","status":"publish","type":"post","link":"https:\/\/www.esquiades.com\/blog\/esquiar-en-verano-en-los-alpes-franceses\/","title":{"rendered":"Esquiar en verano en los Alpes Franceses: todo lo que necesitas saber."},"content":{"rendered":"<p style=\"text-align: justify;\">Si no quieres esperar a diciembre para volver a tocar la nieve, te encantar\u00e1 saber que los <strong>Alpes Franceses<\/strong> te ofrecen la posibilidad de <strong>disfrutar del esqu\u00ed, tambi\u00e9n en verano<\/strong>. La estaci\u00f3n de esqu\u00ed francesa <strong>Les Deux Alpes<\/strong>\u00a0est\u00e1 activa, de modo que ya puedes reservar las mejores <strong><a href=\"https:\/\/www.esquiades.com\/viajes-esqui\/alpes-franceses-104\" target=\"_blank\" rel=\"noopener noreferrer\">ofertas para esquiar en verano<\/a><\/strong> en nuestra web, \u00a1toca disfrutar del\u00a0<strong>esqu\u00ed en verano \ud83d\ude09<\/strong>!<\/p>\n\n<h2 style=\"text-align: justify;\">\u00bfC\u00f3mo es posible poder esquiar en verano?<\/h2>\n<p style=\"text-align: justify;\">El secreto radica en los glaciares situados en la base de ambas estaciones de esqu\u00ed. Cierto es que en verano se abre un n\u00famero de pistas de esqu\u00ed <strong>significativamente menor que en invierno<\/strong>, pero cumple con su cometido, permitiendo a los amantes de la nieve esquiar incluso en los meses m\u00e1s calurosos. Si est\u00e1s pensando en esquiar en verano en los Alpes Franceses, sigue leyendo para no perderte detalle :-D.<\/p>\n<h2 style=\"text-align: justify;\"><a href=\"https:\/\/www.esquiades.com\/viajes-esqui\/les-deux-alps-146\" target=\"_blank\" rel=\"noopener noreferrer\">Esquiar en verano en Les Deux Alpes<\/a><\/h2>\n<p style=\"text-align: justify;\"><strong>Les Deux Alpes<\/strong> es otra de las estaciones de esqu\u00ed que disponen de glaciar y que ofrece la oportunidad de esquiar en verano. Esta se encuentra situada en el coraz\u00f3n de Oisans (en Is\u00e8re, Alpes Franceses).<\/p>\n<p style=\"text-align: justify;\"><a href=\"http:\/\/www.esquiades.com\/blog\/wp-content\/uploads\/2015\/06\/screenshot.6.png\"><img fetchpriority=\"high\" decoding=\"async\" class=\"aligncenter wp-image-1592 size-full\" title=\"Mapa situaci\u00f3n de Les Deux Alpes\" src=\"http:\/\/www.esquiades.com\/blog\/wp-content\/uploads\/2015\/06\/screenshot.6.png\" alt=\"Mapa situaci\u00f3n de Les Deux Alpes\" width=\"681\" height=\"504\" \/><\/a><\/p>\n<p style=\"text-align: justify;\"><strong>La estaci\u00f3n de Les Deux Alpes ya est\u00e1 abierta<\/strong> y te espera para disfrutar de bajadas por sus pistas de esqu\u00ed. El glaciar en Les Deux Alpes, situado a una altitud de 3.600 metros, garantiza la presencia de nieve durante todo el a\u00f1o. Ofrece un total de 11 pistas abiertas y un snowpark. Adem\u00e1s, para aprovechar la nieve en su mejor estado, la estaci\u00f3n abre desde las 7 de la ma\u00f1ana hasta las 12:30 del mediod\u00eda, todos los d\u00edas hasta el 7 de julio.<\/p>\n<h2 style=\"text-align: justify;\">Actividades de verano en Les Deux Alpes<\/h2>\n<p style=\"text-align: justify;\">Al igual que el de la estaci\u00f3n de esqu\u00ed Tignes, el <strong>forfait <\/strong>de\u00a0<strong>Les Deux Alpes<\/strong> tambi\u00e9n incluye\u00a0actividades muy divertidas e\u00a0ideales\u00a0para pasar las tardes de verano. Por ejemplo, si te alojas al menos <strong>2 noches en Les Deux Alpes<\/strong>, podr\u00e1s ba\u00f1arte en las <strong>piscinas exteriores<\/strong>, patinar sobre hielo, bajar por el divertido tobog\u00e1n Luge y acceder a la pista de tenis. Y para reservas de 6 o m\u00e1s noches de estancia en el glaciar de Les Deux Alpes, podr\u00e1s adem\u00e1s, realizar la actividad de\u00a0<strong>tiro con arco<\/strong>, acceder al mountain bike park, practicar golf y mucho m\u00e1s ;-).<\/p>\n<p style=\"text-align: justify;\">Si est\u00e1s en busca de paquetes para esquiar en Les Deux Alpes este verano, te recomendamos que visites nuestra web www.esquiades.com, donde podr\u00e1s encontrar\u00a0<strong><a href=\"https:\/\/www.esquiades.com\/viajes-esqui\/les-deux-alps-146\" target=\"_blank\" rel=\"noopener noreferrer\">ofertas para esquiar en verano en Les Deux Alpes<\/a><\/strong>. Y para poder\u00a0hacerte una idea de c\u00f3mo es esquiar en verano en Les Deux Alpes, te dejamos este v\u00eddeo. \u00a1Que lo disfrutes!<\/p>\n<p style=\"text-align: justify;\"><iframe src=\"https:\/\/www.youtube.com\/embed\/I9B64xDVIVg\" width=\"100%\" height=\"315\" frameborder=\"0\" allowfullscreen=\"allowfullscreen\"><\/iframe><\/p>\n<p style=\"text-align: justify;\"><strong>\u00bfTe gustar\u00eda esquiar en verano o ya lo has hecho? Cu\u00e9ntanos tus experiencias \ud83d\ude42<\/strong><\/p>\n","protected":false},"excerpt":{"rendered":"<p>Si no quieres esperar a diciembre para volver a tocar la nieve, te encantar\u00e1 saber que los Alpes Franceses te ofrecen la posibilidad de disfrutar del esqu\u00ed, tambi\u00e9n en verano. La estaci\u00f3n de esqu\u00ed francesa Les Deux Alpes\u00a0est\u00e1 activa, de modo que ya puedes reservar las mejores ofertas para esquiar en verano en nuestra web,&#8230;<\/p>\n","protected":false},"author":1,"featured_media":1602,"comment_status":"open","ping_status":"open","sticky":false,"template":"","format":"standard","meta":{"_acf_changed":false,"footnotes":""},"categories":[266],"tags":[35,48],"class_list":["post-1571","post","type-post","status-publish","format-standard","has-post-thumbnail","hentry","category-alpes-franceses","tag-alpes-franceses","tag-esqui-en-verano"],"acf":[],"yoast_head":"<!-- This site is optimized with the Yoast SEO plugin v28.2 - https:\/\/yoast.com\/product\/yoast-seo-wordpress\/ -->\n<title>Esquiar en verano en los Alpes Franceses: todo lo que necesitas saber. - Esquiades Blog<\/title>\n<meta name=\"robots\" content=\"index, follow, max-snippet:-1, max-image-preview:large, max-video-preview:-1\" \/>\n<link rel=\"canonical\" href=\"https:\/\/www.esquiades.com\/blog\/esquiar-en-verano-en-los-alpes-franceses\/\" \/>\n<meta property=\"og:locale\" content=\"es_ES\" \/>\n<meta property=\"og:type\" content=\"article\" \/>\n<meta property=\"og:title\" content=\"Esquiar en verano en los Alpes Franceses: todo lo que necesitas saber. - Esquiades Blog\" \/>\n<meta property=\"og:description\" content=\"Si no quieres esperar a diciembre para volver a tocar la nieve, te encantar\u00e1 saber que los Alpes Franceses te ofrecen la posibilidad de disfrutar del esqu\u00ed, tambi\u00e9n en verano. La estaci\u00f3n de esqu\u00ed francesa Les Deux Alpes\u00a0est\u00e1 activa, de modo que ya puedes reservar las mejores ofertas para esquiar en verano en nuestra web,...\" \/>\n<meta property=\"og:url\" content=\"https:\/\/www.esquiades.com\/blog\/esquiar-en-verano-en-los-alpes-franceses\/\" \/>\n<meta property=\"og:site_name\" content=\"Esquiades Blog\" \/>\n<meta property=\"article:published_time\" content=\"2015-06-25T10:46:21+00:00\" \/>\n<meta property=\"article:modified_time\" content=\"2024-07-01T10:50:45+00:00\" \/>\n<meta property=\"og:image\" content=\"https:\/\/www.esquiades.com\/blog\/app\/uploads\/2015\/06\/4885-l-ete-sur-le-glacier-5.jpg\" \/>\n\t<meta property=\"og:image:width\" content=\"408\" \/>\n\t<meta property=\"og:image:height\" content=\"370\" \/>\n\t<meta property=\"og:image:type\" content=\"image\/jpeg\" \/>\n<meta name=\"author\" content=\"pps@b2-performance.es\" \/>\n<meta name=\"twitter:card\" content=\"summary_large_image\" \/>\n<meta name=\"twitter:label1\" content=\"Escrito por\" \/>\n\t<meta name=\"twitter:data1\" content=\"pps@b2-performance.es\" \/>\n\t<meta name=\"twitter:label2\" content=\"Tiempo de lectura\" \/>\n\t<meta name=\"twitter:data2\" content=\"2 minutos\" \/>\n<script type=\"application\/ld+json\" class=\"yoast-schema-graph\">{\"@context\":\"https:\\\/\\\/schema.org\",\"@graph\":[{\"@type\":\"NewsArticle\",\"@id\":\"https:\\\/\\\/www.esquiades.com\\\/blog\\\/esquiar-en-verano-en-los-alpes-franceses\\\/#article\",\"isPartOf\":{\"@id\":\"https:\\\/\\\/www.esquiades.com\\\/blog\\\/esquiar-en-verano-en-los-alpes-franceses\\\/\"},\"author\":{\"name\":\"pps@b2-performance.es\",\"@id\":\"https:\\\/\\\/www.esquiades.com\\\/blog\\\/#\\\/schema\\\/person\\\/d0fd9f4f1a875a2fda01aa476d80a062\"},\"headline\":\"Esquiar en verano en los Alpes Franceses: todo lo que necesitas saber.\",\"datePublished\":\"2015-06-25T10:46:21+00:00\",\"dateModified\":\"2024-07-01T10:50:45+00:00\",\"mainEntityOfPage\":{\"@id\":\"https:\\\/\\\/www.esquiades.com\\\/blog\\\/esquiar-en-verano-en-los-alpes-franceses\\\/\"},\"wordCount\":482,\"commentCount\":2,\"publisher\":{\"@id\":\"https:\\\/\\\/www.esquiades.com\\\/blog\\\/#organization\"},\"image\":{\"@id\":\"https:\\\/\\\/www.esquiades.com\\\/blog\\\/esquiar-en-verano-en-los-alpes-franceses\\\/#primaryimage\"},\"thumbnailUrl\":\"https:\\\/\\\/www.esquiades.com\\\/blog\\\/app\\\/uploads\\\/2015\\\/06\\\/4885-l-ete-sur-le-glacier-5.jpg\",\"keywords\":[\"Alpes franceses\",\"Esqu\u00ed en verano\"],\"articleSection\":[\"Alpes franceses\"],\"inLanguage\":\"es\",\"potentialAction\":[{\"@type\":\"CommentAction\",\"name\":\"Comment\",\"target\":[\"https:\\\/\\\/www.esquiades.com\\\/blog\\\/esquiar-en-verano-en-los-alpes-franceses\\\/#respond\"]}]},{\"@type\":\"WebPage\",\"@id\":\"https:\\\/\\\/www.esquiades.com\\\/blog\\\/esquiar-en-verano-en-los-alpes-franceses\\\/\",\"url\":\"https:\\\/\\\/www.esquiades.com\\\/blog\\\/esquiar-en-verano-en-los-alpes-franceses\\\/\",\"name\":\"Esquiar en verano en los Alpes Franceses: todo lo que necesitas saber. - Esquiades Blog\",\"isPartOf\":{\"@id\":\"https:\\\/\\\/www.esquiades.com\\\/blog\\\/#website\"},\"primaryImageOfPage\":{\"@id\":\"https:\\\/\\\/www.esquiades.com\\\/blog\\\/esquiar-en-verano-en-los-alpes-franceses\\\/#primaryimage\"},\"image\":{\"@id\":\"https:\\\/\\\/www.esquiades.com\\\/blog\\\/esquiar-en-verano-en-los-alpes-franceses\\\/#primaryimage\"},\"thumbnailUrl\":\"https:\\\/\\\/www.esquiades.com\\\/blog\\\/app\\\/uploads\\\/2015\\\/06\\\/4885-l-ete-sur-le-glacier-5.jpg\",\"datePublished\":\"2015-06-25T10:46:21+00:00\",\"dateModified\":\"2024-07-01T10:50:45+00:00\",\"breadcrumb\":{\"@id\":\"https:\\\/\\\/www.esquiades.com\\\/blog\\\/esquiar-en-verano-en-los-alpes-franceses\\\/#breadcrumb\"},\"inLanguage\":\"es\",\"potentialAction\":[{\"@type\":\"ReadAction\",\"target\":[\"https:\\\/\\\/www.esquiades.com\\\/blog\\\/esquiar-en-verano-en-los-alpes-franceses\\\/\"]}]},{\"@type\":\"ImageObject\",\"inLanguage\":\"es\",\"@id\":\"https:\\\/\\\/www.esquiades.com\\\/blog\\\/esquiar-en-verano-en-los-alpes-franceses\\\/#primaryimage\",\"url\":\"https:\\\/\\\/www.esquiades.com\\\/blog\\\/app\\\/uploads\\\/2015\\\/06\\\/4885-l-ete-sur-le-glacier-5.jpg\",\"contentUrl\":\"https:\\\/\\\/www.esquiades.com\\\/blog\\\/app\\\/uploads\\\/2015\\\/06\\\/4885-l-ete-sur-le-glacier-5.jpg\",\"width\":408,\"height\":370,\"caption\":\"Esquiar en verano en tignes y les deux alpes\"},{\"@type\":\"BreadcrumbList\",\"@id\":\"https:\\\/\\\/www.esquiades.com\\\/blog\\\/esquiar-en-verano-en-los-alpes-franceses\\\/#breadcrumb\",\"itemListElement\":[{\"@type\":\"ListItem\",\"position\":1,\"name\":\"Home\",\"item\":\"https:\\\/\\\/www.esquiades.com\\\/blog\\\/\"},{\"@type\":\"ListItem\",\"position\":2,\"name\":\"Esquiar en verano en los Alpes Franceses: todo lo que necesitas saber.\"}]},{\"@type\":\"WebSite\",\"@id\":\"https:\\\/\\\/www.esquiades.com\\\/blog\\\/#website\",\"url\":\"https:\\\/\\\/www.esquiades.com\\\/blog\\\/\",\"name\":\"Esquiades Blog\",\"description\":\"Pasi\u00f3n por la nieve y la monta\u00f1a\",\"publisher\":{\"@id\":\"https:\\\/\\\/www.esquiades.com\\\/blog\\\/#organization\"},\"potentialAction\":[{\"@type\":\"SearchAction\",\"target\":{\"@type\":\"EntryPoint\",\"urlTemplate\":\"https:\\\/\\\/www.esquiades.com\\\/blog\\\/?s={search_term_string}\"},\"query-input\":{\"@type\":\"PropertyValueSpecification\",\"valueRequired\":true,\"valueName\":\"search_term_string\"}}],\"inLanguage\":\"es\"},{\"@type\":\"Organization\",\"@id\":\"https:\\\/\\\/www.esquiades.com\\\/blog\\\/#organization\",\"name\":\"Esquiades Blog\",\"url\":\"https:\\\/\\\/www.esquiades.com\\\/blog\\\/\",\"logo\":{\"@type\":\"ImageObject\",\"inLanguage\":\"es\",\"@id\":\"https:\\\/\\\/www.esquiades.com\\\/blog\\\/#\\\/schema\\\/logo\\\/image\\\/\",\"url\":\"https:\\\/\\\/www.esquiades.com\\\/blog\\\/app\\\/uploads\\\/2017\\\/02\\\/esquiades-LOGO-2.jpg\",\"contentUrl\":\"https:\\\/\\\/www.esquiades.com\\\/blog\\\/app\\\/uploads\\\/2017\\\/02\\\/esquiades-LOGO-2.jpg\",\"width\":397,\"height\":157,\"caption\":\"Esquiades Blog\"},\"image\":{\"@id\":\"https:\\\/\\\/www.esquiades.com\\\/blog\\\/#\\\/schema\\\/logo\\\/image\\\/\"}},{\"@type\":\"Person\",\"@id\":\"https:\\\/\\\/www.esquiades.com\\\/blog\\\/#\\\/schema\\\/person\\\/d0fd9f4f1a875a2fda01aa476d80a062\",\"name\":\"pps@b2-performance.es\",\"image\":{\"@type\":\"ImageObject\",\"inLanguage\":\"es\",\"@id\":\"https:\\\/\\\/secure.gravatar.com\\\/avatar\\\/0329b708caf0b031cad4c30f76b07f821c214bb62667106c6e61789a4286bb5f?s=96&d=mm&r=g\",\"url\":\"https:\\\/\\\/secure.gravatar.com\\\/avatar\\\/0329b708caf0b031cad4c30f76b07f821c214bb62667106c6e61789a4286bb5f?s=96&d=mm&r=g\",\"contentUrl\":\"https:\\\/\\\/secure.gravatar.com\\\/avatar\\\/0329b708caf0b031cad4c30f76b07f821c214bb62667106c6e61789a4286bb5f?s=96&d=mm&r=g\",\"caption\":\"pps@b2-performance.es\"},\"url\":\"https:\\\/\\\/www.esquiades.com\\\/blog\\\/author\\\/ppsb2-performance-es\\\/\"}]}<\/script>\n<!-- \/ Yoast SEO plugin. -->","yoast_head_json":{"title":"Esquiar en verano en los Alpes Franceses: todo lo que necesitas saber. - Esquiades Blog","robots":{"index":"index","follow":"follow","max-snippet":"max-snippet:-1","max-image-preview":"max-image-preview:large","max-video-preview":"max-video-preview:-1"},"canonical":"https:\/\/www.esquiades.com\/blog\/esquiar-en-verano-en-los-alpes-franceses\/","og_locale":"es_ES","og_type":"article","og_title":"Esquiar en verano en los Alpes Franceses: todo lo que necesitas saber. - Esquiades Blog","og_description":"Si no quieres esperar a diciembre para volver a tocar la nieve, te encantar\u00e1 saber que los Alpes Franceses te ofrecen la posibilidad de disfrutar del esqu\u00ed, tambi\u00e9n en verano. La estaci\u00f3n de esqu\u00ed francesa Les Deux Alpes\u00a0est\u00e1 activa, de modo que ya puedes reservar las mejores ofertas para esquiar en verano en nuestra web,...","og_url":"https:\/\/www.esquiades.com\/blog\/esquiar-en-verano-en-los-alpes-franceses\/","og_site_name":"Esquiades Blog","article_published_time":"2015-06-25T10:46:21+00:00","article_modified_time":"2024-07-01T10:50:45+00:00","og_image":[{"width":408,"height":370,"url":"https:\/\/www.esquiades.com\/blog\/app\/uploads\/2015\/06\/4885-l-ete-sur-le-glacier-5.jpg","type":"image\/jpeg"}],"author":"pps@b2-performance.es","twitter_card":"summary_large_image","twitter_misc":{"Escrito por":"pps@b2-performance.es","Tiempo de lectura":"2 minutos"},"schema":{"@context":"https:\/\/schema.org","@graph":[{"@type":"NewsArticle","@id":"https:\/\/www.esquiades.com\/blog\/esquiar-en-verano-en-los-alpes-franceses\/#article","isPartOf":{"@id":"https:\/\/www.esquiades.com\/blog\/esquiar-en-verano-en-los-alpes-franceses\/"},"author":{"name":"pps@b2-performance.es","@id":"https:\/\/www.esquiades.com\/blog\/#\/schema\/person\/d0fd9f4f1a875a2fda01aa476d80a062"},"headline":"Esquiar en verano en los Alpes Franceses: todo lo que necesitas saber.","datePublished":"2015-06-25T10:46:21+00:00","dateModified":"2024-07-01T10:50:45+00:00","mainEntityOfPage":{"@id":"https:\/\/www.esquiades.com\/blog\/esquiar-en-verano-en-los-alpes-franceses\/"},"wordCount":482,"commentCount":2,"publisher":{"@id":"https:\/\/www.esquiades.com\/blog\/#organization"},"image":{"@id":"https:\/\/www.esquiades.com\/blog\/esquiar-en-verano-en-los-alpes-franceses\/#primaryimage"},"thumbnailUrl":"https:\/\/www.esquiades.com\/blog\/app\/uploads\/2015\/06\/4885-l-ete-sur-le-glacier-5.jpg","keywords":["Alpes franceses","Esqu\u00ed en verano"],"articleSection":["Alpes franceses"],"inLanguage":"es","potentialAction":[{"@type":"CommentAction","name":"Comment","target":["https:\/\/www.esquiades.com\/blog\/esquiar-en-verano-en-los-alpes-franceses\/#respond"]}]},{"@type":"WebPage","@id":"https:\/\/www.esquiades.com\/blog\/esquiar-en-verano-en-los-alpes-franceses\/","url":"https:\/\/www.esquiades.com\/blog\/esquiar-en-verano-en-los-alpes-franceses\/","name":"Esquiar en verano en los Alpes Franceses: todo lo que necesitas saber. - Esquiades Blog","isPartOf":{"@id":"https:\/\/www.esquiades.com\/blog\/#website"},"primaryImageOfPage":{"@id":"https:\/\/www.esquiades.com\/blog\/esquiar-en-verano-en-los-alpes-franceses\/#primaryimage"},"image":{"@id":"https:\/\/www.esquiades.com\/blog\/esquiar-en-verano-en-los-alpes-franceses\/#primaryimage"},"thumbnailUrl":"https:\/\/www.esquiades.com\/blog\/app\/uploads\/2015\/06\/4885-l-ete-sur-le-glacier-5.jpg","datePublished":"2015-06-25T10:46:21+00:00","dateModified":"2024-07-01T10:50:45+00:00","breadcrumb":{"@id":"https:\/\/www.esquiades.com\/blog\/esquiar-en-verano-en-los-alpes-franceses\/#breadcrumb"},"inLanguage":"es","potentialAction":[{"@type":"ReadAction","target":["https:\/\/www.esquiades.com\/blog\/esquiar-en-verano-en-los-alpes-franceses\/"]}]},{"@type":"ImageObject","inLanguage":"es","@id":"https:\/\/www.esquiades.com\/blog\/esquiar-en-verano-en-los-alpes-franceses\/#primaryimage","url":"https:\/\/www.esquiades.com\/blog\/app\/uploads\/2015\/06\/4885-l-ete-sur-le-glacier-5.jpg","contentUrl":"https:\/\/www.esquiades.com\/blog\/app\/uploads\/2015\/06\/4885-l-ete-sur-le-glacier-5.jpg","width":408,"height":370,"caption":"Esquiar en verano en tignes y les deux alpes"},{"@type":"BreadcrumbList","@id":"https:\/\/www.esquiades.com\/blog\/esquiar-en-verano-en-los-alpes-franceses\/#breadcrumb","itemListElement":[{"@type":"ListItem","position":1,"name":"Home","item":"https:\/\/www.esquiades.com\/blog\/"},{"@type":"ListItem","position":2,"name":"Esquiar en verano en los Alpes Franceses: todo lo que necesitas saber."}]},{"@type":"WebSite","@id":"https:\/\/www.esquiades.com\/blog\/#website","url":"https:\/\/www.esquiades.com\/blog\/","name":"Esquiades Blog","description":"Pasi\u00f3n por la nieve y la monta\u00f1a","publisher":{"@id":"https:\/\/www.esquiades.com\/blog\/#organization"},"potentialAction":[{"@type":"SearchAction","target":{"@type":"EntryPoint","urlTemplate":"https:\/\/www.esquiades.com\/blog\/?s={search_term_string}"},"query-input":{"@type":"PropertyValueSpecification","valueRequired":true,"valueName":"search_term_string"}}],"inLanguage":"es"},{"@type":"Organization","@id":"https:\/\/www.esquiades.com\/blog\/#organization","name":"Esquiades Blog","url":"https:\/\/www.esquiades.com\/blog\/","logo":{"@type":"ImageObject","inLanguage":"es","@id":"https:\/\/www.esquiades.com\/blog\/#\/schema\/logo\/image\/","url":"https:\/\/www.esquiades.com\/blog\/app\/uploads\/2017\/02\/esquiades-LOGO-2.jpg","contentUrl":"https:\/\/www.esquiades.com\/blog\/app\/uploads\/2017\/02\/esquiades-LOGO-2.jpg","width":397,"height":157,"caption":"Esquiades Blog"},"image":{"@id":"https:\/\/www.esquiades.com\/blog\/#\/schema\/logo\/image\/"}},{"@type":"Person","@id":"https:\/\/www.esquiades.com\/blog\/#\/schema\/person\/d0fd9f4f1a875a2fda01aa476d80a062","name":"pps@b2-performance.es","image":{"@type":"ImageObject","inLanguage":"es","@id":"https:\/\/secure.gravatar.com\/avatar\/0329b708caf0b031cad4c30f76b07f821c214bb62667106c6e61789a4286bb5f?s=96&d=mm&r=g","url":"https:\/\/secure.gravatar.com\/avatar\/0329b708caf0b031cad4c30f76b07f821c214bb62667106c6e61789a4286bb5f?s=96&d=mm&r=g","contentUrl":"https:\/\/secure.gravatar.com\/avatar\/0329b708caf0b031cad4c30f76b07f821c214bb62667106c6e61789a4286bb5f?s=96&d=mm&r=g","caption":"pps@b2-performance.es"},"url":"https:\/\/www.esquiades.com\/blog\/author\/ppsb2-performance-es\/"}]}},"_links":{"self":[{"href":"https:\/\/www.esquiades.com\/blog\/wp-json\/wp\/v2\/posts\/1571","targetHints":{"allow":["GET"]}}],"collection":[{"href":"https:\/\/www.esquiades.com\/blog\/wp-json\/wp\/v2\/posts"}],"about":[{"href":"https:\/\/www.esquiades.com\/blog\/wp-json\/wp\/v2\/types\/post"}],"author":[{"embeddable":true,"href":"https:\/\/www.esquiades.com\/blog\/wp-json\/wp\/v2\/users\/1"}],"replies":[{"embeddable":true,"href":"https:\/\/www.esquiades.com\/blog\/wp-json\/wp\/v2\/comments?post=1571"}],"version-history":[{"count":2,"href":"https:\/\/www.esquiades.com\/blog\/wp-json\/wp\/v2\/posts\/1571\/revisions"}],"predecessor-version":[{"id":15090,"href":"https:\/\/www.esquiades.com\/blog\/wp-json\/wp\/v2\/posts\/1571\/revisions\/15090"}],"wp:featuredmedia":[{"embeddable":true,"href":"https:\/\/www.esquiades.com\/blog\/wp-json\/wp\/v2\/media\/1602"}],"wp:attachment":[{"href":"https:\/\/www.esquiades.com\/blog\/wp-json\/wp\/v2\/media?parent=1571"}],"wp:term":[{"taxonomy":"category","embeddable":true,"href":"https:\/\/www.esquiades.com\/blog\/wp-json\/wp\/v2\/categories?post=1571"},{"taxonomy":"post_tag","embeddable":true,"href":"https:\/\/www.esquiades.com\/blog\/wp-json\/wp\/v2\/tags?post=1571"}],"curies":[{"name":"wp","href":"https:\/\/api.w.org\/{rel}","templated":true}]}}