{"id":11926,"date":"2025-02-26T13:14:26","date_gmt":"2025-02-26T12:14:26","guid":{"rendered":"https:\/\/www.esquiades.com\/blog\/?p=11926"},"modified":"2025-02-26T13:21:26","modified_gmt":"2025-02-26T12:21:26","slug":"las-6-mejores-rutas-de-montana-por-andorra","status":"publish","type":"post","link":"https:\/\/www.esquiades.com\/blog\/las-6-mejores-rutas-de-montana-por-andorra\/","title":{"rendered":"Las 6 mejores rutas de monta\u00f1a por Andorra \u00a1y una ruta extra GRATIS!"},"content":{"rendered":"<div id=\"toc_container\" class=\"no_bullets\"><p class=\"toc_title\">Contenido<\/p><ul class=\"toc_list\"><li><a href=\"#Ruta_del_Hierro_o_Ruta_del_Ferro\"><span class=\"toc_number toc_depth_1\">1<\/span> Ruta del Hierro o Ruta del Ferro<\/a><\/li><li><a href=\"#Lago_Engolasters_y_Camino_de_las_Pardines\"><span class=\"toc_number toc_depth_1\">2<\/span> Lago Engolasters y Camino de las Pardines<\/a><\/li><li><a href=\"#i\"><span class=\"toc_number toc_depth_1\">3<\/span> \u00a0<\/a><\/li><li><a href=\"#Camino_de_Madriu\"><span class=\"toc_number toc_depth_1\">4<\/span> Camino de Madriu<\/a><\/li><li><a href=\"#Pico_Montmalus_y_Circo_de_los_Colells\"><span class=\"toc_number toc_depth_1\">5<\/span> Pico Montmal\u00fas y Circo de los Colells<\/a><\/li><li><a href=\"#Camino_Circular_por_la_Parroquia_de_Canillo\"><span class=\"toc_number toc_depth_1\">6<\/span> Camino Circular por la Parroquia de Canillo<\/a><\/li><li><a href=\"#Pico_de_Comapedrosa\"><span class=\"toc_number toc_depth_1\">7<\/span> Pico de Comapedrosa<\/a><\/li><li><a href=\"#Los_Lagos_de_Tristaina_o_Estanys_de_Tristaina\"><span class=\"toc_number toc_depth_1\">8<\/span> Los Lagos de Tristaina o Estanys de Tristaina<\/a><\/li><\/ul><\/div>\n\t\t<div data-elementor-type=\"wp-post\" data-elementor-id=\"11926\" class=\"elementor elementor-11926\" data-elementor-post-type=\"post\">\n\t\t\t\t\t\t<section class=\"elementor-section elementor-top-section elementor-element elementor-element-18937558 elementor-section-boxed elementor-section-height-default elementor-section-height-default\" data-id=\"18937558\" data-element_type=\"section\">\n\t\t\t\t\t\t<div class=\"elementor-container elementor-column-gap-default\">\n\t\t\t\t\t<div class=\"elementor-column elementor-col-100 elementor-top-column elementor-element elementor-element-3e4d358b\" data-id=\"3e4d358b\" data-element_type=\"column\">\n\t\t\t<div class=\"elementor-widget-wrap elementor-element-populated\">\n\t\t\t\t\t\t<div class=\"elementor-element elementor-element-12baa597 elementor-widget elementor-widget-text-editor\" data-id=\"12baa597\" data-element_type=\"widget\" data-widget_type=\"text-editor.default\">\n\t\t\t\t<div class=\"elementor-widget-container\">\n\t\t\t\t\t\t\t\t\t<p><\/p>\n<p><span style=\"color: var( --e-global-color-text ); font-family: var( --e-global-typography-text-font-family ); font-weight: var( --e-global-typography-text-font-weight );\">Los que solo visitan Andorra en temporada de invierno, \u00a1no saben lo que se pierden!<\/span><\/p>\n<p><\/p>\n<p><\/p>\n<p><\/p>\n<p><\/p>\n<p style=\"text-align: center;\"><em>\u00a1El pa\u00eds de los Pirineos ofrece un sinf\u00edn de actividades y rutas de monta\u00f1a!<\/em><\/p>\n<p><\/p>\n<p><\/p>\n<p><\/p>\n<p><\/p>\n<p>A los amantes del senderismo o el trekking les encanta visitar \u201cfuera de temporada\u201d el principado de Andorra por la <strong>cantidad de rutas que ofrece<\/strong> y la maravillosa temperatura que hay en verano.<\/p>\n<p><\/p>\n<p><\/p>\n<p><\/p>\n<p><\/p>\n<p>Pero no solo hay opciones para los m\u00e1s expertos\u2026<strong> \u00a1Aqu\u00ed hay excursiones para todos los niveles!<\/strong> Tanto si vas con ni\u00f1os, con tu mascota o si eres experto en rutas de monta\u00f1a.<\/p>\n<p><\/p>\n<p><\/p>\n<p><\/p>\n<p><\/p>\n<div class=\"wp-block-image\">\n<figure class=\"aligncenter\"><img fetchpriority=\"high\" decoding=\"async\" width=\"512\" height=\"384\" class=\"wp-image-14182\" src=\"https:\/\/www.esquiades.com\/blog\/app\/uploads\/2024\/03\/1-rutas-montana-andorra.jpg\" alt=\"\" \/>\n<p>\u00a0<\/p>\n<figcaption><em>\u00a1Las rutas de monta\u00f1a por Andorra guardan parajes como este!<\/em><\/figcaption>\n<\/figure>\n<\/div>\n<p><\/p>\n<p><\/p>\n<p><\/p>\n<p><\/p>\n<p>En Andorra puedes encontrar cantidad de valles y monta\u00f1as que rondan 3.000 m y si quieres dispones de hasta 3 espacios protegidos: el <strong>valle del Madriu-Perafita-Claror<\/strong> (Patrimonio Mundial de la Humanidad por la UNESCO), el <strong>Parque Natural Comunal Valls del Comapedrosa<\/strong> y el <strong>Parque Natural del valle de Sorteny<\/strong>.\u00a0<\/p>\n<p><\/p>\t\t\t\t\t\t\t\t<\/div>\n\t\t\t\t<\/div>\n\t\t\t\t<div class=\"elementor-element elementor-element-903f1c5 elementor-align-center elementor-widget elementor-widget-button\" data-id=\"903f1c5\" data-element_type=\"widget\" data-widget_type=\"button.default\">\n\t\t\t\t<div class=\"elementor-widget-container\">\n\t\t\t\t\t\t\t\t\t<div class=\"elementor-button-wrapper\">\n\t\t\t\t\t<a class=\"elementor-button elementor-button-link elementor-size-sm\" href=\"https:\/\/www.esquiades.com\/hoteles\/pais\/ad-2\">\n\t\t\t\t\t\t<span class=\"elementor-button-content-wrapper\">\n\t\t\t\t\t\t\t\t\t<span class=\"elementor-button-text\">Encuentra tu hotel en Andorra<\/span>\n\t\t\t\t\t<\/span>\n\t\t\t\t\t<\/a>\n\t\t\t\t<\/div>\n\t\t\t\t\t\t\t\t<\/div>\n\t\t\t\t<\/div>\n\t\t\t\t<div class=\"elementor-element elementor-element-5b31eda elementor-widget elementor-widget-text-editor\" data-id=\"5b31eda\" data-element_type=\"widget\" data-widget_type=\"text-editor.default\">\n\t\t\t\t<div class=\"elementor-widget-container\">\n\t\t\t\t\t\t\t\t\t<p><\/p>\n<p><span style=\"color: var( --e-global-color-text ); font-family: var( --e-global-typography-text-font-family ); font-weight: var( --e-global-typography-text-font-weight );\">Como ya te hemos explicado\u2026 Las opciones son varias pero dependen de lo que tu busques y del nivel que tengas en senderismo (te avisamos que en la monta\u00f1a SIEMPRE hay que ir preparado). Por eso, te hemos recopilado <\/span><strong style=\"color: var( --e-global-color-text ); font-family: var( --e-global-typography-text-font-family );\">las 6 mejores rutas de monta\u00f1a por Andorra<\/strong><span style=\"color: var( --e-global-color-text ); font-family: var( --e-global-typography-text-font-family ); font-weight: var( --e-global-typography-text-font-weight );\"> por diferentes zonas y distintos niveles para que puedas elegir la que m\u00e1s te guste. \u00bfEmpezamos?<\/span><\/p>\n<p><\/p>\t\t\t\t\t\t\t\t<\/div>\n\t\t\t\t<\/div>\n\t\t\t\t<div class=\"elementor-element elementor-element-7a8e1c2 elementor-widget elementor-widget-heading\" data-id=\"7a8e1c2\" data-element_type=\"widget\" data-widget_type=\"heading.default\">\n\t\t\t\t<div class=\"elementor-widget-container\">\n\t\t\t\t\t<h2 class=\"elementor-heading-title elementor-size-default\"><span id=\"Ruta_del_Hierro_o_Ruta_del_Ferro\">Ruta del Hierro o Ruta del Ferro<\/span><\/h2>\t\t\t\t<\/div>\n\t\t\t\t<\/div>\n\t\t\t\t<div class=\"elementor-element elementor-element-2e029f4 elementor-widget elementor-widget-google_maps\" data-id=\"2e029f4\" data-element_type=\"widget\" data-widget_type=\"google_maps.default\">\n\t\t\t\t<div class=\"elementor-widget-container\">\n\t\t\t\t\t\t\t<div class=\"elementor-custom-embed\">\n\t\t\t<iframe loading=\"lazy\"\n\t\t\t\t\tsrc=\"https:\/\/maps.google.com\/maps?q=Ruta%20del%20Ferro%20Andorra&#038;t=m&#038;z=10&#038;output=embed&#038;iwloc=near\"\n\t\t\t\t\ttitle=\"Ruta del Ferro Andorra\"\n\t\t\t\t\taria-label=\"Ruta del Ferro Andorra\"\n\t\t\t><\/iframe>\n\t\t<\/div>\n\t\t\t\t\t\t<\/div>\n\t\t\t\t<\/div>\n\t\t\t\t<div class=\"elementor-element elementor-element-6def486 elementor-widget elementor-widget-text-editor\" data-id=\"6def486\" data-element_type=\"widget\" data-widget_type=\"text-editor.default\">\n\t\t\t\t<div class=\"elementor-widget-container\">\n\t\t\t\t\t\t\t\t\t<p><span style=\"color: var( --e-global-color-text ); font-family: var( --e-global-typography-text-font-family ); font-weight: var( --e-global-typography-text-font-weight );\">La primera ruta de monta\u00f1a por Andorra a destacar es <\/span><strong style=\"color: var( --e-global-color-text ); font-family: var( --e-global-typography-text-font-family );\">ideal para familias<\/strong><span style=\"color: var( --e-global-color-text ); font-family: var( --e-global-typography-text-font-family ); font-weight: var( --e-global-typography-text-font-weight );\">. \u00a1Tambi\u00e9n es perfecta si quieres hacer una peque\u00f1a excursi\u00f3n r\u00e1pida!\u00a0 Pasa por lugares de inter\u00e9s cultural y natural que ofrecen una forma diferente de explorar la naturaleza mientras hacemos senderismo.<\/span><\/p>\n<p><!-- \/wp:paragraph --><\/p>\n<p><!-- wp:paragraph --><\/p>\n<p><!-- \/wp:paragraph --><\/p>\n<p><!-- wp:image {\"id\":14184,\"align\":\"center\"} --><\/p>\n<div class=\"wp-block-image\">\n<figure class=\"aligncenter\"><img decoding=\"async\" width=\"512\" height=\"214\" class=\"wp-image-14184\" src=\"https:\/\/www.esquiades.com\/blog\/app\/uploads\/2024\/03\/3-ruta-del-ferro.png\" alt=\"\" \/>\n<p>\u00a0<\/p>\n<figcaption><em>\u00bfTe apuntas a hacer la \u201cRuta del Ferro\u201d en Andorra?<\/em><\/figcaption>\n<\/figure>\n<\/div>\n<p><!-- \/wp:image --><\/p>\n<p><!-- wp:paragraph --><\/p>\n<p><!-- \/wp:paragraph --><\/p>\n<p><!-- wp:paragraph --><\/p>\n<p>Para iniciar la ruta deber\u00e1s aparcar en la <strong>Mina de Llorts<\/strong> y te dirigir\u00e1s hacia <strong>La Cortinada<\/strong>, lugar que fue importante para la econom\u00eda de los pueblos de la zona.\u00a0<\/p>\n<p><!-- \/wp:paragraph --><\/p>\n<p><!-- wp:paragraph --><\/p>\n<p><!-- \/wp:paragraph --><\/p>\n<p><!-- wp:paragraph --><\/p>\n<p>Este trayecto lineal destaca por pasar por el <strong>Camino de los Trajinantes<\/strong>, una antigua ruta que utilizaban para transportar el hierro. Actualmente, para conmemorar estos hechos est\u00e1n los <strong>\u201cHombres de Hierro<\/strong>\u201d que es una exposici\u00f3n al aire libre donde aparecen esculturas de hierro que simulan su recorrido por esta ruta comercial metal\u00fargica.\u00a0<\/p>\n<p><!-- \/wp:paragraph --><\/p>\n<p><!-- wp:paragraph --><\/p>\n<p><!-- \/wp:paragraph --><\/p>\n<p><!-- wp:image {\"id\":14185,\"align\":\"center\"} --><\/p>\n<div class=\"wp-block-image\">\n<figure class=\"aligncenter\"><img decoding=\"async\" width=\"512\" height=\"214\" class=\"wp-image-14185\" src=\"https:\/\/www.esquiades.com\/blog\/app\/uploads\/2024\/03\/4-hombres-de-hierro.png\" alt=\"\" \/>\n<p>\u00a0<\/p>\n<figcaption><em>\u00a1Estos son los \u201cHombres de Hierro\u201d!<\/em><\/figcaption>\n<\/figure>\n<\/div>\n<p><!-- \/wp:image --><\/p>\n<p><!-- wp:paragraph --><\/p>\n<p><!-- \/wp:paragraph --><\/p>\n<p><!-- wp:paragraph --><\/p>\n<p>El resto de la ruta es muy divertida y f\u00e1cil de seguir ya que podr\u00e1s ver los puentes del Vilar\u00f3 y de Arans, Sant Mart\u00ed de La Cortinada.<\/p>\n<p><!-- \/wp:paragraph --><\/p>\n<p><!-- wp:paragraph --><\/p>\n<p><!-- \/wp:paragraph --><\/p>\n<p><!-- wp:paragraph {\"align\":\"center\"} --><\/p>\n<p style=\"text-align: center;\"><em>La se\u00f1alizaci\u00f3n del camino es roja y blanca, propia del GR11 (el gran recorrido de los Pirineos).<\/em><\/p>\n<p><!-- \/wp:paragraph --><\/p>\n<p><!-- wp:paragraph --><\/p>\n<p><!-- \/wp:paragraph --><\/p>\n<p><!-- wp:paragraph --><\/p>\n<p><strong>Distancia<\/strong><em>: <\/em>4,2 km (8,4 km ida y vuelta)<\/p>\n<p><!-- \/wp:paragraph --><\/p>\n<p><!-- wp:paragraph --><\/p>\n<p><!-- \/wp:paragraph --><\/p>\n<p><!-- wp:paragraph --><\/p>\n<p><strong>Nivel:<\/strong> F\u00e1cil<\/p>\n<p><!-- \/wp:paragraph --><\/p>\n<p><!-- wp:paragraph --><\/p>\n<p><!-- \/wp:paragraph --><\/p>\n<p><!-- wp:paragraph --><\/p>\n<p><strong>Duraci\u00f3n estimada: <\/strong>m\u00e1s de 2 horas<\/p>\n<p><!-- \/wp:paragraph --><\/p>\n<p><!-- wp:paragraph --><\/p>\n<p><!-- \/wp:paragraph --><\/p>\n<p><!-- wp:paragraph --><\/p>\n<p><strong>Caracter\u00edsticas destacables: <\/strong>Accesible e ideal para familias con ni\u00f1os peque\u00f1os. Hay visitas guiadas disponibles en verano en el interior de la Mina de Llorts.<\/p>\n<p><!-- \/wp:paragraph --><\/p>\n<p><!-- wp:paragraph --><\/p>\n<p><!-- \/wp:paragraph --><\/p>\n<p><!-- wp:image {\"id\":14186,\"align\":\"center\"} --><\/p>\n<div class=\"wp-block-image\">\n<figure class=\"aligncenter\"><img loading=\"lazy\" decoding=\"async\" width=\"410\" height=\"512\" class=\"wp-image-14186\" src=\"https:\/\/www.esquiades.com\/blog\/app\/uploads\/2024\/03\/5-paisaje-ruta-del-hierro.png\" alt=\"\" \/>\n<p>\u00a0<\/p>\n<figcaption><em>Mientras recorres la Ruta del Hierro ver\u00e1s paisajes como este<\/em><\/figcaption>\n<\/figure>\n<\/div>\n<p><!-- \/wp:image --><\/p>\t\t\t\t\t\t\t\t<\/div>\n\t\t\t\t<\/div>\n\t\t\t\t<div class=\"elementor-element elementor-element-0a13d8a elementor-align-center elementor-widget elementor-widget-button\" data-id=\"0a13d8a\" data-element_type=\"widget\" data-widget_type=\"button.default\">\n\t\t\t\t<div class=\"elementor-widget-container\">\n\t\t\t\t\t\t\t\t\t<div class=\"elementor-button-wrapper\">\n\t\t\t\t\t<a class=\"elementor-button elementor-button-link elementor-size-sm\" href=\"https:\/\/www.esquiades.com\/hoteles\/pais\/ad-2\">\n\t\t\t\t\t\t<span class=\"elementor-button-content-wrapper\">\n\t\t\t\t\t\t\t\t\t<span class=\"elementor-button-text\">\u00a1Reserva ahora!<\/span>\n\t\t\t\t\t<\/span>\n\t\t\t\t\t<\/a>\n\t\t\t\t<\/div>\n\t\t\t\t\t\t\t\t<\/div>\n\t\t\t\t<\/div>\n\t\t\t\t<div class=\"elementor-element elementor-element-c67e635 elementor-widget elementor-widget-heading\" data-id=\"c67e635\" data-element_type=\"widget\" data-widget_type=\"heading.default\">\n\t\t\t\t<div class=\"elementor-widget-container\">\n\t\t\t\t\t<h2 class=\"elementor-heading-title elementor-size-default\"><span id=\"Lago_Engolasters_y_Camino_de_las_Pardines\">Lago Engolasters y Camino de las Pardines<\/span><\/h2>\t\t\t\t<\/div>\n\t\t\t\t<\/div>\n\t\t\t\t<div class=\"elementor-element elementor-element-7d191f3 elementor-widget elementor-widget-google_maps\" data-id=\"7d191f3\" data-element_type=\"widget\" data-widget_type=\"google_maps.default\">\n\t\t\t\t<div class=\"elementor-widget-container\">\n\t\t\t\t\t\t\t<div class=\"elementor-custom-embed\">\n\t\t\t<iframe loading=\"lazy\"\n\t\t\t\t\tsrc=\"https:\/\/maps.google.com\/maps?q=Lago%20Engolasters%20y%20Camino%20de%20las%20Pardines%E2%80%8B&#038;t=m&#038;z=10&#038;output=embed&#038;iwloc=near\"\n\t\t\t\t\ttitle=\"Lago Engolasters y Camino de las Pardines\u200b\"\n\t\t\t\t\taria-label=\"Lago Engolasters y Camino de las Pardines\u200b\"\n\t\t\t><\/iframe>\n\t\t<\/div>\n\t\t\t\t\t\t<\/div>\n\t\t\t\t<\/div>\n\t\t\t\t<div class=\"elementor-element elementor-element-e6b3319 elementor-widget elementor-widget-text-editor\" data-id=\"e6b3319\" data-element_type=\"widget\" data-widget_type=\"text-editor.default\">\n\t\t\t\t<div class=\"elementor-widget-container\">\n\t\t\t\t\t\t\t\t\t<p><span style=\"color: var( --e-global-color-text ); font-family: var( --e-global-typography-text-font-family ); font-weight: var( --e-global-typography-text-font-weight );\">Esta ruta de monta\u00f1a es lineal y consiste en una excursi\u00f3n de casi 4 horas de duraci\u00f3n con inicio en la iglesia de <\/span><strong style=\"color: var( --e-global-color-text ); font-family: var( --e-global-typography-text-font-family );\">Sant Mart\u00ed de Engolasters<\/strong><span style=\"color: var( --e-global-color-text ); font-family: var( --e-global-typography-text-font-family ); font-weight: var( --e-global-typography-text-font-weight );\">.\u00a0<\/span><\/p>\n<p><!-- \/wp:paragraph --><\/p>\n<p><!-- wp:paragraph --><\/p>\n<p><!-- \/wp:paragraph --><\/p>\n<p><!-- wp:paragraph --><\/p>\n<p>Muy cerca hay una zona de picnic en la <strong>Fuente de la Closa<\/strong> que es muy \u00fatil para comer antes (o despu\u00e9s) de la ruta. El itinerario no tiene muchas complicaciones, pero, se dificulta por el desnivel y la distancia que recorren. \u00a1Deber\u00e1s\u00a0 ir bien preparado!\u00a0<\/p>\n<p><!-- \/wp:paragraph --><\/p>\n<p><!-- wp:paragraph --><\/p>\n<p><!-- \/wp:paragraph --><\/p>\n<p><!-- wp:image {\"id\":14187,\"align\":\"center\"} --><\/p>\n<div class=\"wp-block-image\">\n<figure class=\"aligncenter\"><img loading=\"lazy\" decoding=\"async\" width=\"512\" height=\"340\" class=\"wp-image-14187\" src=\"https:\/\/www.esquiades.com\/blog\/app\/uploads\/2024\/03\/6-ruta-de-picnic.png\" alt=\"\" \/>\n<p>\u00a0<\/p>\n<figcaption><em>Aqu\u00ed est\u00e1 la maravillosa zona de picnic para descansar <\/em><\/figcaption>\n<\/figure>\n<\/div>\n<p><!-- \/wp:image --><\/p>\n<p><!-- wp:paragraph --><\/p>\n<p><!-- \/wp:paragraph --><\/p>\n<p><!-- wp:paragraph --><\/p>\n<p>Esta ruta recorre el Camino Hidroel\u00e9ctrico de Engolasters, Camino del Canal y Circuito de las Fonts hasta el Lago Engolasters.<\/p>\n<p><!-- \/wp:paragraph --><\/p>\n<p><!-- wp:paragraph --><\/p>\n<p><!-- \/wp:paragraph --><\/p>\n<p><!-- wp:paragraph --><\/p>\n<p>\u00bfLo mejor de la ruta? Las <strong>vistas panor\u00e1micas<\/strong> de los picos de Casamanya, sierra del Estany\u00f3 y la Cabaneta. Adem\u00e1s del precioso <strong>sendero bot\u00e1nico del Camino de las Pardines<\/strong>, donde ver\u00e1s bosques de pino rojo y negro que proyectan a un maravilloso paraje de valles verdes.\u00a0<\/p>\n<p><!-- \/wp:paragraph --><\/p>\n<p><!-- wp:paragraph --><\/p>\n<p><!-- \/wp:paragraph --><\/p>\n<p><!-- wp:image {\"id\":14188,\"align\":\"center\"} --><\/p>\n<div class=\"wp-block-image\">\n<figure class=\"aligncenter\"><img loading=\"lazy\" decoding=\"async\" width=\"512\" height=\"340\" class=\"wp-image-14188\" src=\"https:\/\/www.esquiades.com\/blog\/app\/uploads\/2024\/03\/7-vistas-picos-casamanya-y-estano.png\" alt=\"\" \/>\n<p>\u00a0<\/p>\n<figcaption><em>Podr\u00e1s ver las maravillosas vistas a los picos de Casamanya y del Estany\u00f3<\/em><\/figcaption>\n<\/figure>\n<\/div>\n<p><!-- \/wp:image --><\/p>\n<p><!-- wp:paragraph --><\/p>\n<p><!-- \/wp:paragraph --><\/p>\n<p><!-- wp:paragraph --><\/p>\n<p><strong>Distancia: <\/strong>13,8 km<\/p>\n<p><!-- \/wp:paragraph --><\/p>\n<p><!-- wp:paragraph --><\/p>\n<p><!-- \/wp:paragraph --><\/p>\n<p><!-- wp:paragraph --><\/p>\n<p><strong>Nivel<\/strong>: Medio<\/p>\n<p><!-- \/wp:paragraph --><\/p>\n<p><!-- wp:paragraph --><\/p>\n<p><!-- \/wp:paragraph --><\/p>\n<p><!-- wp:paragraph --><\/p>\n<p><strong>Duraci\u00f3n estimada: <\/strong>3 horas y 40 minutos aproximadamente<\/p>\n<p><!-- \/wp:paragraph --><\/p>\n<p><!-- wp:paragraph --><\/p>\n<p><!-- \/wp:paragraph --><\/p>\n<p><!-- wp:paragraph --><\/p>\n<p><strong>Caracter\u00edsticas destacables:<\/strong> Ruta que pasa por el lago Engolasters, el cual forma parte de las instalaciones de captaci\u00f3n de agua que alimentan la central hidroel\u00e9ctrica.\u00a0<\/p>\n<p><!-- \/wp:paragraph --><\/p>\n<p><!-- wp:paragraph --><\/p>\n<p><!-- \/wp:paragraph --><\/p>\n<p><!-- wp:heading --><\/p>\n<h2><span id=\"i\">\u00a0<\/span><\/h2>\n<p><!-- \/wp:image --><\/p>\t\t\t\t\t\t\t\t<\/div>\n\t\t\t\t<\/div>\n\t\t\t\t<div class=\"elementor-element elementor-element-7be4e65 elementor-align-center elementor-widget elementor-widget-button\" data-id=\"7be4e65\" data-element_type=\"widget\" data-widget_type=\"button.default\">\n\t\t\t\t<div class=\"elementor-widget-container\">\n\t\t\t\t\t\t\t\t\t<div class=\"elementor-button-wrapper\">\n\t\t\t\t\t<a class=\"elementor-button elementor-button-link elementor-size-sm\" href=\"https:\/\/www.esquiades.com\/hoteles\/pais\/ad-2\">\n\t\t\t\t\t\t<span class=\"elementor-button-content-wrapper\">\n\t\t\t\t\t\t\t\t\t<span class=\"elementor-button-text\">\u00a1No te lo pierdas!<\/span>\n\t\t\t\t\t<\/span>\n\t\t\t\t\t<\/a>\n\t\t\t\t<\/div>\n\t\t\t\t\t\t\t\t<\/div>\n\t\t\t\t<\/div>\n\t\t\t\t<div class=\"elementor-element elementor-element-fa72ea8 elementor-widget elementor-widget-heading\" data-id=\"fa72ea8\" data-element_type=\"widget\" data-widget_type=\"heading.default\">\n\t\t\t\t<div class=\"elementor-widget-container\">\n\t\t\t\t\t<h2 class=\"elementor-heading-title elementor-size-default\"><span id=\"Camino_de_Madriu\">Camino de Madriu<\/span><\/h2>\t\t\t\t<\/div>\n\t\t\t\t<\/div>\n\t\t\t\t<div class=\"elementor-element elementor-element-f3486b0 elementor-widget elementor-widget-google_maps\" data-id=\"f3486b0\" data-element_type=\"widget\" data-widget_type=\"google_maps.default\">\n\t\t\t\t<div class=\"elementor-widget-container\">\n\t\t\t\t\t\t\t<div class=\"elementor-custom-embed\">\n\t\t\t<iframe loading=\"lazy\"\n\t\t\t\t\tsrc=\"https:\/\/maps.google.com\/maps?q=Camino%20de%20Madriu%E2%80%8B&#038;t=m&#038;z=10&#038;output=embed&#038;iwloc=near\"\n\t\t\t\t\ttitle=\"Camino de Madriu\u200b\"\n\t\t\t\t\taria-label=\"Camino de Madriu\u200b\"\n\t\t\t><\/iframe>\n\t\t<\/div>\n\t\t\t\t\t\t<\/div>\n\t\t\t\t<\/div>\n\t\t\t\t<div class=\"elementor-element elementor-element-8234c6b elementor-widget elementor-widget-text-editor\" data-id=\"8234c6b\" data-element_type=\"widget\" data-widget_type=\"text-editor.default\">\n\t\t\t\t<div class=\"elementor-widget-container\">\n\t\t\t\t\t\t\t\t\t<p><span style=\"color: var( --e-global-color-text ); font-family: var( --e-global-typography-text-font-family ); font-weight: var( --e-global-typography-text-font-weight );\">Esta ruta de monta\u00f1a es una de las m\u00e1s bonitas. Durante su recorrido descubrir\u00e1s el excepcional <\/span><strong style=\"color: var( --e-global-color-text ); font-family: var( --e-global-typography-text-font-family );\">valle del r\u00edo Madriu<\/strong><span style=\"color: var( --e-global-color-text ); font-family: var( --e-global-typography-text-font-family ); font-weight: var( --e-global-typography-text-font-weight );\">. \u00a1Nos encanta!<\/span><\/p>\n<p><!-- \/wp:paragraph --><\/p>\n<p><!-- wp:paragraph --><\/p>\n<p><!-- \/wp:paragraph --><\/p>\n<p><!-- wp:image {\"id\":14190,\"align\":\"center\"} --><\/p>\n<div class=\"wp-block-image\">\n<figure class=\"aligncenter\"><img loading=\"lazy\" decoding=\"async\" width=\"512\" height=\"341\" class=\"wp-image-14190\" src=\"https:\/\/www.esquiades.com\/blog\/app\/uploads\/2024\/03\/8-vistas-excursion.png\" alt=\"\" \/>\n<p>\u00a0<\/p>\n<figcaption><em>Con estas vistas maravillosas empezar\u00e1s tu excursi\u00f3n <\/em><\/figcaption>\n<\/figure>\n<\/div>\n<p><!-- \/wp:image --><\/p>\n<p><!-- wp:paragraph --><\/p>\n<p><!-- \/wp:paragraph --><\/p>\n<p><!-- wp:paragraph --><\/p>\n<p>La ruta empieza en la carretera de la Plana y recorre todo el valle del r\u00edo Madriu hasta que llegas al maravilloso <strong><em>Estany de l\u2019Illa<\/em><\/strong>. La belleza del Lago del Illa deja deslumbrado a cualquiera cuando ves el paraje que te rodea de sinuosas monta\u00f1as.\u00a0<\/p>\n<p><!-- \/wp:paragraph --><\/p>\n<p><!-- wp:paragraph --><\/p>\n<p><!-- \/wp:paragraph --><\/p>\n<p><!-- wp:image {\"id\":14191,\"align\":\"center\"} --><\/p>\n<div class=\"wp-block-image\">\n<figure class=\"aligncenter\"><img loading=\"lazy\" decoding=\"async\" width=\"512\" height=\"341\" class=\"wp-image-14191\" src=\"https:\/\/www.esquiades.com\/blog\/app\/uploads\/2024\/03\/9-panoramica-estany-ulla.png\" alt=\"\" \/>\n<p>\u00a0<\/p>\n<figcaption><em>La panor\u00e1mica en el Estany de l\u2019Illa es espectacular \u00bfverdad?<\/em><\/figcaption>\n<\/figure>\n<\/div>\n<p><!-- \/wp:image --><\/p>\n<p><!-- wp:paragraph --><\/p>\n<p><!-- \/wp:paragraph --><\/p>\n<p><!-- wp:paragraph --><\/p>\n<p>Esta ruta pasa por antiguos caminos que est\u00e1n empedrados, bancales, muros de piedra\u2026 Un paraje pintoresco que nos realza una belleza del pasado que destaca la naturaleza de hoy.<\/p>\n<p><!-- \/wp:paragraph --><\/p>\n<p><!-- wp:paragraph --><\/p>\n<p><!-- \/wp:paragraph --><\/p>\n<p><!-- wp:paragraph --><\/p>\n<p><strong><em>Los amantes del senderismo y las rutas de monta\u00f1a destacan el Camino de Madriu como sus rutas favoritas<\/em><\/strong><em> por el Pirineo.\u00a0<\/em><\/p>\n<p><!-- \/wp:paragraph --><\/p>\n<p><!-- wp:paragraph --><\/p>\n<p><!-- \/wp:paragraph --><\/p>\n<p><!-- wp:paragraph --><\/p>\n<p><strong>Distancia: <\/strong>23 km<\/p>\n<p><!-- \/wp:paragraph --><\/p>\n<p><!-- wp:paragraph --><\/p>\n<p><!-- \/wp:paragraph --><\/p>\n<p><!-- wp:paragraph --><\/p>\n<p><strong>Nivel: <\/strong>Medio-alto<\/p>\n<p><!-- \/wp:paragraph --><\/p>\n<p><!-- wp:paragraph --><\/p>\n<p><!-- \/wp:paragraph --><\/p>\n<p><!-- wp:paragraph --><\/p>\n<p><strong>Duraci\u00f3n estimada: <\/strong>7 horas<\/p>\n<p><!-- \/wp:paragraph --><\/p>\n<p><!-- wp:paragraph --><\/p>\n<p><!-- \/wp:paragraph --><\/p>\n<p><!-- wp:paragraph --><\/p>\n<p><strong>Caracter\u00edsticas destacables: Con este recorrido conocer\u00e1s las actividades m\u00e1s importantes del Valle del Madriu, la agricultura y la ganader\u00eda.<\/strong><\/p>\n<p><!-- \/wp:paragraph --><\/p>\n<p><!-- wp:paragraph --><\/p>\n<p>\u00a0<\/p>\n<p><!-- \/wp:image --><\/p>\t\t\t\t\t\t\t\t<\/div>\n\t\t\t\t<\/div>\n\t\t\t\t<div class=\"elementor-element elementor-element-3b3acaf elementor-align-center elementor-widget elementor-widget-button\" data-id=\"3b3acaf\" data-element_type=\"widget\" data-widget_type=\"button.default\">\n\t\t\t\t<div class=\"elementor-widget-container\">\n\t\t\t\t\t\t\t\t\t<div class=\"elementor-button-wrapper\">\n\t\t\t\t\t<a class=\"elementor-button elementor-button-link elementor-size-sm\" href=\"https:\/\/www.esquiades.com\/hoteles\/pais\/ad-2\">\n\t\t\t\t\t\t<span class=\"elementor-button-content-wrapper\">\n\t\t\t\t\t\t\t\t\t<span class=\"elementor-button-text\">\u00a1Encuentra tu hotel en Andorra!<\/span>\n\t\t\t\t\t<\/span>\n\t\t\t\t\t<\/a>\n\t\t\t\t<\/div>\n\t\t\t\t\t\t\t\t<\/div>\n\t\t\t\t<\/div>\n\t\t\t\t<div class=\"elementor-element elementor-element-2fe7422 elementor-widget elementor-widget-heading\" data-id=\"2fe7422\" data-element_type=\"widget\" data-widget_type=\"heading.default\">\n\t\t\t\t<div class=\"elementor-widget-container\">\n\t\t\t\t\t<h2 class=\"elementor-heading-title elementor-size-default\"><span id=\"Pico_Montmalus_y_Circo_de_los_Colells\">Pico Montmal\u00fas y Circo de los Colells<\/span><\/h2>\t\t\t\t<\/div>\n\t\t\t\t<\/div>\n\t\t\t\t<div class=\"elementor-element elementor-element-156a237 elementor-widget elementor-widget-google_maps\" data-id=\"156a237\" data-element_type=\"widget\" data-widget_type=\"google_maps.default\">\n\t\t\t\t<div class=\"elementor-widget-container\">\n\t\t\t\t\t\t\t<div class=\"elementor-custom-embed\">\n\t\t\t<iframe loading=\"lazy\"\n\t\t\t\t\tsrc=\"https:\/\/maps.google.com\/maps?q=Pico%20Montmal%C3%BAs%20y%20Circo%20de%20los%20Colells%E2%80%8B&#038;t=m&#038;z=10&#038;output=embed&#038;iwloc=near\"\n\t\t\t\t\ttitle=\"Pico Montmal\u00fas y Circo de los Colells\u200b\"\n\t\t\t\t\taria-label=\"Pico Montmal\u00fas y Circo de los Colells\u200b\"\n\t\t\t><\/iframe>\n\t\t<\/div>\n\t\t\t\t\t\t<\/div>\n\t\t\t\t<\/div>\n\t\t\t\t<div class=\"elementor-element elementor-element-0866c47 elementor-widget elementor-widget-text-editor\" data-id=\"0866c47\" data-element_type=\"widget\" data-widget_type=\"text-editor.default\">\n\t\t\t\t<div class=\"elementor-widget-container\">\n\t\t\t\t\t\t\t\t\t<p><span style=\"color: var( --e-global-color-text ); font-family: var( --e-global-typography-text-font-family ); font-weight: var( --e-global-typography-text-font-weight );\">Esta <\/span><strong style=\"color: var( --e-global-color-text ); font-family: var( --e-global-typography-text-font-family );\">ruta circular<\/strong><span style=\"color: var( --e-global-color-text ); font-family: var( --e-global-typography-text-font-family ); font-weight: var( --e-global-typography-text-font-weight );\"> te permite recorrer la <\/span><strong style=\"color: var( --e-global-color-text ); font-family: var( --e-global-typography-text-font-family );\">cresta del circo de los Colells<\/strong><span style=\"color: var( --e-global-color-text ); font-family: var( --e-global-typography-text-font-family ); font-weight: var( --e-global-typography-text-font-weight );\">. Su itinerario inicia en Grau Roig y sube <\/span><strong style=\"color: var( --e-global-color-text ); font-family: var( --e-global-typography-text-font-family );\">hacia el pico de Montmal\u00fas<\/strong><span style=\"color: var( --e-global-color-text ); font-family: var( --e-global-typography-text-font-family ); font-weight: var( --e-global-typography-text-font-weight );\">, sigue su camino por el circo de los Colells y vuelve al sitio inicial.<\/span><\/p>\n<p><!-- \/wp:paragraph --><\/p>\n<p><!-- wp:paragraph --><\/p>\n<p><!-- \/wp:paragraph --><\/p>\n<p><!-- wp:image {\"id\":14192,\"align\":\"center\",\"width\":512,\"height\":340} --><\/p>\n<div class=\"wp-block-image\">\n<figure class=\"aligncenter is-resized\"><img loading=\"lazy\" decoding=\"async\" class=\"wp-image-14192\" src=\"https:\/\/www.esquiades.com\/blog\/app\/uploads\/2024\/03\/10-lago-pessons.png\" alt=\"\" width=\"512\" height=\"340\" \/>\n<p>\u00a0<\/p>\n<figcaption><em>Alucina con el Lago Primer de Pessons y el circo de Pessons \u00a1INCRE\u00cdBLE!<\/em><\/figcaption>\n<\/figure>\n<\/div>\n<p><!-- \/wp:image --><\/p>\n<p><!-- wp:paragraph --><\/p>\n<p><!-- \/wp:paragraph --><\/p>\n<p><!-- wp:paragraph --><\/p>\n<p>Lo que m\u00e1s gusta a los senderistas de esta ruta es el paraje, nos cuentan que ofrece algo diferente a las dem\u00e1s.\u00a0<\/p>\n<p><!-- \/wp:paragraph --><\/p>\n<p><!-- wp:paragraph --><\/p>\n<p><!-- \/wp:paragraph --><\/p>\n<p><!-- wp:paragraph --><\/p>\n<p>Aqu\u00ed encontrar\u00e1s <strong>grandes paredes verticales de roca y cantidad de lagos <\/strong>que en un pasado modelaron el paisaje que vemos hoy.\u00a0 \u00bfCurioso, verdad?<\/p>\n<p><!-- \/wp:paragraph --><\/p>\n<p><!-- wp:paragraph --><\/p>\n<p><!-- \/wp:paragraph --><\/p>\n<p><!-- wp:image {\"id\":14193,\"align\":\"center\"} --><\/p>\n<div class=\"wp-block-image\">\n<figure class=\"aligncenter\"><img loading=\"lazy\" decoding=\"async\" width=\"512\" height=\"340\" class=\"wp-image-14193\" src=\"https:\/\/www.esquiades.com\/blog\/app\/uploads\/2024\/03\/11-lago-montmalus.png\" alt=\"\" \/>\n<p>\u00a0<\/p>\n<figcaption><em>Este es el Lago de Montmal\u00fas y pico de la Muga<\/em><\/figcaption>\n<\/figure>\n<\/div>\n<p><!-- \/wp:image --><\/p>\n<p><!-- wp:paragraph --><\/p>\n<p><!-- \/wp:paragraph --><\/p>\n<p><!-- wp:paragraph --><\/p>\n<p>Por eso ver\u00e1s que casi todos los caminos est\u00e1n llenos de hitos de piedras que har\u00e1n que recuerdes siempre la ruta, popularmente conocida por \u201c<strong>el Glaciar Rocoso del Circo de los Colells<\/strong>\u201d .\u00a0<\/p>\n<p><!-- \/wp:paragraph --><\/p>\n<p><!-- wp:paragraph --><\/p>\n<p><!-- \/wp:paragraph --><\/p>\n<p><!-- wp:paragraph --><\/p>\n<p>No es una ruta f\u00e1cil, pero vale mucho la pena. Durante la excursi\u00f3n puedes observar como <strong>el paraje va cambiando <\/strong>y la naturaleza cuenta la historia del paso del tiempo. Adem\u00e1s, \u00a1las vistas no defraudan!<\/p>\n<p><!-- \/wp:paragraph --><\/p>\n<p><!-- wp:paragraph --><\/p>\n<p><!-- \/wp:paragraph --><\/p>\n<p><!-- wp:image {\"id\":14194,\"align\":\"center\"} --><\/p>\n<div class=\"wp-block-image\">\n<figure class=\"aligncenter\"><img loading=\"lazy\" decoding=\"async\" width=\"512\" height=\"340\" class=\"wp-image-14194\" src=\"https:\/\/www.esquiades.com\/blog\/app\/uploads\/2024\/03\/12-circo-pessons.png\" alt=\"\" \/>\n<p>\u00a0<\/p>\n<figcaption><em>Cuando llegues al Circo de Pessons tendr\u00e1s panor\u00e1micas de este calibre<\/em><\/figcaption>\n<\/figure>\n<\/div>\n<p><!-- \/wp:image --><\/p>\n<p><!-- wp:paragraph --><\/p>\n<p><!-- \/wp:paragraph --><\/p>\n<p><!-- wp:paragraph --><\/p>\n<p><strong>Distancia: <\/strong>10,4 km<\/p>\n<p><!-- \/wp:paragraph --><\/p>\n<p><!-- wp:paragraph --><\/p>\n<p><!-- \/wp:paragraph --><\/p>\n<p><!-- wp:paragraph --><\/p>\n<p><strong>Nivel: <\/strong>Dif\u00edcil\u00a0<\/p>\n<p><!-- \/wp:paragraph --><\/p>\n<p><!-- wp:paragraph --><\/p>\n<p><!-- \/wp:paragraph --><\/p>\n<p><!-- wp:paragraph --><\/p>\n<p><strong>Duraci\u00f3n estimada: <\/strong>4 horas<\/p>\n<p><!-- \/wp:paragraph --><\/p>\n<p><!-- wp:paragraph --><\/p>\n<p><!-- \/wp:paragraph --><\/p>\n<p><!-- wp:paragraph --><\/p>\n<p><strong>Caracter\u00edsticas destacables: <\/strong>Vigila el cielo,los buitres acechan las cumbres a baja altura&#8230; Si tienes suerte podr\u00e1s ver alguno de ellos.\u00a0<\/p>\n<p><!-- \/wp:image --><\/p>\t\t\t\t\t\t\t\t<\/div>\n\t\t\t\t<\/div>\n\t\t\t\t<div class=\"elementor-element elementor-element-abb8a3f elementor-align-center elementor-widget elementor-widget-button\" data-id=\"abb8a3f\" data-element_type=\"widget\" data-widget_type=\"button.default\">\n\t\t\t\t<div class=\"elementor-widget-container\">\n\t\t\t\t\t\t\t\t\t<div class=\"elementor-button-wrapper\">\n\t\t\t\t\t<a class=\"elementor-button elementor-button-link elementor-size-sm\" href=\"https:\/\/www.esquiades.com\/hoteles\/pais\/ad-2\">\n\t\t\t\t\t\t<span class=\"elementor-button-content-wrapper\">\n\t\t\t\t\t\t\t\t\t<span class=\"elementor-button-text\">\u00a1Reserva ahora!<\/span>\n\t\t\t\t\t<\/span>\n\t\t\t\t\t<\/a>\n\t\t\t\t<\/div>\n\t\t\t\t\t\t\t\t<\/div>\n\t\t\t\t<\/div>\n\t\t\t\t<div class=\"elementor-element elementor-element-86e3eea elementor-widget elementor-widget-heading\" data-id=\"86e3eea\" data-element_type=\"widget\" data-widget_type=\"heading.default\">\n\t\t\t\t<div class=\"elementor-widget-container\">\n\t\t\t\t\t<h2 class=\"elementor-heading-title elementor-size-default\"><span id=\"Camino_Circular_por_la_Parroquia_de_Canillo\">Camino Circular por la Parroquia de Canillo<\/span><\/h2>\t\t\t\t<\/div>\n\t\t\t\t<\/div>\n\t\t\t\t<div class=\"elementor-element elementor-element-62d55a7 elementor-widget elementor-widget-google_maps\" data-id=\"62d55a7\" data-element_type=\"widget\" data-widget_type=\"google_maps.default\">\n\t\t\t\t<div class=\"elementor-widget-container\">\n\t\t\t\t\t\t\t<div class=\"elementor-custom-embed\">\n\t\t\t<iframe loading=\"lazy\"\n\t\t\t\t\tsrc=\"https:\/\/maps.google.com\/maps?q=Parroquia%20de%20Canillo&#038;t=m&#038;z=10&#038;output=embed&#038;iwloc=near\"\n\t\t\t\t\ttitle=\"Parroquia de Canillo\"\n\t\t\t\t\taria-label=\"Parroquia de Canillo\"\n\t\t\t><\/iframe>\n\t\t<\/div>\n\t\t\t\t\t\t<\/div>\n\t\t\t\t<\/div>\n\t\t\t\t<div class=\"elementor-element elementor-element-cbf6b8d elementor-widget elementor-widget-text-editor\" data-id=\"cbf6b8d\" data-element_type=\"widget\" data-widget_type=\"text-editor.default\">\n\t\t\t\t<div class=\"elementor-widget-container\">\n\t\t\t\t\t\t\t\t\t<p><span style=\"color: var( --e-global-color-text ); font-family: var( --e-global-typography-text-font-family ); font-weight: var( --e-global-typography-text-font-weight );\">\u00a1Seguimos con nuestra recopilaci\u00f3n de rutas de monta\u00f1a por Andorra! Ahora es el turno de un itinerario muuuuy interesante que recorre la <\/span><strong style=\"color: var( --e-global-color-text ); font-family: var( --e-global-typography-text-font-family );\">zona de la parroquia de Canillo<\/strong><span style=\"color: var( --e-global-color-text ); font-family: var( --e-global-typography-text-font-family ); font-weight: var( --e-global-typography-text-font-weight );\">. Pasa por sitios como: el santuario de Meritxell, Sant Miquel de Prats&#8230; El camino cruza el r\u00edo Valira y sube por las bordas de Mereig.\u00a0<\/span><\/p>\n<p><!-- \/wp:paragraph --><\/p>\n<p><!-- wp:paragraph --><\/p>\n<p><!-- \/wp:paragraph --><\/p>\n<p><!-- wp:image {\"id\":14197,\"align\":\"center\"} --><\/p>\n<div class=\"wp-block-image\">\n<figure class=\"aligncenter\"><img loading=\"lazy\" decoding=\"async\" width=\"512\" height=\"340\" class=\"wp-image-14197\" src=\"https:\/\/www.esquiades.com\/blog\/app\/uploads\/2021\/05\/12-bordas-mereig.png\" alt=\"\" \/>\n<p>\u00a0<\/p>\n<figcaption><em>Subiendo por las bordas del Mereig<\/em><\/figcaption>\n<\/figure>\n<\/div>\n<p><!-- \/wp:image --><\/p>\n<p><!-- wp:paragraph --><\/p>\n<p><!-- \/wp:paragraph --><\/p>\n<p><!-- wp:paragraph --><\/p>\n<p>Los expertos resaltan que lo m\u00e1s caracter\u00edstico de la ruta es el contraste entre las vertientes de la parte de la solana y la umbr\u00eda. \u00a1Encontrar\u00e1s el recorrido se\u00f1alizado con pintadas con forma de flor de colores!\u00a0<\/p>\n<p><!-- \/wp:paragraph --><\/p>\n<p><!-- wp:paragraph --><\/p>\n<p><!-- \/wp:paragraph --><\/p>\n<p><!-- wp:paragraph --><\/p>\n<p>Sigue estas indicaciones para hacer\u00a0 el <strong>Camino Circular del Canillo<\/strong>.<\/p>\n<p><!-- \/wp:paragraph --><\/p>\n<p><!-- wp:paragraph --><\/p>\n<p><!-- \/wp:paragraph --><\/p>\n<p><!-- wp:image {\"id\":14198,\"align\":\"center\"} --><\/p>\n<div class=\"wp-block-image\">\n<figure class=\"aligncenter\"><img loading=\"lazy\" decoding=\"async\" width=\"512\" height=\"340\" class=\"wp-image-14198\" src=\"https:\/\/www.esquiades.com\/blog\/app\/uploads\/2024\/03\/14-camino-valle-riu.png\" alt=\"\" \/>\n<p>\u00a0<\/p>\n<figcaption><em>Camino que lleva hacia el valle del Riu <\/em><\/figcaption>\n<\/figure>\n<\/div>\n<p><!-- \/wp:image --><\/p>\n<p><!-- wp:paragraph --><\/p>\n<p><!-- \/wp:paragraph --><\/p>\n<p><!-- wp:paragraph --><\/p>\n<p>Esta ruta es para niveles medios; no tiene mucha complicaci\u00f3n. Recorrer\u00e1s diferentes valles como el de Montaup, de Riu, de Ransol y de Incles al ir hacia Soldeu.\u00a0<\/p>\n<p><!-- \/wp:paragraph --><\/p>\n<p><!-- wp:paragraph --><\/p>\n<p><!-- \/wp:paragraph --><\/p>\n<p><!-- wp:image {\"id\":14199,\"align\":\"center\"} --><\/p>\n<div class=\"wp-block-image\">\n<figure class=\"aligncenter\"><img loading=\"lazy\" decoding=\"async\" width=\"512\" height=\"340\" class=\"wp-image-14199\" src=\"https:\/\/www.esquiades.com\/blog\/app\/uploads\/2024\/03\/15-rio-incles.png\" alt=\"\" \/>\n<p>\u00a0<\/p>\n<figcaption><em>R\u00edo de Incles<\/em><\/figcaption>\n<\/figure>\n<\/div>\n<p><!-- \/wp:image --><\/p>\n<p><!-- wp:paragraph --><\/p>\n<p><!-- \/wp:paragraph --><\/p>\n<p><!-- wp:paragraph --><\/p>\n<p>\u00a1Aviso! Esta ruta, aunque ya hemos te dicho que no es complicada t\u00e9cnicamente, es mejor que vayas entrenando ya que hay bastante desnivel y una distancia importante.<\/p>\n<p><!-- \/wp:paragraph --><\/p>\n<p><!-- wp:paragraph --><\/p>\n<p><!-- \/wp:paragraph --><\/p>\n<p><!-- wp:paragraph --><\/p>\n<p>\u00a1Tendr\u00e1s que ir mentalizado! Te aseguramos que vale mucho la pena \ud83d\ude09<\/p>\n<p><!-- \/wp:paragraph --><\/p>\n<p><!-- wp:paragraph --><\/p>\n<p><!-- \/wp:paragraph --><\/p>\n<p><!-- wp:paragraph --><\/p>\n<p><strong>Distancia: <\/strong>29,4 km<\/p>\n<p><!-- \/wp:paragraph --><\/p>\n<p><!-- wp:paragraph --><\/p>\n<p><!-- \/wp:paragraph --><\/p>\n<p><!-- wp:paragraph --><\/p>\n<p><strong>Nivel: <\/strong>Notable<\/p>\n<p><!-- \/wp:paragraph --><\/p>\n<p><!-- wp:paragraph --><\/p>\n<p><!-- \/wp:paragraph --><\/p>\n<p><!-- wp:paragraph --><\/p>\n<p><strong>Duraci\u00f3n estimada: <\/strong>9 horas<\/p>\n<p><!-- \/wp:paragraph --><\/p>\n<p><!-- wp:paragraph --><\/p>\n<p><!-- \/wp:paragraph --><\/p>\n<p><!-- wp:paragraph --><\/p>\n<p><strong>Caracter\u00edsticas destacables: <\/strong>La famosa belleza glacial de la zona est\u00e1 muy presente en esta ruta.\u00a0<\/p>\n<p><!-- \/wp:image --><\/p>\t\t\t\t\t\t\t\t<\/div>\n\t\t\t\t<\/div>\n\t\t\t\t<div class=\"elementor-element elementor-element-2568d20 elementor-align-center elementor-widget elementor-widget-button\" data-id=\"2568d20\" data-element_type=\"widget\" data-widget_type=\"button.default\">\n\t\t\t\t<div class=\"elementor-widget-container\">\n\t\t\t\t\t\t\t\t\t<div class=\"elementor-button-wrapper\">\n\t\t\t\t\t<a class=\"elementor-button elementor-button-link elementor-size-sm\" href=\"https:\/\/www.esquiades.com\/hoteles\/pais\/ad-2\">\n\t\t\t\t\t\t<span class=\"elementor-button-content-wrapper\">\n\t\t\t\t\t\t\t\t\t<span class=\"elementor-button-text\">\u00a1No te lo pierdas!<\/span>\n\t\t\t\t\t<\/span>\n\t\t\t\t\t<\/a>\n\t\t\t\t<\/div>\n\t\t\t\t\t\t\t\t<\/div>\n\t\t\t\t<\/div>\n\t\t\t\t<div class=\"elementor-element elementor-element-8af1b44 elementor-widget elementor-widget-heading\" data-id=\"8af1b44\" data-element_type=\"widget\" data-widget_type=\"heading.default\">\n\t\t\t\t<div class=\"elementor-widget-container\">\n\t\t\t\t\t<h2 class=\"elementor-heading-title elementor-size-default\"><span id=\"Pico_de_Comapedrosa\">Pico de Comapedrosa<\/span><\/h2>\t\t\t\t<\/div>\n\t\t\t\t<\/div>\n\t\t\t\t<div class=\"elementor-element elementor-element-9459838 elementor-widget elementor-widget-google_maps\" data-id=\"9459838\" data-element_type=\"widget\" data-widget_type=\"google_maps.default\">\n\t\t\t\t<div class=\"elementor-widget-container\">\n\t\t\t\t\t\t\t<div class=\"elementor-custom-embed\">\n\t\t\t<iframe loading=\"lazy\"\n\t\t\t\t\tsrc=\"https:\/\/maps.google.com\/maps?q=Pico%20de%20Comapedrosa%E2%80%8B&#038;t=m&#038;z=10&#038;output=embed&#038;iwloc=near\"\n\t\t\t\t\ttitle=\"Pico de Comapedrosa\u200b\"\n\t\t\t\t\taria-label=\"Pico de Comapedrosa\u200b\"\n\t\t\t><\/iframe>\n\t\t<\/div>\n\t\t\t\t\t\t<\/div>\n\t\t\t\t<\/div>\n\t\t\t\t<div class=\"elementor-element elementor-element-cf505f1 elementor-widget elementor-widget-text-editor\" data-id=\"cf505f1\" data-element_type=\"widget\" data-widget_type=\"text-editor.default\">\n\t\t\t\t<div class=\"elementor-widget-container\">\n\t\t\t\t\t\t\t\t\t<p><span style=\"color: var( --e-global-color-text ); font-family: var( --e-global-typography-text-font-family ); font-weight: var( --e-global-typography-text-font-weight );\">Y por \u00faltimo\u2026 Este recorrido <\/span><strong style=\"color: var( --e-global-color-text ); font-family: var( --e-global-typography-text-font-family );\">semi-circular<\/strong><span style=\"color: var( --e-global-color-text ); font-family: var( --e-global-typography-text-font-family ); font-weight: var( --e-global-typography-text-font-weight );\"> se dirige hacia uno <\/span><strong style=\"color: var( --e-global-color-text ); font-family: var( --e-global-typography-text-font-family );\">de los picos m\u00e1s importantes y el m\u00e1s alto (2.942 m)<\/strong><span style=\"color: var( --e-global-color-text ); font-family: var( --e-global-typography-text-font-family ); font-weight: var( --e-global-typography-text-font-weight );\"> del Principado de Andorra.\u00a0 A pesar de no ser un camino dif\u00edcil t\u00e9cnicamente, te recomendamos que lo realices si eres un fan del senderismo y est\u00e1s acostumbrado a caminatas por terreno monta\u00f1oso.\u00a0<\/span><\/p>\n<p><!-- \/wp:paragraph --><\/p>\n<p><!-- wp:paragraph --><\/p>\n<p><!-- \/wp:paragraph --><\/p>\n<p><!-- wp:paragraph --><\/p>\n<p>\u00a1Si no lo eres tienes otras opciones mejores apuntadas en este mismo art\u00edculo!<\/p>\n<p><!-- \/wp:paragraph --><\/p>\n<p><!-- wp:paragraph --><\/p>\n<p><!-- \/wp:paragraph --><\/p>\n<p><!-- wp:image {\"id\":14200,\"align\":\"center\"} --><\/p>\n<div class=\"wp-block-image\">\n<figure class=\"aligncenter\"><img loading=\"lazy\" decoding=\"async\" width=\"512\" height=\"340\" class=\"wp-image-14200\" src=\"https:\/\/www.esquiades.com\/blog\/app\/uploads\/2024\/03\/16-comapedrosa.png\" alt=\"\" \/>\n<p>\u00a0<\/p>\n<figcaption><em>Por las se\u00f1ales de Collado de Comapedrosa debes ir siguiendo la ruta<\/em><\/figcaption>\n<\/figure>\n<\/div>\n<p><!-- \/wp:image --><\/p>\n<p><!-- wp:paragraph --><\/p>\n<p><!-- \/wp:paragraph --><\/p>\n<p><!-- wp:paragraph --><\/p>\n<p>La ruta empieza por <strong>Prats Sobirans <\/strong>(muy cerca de Arinsal) por donde se sit\u00faa la parroquia de La Massana. Debes subir por la vera del <strong>r\u00edo de Pedrosa<\/strong> hasta la <strong>Pleta de Comapedrosa<\/strong> y seguir hasta el <strong>Lago Negre<\/strong>. En ese punto puedes iniciar la ruta hacia el pico de Comapedrosa.\u00a0<\/p>\n<p><!-- \/wp:paragraph --><\/p>\n<p><!-- wp:paragraph --><\/p>\n<p><!-- \/wp:paragraph --><\/p>\n<p><!-- wp:image {\"id\":14201,\"align\":\"center\"} --><\/p>\n<div class=\"wp-block-image\">\n<figure class=\"aligncenter\"><img loading=\"lazy\" decoding=\"async\" width=\"512\" height=\"340\" class=\"wp-image-14201\" src=\"https:\/\/www.esquiades.com\/blog\/app\/uploads\/2024\/03\/17-lago-negre.png\" alt=\"\" \/>\n<p>\u00a0<\/p>\n<figcaption><em>Si te apetece descansar en un buen sitio ser\u00e1 junto al Lago Negre <\/em><\/figcaption>\n<\/figure>\n<\/div>\n<p><!-- \/wp:image --><\/p>\n<p><!-- wp:paragraph --><\/p>\n<p><!-- \/wp:paragraph --><\/p>\n<p><!-- wp:paragraph --><\/p>\n<p>Una vez llegas al Pico de Comapedrosa gozar\u00e1s de las mejores vistas de toda Andorra e inmortalizar el momento (prepara la c\u00e1mara). Despu\u00e9s, en el descenso, debes ir hacia Portella de Baiau para volver a enlazar con la Pleta de Comapedrosa.\u00a0<\/p>\n<p><!-- \/wp:paragraph --><\/p>\n<p><!-- wp:paragraph --><\/p>\n<p><!-- \/wp:paragraph --><\/p>\n<p><!-- wp:image {\"id\":14202,\"align\":\"center\"} --><\/p>\n<div class=\"wp-block-image\">\n<figure class=\"aligncenter\"><img loading=\"lazy\" decoding=\"async\" width=\"512\" height=\"340\" class=\"wp-image-14202\" src=\"https:\/\/www.esquiades.com\/blog\/app\/uploads\/2024\/03\/18-vistas-desde-la-cresta.png\" alt=\"\" \/>\n<p>\u00a0<\/p>\n<figcaption><em>Vistas desde la cresta <\/em><\/figcaption>\n<\/figure>\n<\/div>\n<p><!-- \/wp:image --><\/p>\n<p><!-- wp:paragraph --><\/p>\n<p><!-- \/wp:paragraph --><\/p>\n<p><!-- wp:paragraph --><\/p>\n<p>Por este camino visitar\u00e1s el <strong>refugio de Comapedrosa<\/strong> y descansar\u00e1s un rato al lado del <strong>Lago de las Truites<\/strong>. Despu\u00e9s ya podr\u00e1s volver de nuevo por donde has subido.\u00a0<\/p>\n<p><!-- \/wp:paragraph --><\/p>\n<p><!-- wp:paragraph --><\/p>\n<p><!-- \/wp:paragraph --><\/p>\n<p><!-- wp:paragraph --><\/p>\n<p><strong>Distancia: <\/strong>14,3 km<\/p>\n<p><!-- \/wp:paragraph --><\/p>\n<p><!-- wp:paragraph --><\/p>\n<p><!-- \/wp:paragraph --><\/p>\n<p><!-- wp:paragraph --><\/p>\n<p><strong>Nivel: <\/strong>Alta<\/p>\n<p><!-- \/wp:paragraph --><\/p>\n<p><!-- wp:paragraph --><\/p>\n<p><!-- \/wp:paragraph --><\/p>\n<p><!-- wp:paragraph --><\/p>\n<p><strong>Duraci\u00f3n estimada: <\/strong>6 horas<\/p>\n<p><!-- \/wp:paragraph --><\/p>\n<p><!-- wp:paragraph --><\/p>\n<p><!-- \/wp:paragraph --><\/p>\n<p><!-- wp:paragraph --><\/p>\n<p><strong>Caracter\u00edsticas destacables: <\/strong>Visitar\u00e1s el Parque Natural Comunal de los Valles de Comapedrosa, conformado por muchos tipos de vegetaci\u00f3n como bosques de pino rojo, grandes prados, zonas pedregosas\u2026<\/p>\n<p><!-- \/wp:paragraph --><\/p>\n<p><!-- wp:paragraph --><\/p>\n<p><!-- \/wp:paragraph --><\/p>\n<p><!-- wp:paragraph --><\/p>\n<p>Y por llegar hasta el final\u2026 \u00a1Te regalamos una nueva ruta de monta\u00f1a por Andorra! &lt;3<\/p>\n<p>\u00a0<\/p>\t\t\t\t\t\t\t\t<\/div>\n\t\t\t\t<\/div>\n\t\t\t\t<div class=\"elementor-element elementor-element-0a91ed7 elementor-align-center elementor-widget elementor-widget-button\" data-id=\"0a91ed7\" data-element_type=\"widget\" data-widget_type=\"button.default\">\n\t\t\t\t<div class=\"elementor-widget-container\">\n\t\t\t\t\t\t\t\t\t<div class=\"elementor-button-wrapper\">\n\t\t\t\t\t<a class=\"elementor-button elementor-button-link elementor-size-sm\" href=\"https:\/\/www.esquiades.com\/hoteles\/pais\/ad-2\">\n\t\t\t\t\t\t<span class=\"elementor-button-content-wrapper\">\n\t\t\t\t\t\t\t\t\t<span class=\"elementor-button-text\">\u00a1Haz tu ruta preferida!<\/span>\n\t\t\t\t\t<\/span>\n\t\t\t\t\t<\/a>\n\t\t\t\t<\/div>\n\t\t\t\t\t\t\t\t<\/div>\n\t\t\t\t<\/div>\n\t\t\t\t<div class=\"elementor-element elementor-element-2ba6384 elementor-widget elementor-widget-heading\" data-id=\"2ba6384\" data-element_type=\"widget\" data-widget_type=\"heading.default\">\n\t\t\t\t<div class=\"elementor-widget-container\">\n\t\t\t\t\t<h2 class=\"elementor-heading-title elementor-size-default\"><span id=\"Los_Lagos_de_Tristaina_o_Estanys_de_Tristaina\">Los Lagos de Tristaina o Estanys de Tristaina<\/span><\/h2>\t\t\t\t<\/div>\n\t\t\t\t<\/div>\n\t\t\t\t<div class=\"elementor-element elementor-element-31a6192 elementor-widget elementor-widget-google_maps\" data-id=\"31a6192\" data-element_type=\"widget\" data-widget_type=\"google_maps.default\">\n\t\t\t\t<div class=\"elementor-widget-container\">\n\t\t\t\t\t\t\t<div class=\"elementor-custom-embed\">\n\t\t\t<iframe loading=\"lazy\"\n\t\t\t\t\tsrc=\"https:\/\/maps.google.com\/maps?q=Los%20Lagos%20de%20Tristaina%20o%20Estanys%20de%20Tristaina&#038;t=m&#038;z=10&#038;output=embed&#038;iwloc=near\"\n\t\t\t\t\ttitle=\"Los Lagos de Tristaina o Estanys de Tristaina\"\n\t\t\t\t\taria-label=\"Los Lagos de Tristaina o Estanys de Tristaina\"\n\t\t\t><\/iframe>\n\t\t<\/div>\n\t\t\t\t\t\t<\/div>\n\t\t\t\t<\/div>\n\t\t\t\t<div class=\"elementor-element elementor-element-22c6cc3 elementor-widget elementor-widget-text-editor\" data-id=\"22c6cc3\" data-element_type=\"widget\" data-widget_type=\"text-editor.default\">\n\t\t\t\t<div class=\"elementor-widget-container\">\n\t\t\t\t\t\t\t\t\t<p><span style=\"color: var( --e-global-color-text ); font-family: var( --e-global-typography-text-font-family ); font-weight: var( --e-global-typography-text-font-weight );\">Hace unas semanas atr\u00e1s, para prepararnos este art\u00edculo decidimos <\/span><a style=\"font-family: var( --e-global-typography-text-font-family ); font-weight: var( --e-global-typography-text-font-weight );\" href=\"https:\/\/www.esquiades.com\/escapadas\/escapadas-fin-de-semana-estancias-solo-hotel-andorra-1300936.html\">viajar hasta Andorra<\/a><span style=\"color: var( --e-global-color-text ); font-family: var( --e-global-typography-text-font-family ); font-weight: var( --e-global-typography-text-font-weight );\"> y realizar alguna de estas rutas. Nuestra preferida fue la <\/span><strong style=\"color: var( --e-global-color-text ); font-family: var( --e-global-typography-text-font-family );\">ruta circular de Los Lagos de Tristaina<\/strong><span style=\"color: var( --e-global-color-text ); font-family: var( --e-global-typography-text-font-family ); font-weight: var( --e-global-typography-text-font-weight );\">. \u00bfQuieres saber por qu\u00e9? \u00a1Sigue leyendo! \ud83d\ude42<\/span><\/p>\n<p><!-- \/wp:paragraph --><\/p>\n<p><!-- wp:paragraph --><\/p>\n<p><!-- \/wp:paragraph --><\/p>\n<p><!-- wp:image {\"id\":14203,\"align\":\"center\"} --><\/p>\n<div class=\"wp-block-image\">\n<figure class=\"aligncenter\"><img loading=\"lazy\" decoding=\"async\" width=\"384\" height=\"512\" class=\"wp-image-14203\" src=\"https:\/\/www.esquiades.com\/blog\/app\/uploads\/2024\/03\/19-sara-estany-primer.png\" alt=\"\" \/>\n<p>\u00a0<\/p>\n<figcaption><em>Esta es nuestra compa\u00f1era Sara en el Estany Primer<\/em><\/figcaption>\n<\/figure>\n<\/div>\n<p><!-- \/wp:image --><\/p>\n<p><!-- wp:paragraph --><\/p>\n<p><!-- \/wp:paragraph --><\/p>\n<p><!-- wp:paragraph --><\/p>\n<p><strong>Esta excursi\u00f3n es una de las m\u00e1s bonitas y asequibles de los Pirineos andorranos. <\/strong>Para empezar la excursi\u00f3n tendr\u00e1s que ir hasta el punto m\u00e1s alto de la <a href=\"https:\/\/www.esquiades.com\/pistas\/arcalis\/\">estaci\u00f3n de esqu\u00ed de Ordino Arcal\u00eds<\/a>, el parking\u00a0 del restaurante de La Coma.<\/p>\n<p><!-- \/wp:paragraph --><\/p>\n<p><!-- wp:paragraph --><\/p>\n<p><!-- \/wp:paragraph --><\/p>\n<p><!-- wp:paragraph --><\/p>\n<p>Aunque cuando nosotros fuimos, no pudimos subir hasta ese punto y aparcamos en el parking Cs-380 y desde ah\u00ed iniciamos el camino por la carretera Vella:<\/p>\n<p><!-- \/wp:paragraph --><\/p>\n<p><!-- wp:paragraph --><\/p>\n<p><!-- \/wp:paragraph --><\/p>\n<p><!-- wp:image {\"id\":14204,\"align\":\"center\"} --><\/p>\n<div class=\"wp-block-image\">\n<figure class=\"aligncenter\"><img loading=\"lazy\" decoding=\"async\" width=\"512\" height=\"368\" class=\"wp-image-14204\" src=\"https:\/\/www.esquiades.com\/blog\/app\/uploads\/2024\/03\/20-mapa.jpg\" alt=\"\" \/><\/figure>\n<\/div>\n<p><!-- \/wp:image --><\/p>\n<p><!-- wp:paragraph --><\/p>\n<p><!-- \/wp:paragraph --><\/p>\n<p><!-- wp:paragraph --><\/p>\n<p>Os tenemos que confesar que al principio el camino parece m\u00e1s complicado de lo que es\u2026 Empieza con bastante desnivel, son aproximadamente unos 15-20 min as\u00ed hasta que llegamos hasta el <strong>Pla de Tristiana<\/strong>, un lugar lleno de humedales \u00a1Acu\u00e9rdate de llevar calzado impermeable!<\/p>\n<p><!-- \/wp:paragraph --><\/p>\n<p><!-- wp:paragraph --><\/p>\n<p><!-- \/wp:paragraph --><\/p>\n<p><!-- wp:paragraph --><\/p>\n<p>Seguimos el camino hasta llegar al <strong>Estany Primer<\/strong>, el m\u00e1s peque\u00f1o y de aguas m\u00e1s azules \u00a1Todav\u00eda hab\u00eda nieve y hielo! Un poco m\u00e1s arriba se encuentra el <strong>Estany del Mig<\/strong> y el <strong>Estany de M\u00e9s Amunt<\/strong>, este \u00faltimo es el m\u00e1s grande y el segundo m\u00e1s grande de Andorra.<\/p>\n<p><!-- \/wp:paragraph --><\/p>\n<p><!-- wp:paragraph --><\/p>\n<p><!-- \/wp:paragraph --><\/p>\n<p><!-- wp:paragraph --><\/p>\n<p>Al llegar nos paramos a picar, unos bocadillos y zumos que llev\u00e1bamos para reponer fuerzas.<\/p>\n<p><!-- \/wp:paragraph --><\/p>\n<p><!-- wp:paragraph --><\/p>\n<p><!-- \/wp:paragraph --><\/p>\n<p><!-- wp:image {\"id\":14205,\"align\":\"center\"} --><\/p>\n<div class=\"wp-block-image\">\n<figure class=\"aligncenter\"><img loading=\"lazy\" decoding=\"async\" width=\"384\" height=\"512\" class=\"wp-image-14205\" src=\"https:\/\/www.esquiades.com\/blog\/app\/uploads\/2024\/03\/21-vistas-postal.png\" alt=\"\" \/>\n<p>\u00a0<\/p>\n<figcaption><em>Las vistas son alucinantes \u00a1Parece sacado de una postal!<\/em><\/figcaption>\n<\/figure>\n<\/div>\n<p><!-- \/wp:image --><\/p>\n<p><!-- wp:paragraph --><\/p>\n<p><!-- \/wp:paragraph --><\/p>\n<p><!-- wp:paragraph --><\/p>\n<p>En nuestro caso, volvimos a hacer la misma ruta para volver hasta el coche. Pero lo ideal es que sigas las <strong>indicaciones amarillas<\/strong> para acabar la ruta de Los Lagos de Tristaina.<\/p>\n<p><!-- \/wp:paragraph --><\/p>\n<p><!-- wp:paragraph --><\/p>\n<p><!-- \/wp:paragraph --><\/p>\n<p><!-- wp:paragraph --><\/p>\n<p><strong>Distancia: <\/strong>4,39 km<\/p>\n<p><!-- \/wp:paragraph --><\/p>\n<p><!-- wp:paragraph --><\/p>\n<p><!-- \/wp:paragraph --><\/p>\n<p><!-- wp:paragraph --><\/p>\n<p><strong>Nivel: <\/strong>Moderado<\/p>\n<p><!-- \/wp:paragraph --><\/p>\n<p><!-- wp:paragraph --><\/p>\n<p><!-- \/wp:paragraph --><\/p>\n<p><!-- wp:paragraph --><\/p>\n<p><strong>Duraci\u00f3n estimada: <\/strong>2 h<\/p>\n<p><!-- \/wp:paragraph --><\/p>\n<p><!-- wp:paragraph --><\/p>\n<p><!-- \/wp:paragraph --><\/p>\n<p><!-- wp:paragraph --><\/p>\n<p><strong>Caracter\u00edsticas destacables: <\/strong>los tres lagos de alta monta\u00f1a que dan nombre al recorrido son sin duda lo m\u00e1s destacable. Otro de los elementos es el monumento Arcal\u00eds 91, del escultor Mauro Staccioli (el anillo de acero de 4 m de Ordino Arcal\u00eds).<\/p>\n<p><!-- \/wp:image --><\/p>\t\t\t\t\t\t\t\t<\/div>\n\t\t\t\t<\/div>\n\t\t\t\t<div class=\"elementor-element elementor-element-92e6d37 elementor-align-center elementor-widget elementor-widget-button\" data-id=\"92e6d37\" data-element_type=\"widget\" data-widget_type=\"button.default\">\n\t\t\t\t<div class=\"elementor-widget-container\">\n\t\t\t\t\t\t\t\t\t<div class=\"elementor-button-wrapper\">\n\t\t\t\t\t<a class=\"elementor-button elementor-button-link elementor-size-sm\" href=\"https:\/\/www.esquiades.com\/hoteles\/pais\/ad-2\">\n\t\t\t\t\t\t<span class=\"elementor-button-content-wrapper\">\n\t\t\t\t\t\t\t\t\t<span class=\"elementor-button-text\">\u00a1Encuentra tu alojamiento en Andorra!<\/span>\n\t\t\t\t\t<\/span>\n\t\t\t\t\t<\/a>\n\t\t\t\t<\/div>\n\t\t\t\t\t\t\t\t<\/div>\n\t\t\t\t<\/div>\n\t\t\t\t<div class=\"elementor-element elementor-element-22d7741 elementor-widget elementor-widget-text-editor\" data-id=\"22d7741\" data-element_type=\"widget\" data-widget_type=\"text-editor.default\">\n\t\t\t\t<div class=\"elementor-widget-container\">\n\t\t\t\t\t\t\t\t\t<p><strong style=\"color: var( --e-global-color-text ); font-family: var( --e-global-typography-text-font-family );\">\u00bfConoc\u00edas todas estas rutas? \u00bfTe gustar\u00eda destacar alguna que no hemos explicado? \u00a1Com\u00e9ntanos si vas a ir o ya has ido a alguna de estas rutas de monta\u00f1a por Andorra! Nos encanta\u00a0 leer tus aventuras.\u00a0<\/strong><\/p>\n<p><!-- \/wp:paragraph --><\/p>\n<p><!-- wp:paragraph --><\/p>\n<p><!-- \/wp:paragraph --><\/p>\n<p><!-- wp:image {\"id\":14209,\"align\":\"center\",\"linkDestination\":\"custom\"} --><\/p>\n<div class=\"wp-block-image\">\n<figure class=\"aligncenter\"><a href=\"https:\/\/www.esquiades.com\/?insta\"><img loading=\"lazy\" decoding=\"async\" width=\"600\" height=\"400\" class=\"wp-image-14209\" src=\"https:\/\/www.esquiades.com\/blog\/app\/uploads\/2024\/03\/img-final-blogs-SKI.png\" alt=\"\" \/><\/a><\/figure>\n<\/div>\n<p><!-- \/wp:image --><\/p>\t\t\t\t\t\t\t\t<\/div>\n\t\t\t\t<\/div>\n\t\t\t\t\t<\/div>\n\t\t<\/div>\n\t\t\t\t\t<\/div>\n\t\t<\/section>\n\t\t\t\t<\/div>\n\t\t","protected":false},"excerpt":{"rendered":"<p>Contenido1 Ruta del Hierro o Ruta del Ferro2 Lago Engolasters y Camino de las Pardines3 \u00a04 Camino de Madriu5 Pico Montmal\u00fas y Circo de los Colells6 Camino Circular por la Parroquia de Canillo7 Pico de Comapedrosa8 Los Lagos de Tristaina o Estanys de Tristaina Los que solo visitan Andorra en temporada de invierno, \u00a1no saben&#8230;<\/p>\n","protected":false},"author":2,"featured_media":16813,"comment_status":"open","ping_status":"open","sticky":false,"template":"","format":"standard","meta":{"_acf_changed":false,"footnotes":""},"categories":[7,2,21,3,257,284],"tags":[125,355,354,356,1172,1176,1174,1165,1166,1177,1169,352,353,1171,362,215,357,1167,1173,49,1168,216,1170,1175],"class_list":["post-11926","post","type-post","status-publish","format-standard","has-post-thumbnail","hentry","category-actividades-de-montana","category-consejos-y-trucos","category-curiosidades","category-deportes-de-aventura","category-excursiones","category-recomendaciones","tag-andorra","tag-andorra-primavera","tag-andorra-verano","tag-excursion","tag-excursiones-en-andorra","tag-lagos-de-andorra","tag-mejores-rutas-de-andorra","tag-montana-en-andorra","tag-naturaleza-en-andorra","tag-parques-naturales-andorra","tag-pirineos-andorra","tag-rutas-de-montana","tag-rutas-de-montana-andorra","tag-rutas-de-montana-en-andorra","tag-rutas-de-senderismo","tag-rutas-de-senderismo-en-andorra","tag-rutas-de-trekking","tag-rutas-dificiles-en-andorra","tag-rutas-faciles-en-andorra","tag-senderismo","tag-senderismo-en-andorra","tag-trekking","tag-trekking-en-andorra","tag-turismo-activo-andorra"],"acf":[],"yoast_head":"<!-- This site is optimized with the Yoast SEO plugin v23.1 - https:\/\/yoast.com\/wordpress\/plugins\/seo\/ -->\n<title>Las 6 mejores rutas de monta\u00f1a por Andorra - Esquiades Blog<\/title>\n<meta name=\"description\" content=\"Si eres amante del senderismo, te interesar\u00e1 conocer nuestra selecci\u00f3n de rutas de monta\u00f1a por Andorra. \u00a1Con trucos y consejos!\" \/>\n<meta name=\"robots\" content=\"index, follow, max-snippet:-1, max-image-preview:large, max-video-preview:-1\" \/>\n<link rel=\"canonical\" href=\"https:\/\/www.esquiades.com\/blog\/las-6-mejores-rutas-de-montana-por-andorra\/\" \/>\n<meta property=\"og:locale\" content=\"es_ES\" \/>\n<meta property=\"og:type\" content=\"article\" \/>\n<meta property=\"og:title\" content=\"Las 6 mejores rutas de monta\u00f1a por Andorra - Esquiades Blog\" \/>\n<meta property=\"og:description\" content=\"Si eres amante del senderismo, te interesar\u00e1 conocer nuestra selecci\u00f3n de rutas de monta\u00f1a por Andorra. \u00a1Con trucos y consejos!\" \/>\n<meta property=\"og:url\" content=\"https:\/\/www.esquiades.com\/blog\/las-6-mejores-rutas-de-montana-por-andorra\/\" \/>\n<meta property=\"og:site_name\" content=\"Esquiades Blog\" \/>\n<meta property=\"article:published_time\" content=\"2025-02-26T12:14:26+00:00\" \/>\n<meta property=\"article:modified_time\" content=\"2025-02-26T12:21:26+00:00\" \/>\n<meta property=\"og:image\" content=\"https:\/\/www.esquiades.com\/blog\/app\/uploads\/2021\/05\/imageLas-6-mejores-rutas-de-montana-por-Andorra-\u00a1y-una-ruta-extra-GRATIS.jpg\" \/>\n\t<meta property=\"og:image:width\" content=\"1080\" \/>\n\t<meta property=\"og:image:height\" content=\"1080\" \/>\n\t<meta property=\"og:image:type\" content=\"image\/jpeg\" \/>\n<meta name=\"author\" content=\"Esquiades.com\" \/>\n<meta name=\"twitter:card\" content=\"summary_large_image\" \/>\n<meta name=\"twitter:label1\" content=\"Written by\" \/>\n\t<meta name=\"twitter:data1\" content=\"Esquiades.com\" \/>\n\t<meta name=\"twitter:label2\" content=\"Est. reading time\" \/>\n\t<meta name=\"twitter:data2\" content=\"13 minutos\" \/>\n<script type=\"application\/ld+json\" class=\"yoast-schema-graph\">{\"@context\":\"https:\/\/schema.org\",\"@graph\":[{\"@type\":\"NewsArticle\",\"@id\":\"https:\/\/www.esquiades.com\/blog\/las-6-mejores-rutas-de-montana-por-andorra\/#article\",\"isPartOf\":{\"@id\":\"https:\/\/www.esquiades.com\/blog\/las-6-mejores-rutas-de-montana-por-andorra\/\"},\"author\":{\"name\":\"Esquiades.com\",\"@id\":\"https:\/\/www.esquiades.com\/blog\/#\/schema\/person\/07e2783cdccb9bc9c6a29913c4d3b307\"},\"headline\":\"Las 6 mejores rutas de monta\u00f1a por Andorra \u00a1y una ruta extra GRATIS!\",\"datePublished\":\"2025-02-26T12:14:26+00:00\",\"dateModified\":\"2025-02-26T12:21:26+00:00\",\"mainEntityOfPage\":{\"@id\":\"https:\/\/www.esquiades.com\/blog\/las-6-mejores-rutas-de-montana-por-andorra\/\"},\"wordCount\":2070,\"commentCount\":6,\"publisher\":{\"@id\":\"https:\/\/www.esquiades.com\/blog\/#organization\"},\"image\":{\"@id\":\"https:\/\/www.esquiades.com\/blog\/las-6-mejores-rutas-de-montana-por-andorra\/#primaryimage\"},\"thumbnailUrl\":\"https:\/\/www.esquiades.com\/blog\/app\/uploads\/2021\/05\/imageLas-6-mejores-rutas-de-montana-por-Andorra-\u00a1y-una-ruta-extra-GRATIS.jpg\",\"keywords\":[\"andorra\",\"andorra primavera\",\"andorra verano\",\"excursi\u00f3n\",\"excursiones en Andorra\",\"lagos de Andorra\",\"mejores rutas de Andorra\",\"monta\u00f1a en Andorra\",\"naturaleza en Andorra\",\"parques naturales Andorra\",\"Pirineos Andorra\",\"rutas de monta\u00f1a\",\"rutas de monta\u00f1a andorra\",\"rutas de monta\u00f1a en Andorra\",\"rutas de senderismo\",\"rutas de senderismo en Andorra\",\"rutas de trekking\",\"rutas dif\u00edciles en Andorra\",\"rutas f\u00e1ciles en Andorra\",\"Senderismo\",\"senderismo en Andorra\",\"trekking\",\"trekking en Andorra\",\"turismo activo Andorra\"],\"articleSection\":[\"Actividades de monta\u00f1a\",\"Consejos y trucos\",\"Curiosidades\",\"Deportes de aventura\",\"Excursiones\",\"Recomendaciones\"],\"inLanguage\":\"es\",\"potentialAction\":[{\"@type\":\"CommentAction\",\"name\":\"Comment\",\"target\":[\"https:\/\/www.esquiades.com\/blog\/las-6-mejores-rutas-de-montana-por-andorra\/#respond\"]}]},{\"@type\":\"WebPage\",\"@id\":\"https:\/\/www.esquiades.com\/blog\/las-6-mejores-rutas-de-montana-por-andorra\/\",\"url\":\"https:\/\/www.esquiades.com\/blog\/las-6-mejores-rutas-de-montana-por-andorra\/\",\"name\":\"Las 6 mejores rutas de monta\u00f1a por Andorra - Esquiades Blog\",\"isPartOf\":{\"@id\":\"https:\/\/www.esquiades.com\/blog\/#website\"},\"primaryImageOfPage\":{\"@id\":\"https:\/\/www.esquiades.com\/blog\/las-6-mejores-rutas-de-montana-por-andorra\/#primaryimage\"},\"image\":{\"@id\":\"https:\/\/www.esquiades.com\/blog\/las-6-mejores-rutas-de-montana-por-andorra\/#primaryimage\"},\"thumbnailUrl\":\"https:\/\/www.esquiades.com\/blog\/app\/uploads\/2021\/05\/imageLas-6-mejores-rutas-de-montana-por-Andorra-\u00a1y-una-ruta-extra-GRATIS.jpg\",\"datePublished\":\"2025-02-26T12:14:26+00:00\",\"dateModified\":\"2025-02-26T12:21:26+00:00\",\"description\":\"Si eres amante del senderismo, te interesar\u00e1 conocer nuestra selecci\u00f3n de rutas de monta\u00f1a por Andorra. \u00a1Con trucos y consejos!\",\"breadcrumb\":{\"@id\":\"https:\/\/www.esquiades.com\/blog\/las-6-mejores-rutas-de-montana-por-andorra\/#breadcrumb\"},\"inLanguage\":\"es\",\"potentialAction\":[{\"@type\":\"ReadAction\",\"target\":[\"https:\/\/www.esquiades.com\/blog\/las-6-mejores-rutas-de-montana-por-andorra\/\"]}]},{\"@type\":\"ImageObject\",\"inLanguage\":\"es\",\"@id\":\"https:\/\/www.esquiades.com\/blog\/las-6-mejores-rutas-de-montana-por-andorra\/#primaryimage\",\"url\":\"https:\/\/www.esquiades.com\/blog\/app\/uploads\/2021\/05\/imageLas-6-mejores-rutas-de-montana-por-Andorra-\u00a1y-una-ruta-extra-GRATIS.jpg\",\"contentUrl\":\"https:\/\/www.esquiades.com\/blog\/app\/uploads\/2021\/05\/imageLas-6-mejores-rutas-de-montana-por-Andorra-\u00a1y-una-ruta-extra-GRATIS.jpg\",\"width\":1080,\"height\":1080},{\"@type\":\"BreadcrumbList\",\"@id\":\"https:\/\/www.esquiades.com\/blog\/las-6-mejores-rutas-de-montana-por-andorra\/#breadcrumb\",\"itemListElement\":[{\"@type\":\"ListItem\",\"position\":1,\"name\":\"Home\",\"item\":\"https:\/\/www.esquiades.com\/blog\/\"},{\"@type\":\"ListItem\",\"position\":2,\"name\":\"Las 6 mejores rutas de monta\u00f1a por Andorra \u00a1y una ruta extra GRATIS!\"}]},{\"@type\":\"WebSite\",\"@id\":\"https:\/\/www.esquiades.com\/blog\/#website\",\"url\":\"https:\/\/www.esquiades.com\/blog\/\",\"name\":\"Esquiades Blog\",\"description\":\"Pasi\u00f3n por la nieve y la monta\u00f1a\",\"publisher\":{\"@id\":\"https:\/\/www.esquiades.com\/blog\/#organization\"},\"potentialAction\":[{\"@type\":\"SearchAction\",\"target\":{\"@type\":\"EntryPoint\",\"urlTemplate\":\"https:\/\/www.esquiades.com\/blog\/?s={search_term_string}\"},\"query-input\":\"required name=search_term_string\"}],\"inLanguage\":\"es\"},{\"@type\":\"Organization\",\"@id\":\"https:\/\/www.esquiades.com\/blog\/#organization\",\"name\":\"Esquiades Blog\",\"url\":\"https:\/\/www.esquiades.com\/blog\/\",\"logo\":{\"@type\":\"ImageObject\",\"inLanguage\":\"es\",\"@id\":\"https:\/\/www.esquiades.com\/blog\/#\/schema\/logo\/image\/\",\"url\":\"https:\/\/www.esquiades.com\/blog\/app\/uploads\/2017\/02\/esquiades-LOGO-2.jpg\",\"contentUrl\":\"https:\/\/www.esquiades.com\/blog\/app\/uploads\/2017\/02\/esquiades-LOGO-2.jpg\",\"width\":397,\"height\":157,\"caption\":\"Esquiades Blog\"},\"image\":{\"@id\":\"https:\/\/www.esquiades.com\/blog\/#\/schema\/logo\/image\/\"}},{\"@type\":\"Person\",\"@id\":\"https:\/\/www.esquiades.com\/blog\/#\/schema\/person\/07e2783cdccb9bc9c6a29913c4d3b307\",\"name\":\"Esquiades.com\",\"image\":{\"@type\":\"ImageObject\",\"inLanguage\":\"es\",\"@id\":\"https:\/\/www.esquiades.com\/blog\/#\/schema\/person\/image\/\",\"url\":\"https:\/\/secure.gravatar.com\/avatar\/f29c2c662551af629137fbc3ddf97cbba8c16780b762bc122936f43a2034f086?s=96&d=mm&r=g\",\"contentUrl\":\"https:\/\/secure.gravatar.com\/avatar\/f29c2c662551af629137fbc3ddf97cbba8c16780b762bc122936f43a2034f086?s=96&d=mm&r=g\",\"caption\":\"Esquiades.com\"},\"url\":\"https:\/\/www.esquiades.com\/blog\/author\/esquiades\/\"}]}<\/script>\n<!-- \/ Yoast SEO plugin. -->","yoast_head_json":{"title":"Las 6 mejores rutas de monta\u00f1a por Andorra - Esquiades Blog","description":"Si eres amante del senderismo, te interesar\u00e1 conocer nuestra selecci\u00f3n de rutas de monta\u00f1a por Andorra. \u00a1Con trucos y consejos!","robots":{"index":"index","follow":"follow","max-snippet":"max-snippet:-1","max-image-preview":"max-image-preview:large","max-video-preview":"max-video-preview:-1"},"canonical":"https:\/\/www.esquiades.com\/blog\/las-6-mejores-rutas-de-montana-por-andorra\/","og_locale":"es_ES","og_type":"article","og_title":"Las 6 mejores rutas de monta\u00f1a por Andorra - Esquiades Blog","og_description":"Si eres amante del senderismo, te interesar\u00e1 conocer nuestra selecci\u00f3n de rutas de monta\u00f1a por Andorra. \u00a1Con trucos y consejos!","og_url":"https:\/\/www.esquiades.com\/blog\/las-6-mejores-rutas-de-montana-por-andorra\/","og_site_name":"Esquiades Blog","article_published_time":"2025-02-26T12:14:26+00:00","article_modified_time":"2025-02-26T12:21:26+00:00","og_image":[{"width":1080,"height":1080,"url":"https:\/\/www.esquiades.com\/blog\/app\/uploads\/2021\/05\/imageLas-6-mejores-rutas-de-montana-por-Andorra-\u00a1y-una-ruta-extra-GRATIS.jpg","type":"image\/jpeg"}],"author":"Esquiades.com","twitter_card":"summary_large_image","twitter_misc":{"Written by":"Esquiades.com","Est. reading time":"13 minutos"},"schema":{"@context":"https:\/\/schema.org","@graph":[{"@type":"NewsArticle","@id":"https:\/\/www.esquiades.com\/blog\/las-6-mejores-rutas-de-montana-por-andorra\/#article","isPartOf":{"@id":"https:\/\/www.esquiades.com\/blog\/las-6-mejores-rutas-de-montana-por-andorra\/"},"author":{"name":"Esquiades.com","@id":"https:\/\/www.esquiades.com\/blog\/#\/schema\/person\/07e2783cdccb9bc9c6a29913c4d3b307"},"headline":"Las 6 mejores rutas de monta\u00f1a por Andorra \u00a1y una ruta extra GRATIS!","datePublished":"2025-02-26T12:14:26+00:00","dateModified":"2025-02-26T12:21:26+00:00","mainEntityOfPage":{"@id":"https:\/\/www.esquiades.com\/blog\/las-6-mejores-rutas-de-montana-por-andorra\/"},"wordCount":2070,"commentCount":6,"publisher":{"@id":"https:\/\/www.esquiades.com\/blog\/#organization"},"image":{"@id":"https:\/\/www.esquiades.com\/blog\/las-6-mejores-rutas-de-montana-por-andorra\/#primaryimage"},"thumbnailUrl":"https:\/\/www.esquiades.com\/blog\/app\/uploads\/2021\/05\/imageLas-6-mejores-rutas-de-montana-por-Andorra-\u00a1y-una-ruta-extra-GRATIS.jpg","keywords":["andorra","andorra primavera","andorra verano","excursi\u00f3n","excursiones en Andorra","lagos de Andorra","mejores rutas de Andorra","monta\u00f1a en Andorra","naturaleza en Andorra","parques naturales Andorra","Pirineos Andorra","rutas de monta\u00f1a","rutas de monta\u00f1a andorra","rutas de monta\u00f1a en Andorra","rutas de senderismo","rutas de senderismo en Andorra","rutas de trekking","rutas dif\u00edciles en Andorra","rutas f\u00e1ciles en Andorra","Senderismo","senderismo en Andorra","trekking","trekking en Andorra","turismo activo Andorra"],"articleSection":["Actividades de monta\u00f1a","Consejos y trucos","Curiosidades","Deportes de aventura","Excursiones","Recomendaciones"],"inLanguage":"es","potentialAction":[{"@type":"CommentAction","name":"Comment","target":["https:\/\/www.esquiades.com\/blog\/las-6-mejores-rutas-de-montana-por-andorra\/#respond"]}]},{"@type":"WebPage","@id":"https:\/\/www.esquiades.com\/blog\/las-6-mejores-rutas-de-montana-por-andorra\/","url":"https:\/\/www.esquiades.com\/blog\/las-6-mejores-rutas-de-montana-por-andorra\/","name":"Las 6 mejores rutas de monta\u00f1a por Andorra - Esquiades Blog","isPartOf":{"@id":"https:\/\/www.esquiades.com\/blog\/#website"},"primaryImageOfPage":{"@id":"https:\/\/www.esquiades.com\/blog\/las-6-mejores-rutas-de-montana-por-andorra\/#primaryimage"},"image":{"@id":"https:\/\/www.esquiades.com\/blog\/las-6-mejores-rutas-de-montana-por-andorra\/#primaryimage"},"thumbnailUrl":"https:\/\/www.esquiades.com\/blog\/app\/uploads\/2021\/05\/imageLas-6-mejores-rutas-de-montana-por-Andorra-\u00a1y-una-ruta-extra-GRATIS.jpg","datePublished":"2025-02-26T12:14:26+00:00","dateModified":"2025-02-26T12:21:26+00:00","description":"Si eres amante del senderismo, te interesar\u00e1 conocer nuestra selecci\u00f3n de rutas de monta\u00f1a por Andorra. \u00a1Con trucos y consejos!","breadcrumb":{"@id":"https:\/\/www.esquiades.com\/blog\/las-6-mejores-rutas-de-montana-por-andorra\/#breadcrumb"},"inLanguage":"es","potentialAction":[{"@type":"ReadAction","target":["https:\/\/www.esquiades.com\/blog\/las-6-mejores-rutas-de-montana-por-andorra\/"]}]},{"@type":"ImageObject","inLanguage":"es","@id":"https:\/\/www.esquiades.com\/blog\/las-6-mejores-rutas-de-montana-por-andorra\/#primaryimage","url":"https:\/\/www.esquiades.com\/blog\/app\/uploads\/2021\/05\/imageLas-6-mejores-rutas-de-montana-por-Andorra-\u00a1y-una-ruta-extra-GRATIS.jpg","contentUrl":"https:\/\/www.esquiades.com\/blog\/app\/uploads\/2021\/05\/imageLas-6-mejores-rutas-de-montana-por-Andorra-\u00a1y-una-ruta-extra-GRATIS.jpg","width":1080,"height":1080},{"@type":"BreadcrumbList","@id":"https:\/\/www.esquiades.com\/blog\/las-6-mejores-rutas-de-montana-por-andorra\/#breadcrumb","itemListElement":[{"@type":"ListItem","position":1,"name":"Home","item":"https:\/\/www.esquiades.com\/blog\/"},{"@type":"ListItem","position":2,"name":"Las 6 mejores rutas de monta\u00f1a por Andorra \u00a1y una ruta extra GRATIS!"}]},{"@type":"WebSite","@id":"https:\/\/www.esquiades.com\/blog\/#website","url":"https:\/\/www.esquiades.com\/blog\/","name":"Esquiades Blog","description":"Pasi\u00f3n por la nieve y la monta\u00f1a","publisher":{"@id":"https:\/\/www.esquiades.com\/blog\/#organization"},"potentialAction":[{"@type":"SearchAction","target":{"@type":"EntryPoint","urlTemplate":"https:\/\/www.esquiades.com\/blog\/?s={search_term_string}"},"query-input":"required name=search_term_string"}],"inLanguage":"es"},{"@type":"Organization","@id":"https:\/\/www.esquiades.com\/blog\/#organization","name":"Esquiades Blog","url":"https:\/\/www.esquiades.com\/blog\/","logo":{"@type":"ImageObject","inLanguage":"es","@id":"https:\/\/www.esquiades.com\/blog\/#\/schema\/logo\/image\/","url":"https:\/\/www.esquiades.com\/blog\/app\/uploads\/2017\/02\/esquiades-LOGO-2.jpg","contentUrl":"https:\/\/www.esquiades.com\/blog\/app\/uploads\/2017\/02\/esquiades-LOGO-2.jpg","width":397,"height":157,"caption":"Esquiades Blog"},"image":{"@id":"https:\/\/www.esquiades.com\/blog\/#\/schema\/logo\/image\/"}},{"@type":"Person","@id":"https:\/\/www.esquiades.com\/blog\/#\/schema\/person\/07e2783cdccb9bc9c6a29913c4d3b307","name":"Esquiades.com","image":{"@type":"ImageObject","inLanguage":"es","@id":"https:\/\/www.esquiades.com\/blog\/#\/schema\/person\/image\/","url":"https:\/\/secure.gravatar.com\/avatar\/f29c2c662551af629137fbc3ddf97cbba8c16780b762bc122936f43a2034f086?s=96&d=mm&r=g","contentUrl":"https:\/\/secure.gravatar.com\/avatar\/f29c2c662551af629137fbc3ddf97cbba8c16780b762bc122936f43a2034f086?s=96&d=mm&r=g","caption":"Esquiades.com"},"url":"https:\/\/www.esquiades.com\/blog\/author\/esquiades\/"}]}},"_links":{"self":[{"href":"https:\/\/www.esquiades.com\/blog\/wp-json\/wp\/v2\/posts\/11926","targetHints":{"allow":["GET"]}}],"collection":[{"href":"https:\/\/www.esquiades.com\/blog\/wp-json\/wp\/v2\/posts"}],"about":[{"href":"https:\/\/www.esquiades.com\/blog\/wp-json\/wp\/v2\/types\/post"}],"author":[{"embeddable":true,"href":"https:\/\/www.esquiades.com\/blog\/wp-json\/wp\/v2\/users\/2"}],"replies":[{"embeddable":true,"href":"https:\/\/www.esquiades.com\/blog\/wp-json\/wp\/v2\/comments?post=11926"}],"version-history":[{"count":10,"href":"https:\/\/www.esquiades.com\/blog\/wp-json\/wp\/v2\/posts\/11926\/revisions"}],"predecessor-version":[{"id":16816,"href":"https:\/\/www.esquiades.com\/blog\/wp-json\/wp\/v2\/posts\/11926\/revisions\/16816"}],"wp:featuredmedia":[{"embeddable":true,"href":"https:\/\/www.esquiades.com\/blog\/wp-json\/wp\/v2\/media\/16813"}],"wp:attachment":[{"href":"https:\/\/www.esquiades.com\/blog\/wp-json\/wp\/v2\/media?parent=11926"}],"wp:term":[{"taxonomy":"category","embeddable":true,"href":"https:\/\/www.esquiades.com\/blog\/wp-json\/wp\/v2\/categories?post=11926"},{"taxonomy":"post_tag","embeddable":true,"href":"https:\/\/www.esquiades.com\/blog\/wp-json\/wp\/v2\/tags?post=11926"}],"curies":[{"name":"wp","href":"https:\/\/api.w.org\/{rel}","templated":true}]}}