{"id":10595,"date":"2021-02-26T10:25:56","date_gmt":"2021-02-26T09:25:56","guid":{"rendered":"https:\/\/www.esquiades.com\/blog\/?p=10595"},"modified":"2021-03-24T16:35:10","modified_gmt":"2021-03-24T15:35:10","slug":"donde-esquiar-en-2021-estas-son-las-opciones-durante-la-desescalada-2","status":"publish","type":"post","link":"https:\/\/www.esquiades.com\/blog\/donde-esquiar-en-2021-estas-son-las-opciones-durante-la-desescalada-2\/","title":{"rendered":"\u00bfD\u00f3nde esquiar en 2021? Estas son las opciones durante la desescalada 2"},"content":{"rendered":"<div id=\"toc_container\" class=\"no_bullets\"><p class=\"toc_title\">Contenido<\/p><ul class=\"toc_list\"><li><a href=\"#Las_estaciones_de_esqui_en_Andorra\"><span class=\"toc_number toc_depth_1\">1<\/span> Las estaciones de esqu\u00ed en Andorra<\/a><\/li><li><a href=\"#Esquiar_en_el_Pirineo_catalan\"><span class=\"toc_number toc_depth_1\">2<\/span> Esquiar en el Pirineo catal\u00e1n<\/a><\/li><li><a href=\"#Estaciones_de_esqui_en_el_Pirineo_aragones\"><span class=\"toc_number toc_depth_1\">3<\/span> Estaciones de esqu\u00ed en el Pirineo aragon\u00e9s<\/a><\/li><li><a href=\"#Donde_esquiar_en_Teruel_en_2021\"><span class=\"toc_number toc_depth_1\">4<\/span> \u00bfD\u00f3nde esquiar en Teruel en 2021?<\/a><\/li><li><a href=\"#Punto_de_Nieve_de_Santa_Ines_los_primeros_en_abrir\"><span class=\"toc_number toc_depth_1\">5<\/span> Punto de Nieve de Santa In\u00e9s: los primeros en abrir<\/a><\/li><li><a href=\"#Estaciones_de_esqui_en_la_Cordillera_Cantabrica_quien_dijo_miedo\"><span class=\"toc_number toc_depth_1\">6<\/span> Estaciones de esqu\u00ed en la Cordillera Cant\u00e1brica: \u00bfqui\u00e9n dijo miedo?<\/a><\/li><li><a href=\"#Esquiar_en_Sierra_Nevada\"><span class=\"toc_number toc_depth_1\">7<\/span> Esquiar en Sierra Nevada<\/a><\/li><li><a href=\"#Estaciones_de_esqui_en_los_Pirineos_franceses\"><span class=\"toc_number toc_depth_1\">8<\/span> Estaciones de esqu\u00ed en los Pirineos franceses<\/a><\/li><li><a href=\"#Estaciones_de_esqui_en_los_Alpes_franceses_y_suizos\"><span class=\"toc_number toc_depth_1\">9<\/span> Estaciones de esqu\u00ed en los Alpes franceses y suizos<\/a><\/li><li><a href=\"#Esquiar_en_Serra_da_Estrela\"><span class=\"toc_number toc_depth_1\">10<\/span> Esquiar en Serra da Estrela<\/a><\/li><\/ul><\/div>\n\n<p>Ya hemos entrado de lleno en el nuevo a\u00f1o: con la campa\u00f1a de vacunaci\u00f3n contra el<a href=\"https:\/\/www.esquiades.com\/blog\/5-hoteles-con-spa-para-sorprender-a-tu-pareja\/\" target=\"_blank\" rel=\"noreferrer noopener\"> <strong>COVID-19<\/strong><\/a> en marcha y, sobre todo, con m\u00e1s ganas que nunca de darlo todo sobre los esqu\u00eds o la tabla de <em>snow, <\/em>despu\u00e9s de meses de sacrificios. ?? Te resultan familiares estos buenos prop\u00f3sitos, \u00bfa que s\u00ed? Casi tanto como esta pregunta: \u00bfcu\u00e1ndo abren las estaciones de esqu\u00ed? O esta otra: \u00bfd\u00f3nde esquiar en 2021?<\/p>\n\n\n<p><\/p>\n\n\n<p>A estas alturas, no nos extra\u00f1a que tengas dudas. La pandemia nos obliga a estar pendientes de las noticias a diario y a ajustar nuestros planes constantemente, dependiendo de lo que establezcan las autoridades sanitarias. Un engorro, s\u00ed, pero que no tienen por qu\u00e9 ser un obst\u00e1culo para disfrutar a tope de la nieve.<\/p>\n\n\n<p><\/p>\n\n\n<div class=\"wp-block-image is-style-default\"><figure class=\"aligncenter size-large is-resized\"><img fetchpriority=\"high\" decoding=\"async\" src=\"https:\/\/www.esquiades.com\/blog\/wp-content\/uploads\/2021\/01\/disfrutar-nieve-5-819x1024.jpg\" alt=\"\" class=\"wp-image-11301\" width=\"410\" height=\"512\"><\/figure><\/div>\n\n\n<p><\/p>\n\n\n<p>Pero para ello, hace falta saber cu\u00e1ndo, c\u00f3mo y d\u00f3nde. Sigue leyendo este \u00faltimo <em>post <\/em>de Esquiades, y descubrir\u00e1s qu\u00e9 estaciones de esqu\u00ed est\u00e1n ya listas para tu pr\u00f3ximo viaje y cu\u00e1les prev\u00e9n abrir en breve. Si hubiese alguna modificaci\u00f3n sobre estas fechas, la anunciaremos en nuestro sitio web. As\u00ed que\u2026 \u00a1apunta! \u270f<\/p>\n\n\n<p><\/p>\n\n\n<h2 class=\"wp-block-heading\"><span id=\"Las_estaciones_de_esqui_en_Andorra\"><strong>Las estaciones de esqu\u00ed en Andorra<\/strong><\/span><\/h2>\n\n\n<p><\/p>\n\n\n<p>\u00bfPensando en<a href=\"https:\/\/www.esquiades.com\/viajes-esqui\/andorra-101.html\" target=\"_blank\" rel=\"noreferrer noopener\"> <strong>esquiar en Andorra<\/strong><\/a> este 2021? \u00a1Concedido! Si te est\u00e1s planteando hacer las maletas y poner rumbo al pa\u00eds de los Pirineos, debes saber que las tres estaciones de esqu\u00ed de Andorra \u2014Grandvalira, Vallnord Pal-Arinsal y Vallnord Ordino-Arcal\u00eds\u2014 <strong>est\u00e1n operativas desde el s\u00e1bado 2 de enero<\/strong>. Si bien han empezado a medio gas, debido a la escasa afluencia de esquiadores catalanes y franceses, se prev\u00e9 que todos los resorts andorranos vayan incrementando el n\u00famero de pistas abiertas en los pr\u00f3ximos d\u00edas.<\/p>\n\n\n<p><\/p>\n\n\n<div class=\"wp-block-image\"><figure class=\"aligncenter size-large is-resized\"><img decoding=\"async\" src=\"https:\/\/www.esquiades.com\/blog\/wp-content\/uploads\/2021\/01\/pal-arinsal-2-819x1024.jpg\" alt=\"Estaci\u00f3n de esqu\u00ed Pal-Arinsal\" class=\"wp-image-11319\" width=\"410\" height=\"512\"\/><figcaption>Pal-Arinsal en el primer d\u00eda de apertura de la temporada<\/figcaption><\/figure><\/div>\n\n\n<p><\/p>\n\n\n<p>\u00bfEl motivo? Las limitaciones en la movilidad internacional, lo que hace que quienes acuden el resort actualmente sean sobre todo ciudadanos del principado. Habr\u00e1 que esperar que el Gobierno andorrano, la Generalitat de Catalunya y el Ejecutivo franc\u00e9s relajen las restricciones para facilitar la llegada de visitantes for\u00e1neos. Por suerte, la decisi\u00f3n de dar luz verde a la <strong>libertad en los desplazamientos entre la comarca del Alt Urgell y Andorra<\/strong> permiti\u00f3 el acceso de deportistas catalanes durante las fiestas navide\u00f1as.<\/p>\n\n\n<p><\/p>\n\n\n<p>Por cierto: si vas a esquiar en Grandvalira o cualquier otra estaci\u00f3n de Andorra, echa un vistazo a estas<a href=\"https:\/\/www.esquiades.com\/relax\/centro-termal-1211.html\" target=\"_blank\" rel=\"noreferrer noopener\"> <strong>ofertas en Caldea<\/strong><\/a>, ?? el mayor centro termol\u00fadico de Europa, donde t\u00fa y tus acompa\u00f1antes podr\u00e9is mimaros y relajaros mientras os regal\u00e1is unas vistas \u00fanicas.<\/p>\n\n\n<p><\/p>\n\n\n<div class=\"wp-block-image\"><figure class=\"aligncenter size-large is-resized\"><img decoding=\"async\" src=\"https:\/\/www.esquiades.com\/blog\/wp-content\/uploads\/2021\/01\/caldea-819x1024.jpg\" alt=\"Laguna panor\u00e1mica de Caldea\" class=\"wp-image-11332\" width=\"410\" height=\"512\"\/><figcaption>Caldea estren\u00f3 recientemente esta laguna panor\u00e1mica<\/figcaption><\/figure><\/div>\n\n\n<p><\/p>\n\n\n<h2 class=\"wp-block-heading\"><span id=\"Esquiar_en_el_Pirineo_catalan\"><strong>Esquiar en el Pirineo catal\u00e1n<\/strong><\/span><\/h2>\n\n\n<p><\/p>\n\n\n<p>El pasado <strong>14 de diciembre, <\/strong>Catalu\u00f1a se convirti\u00f3 en el primer destino esquiable del Pirineo en dar el pistoletazo de salida a la temporada de esqu\u00ed, siendo tambi\u00e9n uno de los m\u00e1s madrugadores de Europa. Hoy por hoy, est\u00e1n abiertas las 10 estaciones de esqu\u00ed catalanas: Baqueira Beret, Bo\u00ed Ta\u00fcll, Espot Esqu\u00ed, La Molina, Masella, Port Ain\u00e9, Port del Comte, Tavascan Vall de N\u00faria y Vallter 2000. De ellas, <strong>Baqueira es la que tiene un mayor n\u00famero de kil\u00f3metros abiertos.<\/strong><\/p>\n\n\n<p><\/p>\n\n\n<div class=\"wp-block-image\"><figure class=\"aligncenter size-large is-resized\"><img loading=\"lazy\" decoding=\"async\" src=\"https:\/\/www.esquiades.com\/blog\/wp-content\/uploads\/2021\/01\/baqueira-beret-2-819x1024.jpg\" alt=\"Estaci\u00f3n de esqu\u00ed Baqueira Beret\" class=\"wp-image-11320\" width=\"410\" height=\"512\"\/><figcaption>As\u00ed luc\u00eda Baqueira Beret cuando inici\u00f3 su temporada<\/figcaption><\/figure><\/div>\n\n\n<p><\/p>\n\n\n<p>Para garantizar la salud de los esquiadores, <strong>el aforo se reduce al 30% y se exige el uso de la mascarilla en las colas y los remontes (aunque no en la bajada).<\/strong> Tambi\u00e9n es necesario adquirir el<a href=\"https:\/\/www.esquiades.com\/viajes-esqui\/esqui-navidad-pirineo-catalan-150172.html\" target=\"_blank\" rel=\"noreferrer noopener\"> <strong>forfait en el Pirineo catal\u00e1n<\/strong><\/a> con antelaci\u00f3n, para que se pueda controlar la afluencia. A su vez, los bares y restaurantes de las estaciones tambi\u00e9n est\u00e1n sujetos a las limitaciones en el n\u00famero m\u00e1ximo de comensales y a que haya una separaci\u00f3n de 2 m entre las mesas de las terrazas.<\/p>\n\n\n<p><\/p>\n\n\n<p>Pese a que estaciones como Masella \u2014la mayor de la Cerdanya\u2014 registraron una buena taquilla en los primeros d\u00edas de apertura, el posterior confinamiento perimetral de la comarca, id\u00e9ntico al que se aplic\u00f3 en el Ripoll\u00e8s, redujo los viajes de los esquiadores.<\/p>\n\n\n<p><\/p>\n\n\n<p>Tambi\u00e9n en este caso, estaremos atentos a c\u00f3mo evoluciona la nueva ola de coronavirus. ?<\/p>\n\n\n<p><\/p>\n\n\n<div class=\"wp-block-image\"><figure class=\"aligncenter size-large is-resized\"><img loading=\"lazy\" decoding=\"async\" src=\"https:\/\/www.esquiades.com\/blog\/wp-content\/uploads\/2021\/01\/masella-nevada-2-819x1024.jpg\" alt=\"Estaci\u00f3n de esqu\u00ed Masella\" class=\"wp-image-11321\" width=\"410\" height=\"512\"\/><figcaption>\u00a1Nos encanta la postal de Masella cuando est\u00e1 todo tan nevado!<\/figcaption><\/figure><\/div>\n\n\n<p><\/p>\n\n\n<h2 class=\"wp-block-heading\"><span id=\"Estaciones_de_esqui_en_el_Pirineo_aragones\"><strong>Estaciones de esqu\u00ed en el Pirineo aragon\u00e9s<\/strong><\/span><\/h2>\n\n\n<p><\/p>\n\n\n<p>Aunque la idea inicial de las cinco estaciones de esqu\u00ed alpino del Pirineo aragon\u00e9s \u2014Ast\u00fan-Candanch\u00fa, Cerler, Formigal y Panticosa\u2014 era empezar a funcionar a finales de 2020, la \u00fanica que lo hizo fue la<a href=\"https:\/\/www.esquiades.com\/hoteles\/hoteles-astun-1835.html\" target=\"_blank\" rel=\"noreferrer noopener\"> <strong>estaci\u00f3n de Ast\u00fan y Candanch\u00fa<\/strong><\/a><strong>,<\/strong> situada en el valle de Canfranc y en la comarca de la Jacetania. El <strong>resort est\u00e1 en funcionamiento desde el 23 de diciembre<\/strong>. Hasta el momento, no obstante, la estaci\u00f3n solo ha podido recibir a esquiadores de la provincia de Huesca, a causa de las restricciones de movilidad geogr\u00e1fica impuestas por el Gobierno de Arag\u00f3n. \u26f7<\/p>\n\n\n<p><\/p>\n\n\n<div class=\"wp-block-image\"><figure class=\"aligncenter size-large is-resized\"><img loading=\"lazy\" decoding=\"async\" src=\"https:\/\/www.esquiades.com\/blog\/wp-content\/uploads\/2021\/01\/candanchu-3-819x1024.jpg\" alt=\"Estaci\u00f3n de esqu\u00ed Candanch\u00fa\" class=\"wp-image-11362\" width=\"410\" height=\"512\"\/><figcaption>Estaci\u00f3n de esqu\u00ed Candanch\u00fa<\/figcaption><\/figure><\/div>\n\n\n<p><\/p>\n\n\n<p>Eso s\u00ed: hay que recordar que, desde el puente de la Inmaculada, se puede acceder a la <strong>estaci\u00f3n de esqu\u00ed n\u00f3rdico de Llanos del Hospital,<\/strong> tambi\u00e9n en Huesca.<\/p>\n\n\n<p><\/p>\n\n\n<p>El resto de estaciones oscenses, gestionadas por el Grupo Aram\u00f3n, <strong>esperan poder abrir el \u00faltimo fin de semana de enero o a principios febrero. <\/strong>Por cierto: si lo deseas, podr\u00e1s desconectar en las<a href=\"https:\/\/www.esquiades.com\/relax\/termas-de-tiberio-1230.html\" target=\"_blank\" rel=\"noreferrer noopener\"> <strong>Termas de Tiberio<\/strong><\/a>, en Panticosa, uno de los mejores balnearios de Espa\u00f1a. Un planazo para poner el broche de oro a tu escapada de esqu\u00ed, \u00bfverdad?<\/p>\n\n\n<p><\/p>\n\n\n<div class=\"wp-block-image\"><figure class=\"aligncenter size-large is-resized\"><img loading=\"lazy\" decoding=\"async\" src=\"https:\/\/www.esquiades.com\/blog\/wp-content\/uploads\/2021\/01\/termas-tiberio-nieve-1-819x1024.jpg\" alt=\"Balneario de Panticosa\" class=\"wp-image-11363\" width=\"410\" height=\"512\"\/><figcaption>Piscina exterior de las Termas de Tiberio, en el Balneario de Panticosa<\/figcaption><\/figure><\/div>\n\n\n<p><\/p>\n\n\n<p>Como medidas de prevenci\u00f3n contra el COVID-19, en todas las estaciones del<a href=\"https:\/\/www.esquiades.com\/viajes-esqui\/pirineo-aragones-103.html\" target=\"_blank\" rel=\"noreferrer noopener\"> <strong>Pirineo aragon\u00e9s<\/strong><\/a> <strong>es obligatorio el uso de la mascarilla en las colas, en los remontes y en los trayectos<\/strong> (no as\u00ed en las bajadas) y del<strong> gel hidroalcoh\u00f3lico <\/strong>para la higiene de manos.<\/p>\n\n\n<p><\/p>\n\n\n<h2 class=\"wp-block-heading\"><span id=\"Donde_esquiar_en_Teruel_en_2021\"><strong>\u00bfD\u00f3nde esquiar en Teruel en 2021?<\/strong><\/span><\/h2>\n\n\n<p><\/p>\n\n\n<p>Al igual que ha ocurrido con las estaciones del Pirineo de Huesca, los dos resorts turolenses tambi\u00e9n <strong>retrasaron su apertura hasta finales de enero, como m\u00ednimo.<\/strong> Nos referimos a<a rel=\"noreferrer noopener\" href=\"https:\/\/www.esquiades.com\/hoteles\/hoteles-javalambre-1859.html\" target=\"_blank\"> <strong>Aram\u00f3n Javalambre<\/strong><\/a>, ubicada en Camarena de la Sierra y en la sierra de G\u00fadar, y<a rel=\"noreferrer noopener\" href=\"https:\/\/www.esquiades.com\/viajes-esqui\/valdelinares-1460.html\" target=\"_blank\"> <strong>Aram\u00f3n Valdelinares<\/strong><\/a>, tambi\u00e9n en el Sistema Ib\u00e9rico y a 70 km de la capital de la provincia.<\/p>\n\n\n<p><\/p>\n\n\n<div class=\"wp-block-image\"><figure class=\"aligncenter size-large is-resized\"><img loading=\"lazy\" decoding=\"async\" src=\"https:\/\/www.esquiades.com\/blog\/wp-content\/uploads\/2021\/01\/aramon-javalambre-2-819x1024.jpg\" alt=\"Estaci\u00f3n de esqu\u00ed Aram\u00f3n Javalambre\" class=\"wp-image-11364\" width=\"410\" height=\"512\"\/><figcaption>Aram\u00f3n Javalambre est\u00e1 hasta arriba de nieve esperando poder abrir<\/figcaption><\/figure><\/div>\n\n\n<p><\/p>\n\n\n<p>Tambi\u00e9n aqu\u00ed, es necesario utilizar la mascarilla excepto en los descensos, mantener la distancia de seguridad y desinfectarse las manos con frecuencia. ?<\/p>\n\n\n<p><\/p>\n\n\n<h2 class=\"wp-block-heading\"><span id=\"Punto_de_Nieve_de_Santa_Ines_los_primeros_en_abrir\"><strong>Punto de Nieve de Santa In\u00e9s: los primeros en abrir<\/strong><\/span><\/h2>\n\n\n<p><\/p>\n\n\n<p>En este repaso sobre d\u00f3nde esquiar en 2021, no pod\u00edamos dejarnos en el tintero a <strong>la primera estaci\u00f3n de esqu\u00ed alpino de Espa\u00f1a y de la pen\u00ednsula ib\u00e9rica en abrir tras el episodio de COVID-19 <\/strong>(lo hizo en el puente de la Constituci\u00f3n): el Punto de Nieve de Santa In\u00e9s, en el municipio de Cameros, Soria. Ubicado en la sierra de Urbi\u00f3n y a 1.750 m de altura, cuenta con 1,8 km balizados que, a fecha de hoy, est\u00e1n disponibles en toda su extensi\u00f3n. Pese a que el dominio esquiable es muy reducido, esta puede ser una excelente opci\u00f3n para aquellos que, viendo en Castilla y Le\u00f3n, quieran volver a sentir el crujido de la nieve bajo los esqu\u00edes. \u2744\ufe0f<\/p>\n\n\n<p><\/p>\n\n\n<div class=\"wp-block-image\"><figure class=\"aligncenter size-large is-resized\"><img loading=\"lazy\" decoding=\"async\" src=\"https:\/\/www.esquiades.com\/blog\/wp-content\/uploads\/2021\/01\/punto-de-nieve-santa-ines-6-819x1024.jpg\" alt=\"Estaci\u00f3n de esqu\u00ed Punto de Nieve de Santa In\u00e9s\" class=\"wp-image-11365\" width=\"410\" height=\"512\"\/><figcaption>Vistas desde la estaci\u00f3n Punto de Nieve de Santa In\u00e9s<\/figcaption><\/figure><\/div>\n\n\n<p><\/p>\n\n\n<p>Sin embargo, coincidiendo con el paso del temporal<em> Filomena<\/em>, <strong>el Punto de Nieve de Santa In\u00e9s est\u00e1 cerrado en estos momentos<\/strong>, si bien se espera que vuelva a abrir en breve.<\/p>\n\n\n<p><\/p>\n\n\n<h2 class=\"wp-block-heading\"><span id=\"Estaciones_de_esqui_en_la_Cordillera_Cantabrica_quien_dijo_miedo\"><strong>Estaciones de esqu\u00ed en la Cordillera Cant\u00e1brica: \u00bfqui\u00e9n dijo miedo?<\/strong><\/span><\/h2>\n\n\n<p><\/p>\n\n\n<p>Hemos visto cu\u00e1l fue la primera estaci\u00f3n espa\u00f1ola en plantar cara al coronavirus, pero \u00bfpara qui\u00e9n fue la medalla de plata y la de bronce? ? ?Para descubrirlo, nos trasladamos hasta la provincia de Le\u00f3n. All\u00ed encontramos la <strong>estaci\u00f3n de esqu\u00ed de Valle de Laciana-Leitariegos, <\/strong>que el <strong>9 de diciembre<\/strong> se convirti\u00f3 en la segunda de nuestro pa\u00eds y la tercera de la pen\u00ednsula en estrenar la temporada de invierno 2020-2021.<\/p>\n\n\n<p><\/p>\n\n\n<div class=\"wp-block-image\"><figure class=\"aligncenter size-large is-resized\"><img loading=\"lazy\" decoding=\"async\" src=\"https:\/\/www.esquiades.com\/blog\/wp-content\/uploads\/2021\/01\/Valle-de-Laciana-Leitariegos-1-819x1024.jpg\" alt=\"Estaci\u00f3n de esqu\u00ed de Valle de Laciana-Leitariegos\" class=\"wp-image-11322\" width=\"410\" height=\"512\"\/><figcaption>D\u00eda soleado en la la estaci\u00f3n de esqu\u00ed de Valle de Laciana-Leitariegos<\/figcaption><\/figure><\/div>\n\n\n<p><\/p>\n\n\n<p>Le sigui\u00f3, el <strong>12 de diciembre, <\/strong>la <strong>estaci\u00f3n de San Isidro,<\/strong> tambi\u00e9n en Le\u00f3n, hizo lo propio. En el momento de escribir estas l\u00edneas, cuenta con 8 de sus 15 remontes en servicio y algo m\u00e1s de la mitad de su superficie esquiable abierta.<\/p>\n\n\n<p><\/p>\n\n\n<p>Tambi\u00e9n hay que destacar que las dos estaciones leonesas cumplen con los protocolos de seguridad contra el COVID-19 fijados por la Asociaci\u00f3n Tur\u00edstica de Estaciones de Esqu\u00ed de Monta\u00f1a (ATUDEM).<\/p>\n\n\n<p><\/p>\n\n\n<div class=\"wp-block-image\"><figure class=\"aligncenter size-large is-resized\"><img loading=\"lazy\" decoding=\"async\" src=\"https:\/\/www.esquiades.com\/blog\/wp-content\/uploads\/2021\/01\/estacion-esqui-san-isidro-1-819x1024.jpg\" alt=\"Estaci\u00f3n de esqu\u00ed de San Isidro\" class=\"wp-image-11323\" width=\"410\" height=\"512\"\/><figcaption>Primer d\u00eda de temporada en la estaci\u00f3n de San Isidro<\/figcaption><\/figure><\/div>\n\n\n<p><\/p>\n\n\n<p>Desde el pasado <strong>6 de enero,<\/strong> adem\u00e1s, la estaci\u00f3n de esqu\u00ed de <strong>La Covatilla<\/strong> (en la sierra de B\u00e9jar, en Salamanca) tambi\u00e9n comenz\u00f3 su andadura esta temporada, con un aforo m\u00e1ximo de 300 personas (una tercera parte de lo habitual).<\/p>\n\n\n<p><\/p>\n\n\n<p>Pero regresemos a la Cordillera Cant\u00e1brica, donde, adem\u00e1s de Leitariegos y San Isidro, tambi\u00e9n est\u00e1 abierta <strong>Valgrande-Pajares<\/strong> (Asturias), mientras que <strong>Alto Campoo<\/strong> (Cantabria) ha cerrado por unos d\u00edas por las condiciones meteorol\u00f3gicas. Por su parte, Fuentes de Invierno, Lunada y Manzaneda siguen cerradas.<\/p>\n\n\n<p><\/p>\n\n\n<figure class=\"wp-block-image is-resized size-large\"><img decoding=\"async\" src=\"https:\/\/www.esquiades.com\/blog\/wp-content\/uploads\/2021\/01\/estacion-esqui-alto-campoo-1024x683.jpg\" alt=\"Estaci\u00f3n de esqu\u00ed Alto Campoo\" class=\"wp-image-11269\" width=\"600\"\/><figcaption>Estaci\u00f3n de esqu\u00ed Alto Campoo a primera hora de la ma\u00f1ana<\/figcaption><\/figure>\n\n\n<p><\/p>\n\n\n<h2 class=\"wp-block-heading\"><span id=\"Esquiar_en_Sierra_Nevada\"><strong>Esquiar en Sierra Nevada<\/strong><\/span><\/h2>\n\n\n<p><\/p>\n\n\n<p>Otra de las estaciones que no se ha dejado amedrentar por la pandemia ha sido la<a href=\"https:\/\/www.esquiades.com\/hoteles\/hoteles-sierra-nevada-1814.html\" target=\"_blank\" rel=\"noreferrer noopener\"> <strong>estaci\u00f3n de esqu\u00ed de Sierra Nevada<\/strong><\/a>, una de las \u00faltimas en echar el cierre cada a\u00f1o y, en esta ocasi\u00f3n, una de las primeras en abrir. En funcionamiento desde el <strong>18 de diciembre <\/strong>y con limitaci\u00f3n de aforo para frenar el virus, los responsables del resort granadino <strong>han invertido esta temporada 1,7 millones de euros para renovar los sistemas digitales de acceso.<\/strong> Hoy, est\u00e1 abierta una d\u00e9cima parte del dominio esquiable.<\/p>\n\n\n<p><\/p>\n\n\n<figure class=\"wp-block-image is-resized size-large\"><img decoding=\"async\" src=\"https:\/\/www.esquiades.com\/blog\/wp-content\/uploads\/2021\/01\/sierra-nevada-1024x691.jpg\" alt=\"Estaci\u00f3n de esqu\u00ed Sierra Nevada\" class=\"wp-image-11270\" width=\"600\"\/><figcaption>Primer domingo de temporada en la estaci\u00f3n Sierra Nevada<\/figcaption><\/figure>\n\n\n<p><\/p>\n\n\n<p>En cualquier caso, hay m\u00e1s novedades; una de ellas es la incorporaci\u00f3n de dos nuevas pistas: <em>La Alhambra,<\/em> una pista roja que arranca cerca del Veleta (3.398 m) y que har\u00e1 las delicias de los<a href=\"https:\/\/www.esquiades.com\/blog\/las-mejores-estaciones-para-esquiadores-expertos\/\" target=\"_blank\" rel=\"noreferrer noopener\"> <strong>esquiadores expertos<\/strong><\/a>, y <em>Chirimoya<\/em>, id\u00f3nea para deportistas de nivel intermedio y que rinde homenaje con su nombre a la Costa Tropical (esta franja del litoral andaluz es famosa por el cultivo de esta y otras frutas ex\u00f3ticas).<\/p>\n\n\n<p><\/p>\n\n\n<p>Adem\u00e1s, despu\u00e9s de una intensa jornada de esqu\u00ed o de<em> snowboard<\/em>, puedes recorrer los 31 km que separan este resort invernal de Granada, una de las ciudades con m\u00e1s encanto de Espa\u00f1a (y, pese a las restricciones en los horarios y el toque de queda, reponer fuerzas con una sopa de picadillo o pasear por barrios tan pintorescos como el Sacromonte o el Albaic\u00edn). ?<\/p>\n\n\n<p><\/p>\n\n\n<div class=\"wp-block-image\"><figure class=\"aligncenter size-large is-resized\"><img loading=\"lazy\" decoding=\"async\" src=\"https:\/\/www.esquiades.com\/blog\/wp-content\/uploads\/2021\/01\/granada-sierra-nevada-1-819x1024.jpg\" alt=\"La Alhambra con Sierra Nevada al fondo\" class=\"wp-image-11334\" width=\"410\" height=\"512\"\/><figcaption>La Alhambra con Sierra Nevada al fondo<\/figcaption><\/figure><\/div>\n\n\n<p><\/p>\n\n\n<h2 class=\"wp-block-heading\"><span id=\"Estaciones_de_esqui_en_los_Pirineos_franceses\"><strong>Estaciones de esqu\u00ed en los Pirineos franceses<\/strong><\/span><\/h2>\n\n\n<p><\/p>\n\n\n<p>Pese a que las autoridades sanitarias restringen los desplazamientos al extranjero a causas de fuerza mayor, no est\u00e1 de m\u00e1s tener en mente las<a href=\"https:\/\/www.esquiades.com\/viajes-esqui\/pirineo-frances-1011.html\" target=\"_blank\" rel=\"noreferrer noopener\"> <strong>estaciones de esqu\u00ed en los Pirineos franceses<\/strong><\/a>.<\/p>\n\n\n<p><\/p>\n\n\n<p>Desgraciadamente, en el momento de escribir este <em>post,<\/em> <strong>todas ellas permanecen cerradas para los esquiadores y <\/strong><strong><em>riders<\/em><\/strong><em>,<\/em> si bien hay tres estaciones en los Pirineos franceses que son <strong>accesibles solo para uso tur\u00edstico<\/strong>, <strong>como La Pierre Saint-Martin, Cauterets y Les Monts d\u2019Olmes.<\/strong><\/p>\n\n\n<p><\/p>\n\n\n<div class=\"wp-block-image\"><figure class=\"aligncenter size-large is-resized\"><img loading=\"lazy\" decoding=\"async\" src=\"https:\/\/www.esquiades.com\/blog\/wp-content\/uploads\/2021\/01\/les-monts-d-olmes-1-819x1024.jpg\" alt=\"Estaci\u00f3n de esqu\u00ed Les Monts d'Olmes\" class=\"wp-image-11324\" width=\"410\" height=\"512\"\/><figcaption>Preciosa estampa de la estaci\u00f3n Les Monts d&#8217;Olmes<\/figcaption><\/figure><\/div>\n\n\n<p><\/p>\n\n\n<p>Se espera que esta peque\u00f1a lista pueda incrementarse a finales de enero, si bien todo est\u00e1 a expensas de los datos de la pandemia.<\/p>\n\n\n<p><\/p>\n\n\n<h2 class=\"wp-block-heading\"><span id=\"Estaciones_de_esqui_en_los_Alpes_franceses_y_suizos\"><strong>Estaciones de esqu\u00ed en los Alpes franceses y suizos<\/strong><\/span><\/h2>\n\n\n<p><\/p>\n\n\n<p>\u00bfTe apetece una escapada a las<a href=\"https:\/\/www.esquiades.com\/viajes-esqui\/alpes-franceses-104.html\" target=\"_blank\" rel=\"noreferrer noopener\"> <strong>estaciones de esqu\u00ed en los Alpes franceses<\/strong><\/a> o en los Alpes suizos? Entonces, deber\u00e1s decantarte por la segunda opci\u00f3n, ya que<strong> las estaciones galas permanecen cerradas. <\/strong>En cambio, en tierras helv\u00e9ticas, puedes elegir entre Davos Klosters, Engelberg (Titlis), Grindelwald, M\u00fcrren, Zermatt (Matterhorn) y Les 4 Vall\u00e9es (Verbier, Nendaz, Veysonnaz y Thyon).<\/p>\n\n\n<p><\/p>\n\n\n<div class=\"wp-block-image\"><figure class=\"aligncenter size-large is-resized\"><img loading=\"lazy\" decoding=\"async\" src=\"https:\/\/www.esquiades.com\/blog\/wp-content\/uploads\/2021\/01\/grindelwald-estacion-1-820x1024.jpg\" alt=\"Estaci\u00f3n de esqu\u00ed Grindelwald\" class=\"wp-image-11325\" width=\"410\" height=\"512\"\/><figcaption>\u00a1Nos encantar\u00eda poder contemplar este paisaje mientras esquiamos en Grindelwald!<\/figcaption><\/figure><\/div>\n\n\n<p><\/p>\n\n\n<p>A largo de este mes de enero, las autoridades francesas adoptar\u00e1n nuevas medidas y, en funci\u00f3n de las mismas, se conocer\u00e1 las fechas de aperturas de algunas de sus estaciones m\u00e1s m\u00edticas, como Alpe d\u2019Huez. \u00a1Esperemos que sea muy, muy pronto! \u26f0<\/p>\n\n\n<p><\/p>\n\n\n<div class=\"wp-block-image\"><figure class=\"aligncenter size-large is-resized\"><img loading=\"lazy\" decoding=\"async\" src=\"https:\/\/www.esquiades.com\/blog\/wp-content\/uploads\/2021\/01\/alpe-d-huez-1-819x1024.jpg\" alt=\"Estaci\u00f3n de esqu\u00ed Alpe d'Huez\" class=\"wp-image-11326\" width=\"410\" height=\"512\"\/><figcaption>Maravillosas vistas en Alpe d&#8217;Huez<\/figcaption><\/figure><\/div>\n\n\n<p><\/p>\n\n\n<h2 class=\"wp-block-heading\"><span id=\"Esquiar_en_Serra_da_Estrela\"><strong>Esquiar en Serra da Estrela<\/strong><\/span><\/h2>\n\n\n<p><\/p>\n\n\n<p>Cerramos nuestra lista sobre d\u00f3nde esquiar en 2021 viajando a la vecina Portugal para conocer la<a href=\"https:\/\/www.esquiades.com\/viajes-esqui\/serra-da-estrela-1025.html\" target=\"_blank\" rel=\"noreferrer noopener\"> <strong>estaci\u00f3n de esqu\u00ed de Serra da Estrela<\/strong><\/a>, la \u00fanica del pa\u00eds luso y la segunda que abri\u00f3 sus puertas en la pen\u00ednsula ib\u00e9rica esta temporada de invierno (concretamente, el 7 de diciembre). Adem\u00e1s de las m\u00e1s estrictas medidas contra el COVID-19, all\u00ed te espera una peque\u00f1a superficie esquiable (hoy por hoy, la d\u00e9cima parte de sus 12,5 km balizados). ?<\/p>\n\n\n<p><\/p>\n\n\n<div class=\"wp-block-image\"><figure class=\"aligncenter size-large is-resized\"><img loading=\"lazy\" decoding=\"async\" src=\"https:\/\/www.esquiades.com\/blog\/wp-content\/uploads\/2021\/01\/serra-da-estrela-1-819x1024.jpg\" alt=\"Estaci\u00f3n de esqu\u00ed Serra da Estrela\" class=\"wp-image-11335\" width=\"410\" height=\"512\"\/><figcaption>Estaci\u00f3n de esqu\u00ed Serra da Estrela<\/figcaption><\/figure><\/div>\n\n\n<p><\/p>\n\n\n<p>En nuestro sitio web, tienes estas y otras muchas<a href=\"https:\/\/www.esquiades.com\/viajes-esqui\/\" target=\"_blank\" rel=\"noreferrer noopener\"> <strong>ofertas de esqu\u00ed<\/strong><\/a>. <strong>Muchas de ellas incluyen un seguro de cancelaci\u00f3n gratuita<\/strong> en caso de que no pudieras viajar en las fechas escogidas por limitaciones en la movilidad o posibles restricciones en el sector del ocio. Solo as\u00ed tendr\u00e1s la tranquilidad de no arriesgar tu dinero al reservar tu paquete de hotel y forfait. \u00bfQu\u00e9 te parece? Y para que est\u00e9s informado\/a en todo momento, aqu\u00ed te dejamos un resumen de los<a href=\"https:\/\/www.esquiades.com\/noticias\/ya-tenemos-los-protocolos-covid-de-las-estaciones-de-esqui\" target=\"_blank\" rel=\"noreferrer noopener\"> <strong>protocolos COVID-19 en las estaciones de esqu\u00ed<\/strong><\/a>.<\/p>\n\n\n<p><\/p>\n\n\n<p><strong>\u00bfYa sabes d\u00f3nde esquiar en 2021 y en qu\u00e9 fechas? Si es as\u00ed, te animamos a compartir tus planes con nosotros. No te cortes: \u00a1nos morimos de ganas de saber d\u00f3nde vas a aprovechar las nevadas que nos han dejado los \u00faltimos d\u00edas! <\/strong>?<\/p>\n\n\n\n<p><\/p>\n","protected":false},"excerpt":{"rendered":"<p>Contenido1 Las estaciones de esqu\u00ed en Andorra2 Esquiar en el Pirineo catal\u00e1n3 Estaciones de esqu\u00ed en el Pirineo aragon\u00e9s4 \u00bfD\u00f3nde esquiar en Teruel en 2021?5 Punto de Nieve de Santa In\u00e9s: los primeros en abrir6 Estaciones de esqu\u00ed en la Cordillera Cant\u00e1brica: \u00bfqui\u00e9n dijo miedo?7 Esquiar en Sierra Nevada8 Estaciones de esqu\u00ed en los Pirineos&#8230;<\/p>\n","protected":false},"author":3,"featured_media":11722,"comment_status":"open","ping_status":"open","sticky":false,"template":"","format":"standard","meta":{"_acf_changed":false,"footnotes":""},"categories":[103],"tags":[277,276,279],"class_list":["post-10595","post","type-post","status-publish","format-standard","has-post-thumbnail","hentry","category-destinos-de-esqui","tag-esquiar-2021","tag-esquiar-desescalada","tag-mejores-lugares-para-esquiar"],"acf":[],"yoast_head":"<!-- This site is optimized with the Yoast SEO plugin v23.1 - https:\/\/yoast.com\/wordpress\/plugins\/seo\/ -->\n<title>\u00bfD\u00f3nde esquiar en 2021? Estas son las opciones durante la desescalada 2 - Esquiades Blog<\/title>\n<meta name=\"robots\" content=\"index, follow, max-snippet:-1, max-image-preview:large, max-video-preview:-1\" \/>\n<link rel=\"canonical\" href=\"https:\/\/www.esquiades.com\/blog\/donde-esquiar-en-2021-estas-son-las-opciones-durante-la-desescalada-2\/\" \/>\n<meta property=\"og:locale\" content=\"es_ES\" \/>\n<meta property=\"og:type\" content=\"article\" \/>\n<meta property=\"og:title\" content=\"\u00bfD\u00f3nde esquiar en 2021? Estas son las opciones durante la desescalada 2 - Esquiades Blog\" \/>\n<meta property=\"og:description\" content=\"Contenido1 Las estaciones de esqu\u00ed en Andorra2 Esquiar en el Pirineo catal\u00e1n3 Estaciones de esqu\u00ed en el Pirineo aragon\u00e9s4 \u00bfD\u00f3nde esquiar en Teruel en 2021?5 Punto de Nieve de Santa In\u00e9s: los primeros en abrir6 Estaciones de esqu\u00ed en la Cordillera Cant\u00e1brica: \u00bfqui\u00e9n dijo miedo?7 Esquiar en Sierra Nevada8 Estaciones de esqu\u00ed en los Pirineos...\" \/>\n<meta property=\"og:url\" content=\"https:\/\/www.esquiades.com\/blog\/donde-esquiar-en-2021-estas-son-las-opciones-durante-la-desescalada-2\/\" \/>\n<meta property=\"og:site_name\" content=\"Esquiades Blog\" \/>\n<meta property=\"article:published_time\" content=\"2021-02-26T09:25:56+00:00\" \/>\n<meta property=\"article:modified_time\" content=\"2021-03-24T15:35:10+00:00\" \/>\n<meta property=\"og:image\" content=\"https:\/\/www.esquiades.com\/blog\/app\/uploads\/2021\/02\/donde-esquiar-2021.jpg\" \/>\n\t<meta property=\"og:image:width\" content=\"721\" \/>\n\t<meta property=\"og:image:height\" content=\"721\" \/>\n\t<meta property=\"og:image:type\" content=\"image\/jpeg\" \/>\n<meta name=\"author\" content=\"Manuel Rodr\u00edguez\" \/>\n<meta name=\"twitter:card\" content=\"summary_large_image\" \/>\n<meta name=\"twitter:label1\" content=\"Written by\" \/>\n\t<meta name=\"twitter:data1\" content=\"Manuel Rodr\u00edguez\" \/>\n\t<meta name=\"twitter:label2\" content=\"Est. reading time\" \/>\n\t<meta name=\"twitter:data2\" content=\"11 minutos\" \/>\n<script type=\"application\/ld+json\" class=\"yoast-schema-graph\">{\"@context\":\"https:\/\/schema.org\",\"@graph\":[{\"@type\":\"NewsArticle\",\"@id\":\"https:\/\/www.esquiades.com\/blog\/donde-esquiar-en-2021-estas-son-las-opciones-durante-la-desescalada-2\/#article\",\"isPartOf\":{\"@id\":\"https:\/\/www.esquiades.com\/blog\/donde-esquiar-en-2021-estas-son-las-opciones-durante-la-desescalada-2\/\"},\"author\":{\"name\":\"Manuel Rodr\u00edguez\",\"@id\":\"https:\/\/www.esquiades.com\/blog\/#\/schema\/person\/43662fbc7a97771ddd24f857f44d81ae\"},\"headline\":\"\u00bfD\u00f3nde esquiar en 2021? Estas son las opciones durante la desescalada 2\",\"datePublished\":\"2021-02-26T09:25:56+00:00\",\"dateModified\":\"2021-03-24T15:35:10+00:00\",\"mainEntityOfPage\":{\"@id\":\"https:\/\/www.esquiades.com\/blog\/donde-esquiar-en-2021-estas-son-las-opciones-durante-la-desescalada-2\/\"},\"wordCount\":2307,\"commentCount\":0,\"publisher\":{\"@id\":\"https:\/\/www.esquiades.com\/blog\/#organization\"},\"image\":{\"@id\":\"https:\/\/www.esquiades.com\/blog\/donde-esquiar-en-2021-estas-son-las-opciones-durante-la-desescalada-2\/#primaryimage\"},\"thumbnailUrl\":\"https:\/\/www.esquiades.com\/blog\/app\/uploads\/2021\/02\/donde-esquiar-2021.jpg\",\"keywords\":[\"esquiar 2021\",\"esquiar desescalada\",\"mejores lugares para esquiar\"],\"articleSection\":[\"Destinos de esqu\u00ed\"],\"inLanguage\":\"es\",\"potentialAction\":[{\"@type\":\"CommentAction\",\"name\":\"Comment\",\"target\":[\"https:\/\/www.esquiades.com\/blog\/donde-esquiar-en-2021-estas-son-las-opciones-durante-la-desescalada-2\/#respond\"]}]},{\"@type\":\"WebPage\",\"@id\":\"https:\/\/www.esquiades.com\/blog\/donde-esquiar-en-2021-estas-son-las-opciones-durante-la-desescalada-2\/\",\"url\":\"https:\/\/www.esquiades.com\/blog\/donde-esquiar-en-2021-estas-son-las-opciones-durante-la-desescalada-2\/\",\"name\":\"\u00bfD\u00f3nde esquiar en 2021? Estas son las opciones durante la desescalada 2 - Esquiades Blog\",\"isPartOf\":{\"@id\":\"https:\/\/www.esquiades.com\/blog\/#website\"},\"primaryImageOfPage\":{\"@id\":\"https:\/\/www.esquiades.com\/blog\/donde-esquiar-en-2021-estas-son-las-opciones-durante-la-desescalada-2\/#primaryimage\"},\"image\":{\"@id\":\"https:\/\/www.esquiades.com\/blog\/donde-esquiar-en-2021-estas-son-las-opciones-durante-la-desescalada-2\/#primaryimage\"},\"thumbnailUrl\":\"https:\/\/www.esquiades.com\/blog\/app\/uploads\/2021\/02\/donde-esquiar-2021.jpg\",\"datePublished\":\"2021-02-26T09:25:56+00:00\",\"dateModified\":\"2021-03-24T15:35:10+00:00\",\"breadcrumb\":{\"@id\":\"https:\/\/www.esquiades.com\/blog\/donde-esquiar-en-2021-estas-son-las-opciones-durante-la-desescalada-2\/#breadcrumb\"},\"inLanguage\":\"es\",\"potentialAction\":[{\"@type\":\"ReadAction\",\"target\":[\"https:\/\/www.esquiades.com\/blog\/donde-esquiar-en-2021-estas-son-las-opciones-durante-la-desescalada-2\/\"]}]},{\"@type\":\"ImageObject\",\"inLanguage\":\"es\",\"@id\":\"https:\/\/www.esquiades.com\/blog\/donde-esquiar-en-2021-estas-son-las-opciones-durante-la-desescalada-2\/#primaryimage\",\"url\":\"https:\/\/www.esquiades.com\/blog\/app\/uploads\/2021\/02\/donde-esquiar-2021.jpg\",\"contentUrl\":\"https:\/\/www.esquiades.com\/blog\/app\/uploads\/2021\/02\/donde-esquiar-2021.jpg\",\"width\":721,\"height\":721,\"caption\":\"Donde-esquiar-desescalada\"},{\"@type\":\"BreadcrumbList\",\"@id\":\"https:\/\/www.esquiades.com\/blog\/donde-esquiar-en-2021-estas-son-las-opciones-durante-la-desescalada-2\/#breadcrumb\",\"itemListElement\":[{\"@type\":\"ListItem\",\"position\":1,\"name\":\"Home\",\"item\":\"https:\/\/www.esquiades.com\/blog\/\"},{\"@type\":\"ListItem\",\"position\":2,\"name\":\"\u00bfD\u00f3nde esquiar en 2021? Estas son las opciones durante la desescalada 2\"}]},{\"@type\":\"WebSite\",\"@id\":\"https:\/\/www.esquiades.com\/blog\/#website\",\"url\":\"https:\/\/www.esquiades.com\/blog\/\",\"name\":\"Esquiades Blog\",\"description\":\"Pasi\u00f3n por la nieve y la monta\u00f1a\",\"publisher\":{\"@id\":\"https:\/\/www.esquiades.com\/blog\/#organization\"},\"potentialAction\":[{\"@type\":\"SearchAction\",\"target\":{\"@type\":\"EntryPoint\",\"urlTemplate\":\"https:\/\/www.esquiades.com\/blog\/?s={search_term_string}\"},\"query-input\":\"required name=search_term_string\"}],\"inLanguage\":\"es\"},{\"@type\":\"Organization\",\"@id\":\"https:\/\/www.esquiades.com\/blog\/#organization\",\"name\":\"Esquiades Blog\",\"url\":\"https:\/\/www.esquiades.com\/blog\/\",\"logo\":{\"@type\":\"ImageObject\",\"inLanguage\":\"es\",\"@id\":\"https:\/\/www.esquiades.com\/blog\/#\/schema\/logo\/image\/\",\"url\":\"https:\/\/www.esquiades.com\/blog\/app\/uploads\/2017\/02\/esquiades-LOGO-2.jpg\",\"contentUrl\":\"https:\/\/www.esquiades.com\/blog\/app\/uploads\/2017\/02\/esquiades-LOGO-2.jpg\",\"width\":397,\"height\":157,\"caption\":\"Esquiades Blog\"},\"image\":{\"@id\":\"https:\/\/www.esquiades.com\/blog\/#\/schema\/logo\/image\/\"}},{\"@type\":\"Person\",\"@id\":\"https:\/\/www.esquiades.com\/blog\/#\/schema\/person\/43662fbc7a97771ddd24f857f44d81ae\",\"name\":\"Manuel Rodr\u00edguez\",\"image\":{\"@type\":\"ImageObject\",\"inLanguage\":\"es\",\"@id\":\"https:\/\/www.esquiades.com\/blog\/#\/schema\/person\/image\/\",\"url\":\"https:\/\/secure.gravatar.com\/avatar\/4a134b0ee5039de554a4f5788bbcc95f8cb550e84f6610b6a45fd221548ceeef?s=96&d=mm&r=g\",\"contentUrl\":\"https:\/\/secure.gravatar.com\/avatar\/4a134b0ee5039de554a4f5788bbcc95f8cb550e84f6610b6a45fd221548ceeef?s=96&d=mm&r=g\",\"caption\":\"Manuel Rodr\u00edguez\"},\"url\":\"https:\/\/www.esquiades.com\/blog\/author\/mrrb2-performance-es\/\"}]}<\/script>\n<!-- \/ Yoast SEO plugin. -->","yoast_head_json":{"title":"\u00bfD\u00f3nde esquiar en 2021? Estas son las opciones durante la desescalada 2 - Esquiades Blog","robots":{"index":"index","follow":"follow","max-snippet":"max-snippet:-1","max-image-preview":"max-image-preview:large","max-video-preview":"max-video-preview:-1"},"canonical":"https:\/\/www.esquiades.com\/blog\/donde-esquiar-en-2021-estas-son-las-opciones-durante-la-desescalada-2\/","og_locale":"es_ES","og_type":"article","og_title":"\u00bfD\u00f3nde esquiar en 2021? Estas son las opciones durante la desescalada 2 - Esquiades Blog","og_description":"Contenido1 Las estaciones de esqu\u00ed en Andorra2 Esquiar en el Pirineo catal\u00e1n3 Estaciones de esqu\u00ed en el Pirineo aragon\u00e9s4 \u00bfD\u00f3nde esquiar en Teruel en 2021?5 Punto de Nieve de Santa In\u00e9s: los primeros en abrir6 Estaciones de esqu\u00ed en la Cordillera Cant\u00e1brica: \u00bfqui\u00e9n dijo miedo?7 Esquiar en Sierra Nevada8 Estaciones de esqu\u00ed en los Pirineos...","og_url":"https:\/\/www.esquiades.com\/blog\/donde-esquiar-en-2021-estas-son-las-opciones-durante-la-desescalada-2\/","og_site_name":"Esquiades Blog","article_published_time":"2021-02-26T09:25:56+00:00","article_modified_time":"2021-03-24T15:35:10+00:00","og_image":[{"width":721,"height":721,"url":"https:\/\/www.esquiades.com\/blog\/app\/uploads\/2021\/02\/donde-esquiar-2021.jpg","type":"image\/jpeg"}],"author":"Manuel Rodr\u00edguez","twitter_card":"summary_large_image","twitter_misc":{"Written by":"Manuel Rodr\u00edguez","Est. reading time":"11 minutos"},"schema":{"@context":"https:\/\/schema.org","@graph":[{"@type":"NewsArticle","@id":"https:\/\/www.esquiades.com\/blog\/donde-esquiar-en-2021-estas-son-las-opciones-durante-la-desescalada-2\/#article","isPartOf":{"@id":"https:\/\/www.esquiades.com\/blog\/donde-esquiar-en-2021-estas-son-las-opciones-durante-la-desescalada-2\/"},"author":{"name":"Manuel Rodr\u00edguez","@id":"https:\/\/www.esquiades.com\/blog\/#\/schema\/person\/43662fbc7a97771ddd24f857f44d81ae"},"headline":"\u00bfD\u00f3nde esquiar en 2021? Estas son las opciones durante la desescalada 2","datePublished":"2021-02-26T09:25:56+00:00","dateModified":"2021-03-24T15:35:10+00:00","mainEntityOfPage":{"@id":"https:\/\/www.esquiades.com\/blog\/donde-esquiar-en-2021-estas-son-las-opciones-durante-la-desescalada-2\/"},"wordCount":2307,"commentCount":0,"publisher":{"@id":"https:\/\/www.esquiades.com\/blog\/#organization"},"image":{"@id":"https:\/\/www.esquiades.com\/blog\/donde-esquiar-en-2021-estas-son-las-opciones-durante-la-desescalada-2\/#primaryimage"},"thumbnailUrl":"https:\/\/www.esquiades.com\/blog\/app\/uploads\/2021\/02\/donde-esquiar-2021.jpg","keywords":["esquiar 2021","esquiar desescalada","mejores lugares para esquiar"],"articleSection":["Destinos de esqu\u00ed"],"inLanguage":"es","potentialAction":[{"@type":"CommentAction","name":"Comment","target":["https:\/\/www.esquiades.com\/blog\/donde-esquiar-en-2021-estas-son-las-opciones-durante-la-desescalada-2\/#respond"]}]},{"@type":"WebPage","@id":"https:\/\/www.esquiades.com\/blog\/donde-esquiar-en-2021-estas-son-las-opciones-durante-la-desescalada-2\/","url":"https:\/\/www.esquiades.com\/blog\/donde-esquiar-en-2021-estas-son-las-opciones-durante-la-desescalada-2\/","name":"\u00bfD\u00f3nde esquiar en 2021? Estas son las opciones durante la desescalada 2 - Esquiades Blog","isPartOf":{"@id":"https:\/\/www.esquiades.com\/blog\/#website"},"primaryImageOfPage":{"@id":"https:\/\/www.esquiades.com\/blog\/donde-esquiar-en-2021-estas-son-las-opciones-durante-la-desescalada-2\/#primaryimage"},"image":{"@id":"https:\/\/www.esquiades.com\/blog\/donde-esquiar-en-2021-estas-son-las-opciones-durante-la-desescalada-2\/#primaryimage"},"thumbnailUrl":"https:\/\/www.esquiades.com\/blog\/app\/uploads\/2021\/02\/donde-esquiar-2021.jpg","datePublished":"2021-02-26T09:25:56+00:00","dateModified":"2021-03-24T15:35:10+00:00","breadcrumb":{"@id":"https:\/\/www.esquiades.com\/blog\/donde-esquiar-en-2021-estas-son-las-opciones-durante-la-desescalada-2\/#breadcrumb"},"inLanguage":"es","potentialAction":[{"@type":"ReadAction","target":["https:\/\/www.esquiades.com\/blog\/donde-esquiar-en-2021-estas-son-las-opciones-durante-la-desescalada-2\/"]}]},{"@type":"ImageObject","inLanguage":"es","@id":"https:\/\/www.esquiades.com\/blog\/donde-esquiar-en-2021-estas-son-las-opciones-durante-la-desescalada-2\/#primaryimage","url":"https:\/\/www.esquiades.com\/blog\/app\/uploads\/2021\/02\/donde-esquiar-2021.jpg","contentUrl":"https:\/\/www.esquiades.com\/blog\/app\/uploads\/2021\/02\/donde-esquiar-2021.jpg","width":721,"height":721,"caption":"Donde-esquiar-desescalada"},{"@type":"BreadcrumbList","@id":"https:\/\/www.esquiades.com\/blog\/donde-esquiar-en-2021-estas-son-las-opciones-durante-la-desescalada-2\/#breadcrumb","itemListElement":[{"@type":"ListItem","position":1,"name":"Home","item":"https:\/\/www.esquiades.com\/blog\/"},{"@type":"ListItem","position":2,"name":"\u00bfD\u00f3nde esquiar en 2021? Estas son las opciones durante la desescalada 2"}]},{"@type":"WebSite","@id":"https:\/\/www.esquiades.com\/blog\/#website","url":"https:\/\/www.esquiades.com\/blog\/","name":"Esquiades Blog","description":"Pasi\u00f3n por la nieve y la monta\u00f1a","publisher":{"@id":"https:\/\/www.esquiades.com\/blog\/#organization"},"potentialAction":[{"@type":"SearchAction","target":{"@type":"EntryPoint","urlTemplate":"https:\/\/www.esquiades.com\/blog\/?s={search_term_string}"},"query-input":"required name=search_term_string"}],"inLanguage":"es"},{"@type":"Organization","@id":"https:\/\/www.esquiades.com\/blog\/#organization","name":"Esquiades Blog","url":"https:\/\/www.esquiades.com\/blog\/","logo":{"@type":"ImageObject","inLanguage":"es","@id":"https:\/\/www.esquiades.com\/blog\/#\/schema\/logo\/image\/","url":"https:\/\/www.esquiades.com\/blog\/app\/uploads\/2017\/02\/esquiades-LOGO-2.jpg","contentUrl":"https:\/\/www.esquiades.com\/blog\/app\/uploads\/2017\/02\/esquiades-LOGO-2.jpg","width":397,"height":157,"caption":"Esquiades Blog"},"image":{"@id":"https:\/\/www.esquiades.com\/blog\/#\/schema\/logo\/image\/"}},{"@type":"Person","@id":"https:\/\/www.esquiades.com\/blog\/#\/schema\/person\/43662fbc7a97771ddd24f857f44d81ae","name":"Manuel Rodr\u00edguez","image":{"@type":"ImageObject","inLanguage":"es","@id":"https:\/\/www.esquiades.com\/blog\/#\/schema\/person\/image\/","url":"https:\/\/secure.gravatar.com\/avatar\/4a134b0ee5039de554a4f5788bbcc95f8cb550e84f6610b6a45fd221548ceeef?s=96&d=mm&r=g","contentUrl":"https:\/\/secure.gravatar.com\/avatar\/4a134b0ee5039de554a4f5788bbcc95f8cb550e84f6610b6a45fd221548ceeef?s=96&d=mm&r=g","caption":"Manuel Rodr\u00edguez"},"url":"https:\/\/www.esquiades.com\/blog\/author\/mrrb2-performance-es\/"}]}},"_links":{"self":[{"href":"https:\/\/www.esquiades.com\/blog\/wp-json\/wp\/v2\/posts\/10595","targetHints":{"allow":["GET"]}}],"collection":[{"href":"https:\/\/www.esquiades.com\/blog\/wp-json\/wp\/v2\/posts"}],"about":[{"href":"https:\/\/www.esquiades.com\/blog\/wp-json\/wp\/v2\/types\/post"}],"author":[{"embeddable":true,"href":"https:\/\/www.esquiades.com\/blog\/wp-json\/wp\/v2\/users\/3"}],"replies":[{"embeddable":true,"href":"https:\/\/www.esquiades.com\/blog\/wp-json\/wp\/v2\/comments?post=10595"}],"version-history":[{"count":3,"href":"https:\/\/www.esquiades.com\/blog\/wp-json\/wp\/v2\/posts\/10595\/revisions"}],"predecessor-version":[{"id":11723,"href":"https:\/\/www.esquiades.com\/blog\/wp-json\/wp\/v2\/posts\/10595\/revisions\/11723"}],"wp:featuredmedia":[{"embeddable":true,"href":"https:\/\/www.esquiades.com\/blog\/wp-json\/wp\/v2\/media\/11722"}],"wp:attachment":[{"href":"https:\/\/www.esquiades.com\/blog\/wp-json\/wp\/v2\/media?parent=10595"}],"wp:term":[{"taxonomy":"category","embeddable":true,"href":"https:\/\/www.esquiades.com\/blog\/wp-json\/wp\/v2\/categories?post=10595"},{"taxonomy":"post_tag","embeddable":true,"href":"https:\/\/www.esquiades.com\/blog\/wp-json\/wp\/v2\/tags?post=10595"}],"curies":[{"name":"wp","href":"https:\/\/api.w.org\/{rel}","templated":true}]}}